{"id":15878,"date":"2009-03-28T11:52:41","date_gmt":"2009-03-28T10:52:41","guid":{"rendered":"http:\/\/www.visit-ulcinj.com\/blog\/?p=15878"},"modified":"2009-03-28T11:52:41","modified_gmt":"2009-03-28T10:52:41","slug":"qetsori-jemi-te-gjithe-miq-te-paster","status":"publish","type":"post","link":"https:\/\/www.visit-ulcinj.com\/blog\/2009\/03\/28\/qetsori-jemi-te-gjithe-miq-te-paster\/","title":{"rendered":"Qetsori: Jemi t\u00eb gjith\u00eb miq t\u00eb past\u00ebr"},"content":{"rendered":"<p><em><span class=\"newsdate\"><a href=\"http:\/\/www.visit-ulcinj.com\/blog\/wp-content\/uploads\/2009\/03\/bisede-dreka.jpg\"><img loading=\"lazy\" class=\"alignleft size-full wp-image-15879\" title=\"bisede-dreka-big-brother-albania-2\" src=\"http:\/\/www.visit-ulcinj.com\/blog\/wp-content\/uploads\/2009\/03\/bisede-dreka.jpg\" alt=\"bisede-dreka-big-brother-albania-2\" width=\"300\" height=\"205\" \/><\/a>27\/03\/09 16:55<\/span><\/em><\/p>\n<p>Qetsori diskuton p\u00ebr drek\u00ebn me Adelajd\u00ebn dhe Mimoz\u00ebn. Ai thot\u00eb q\u00eb ka d\u00ebshir\u00eb q\u00eb t\u00eb han\u00eb t\u00eb gjith\u00eb bashk\u00eb, dhe shton:-\u201cN\u00eb at\u00eb cerek ore, jemi miq t\u00eb past\u00ebr!\u201d Ai thot\u00eb q\u00eb nuk \u00ebsht\u00eb kuzhinier, por ka d\u00ebshir\u00eb dhe gatuan me kujdes. Adelajda i thot\u00eb:-\u201cSa mir\u00eb e ke m\u00ebsuar Arjonin, pasi nuk ka q\u00ebn\u00eb k\u00ebshtu n\u00eb fillim.\u201d Sipas saj Qetsori gatuan me shum\u00eb shije. Qetsori i thot\u00eb q\u00eb n\u00ebse ai hap restorantin e tij do ftoj\u00eb t\u00eb gjith\u00eb \u201cBig Brother\u201d. Ai shton q\u00eb do jet\u00eb i disponuesh\u00ebm p\u00ebr t\u00eb gjith\u00eb banor\u00ebt n\u00eb aktivitetet e tyre. Adelajda i thot\u00eb q\u00eb n\u00ebse ajo b\u00ebhet prezantuese, ai do jet\u00eb nj\u00eb nga opinionist\u00ebt e saj. Ato vazhdojn\u00eb bised\u00ebn duke diskutuar p\u00ebr d\u00ebshirat e tyre.<\/p>\n","protected":false},"excerpt":{"rendered":"<p>27\/03\/09 16:55 Qetsori diskuton p\u00ebr drek\u00ebn me Adelajd\u00ebn dhe Mimoz\u00ebn. Ai thot\u00eb q\u00eb ka d\u00ebshir\u00eb q\u00eb t\u00eb han\u00eb t\u00eb gjith\u00eb bashk\u00eb, dhe shton:-\u201cN\u00eb at\u00eb cerek ore, jemi miq t\u00eb past\u00ebr!\u201d Ai thot\u00eb q\u00eb nuk \u00ebsht\u00eb kuzhinier, por ka d\u00ebshir\u00eb dhe gatuan me kujdes. Adelajda i thot\u00eb:-\u201cSa mir\u00eb e ke m\u00ebsuar Arjonin, pasi nuk ka q\u00ebn\u00eb [&hellip;]<\/p>\n","protected":false},"author":1,"featured_media":0,"comment_status":"open","ping_status":"closed","sticky":false,"template":"","format":"standard","meta":{"spay_email":"","jetpack_publicize_message":"","jetpack_is_tweetstorm":false,"jetpack_publicize_feature_enabled":true},"categories":[6502],"tags":[6529,6883,6516,6712,6544,8417,6900,6891],"jetpack_publicize_connections":[],"yoast_head":"<!-- This site is optimized with the Yoast SEO plugin v19.1 - https:\/\/yoast.com\/wordpress\/plugins\/seo\/ -->\n<title>Qetsori: Jemi t\u00c3\u00ab gjith\u00c3\u00ab miq t\u00c3\u00ab past\u00c3\u00abr | Big Brother Albania 2<\/title>\n<meta name=\"description\" content=\"Big Brother Albania 2- Qetsori diskuton p\u00c3\u00abr drek\u00c3\u00abn me Adelajd\u00c3\u00abn dhe Mimoz\u00c3\u00abn. Ai thot\u00c3\u00ab q\u00c3\u00ab ka d\u00c3\u00abshir\u00c3\u00ab q\u00c3\u00ab t\u00c3\u00ab han\u00c3\u00ab t\u00c3\u00ab gjith\u00c3\u00ab bashk\u00c3\u00ab, dhe shton:-\u00e2\u20ac\u0153N\u00c3\u00ab at\u00c3\u00ab cerek ore, jemi miq t\u00c3\u00ab past\u00c3\u00abr!\u00e2\u20ac\u009d Ai thot\u00c3\u00ab q\u00c3\u00ab nuk \u00c3\u00absht\u00c3\u00ab kuzhinier\" \/>\n<meta name=\"robots\" content=\"index, follow, max-snippet:-1, max-image-preview:large, max-video-preview:-1\" \/>\n<link rel=\"canonical\" href=\"https:\/\/www.visit-ulcinj.com\/blog\/2009\/03\/28\/qetsori-jemi-te-gjithe-miq-te-paster\/\" \/>\n<meta property=\"og:locale\" content=\"en_US\" \/>\n<meta property=\"og:type\" content=\"article\" \/>\n<meta property=\"og:title\" content=\"Qetsori: Jemi t\u00c3\u00ab gjith\u00c3\u00ab miq t\u00c3\u00ab past\u00c3\u00abr | Big Brother Albania 2\" \/>\n<meta property=\"og:description\" content=\"Big Brother Albania 2- Qetsori diskuton p\u00c3\u00abr drek\u00c3\u00abn me Adelajd\u00c3\u00abn dhe Mimoz\u00c3\u00abn. Ai thot\u00c3\u00ab q\u00c3\u00ab ka d\u00c3\u00abshir\u00c3\u00ab q\u00c3\u00ab t\u00c3\u00ab han\u00c3\u00ab t\u00c3\u00ab gjith\u00c3\u00ab bashk\u00c3\u00ab, dhe shton:-\u00e2\u20ac\u0153N\u00c3\u00ab at\u00c3\u00ab cerek ore, jemi miq t\u00c3\u00ab past\u00c3\u00abr!\u00e2\u20ac\u009d Ai thot\u00c3\u00ab q\u00c3\u00ab nuk \u00c3\u00absht\u00c3\u00ab kuzhinier\" \/>\n<meta property=\"og:url\" content=\"https:\/\/www.visit-ulcinj.com\/blog\/2009\/03\/28\/qetsori-jemi-te-gjithe-miq-te-paster\/\" \/>\n<meta property=\"og:site_name\" content=\"Lajme nga Ulqini\" \/>\n<meta property=\"article:published_time\" content=\"2009-03-28T10:52:41+00:00\" \/>\n<meta property=\"og:image\" content=\"http:\/\/www.visit-ulcinj.com\/blog\/wp-content\/uploads\/2009\/03\/bisede-dreka.jpg\" \/>\n<meta name=\"twitter:label1\" content=\"Written by\" \/>\n\t<meta name=\"twitter:data1\" content=\"ulqini\" \/>\n\t<meta name=\"twitter:label2\" content=\"Est. reading time\" \/>\n\t<meta name=\"twitter:data2\" content=\"1 minute\" \/>\n<script type=\"application\/ld+json\" class=\"yoast-schema-graph\">{\"@context\":\"https:\/\/schema.org\",\"@graph\":[{\"@type\":\"WebSite\",\"@id\":\"https:\/\/www.visit-ulcinj.com\/blog\/#website\",\"url\":\"https:\/\/www.visit-ulcinj.com\/blog\/\",\"name\":\"Lajme nga Ulqini\",\"description\":\"Lajme,Vijesti,Ulqini,Ulqin,Crna Gora,Mali i Zi\",\"potentialAction\":[{\"@type\":\"SearchAction\",\"target\":{\"@type\":\"EntryPoint\",\"urlTemplate\":\"https:\/\/www.visit-ulcinj.com\/blog\/?s={search_term_string}\"},\"query-input\":\"required name=search_term_string\"}],\"inLanguage\":\"en-US\"},{\"@type\":\"ImageObject\",\"inLanguage\":\"en-US\",\"@id\":\"https:\/\/www.visit-ulcinj.com\/blog\/2009\/03\/28\/qetsori-jemi-te-gjithe-miq-te-paster\/#primaryimage\",\"url\":\"http:\/\/www.visit-ulcinj.com\/blog\/wp-content\/uploads\/2009\/03\/bisede-dreka.jpg\",\"contentUrl\":\"http:\/\/www.visit-ulcinj.com\/blog\/wp-content\/uploads\/2009\/03\/bisede-dreka.jpg\"},{\"@type\":\"WebPage\",\"@id\":\"https:\/\/www.visit-ulcinj.com\/blog\/2009\/03\/28\/qetsori-jemi-te-gjithe-miq-te-paster\/#webpage\",\"url\":\"https:\/\/www.visit-ulcinj.com\/blog\/2009\/03\/28\/qetsori-jemi-te-gjithe-miq-te-paster\/\",\"name\":\"Qetsori: Jemi t\u00c3\u00ab gjith\u00c3\u00ab miq t\u00c3\u00ab past\u00c3\u00abr | Big Brother Albania 2\",\"isPartOf\":{\"@id\":\"https:\/\/www.visit-ulcinj.com\/blog\/#website\"},\"primaryImageOfPage\":{\"@id\":\"https:\/\/www.visit-ulcinj.com\/blog\/2009\/03\/28\/qetsori-jemi-te-gjithe-miq-te-paster\/#primaryimage\"},\"datePublished\":\"2009-03-28T10:52:41+00:00\",\"dateModified\":\"2009-03-28T10:52:41+00:00\",\"author\":{\"@id\":\"https:\/\/www.visit-ulcinj.com\/blog\/#\/schema\/person\/dcab619c614d3038751c63bc2aadc06d\"},\"description\":\"Big Brother Albania 2- Qetsori diskuton p\u00c3\u00abr drek\u00c3\u00abn me Adelajd\u00c3\u00abn dhe Mimoz\u00c3\u00abn. Ai thot\u00c3\u00ab q\u00c3\u00ab ka d\u00c3\u00abshir\u00c3\u00ab q\u00c3\u00ab t\u00c3\u00ab han\u00c3\u00ab t\u00c3\u00ab gjith\u00c3\u00ab bashk\u00c3\u00ab, dhe shton:-\u00e2\u20ac\u0153N\u00c3\u00ab at\u00c3\u00ab cerek ore, jemi miq t\u00c3\u00ab past\u00c3\u00abr!\u00e2\u20ac\u009d Ai thot\u00c3\u00ab q\u00c3\u00ab nuk \u00c3\u00absht\u00c3\u00ab kuzhinier\",\"breadcrumb\":{\"@id\":\"https:\/\/www.visit-ulcinj.com\/blog\/2009\/03\/28\/qetsori-jemi-te-gjithe-miq-te-paster\/#breadcrumb\"},\"inLanguage\":\"en-US\",\"potentialAction\":[{\"@type\":\"ReadAction\",\"target\":[\"https:\/\/www.visit-ulcinj.com\/blog\/2009\/03\/28\/qetsori-jemi-te-gjithe-miq-te-paster\/\"]}]},{\"@type\":\"BreadcrumbList\",\"@id\":\"https:\/\/www.visit-ulcinj.com\/blog\/2009\/03\/28\/qetsori-jemi-te-gjithe-miq-te-paster\/#breadcrumb\",\"itemListElement\":[{\"@type\":\"ListItem\",\"position\":1,\"name\":\"Qetsori: Jemi t\u00eb gjith\u00eb miq t\u00eb past\u00ebr\"}]},{\"@type\":\"Person\",\"@id\":\"https:\/\/www.visit-ulcinj.com\/blog\/#\/schema\/person\/dcab619c614d3038751c63bc2aadc06d\",\"name\":\"ulqini\",\"sameAs\":[\"http:\/\/www.visit-ulcinj.com\"],\"url\":\"https:\/\/www.visit-ulcinj.com\/blog\/author\/admin\/\"}]}<\/script>\n<!-- \/ Yoast SEO plugin. -->","yoast_head_json":{"title":"Qetsori: Jemi t\u00c3\u00ab gjith\u00c3\u00ab miq t\u00c3\u00ab past\u00c3\u00abr | Big Brother Albania 2","description":"Big Brother Albania 2- Qetsori diskuton p\u00c3\u00abr drek\u00c3\u00abn me Adelajd\u00c3\u00abn dhe Mimoz\u00c3\u00abn. Ai thot\u00c3\u00ab q\u00c3\u00ab ka d\u00c3\u00abshir\u00c3\u00ab q\u00c3\u00ab t\u00c3\u00ab han\u00c3\u00ab t\u00c3\u00ab gjith\u00c3\u00ab bashk\u00c3\u00ab, dhe shton:-\u00e2\u20ac\u0153N\u00c3\u00ab at\u00c3\u00ab cerek ore, jemi miq t\u00c3\u00ab past\u00c3\u00abr!\u00e2\u20ac\u009d Ai thot\u00c3\u00ab q\u00c3\u00ab nuk \u00c3\u00absht\u00c3\u00ab kuzhinier","robots":{"index":"index","follow":"follow","max-snippet":"max-snippet:-1","max-image-preview":"max-image-preview:large","max-video-preview":"max-video-preview:-1"},"canonical":"https:\/\/www.visit-ulcinj.com\/blog\/2009\/03\/28\/qetsori-jemi-te-gjithe-miq-te-paster\/","og_locale":"en_US","og_type":"article","og_title":"Qetsori: Jemi t\u00c3\u00ab gjith\u00c3\u00ab miq t\u00c3\u00ab past\u00c3\u00abr | Big Brother Albania 2","og_description":"Big Brother Albania 2- Qetsori diskuton p\u00c3\u00abr drek\u00c3\u00abn me Adelajd\u00c3\u00abn dhe Mimoz\u00c3\u00abn. Ai thot\u00c3\u00ab q\u00c3\u00ab ka d\u00c3\u00abshir\u00c3\u00ab q\u00c3\u00ab t\u00c3\u00ab han\u00c3\u00ab t\u00c3\u00ab gjith\u00c3\u00ab bashk\u00c3\u00ab, dhe shton:-\u00e2\u20ac\u0153N\u00c3\u00ab at\u00c3\u00ab cerek ore, jemi miq t\u00c3\u00ab past\u00c3\u00abr!\u00e2\u20ac\u009d Ai thot\u00c3\u00ab q\u00c3\u00ab nuk \u00c3\u00absht\u00c3\u00ab kuzhinier","og_url":"https:\/\/www.visit-ulcinj.com\/blog\/2009\/03\/28\/qetsori-jemi-te-gjithe-miq-te-paster\/","og_site_name":"Lajme nga Ulqini","article_published_time":"2009-03-28T10:52:41+00:00","og_image":[{"url":"http:\/\/www.visit-ulcinj.com\/blog\/wp-content\/uploads\/2009\/03\/bisede-dreka.jpg"}],"twitter_misc":{"Written by":"ulqini","Est. reading time":"1 minute"},"schema":{"@context":"https:\/\/schema.org","@graph":[{"@type":"WebSite","@id":"https:\/\/www.visit-ulcinj.com\/blog\/#website","url":"https:\/\/www.visit-ulcinj.com\/blog\/","name":"Lajme nga Ulqini","description":"Lajme,Vijesti,Ulqini,Ulqin,Crna Gora,Mali i Zi","potentialAction":[{"@type":"SearchAction","target":{"@type":"EntryPoint","urlTemplate":"https:\/\/www.visit-ulcinj.com\/blog\/?s={search_term_string}"},"query-input":"required name=search_term_string"}],"inLanguage":"en-US"},{"@type":"ImageObject","inLanguage":"en-US","@id":"https:\/\/www.visit-ulcinj.com\/blog\/2009\/03\/28\/qetsori-jemi-te-gjithe-miq-te-paster\/#primaryimage","url":"http:\/\/www.visit-ulcinj.com\/blog\/wp-content\/uploads\/2009\/03\/bisede-dreka.jpg","contentUrl":"http:\/\/www.visit-ulcinj.com\/blog\/wp-content\/uploads\/2009\/03\/bisede-dreka.jpg"},{"@type":"WebPage","@id":"https:\/\/www.visit-ulcinj.com\/blog\/2009\/03\/28\/qetsori-jemi-te-gjithe-miq-te-paster\/#webpage","url":"https:\/\/www.visit-ulcinj.com\/blog\/2009\/03\/28\/qetsori-jemi-te-gjithe-miq-te-paster\/","name":"Qetsori: Jemi t\u00c3\u00ab gjith\u00c3\u00ab miq t\u00c3\u00ab past\u00c3\u00abr | Big Brother Albania 2","isPartOf":{"@id":"https:\/\/www.visit-ulcinj.com\/blog\/#website"},"primaryImageOfPage":{"@id":"https:\/\/www.visit-ulcinj.com\/blog\/2009\/03\/28\/qetsori-jemi-te-gjithe-miq-te-paster\/#primaryimage"},"datePublished":"2009-03-28T10:52:41+00:00","dateModified":"2009-03-28T10:52:41+00:00","author":{"@id":"https:\/\/www.visit-ulcinj.com\/blog\/#\/schema\/person\/dcab619c614d3038751c63bc2aadc06d"},"description":"Big Brother Albania 2- Qetsori diskuton p\u00c3\u00abr drek\u00c3\u00abn me Adelajd\u00c3\u00abn dhe Mimoz\u00c3\u00abn. Ai thot\u00c3\u00ab q\u00c3\u00ab ka d\u00c3\u00abshir\u00c3\u00ab q\u00c3\u00ab t\u00c3\u00ab han\u00c3\u00ab t\u00c3\u00ab gjith\u00c3\u00ab bashk\u00c3\u00ab, dhe shton:-\u00e2\u20ac\u0153N\u00c3\u00ab at\u00c3\u00ab cerek ore, jemi miq t\u00c3\u00ab past\u00c3\u00abr!\u00e2\u20ac\u009d Ai thot\u00c3\u00ab q\u00c3\u00ab nuk \u00c3\u00absht\u00c3\u00ab kuzhinier","breadcrumb":{"@id":"https:\/\/www.visit-ulcinj.com\/blog\/2009\/03\/28\/qetsori-jemi-te-gjithe-miq-te-paster\/#breadcrumb"},"inLanguage":"en-US","potentialAction":[{"@type":"ReadAction","target":["https:\/\/www.visit-ulcinj.com\/blog\/2009\/03\/28\/qetsori-jemi-te-gjithe-miq-te-paster\/"]}]},{"@type":"BreadcrumbList","@id":"https:\/\/www.visit-ulcinj.com\/blog\/2009\/03\/28\/qetsori-jemi-te-gjithe-miq-te-paster\/#breadcrumb","itemListElement":[{"@type":"ListItem","position":1,"name":"Qetsori: Jemi t\u00eb gjith\u00eb miq t\u00eb past\u00ebr"}]},{"@type":"Person","@id":"https:\/\/www.visit-ulcinj.com\/blog\/#\/schema\/person\/dcab619c614d3038751c63bc2aadc06d","name":"ulqini","sameAs":["http:\/\/www.visit-ulcinj.com"],"url":"https:\/\/www.visit-ulcinj.com\/blog\/author\/admin\/"}]}},"jetpack_featured_media_url":"","jetpack_sharing_enabled":true,"jetpack_shortlink":"https:\/\/wp.me\/pe6lTn-486","_links":{"self":[{"href":"https:\/\/www.visit-ulcinj.com\/blog\/wp-json\/wp\/v2\/posts\/15878"}],"collection":[{"href":"https:\/\/www.visit-ulcinj.com\/blog\/wp-json\/wp\/v2\/posts"}],"about":[{"href":"https:\/\/www.visit-ulcinj.com\/blog\/wp-json\/wp\/v2\/types\/post"}],"author":[{"embeddable":true,"href":"https:\/\/www.visit-ulcinj.com\/blog\/wp-json\/wp\/v2\/users\/1"}],"replies":[{"embeddable":true,"href":"https:\/\/www.visit-ulcinj.com\/blog\/wp-json\/wp\/v2\/comments?post=15878"}],"version-history":[{"count":0,"href":"https:\/\/www.visit-ulcinj.com\/blog\/wp-json\/wp\/v2\/posts\/15878\/revisions"}],"wp:attachment":[{"href":"https:\/\/www.visit-ulcinj.com\/blog\/wp-json\/wp\/v2\/media?parent=15878"}],"wp:term":[{"taxonomy":"category","embeddable":true,"href":"https:\/\/www.visit-ulcinj.com\/blog\/wp-json\/wp\/v2\/categories?post=15878"},{"taxonomy":"post_tag","embeddable":true,"href":"https:\/\/www.visit-ulcinj.com\/blog\/wp-json\/wp\/v2\/tags?post=15878"}],"curies":[{"name":"wp","href":"https:\/\/api.w.org\/{rel}","templated":true}]}}