{"id":15881,"date":"2009-03-28T11:54:59","date_gmt":"2009-03-28T10:54:59","guid":{"rendered":"http:\/\/www.visit-ulcinj.com\/blog\/?p=15881"},"modified":"2009-03-28T11:54:59","modified_gmt":"2009-03-28T10:54:59","slug":"mimoza-me-fal-qe-ta-vura-ne-dukje","status":"publish","type":"post","link":"https:\/\/www.visit-ulcinj.com\/blog\/2009\/03\/28\/mimoza-me-fal-qe-ta-vura-ne-dukje\/","title":{"rendered":"Mimoza : M\u00eb fal q\u00eb ta vura n\u00eb dukje"},"content":{"rendered":"<p><em><span class=\"newsdate\"><a href=\"http:\/\/www.visit-ulcinj.com\/blog\/wp-content\/uploads\/2009\/03\/debati-2.jpg\"><img loading=\"lazy\" class=\"alignleft size-full wp-image-15882\" title=\"debati-2-big-brother-albania2\" src=\"http:\/\/www.visit-ulcinj.com\/blog\/wp-content\/uploads\/2009\/03\/debati-2.jpg\" alt=\"debati-2-big-brother-albania2\" width=\"300\" height=\"205\" \/><\/a>27\/03\/09 15:47<\/span><\/em><\/p>\n<p>Tre t\u00eb nominuarat Adelajda, Lirita dhe Mimoza diskutojn\u00eb p\u00ebr nat\u00ebn e spetaklit. Ato jan\u00eb n\u00eb ankth, pasi kan\u00eb frik\u00eb q\u00eb nj\u00ebra prej tyre mund t\u00eb jet\u00eb personi q\u00eb mund t\u00eb dal\u00eb. Meq\u00eb mund t\u00eb jet\u00eb nata e fundit p\u00ebr nj\u00ebr\u00ebn prej tyre, Mimoza propozon q\u00eb t\u00eb flen\u00eb t\u00eb gjith\u00eb bashk\u00eb dhe t\u00eb organizojn\u00eb dicka. Mimoza kapet me Adelajd\u00ebn pasi ajo nuk e d\u00ebgjon. Adelajda i thot\u00eb q\u00eb e ka nuk e ka m\u00ebndjen ,por nuk e shikon Mimoz\u00ebn n\u00eb sy kur i thot\u00eb k\u00ebt\u00eb. Mimoza i b\u00ebn s\u00ebrisht v\u00ebretje, por ajo i thot\u00eb q\u00eb e ka tipin q\u00eb nuk i shikon njer\u00ebzit n\u00eb sy, dhe nuk e ndryshon dot k\u00ebt\u00eb gj\u00eb. Bised\u00ebs s\u00eb tyre i bashkohet dhe Anjeza e cila bashkohet me mendimin e Mimoz\u00ebs. Sipas mendimit t\u00eb Adeljd\u00ebs \u00ebsht\u00eb budallall\u00ebk t\u00eb kap\u00ebsh p\u00ebr k\u00ebto gj\u00ebra ,dhe i ngre z\u00ebrin Mimoz\u00ebs, pasi ajo e nd\u00ebrpret. Mimoza i thot\u00eb:-\u201cM\u00eb fal q\u00eb ta vura n\u00eb dukje!\u201d Republika \u00ebsht\u00eb e ulur tek piano dhe d\u00ebgjon bised\u00ebn, duke nd\u00ebrhyr\u00eb. Ajo thot\u00eb:-\u201cTi p\u00eblqen t\u00eb d\u00ebgjon difektet tek nj\u00eb person, por kur t`i v\u00ebm\u00eb ty n\u00eb dukje nuk i pranon dot. Un\u00eb e di ku kam gabuar me ty, por nuk t\u00eb kam th\u00ebn\u00eb gj\u00eb pasi kam menduar q\u00eb ti ke arritur t\u00eb m\u00eb kuptosh.\u201d Adelajda i thot\u00eb q\u00eb e ka kuptuar pasi n\u00eb t\u00eb kund\u00ebrt , debatet do kishin shkuar m\u00eb tej. Ajo shton q\u00eb Republika n\u00eb cdo debat me t\u00eb, n\u00eb momentin e sqarimit i ka th\u00ebn\u00eb:-\u201cIk nuk dua t\u00eb t\u00eb d\u00ebgjoj!\u201d Republika e pyet:-\u201cPse mendon q\u00eb e kam b\u00ebr\u00eb? Mos ndoshta se nuk dua t\u00eb grindem m\u00eb tej me ty?\u201d Sipas Adelajd\u00ebs ajo vet pyet, dhe vet p\u00ebrgjigjet, duke mos e l\u00ebn\u00eb t\u00eb shprehet.<\/p>\n","protected":false},"excerpt":{"rendered":"<p>27\/03\/09 15:47 Tre t\u00eb nominuarat Adelajda, Lirita dhe Mimoza diskutojn\u00eb p\u00ebr nat\u00ebn e spetaklit. Ato jan\u00eb n\u00eb ankth, pasi kan\u00eb frik\u00eb q\u00eb nj\u00ebra prej tyre mund t\u00eb jet\u00eb personi q\u00eb mund t\u00eb dal\u00eb. Meq\u00eb mund t\u00eb jet\u00eb nata e fundit p\u00ebr nj\u00ebr\u00ebn prej tyre, Mimoza propozon q\u00eb t\u00eb flen\u00eb t\u00eb gjith\u00eb bashk\u00eb dhe t\u00eb organizojn\u00eb [&hellip;]<\/p>\n","protected":false},"author":1,"featured_media":0,"comment_status":"open","ping_status":"closed","sticky":false,"template":"","format":"standard","meta":{"spay_email":"","jetpack_publicize_message":"","jetpack_is_tweetstorm":false,"jetpack_publicize_feature_enabled":true},"categories":[6502],"tags":[6529,6883,6516,6712,6542,6544,6891],"jetpack_publicize_connections":[],"yoast_head":"<!-- This site is optimized with the Yoast SEO plugin v19.1 - https:\/\/yoast.com\/wordpress\/plugins\/seo\/ -->\n<title>Mimoza : M\u00c3\u00ab fal q\u00c3\u00ab ta vura n\u00c3\u00ab dukje | Big Brother Albania 2<\/title>\n<meta name=\"description\" content=\"Big Brother Albania 2 - Tre t\u00c3\u00ab nominuarat Adelajda, Lirita dhe Mimoza diskutojn\u00c3\u00ab p\u00c3\u00abr nat\u00c3\u00abn e spetaklit. Ato jan\u00c3\u00ab n\u00c3\u00ab ankth, pasi kan\u00c3\u00ab frik\u00c3\u00ab q\u00c3\u00ab nj\u00c3\u00abra prej tyre mund t\u00c3\u00ab jet\u00c3\u00ab personi q\u00c3\u00ab mund t\u00c3\u00ab dal\u00c3\u00ab.\" \/>\n<meta name=\"robots\" content=\"index, follow, max-snippet:-1, max-image-preview:large, max-video-preview:-1\" \/>\n<link rel=\"canonical\" href=\"https:\/\/www.visit-ulcinj.com\/blog\/2009\/03\/28\/mimoza-me-fal-qe-ta-vura-ne-dukje\/\" \/>\n<meta property=\"og:locale\" content=\"en_US\" \/>\n<meta property=\"og:type\" content=\"article\" \/>\n<meta property=\"og:title\" content=\"Mimoza : M\u00c3\u00ab fal q\u00c3\u00ab ta vura n\u00c3\u00ab dukje | Big Brother Albania 2\" \/>\n<meta property=\"og:description\" content=\"Big Brother Albania 2 - Tre t\u00c3\u00ab nominuarat Adelajda, Lirita dhe Mimoza diskutojn\u00c3\u00ab p\u00c3\u00abr nat\u00c3\u00abn e spetaklit. Ato jan\u00c3\u00ab n\u00c3\u00ab ankth, pasi kan\u00c3\u00ab frik\u00c3\u00ab q\u00c3\u00ab nj\u00c3\u00abra prej tyre mund t\u00c3\u00ab jet\u00c3\u00ab personi q\u00c3\u00ab mund t\u00c3\u00ab dal\u00c3\u00ab.\" \/>\n<meta property=\"og:url\" content=\"https:\/\/www.visit-ulcinj.com\/blog\/2009\/03\/28\/mimoza-me-fal-qe-ta-vura-ne-dukje\/\" \/>\n<meta property=\"og:site_name\" content=\"Lajme nga Ulqini\" \/>\n<meta property=\"article:published_time\" content=\"2009-03-28T10:54:59+00:00\" \/>\n<meta property=\"og:image\" content=\"http:\/\/www.visit-ulcinj.com\/blog\/wp-content\/uploads\/2009\/03\/debati-2.jpg\" \/>\n<meta name=\"twitter:label1\" content=\"Written by\" \/>\n\t<meta name=\"twitter:data1\" content=\"ulqini\" \/>\n\t<meta name=\"twitter:label2\" content=\"Est. reading time\" \/>\n\t<meta name=\"twitter:data2\" content=\"2 minutes\" \/>\n<script type=\"application\/ld+json\" class=\"yoast-schema-graph\">{\"@context\":\"https:\/\/schema.org\",\"@graph\":[{\"@type\":\"WebSite\",\"@id\":\"https:\/\/www.visit-ulcinj.com\/blog\/#website\",\"url\":\"https:\/\/www.visit-ulcinj.com\/blog\/\",\"name\":\"Lajme nga Ulqini\",\"description\":\"Lajme,Vijesti,Ulqini,Ulqin,Crna Gora,Mali i Zi\",\"potentialAction\":[{\"@type\":\"SearchAction\",\"target\":{\"@type\":\"EntryPoint\",\"urlTemplate\":\"https:\/\/www.visit-ulcinj.com\/blog\/?s={search_term_string}\"},\"query-input\":\"required name=search_term_string\"}],\"inLanguage\":\"en-US\"},{\"@type\":\"ImageObject\",\"inLanguage\":\"en-US\",\"@id\":\"https:\/\/www.visit-ulcinj.com\/blog\/2009\/03\/28\/mimoza-me-fal-qe-ta-vura-ne-dukje\/#primaryimage\",\"url\":\"http:\/\/www.visit-ulcinj.com\/blog\/wp-content\/uploads\/2009\/03\/debati-2.jpg\",\"contentUrl\":\"http:\/\/www.visit-ulcinj.com\/blog\/wp-content\/uploads\/2009\/03\/debati-2.jpg\"},{\"@type\":\"WebPage\",\"@id\":\"https:\/\/www.visit-ulcinj.com\/blog\/2009\/03\/28\/mimoza-me-fal-qe-ta-vura-ne-dukje\/#webpage\",\"url\":\"https:\/\/www.visit-ulcinj.com\/blog\/2009\/03\/28\/mimoza-me-fal-qe-ta-vura-ne-dukje\/\",\"name\":\"Mimoza : M\u00c3\u00ab fal q\u00c3\u00ab ta vura n\u00c3\u00ab dukje | Big Brother Albania 2\",\"isPartOf\":{\"@id\":\"https:\/\/www.visit-ulcinj.com\/blog\/#website\"},\"primaryImageOfPage\":{\"@id\":\"https:\/\/www.visit-ulcinj.com\/blog\/2009\/03\/28\/mimoza-me-fal-qe-ta-vura-ne-dukje\/#primaryimage\"},\"datePublished\":\"2009-03-28T10:54:59+00:00\",\"dateModified\":\"2009-03-28T10:54:59+00:00\",\"author\":{\"@id\":\"https:\/\/www.visit-ulcinj.com\/blog\/#\/schema\/person\/dcab619c614d3038751c63bc2aadc06d\"},\"description\":\"Big Brother Albania 2 - Tre t\u00c3\u00ab nominuarat Adelajda, Lirita dhe Mimoza diskutojn\u00c3\u00ab p\u00c3\u00abr nat\u00c3\u00abn e spetaklit. Ato jan\u00c3\u00ab n\u00c3\u00ab ankth, pasi kan\u00c3\u00ab frik\u00c3\u00ab q\u00c3\u00ab nj\u00c3\u00abra prej tyre mund t\u00c3\u00ab jet\u00c3\u00ab personi q\u00c3\u00ab mund t\u00c3\u00ab dal\u00c3\u00ab.\",\"breadcrumb\":{\"@id\":\"https:\/\/www.visit-ulcinj.com\/blog\/2009\/03\/28\/mimoza-me-fal-qe-ta-vura-ne-dukje\/#breadcrumb\"},\"inLanguage\":\"en-US\",\"potentialAction\":[{\"@type\":\"ReadAction\",\"target\":[\"https:\/\/www.visit-ulcinj.com\/blog\/2009\/03\/28\/mimoza-me-fal-qe-ta-vura-ne-dukje\/\"]}]},{\"@type\":\"BreadcrumbList\",\"@id\":\"https:\/\/www.visit-ulcinj.com\/blog\/2009\/03\/28\/mimoza-me-fal-qe-ta-vura-ne-dukje\/#breadcrumb\",\"itemListElement\":[{\"@type\":\"ListItem\",\"position\":1,\"name\":\"Mimoza : M\u00eb fal q\u00eb ta vura n\u00eb dukje\"}]},{\"@type\":\"Person\",\"@id\":\"https:\/\/www.visit-ulcinj.com\/blog\/#\/schema\/person\/dcab619c614d3038751c63bc2aadc06d\",\"name\":\"ulqini\",\"sameAs\":[\"http:\/\/www.visit-ulcinj.com\"],\"url\":\"https:\/\/www.visit-ulcinj.com\/blog\/author\/admin\/\"}]}<\/script>\n<!-- \/ Yoast SEO plugin. -->","yoast_head_json":{"title":"Mimoza : M\u00c3\u00ab fal q\u00c3\u00ab ta vura n\u00c3\u00ab dukje | Big Brother Albania 2","description":"Big Brother Albania 2 - Tre t\u00c3\u00ab nominuarat Adelajda, Lirita dhe Mimoza diskutojn\u00c3\u00ab p\u00c3\u00abr nat\u00c3\u00abn e spetaklit. Ato jan\u00c3\u00ab n\u00c3\u00ab ankth, pasi kan\u00c3\u00ab frik\u00c3\u00ab q\u00c3\u00ab nj\u00c3\u00abra prej tyre mund t\u00c3\u00ab jet\u00c3\u00ab personi q\u00c3\u00ab mund t\u00c3\u00ab dal\u00c3\u00ab.","robots":{"index":"index","follow":"follow","max-snippet":"max-snippet:-1","max-image-preview":"max-image-preview:large","max-video-preview":"max-video-preview:-1"},"canonical":"https:\/\/www.visit-ulcinj.com\/blog\/2009\/03\/28\/mimoza-me-fal-qe-ta-vura-ne-dukje\/","og_locale":"en_US","og_type":"article","og_title":"Mimoza : M\u00c3\u00ab fal q\u00c3\u00ab ta vura n\u00c3\u00ab dukje | Big Brother Albania 2","og_description":"Big Brother Albania 2 - Tre t\u00c3\u00ab nominuarat Adelajda, Lirita dhe Mimoza diskutojn\u00c3\u00ab p\u00c3\u00abr nat\u00c3\u00abn e spetaklit. Ato jan\u00c3\u00ab n\u00c3\u00ab ankth, pasi kan\u00c3\u00ab frik\u00c3\u00ab q\u00c3\u00ab nj\u00c3\u00abra prej tyre mund t\u00c3\u00ab jet\u00c3\u00ab personi q\u00c3\u00ab mund t\u00c3\u00ab dal\u00c3\u00ab.","og_url":"https:\/\/www.visit-ulcinj.com\/blog\/2009\/03\/28\/mimoza-me-fal-qe-ta-vura-ne-dukje\/","og_site_name":"Lajme nga Ulqini","article_published_time":"2009-03-28T10:54:59+00:00","og_image":[{"url":"http:\/\/www.visit-ulcinj.com\/blog\/wp-content\/uploads\/2009\/03\/debati-2.jpg"}],"twitter_misc":{"Written by":"ulqini","Est. reading time":"2 minutes"},"schema":{"@context":"https:\/\/schema.org","@graph":[{"@type":"WebSite","@id":"https:\/\/www.visit-ulcinj.com\/blog\/#website","url":"https:\/\/www.visit-ulcinj.com\/blog\/","name":"Lajme nga Ulqini","description":"Lajme,Vijesti,Ulqini,Ulqin,Crna Gora,Mali i Zi","potentialAction":[{"@type":"SearchAction","target":{"@type":"EntryPoint","urlTemplate":"https:\/\/www.visit-ulcinj.com\/blog\/?s={search_term_string}"},"query-input":"required name=search_term_string"}],"inLanguage":"en-US"},{"@type":"ImageObject","inLanguage":"en-US","@id":"https:\/\/www.visit-ulcinj.com\/blog\/2009\/03\/28\/mimoza-me-fal-qe-ta-vura-ne-dukje\/#primaryimage","url":"http:\/\/www.visit-ulcinj.com\/blog\/wp-content\/uploads\/2009\/03\/debati-2.jpg","contentUrl":"http:\/\/www.visit-ulcinj.com\/blog\/wp-content\/uploads\/2009\/03\/debati-2.jpg"},{"@type":"WebPage","@id":"https:\/\/www.visit-ulcinj.com\/blog\/2009\/03\/28\/mimoza-me-fal-qe-ta-vura-ne-dukje\/#webpage","url":"https:\/\/www.visit-ulcinj.com\/blog\/2009\/03\/28\/mimoza-me-fal-qe-ta-vura-ne-dukje\/","name":"Mimoza : M\u00c3\u00ab fal q\u00c3\u00ab ta vura n\u00c3\u00ab dukje | Big Brother Albania 2","isPartOf":{"@id":"https:\/\/www.visit-ulcinj.com\/blog\/#website"},"primaryImageOfPage":{"@id":"https:\/\/www.visit-ulcinj.com\/blog\/2009\/03\/28\/mimoza-me-fal-qe-ta-vura-ne-dukje\/#primaryimage"},"datePublished":"2009-03-28T10:54:59+00:00","dateModified":"2009-03-28T10:54:59+00:00","author":{"@id":"https:\/\/www.visit-ulcinj.com\/blog\/#\/schema\/person\/dcab619c614d3038751c63bc2aadc06d"},"description":"Big Brother Albania 2 - Tre t\u00c3\u00ab nominuarat Adelajda, Lirita dhe Mimoza diskutojn\u00c3\u00ab p\u00c3\u00abr nat\u00c3\u00abn e spetaklit. Ato jan\u00c3\u00ab n\u00c3\u00ab ankth, pasi kan\u00c3\u00ab frik\u00c3\u00ab q\u00c3\u00ab nj\u00c3\u00abra prej tyre mund t\u00c3\u00ab jet\u00c3\u00ab personi q\u00c3\u00ab mund t\u00c3\u00ab dal\u00c3\u00ab.","breadcrumb":{"@id":"https:\/\/www.visit-ulcinj.com\/blog\/2009\/03\/28\/mimoza-me-fal-qe-ta-vura-ne-dukje\/#breadcrumb"},"inLanguage":"en-US","potentialAction":[{"@type":"ReadAction","target":["https:\/\/www.visit-ulcinj.com\/blog\/2009\/03\/28\/mimoza-me-fal-qe-ta-vura-ne-dukje\/"]}]},{"@type":"BreadcrumbList","@id":"https:\/\/www.visit-ulcinj.com\/blog\/2009\/03\/28\/mimoza-me-fal-qe-ta-vura-ne-dukje\/#breadcrumb","itemListElement":[{"@type":"ListItem","position":1,"name":"Mimoza : M\u00eb fal q\u00eb ta vura n\u00eb dukje"}]},{"@type":"Person","@id":"https:\/\/www.visit-ulcinj.com\/blog\/#\/schema\/person\/dcab619c614d3038751c63bc2aadc06d","name":"ulqini","sameAs":["http:\/\/www.visit-ulcinj.com"],"url":"https:\/\/www.visit-ulcinj.com\/blog\/author\/admin\/"}]}},"jetpack_featured_media_url":"","jetpack_sharing_enabled":true,"jetpack_shortlink":"https:\/\/wp.me\/pe6lTn-489","_links":{"self":[{"href":"https:\/\/www.visit-ulcinj.com\/blog\/wp-json\/wp\/v2\/posts\/15881"}],"collection":[{"href":"https:\/\/www.visit-ulcinj.com\/blog\/wp-json\/wp\/v2\/posts"}],"about":[{"href":"https:\/\/www.visit-ulcinj.com\/blog\/wp-json\/wp\/v2\/types\/post"}],"author":[{"embeddable":true,"href":"https:\/\/www.visit-ulcinj.com\/blog\/wp-json\/wp\/v2\/users\/1"}],"replies":[{"embeddable":true,"href":"https:\/\/www.visit-ulcinj.com\/blog\/wp-json\/wp\/v2\/comments?post=15881"}],"version-history":[{"count":0,"href":"https:\/\/www.visit-ulcinj.com\/blog\/wp-json\/wp\/v2\/posts\/15881\/revisions"}],"wp:attachment":[{"href":"https:\/\/www.visit-ulcinj.com\/blog\/wp-json\/wp\/v2\/media?parent=15881"}],"wp:term":[{"taxonomy":"category","embeddable":true,"href":"https:\/\/www.visit-ulcinj.com\/blog\/wp-json\/wp\/v2\/categories?post=15881"},{"taxonomy":"post_tag","embeddable":true,"href":"https:\/\/www.visit-ulcinj.com\/blog\/wp-json\/wp\/v2\/tags?post=15881"}],"curies":[{"name":"wp","href":"https:\/\/api.w.org\/{rel}","templated":true}]}}