{"id":15884,"date":"2009-03-28T11:56:49","date_gmt":"2009-03-28T10:56:49","guid":{"rendered":"http:\/\/www.visit-ulcinj.com\/blog\/?p=15884"},"modified":"2009-03-28T11:56:49","modified_gmt":"2009-03-28T10:56:49","slug":"zysha-nuk-po-te-pelqen-me","status":"publish","type":"post","link":"https:\/\/www.visit-ulcinj.com\/blog\/2009\/03\/28\/zysha-nuk-po-te-pelqen-me\/","title":{"rendered":"Zysha nuk po t\u00eb p\u00eblqen m\u00eb"},"content":{"rendered":"<p><em><span class=\"newsdate\"><a href=\"http:\/\/www.visit-ulcinj.com\/blog\/wp-content\/uploads\/2009\/03\/sqarimi-moza-adela.jpg\"><img loading=\"lazy\" class=\"alignleft size-full wp-image-15885\" title=\"sqarimi-moza-adela-big-brother-albania-2\" src=\"http:\/\/www.visit-ulcinj.com\/blog\/wp-content\/uploads\/2009\/03\/sqarimi-moza-adela.jpg\" alt=\"sqarimi-moza-adela-big-brother-albania-2\" width=\"300\" height=\"205\" \/><\/a>27\/03\/09 18:38<\/span><\/em><\/p>\n<p>Adelajda gjen momentin e duhur, dhe k\u00ebrkon t\u00eb sqarohet me Mimoz\u00ebn. Ajo i thot\u00eb:-\u201cKoh\u00ebt e fundit cdo gj\u00eb q\u00eb b\u00ebj un\u00eb nuk po t\u00eb p\u00eblqejn\u00eb m\u00eb. Zysha nuk po t\u00eb p\u00eblqen m\u00eb!\u201d Ajo i p\u00ebrmend nj\u00eb rast n\u00eb m\u00ebngjes q\u00eb Mimoza nuk i kishte folur mir\u00eb. Mimoza i thot\u00eb q\u00eb ajo kishte b\u00ebr\u00eb shaka,dhe shton:-\u201cMe ty as shaka ,as seriozisht nuk \u00ebsht\u00eb p\u00ebr t\u00eb b\u00ebr\u00eb!\u201d Adelajda ia kthen:-\u201cTi ose nuk kupton,ose b\u00ebn sikur nuk kupton!\u201d Ato nuk i l\u00ebn\u00eb rradh\u00eb nj\u00ebra- tjetr\u00ebs p\u00ebr t\u00eb folur, dhe ngrejn\u00eb z\u00ebrin. Adelajda i thot\u00eb q\u00eb ajo i v\u00eb n\u00eb dukje disa gj\u00ebra ,q\u00eb i b\u00ebn pa vet\u00ebdije. Mimoza i thot\u00eb:-\u201cTi i merr p\u00ebr keq ,m\u00eb fal shum\u00eb nuk e b\u00ebj m\u00eb!\u201d Adelajda i thot\u00eb q\u00eb nuk i vjen mir\u00eb q\u00eb kapen p\u00ebr gj\u00ebra pavler\u00eb. Mimoza ia kthen:-\u201cNuk m\u00ebrzitem un\u00eb p\u00ebr k\u00ebto gj\u00ebra!\u201d<\/p>\n","protected":false},"excerpt":{"rendered":"<p>27\/03\/09 18:38 Adelajda gjen momentin e duhur, dhe k\u00ebrkon t\u00eb sqarohet me Mimoz\u00ebn. Ajo i thot\u00eb:-\u201cKoh\u00ebt e fundit cdo gj\u00eb q\u00eb b\u00ebj un\u00eb nuk po t\u00eb p\u00eblqejn\u00eb m\u00eb. Zysha nuk po t\u00eb p\u00eblqen m\u00eb!\u201d Ajo i p\u00ebrmend nj\u00eb rast n\u00eb m\u00ebngjes q\u00eb Mimoza nuk i kishte folur mir\u00eb. Mimoza i thot\u00eb q\u00eb ajo kishte b\u00ebr\u00eb [&hellip;]<\/p>\n","protected":false},"author":1,"featured_media":0,"comment_status":"open","ping_status":"closed","sticky":false,"template":"","format":"standard","meta":{"spay_email":"","jetpack_publicize_message":"","jetpack_is_tweetstorm":false,"jetpack_publicize_feature_enabled":true},"categories":[6502],"tags":[6529,8289,6883,6516,6712,6544,6891,7572],"jetpack_publicize_connections":[],"yoast_head":"<!-- This site is optimized with the Yoast SEO plugin v19.1 - https:\/\/yoast.com\/wordpress\/plugins\/seo\/ -->\n<title>Zysha nuk po t\u00c3\u00ab p\u00c3\u00ablqen m\u00c3\u00ab | Big Brother Albania 2<\/title>\n<meta name=\"description\" content=\"Big Brother Albania 2 - Adelajda gjen momentin e duhur, dhe k\u00c3\u00abrkon t\u00c3\u00ab sqarohet me Mimoz\u00c3\u00abn. Ajo i thot\u00c3\u00ab:-\u00e2\u20ac\u0153Koh\u00c3\u00abt e fundit cdo gj\u00c3\u00ab q\u00c3\u00ab b\u00c3\u00abj un\u00c3\u00ab nuk po t\u00c3\u00ab p\u00c3\u00ablqejn\u00c3\u00ab m\u00c3\u00ab.\" \/>\n<meta name=\"robots\" content=\"index, follow, max-snippet:-1, max-image-preview:large, max-video-preview:-1\" \/>\n<link rel=\"canonical\" href=\"https:\/\/www.visit-ulcinj.com\/blog\/2009\/03\/28\/zysha-nuk-po-te-pelqen-me\/\" \/>\n<meta property=\"og:locale\" content=\"en_US\" \/>\n<meta property=\"og:type\" content=\"article\" \/>\n<meta property=\"og:title\" content=\"Zysha nuk po t\u00c3\u00ab p\u00c3\u00ablqen m\u00c3\u00ab | Big Brother Albania 2\" \/>\n<meta property=\"og:description\" content=\"Big Brother Albania 2 - Adelajda gjen momentin e duhur, dhe k\u00c3\u00abrkon t\u00c3\u00ab sqarohet me Mimoz\u00c3\u00abn. Ajo i thot\u00c3\u00ab:-\u00e2\u20ac\u0153Koh\u00c3\u00abt e fundit cdo gj\u00c3\u00ab q\u00c3\u00ab b\u00c3\u00abj un\u00c3\u00ab nuk po t\u00c3\u00ab p\u00c3\u00ablqejn\u00c3\u00ab m\u00c3\u00ab.\" \/>\n<meta property=\"og:url\" content=\"https:\/\/www.visit-ulcinj.com\/blog\/2009\/03\/28\/zysha-nuk-po-te-pelqen-me\/\" \/>\n<meta property=\"og:site_name\" content=\"Lajme nga Ulqini\" \/>\n<meta property=\"article:published_time\" content=\"2009-03-28T10:56:49+00:00\" \/>\n<meta property=\"og:image\" content=\"http:\/\/www.visit-ulcinj.com\/blog\/wp-content\/uploads\/2009\/03\/sqarimi-moza-adela.jpg\" \/>\n<meta name=\"twitter:label1\" content=\"Written by\" \/>\n\t<meta name=\"twitter:data1\" content=\"ulqini\" \/>\n\t<meta name=\"twitter:label2\" content=\"Est. reading time\" \/>\n\t<meta name=\"twitter:data2\" content=\"1 minute\" \/>\n<script type=\"application\/ld+json\" class=\"yoast-schema-graph\">{\"@context\":\"https:\/\/schema.org\",\"@graph\":[{\"@type\":\"WebSite\",\"@id\":\"https:\/\/www.visit-ulcinj.com\/blog\/#website\",\"url\":\"https:\/\/www.visit-ulcinj.com\/blog\/\",\"name\":\"Lajme nga Ulqini\",\"description\":\"Lajme,Vijesti,Ulqini,Ulqin,Crna Gora,Mali i Zi\",\"potentialAction\":[{\"@type\":\"SearchAction\",\"target\":{\"@type\":\"EntryPoint\",\"urlTemplate\":\"https:\/\/www.visit-ulcinj.com\/blog\/?s={search_term_string}\"},\"query-input\":\"required name=search_term_string\"}],\"inLanguage\":\"en-US\"},{\"@type\":\"ImageObject\",\"inLanguage\":\"en-US\",\"@id\":\"https:\/\/www.visit-ulcinj.com\/blog\/2009\/03\/28\/zysha-nuk-po-te-pelqen-me\/#primaryimage\",\"url\":\"http:\/\/www.visit-ulcinj.com\/blog\/wp-content\/uploads\/2009\/03\/sqarimi-moza-adela.jpg\",\"contentUrl\":\"http:\/\/www.visit-ulcinj.com\/blog\/wp-content\/uploads\/2009\/03\/sqarimi-moza-adela.jpg\"},{\"@type\":\"WebPage\",\"@id\":\"https:\/\/www.visit-ulcinj.com\/blog\/2009\/03\/28\/zysha-nuk-po-te-pelqen-me\/#webpage\",\"url\":\"https:\/\/www.visit-ulcinj.com\/blog\/2009\/03\/28\/zysha-nuk-po-te-pelqen-me\/\",\"name\":\"Zysha nuk po t\u00c3\u00ab p\u00c3\u00ablqen m\u00c3\u00ab | Big Brother Albania 2\",\"isPartOf\":{\"@id\":\"https:\/\/www.visit-ulcinj.com\/blog\/#website\"},\"primaryImageOfPage\":{\"@id\":\"https:\/\/www.visit-ulcinj.com\/blog\/2009\/03\/28\/zysha-nuk-po-te-pelqen-me\/#primaryimage\"},\"datePublished\":\"2009-03-28T10:56:49+00:00\",\"dateModified\":\"2009-03-28T10:56:49+00:00\",\"author\":{\"@id\":\"https:\/\/www.visit-ulcinj.com\/blog\/#\/schema\/person\/dcab619c614d3038751c63bc2aadc06d\"},\"description\":\"Big Brother Albania 2 - Adelajda gjen momentin e duhur, dhe k\u00c3\u00abrkon t\u00c3\u00ab sqarohet me Mimoz\u00c3\u00abn. Ajo i thot\u00c3\u00ab:-\u00e2\u20ac\u0153Koh\u00c3\u00abt e fundit cdo gj\u00c3\u00ab q\u00c3\u00ab b\u00c3\u00abj un\u00c3\u00ab nuk po t\u00c3\u00ab p\u00c3\u00ablqejn\u00c3\u00ab m\u00c3\u00ab.\",\"breadcrumb\":{\"@id\":\"https:\/\/www.visit-ulcinj.com\/blog\/2009\/03\/28\/zysha-nuk-po-te-pelqen-me\/#breadcrumb\"},\"inLanguage\":\"en-US\",\"potentialAction\":[{\"@type\":\"ReadAction\",\"target\":[\"https:\/\/www.visit-ulcinj.com\/blog\/2009\/03\/28\/zysha-nuk-po-te-pelqen-me\/\"]}]},{\"@type\":\"BreadcrumbList\",\"@id\":\"https:\/\/www.visit-ulcinj.com\/blog\/2009\/03\/28\/zysha-nuk-po-te-pelqen-me\/#breadcrumb\",\"itemListElement\":[{\"@type\":\"ListItem\",\"position\":1,\"name\":\"Zysha nuk po t\u00eb p\u00eblqen m\u00eb\"}]},{\"@type\":\"Person\",\"@id\":\"https:\/\/www.visit-ulcinj.com\/blog\/#\/schema\/person\/dcab619c614d3038751c63bc2aadc06d\",\"name\":\"ulqini\",\"sameAs\":[\"http:\/\/www.visit-ulcinj.com\"],\"url\":\"https:\/\/www.visit-ulcinj.com\/blog\/author\/admin\/\"}]}<\/script>\n<!-- \/ Yoast SEO plugin. -->","yoast_head_json":{"title":"Zysha nuk po t\u00c3\u00ab p\u00c3\u00ablqen m\u00c3\u00ab | Big Brother Albania 2","description":"Big Brother Albania 2 - Adelajda gjen momentin e duhur, dhe k\u00c3\u00abrkon t\u00c3\u00ab sqarohet me Mimoz\u00c3\u00abn. Ajo i thot\u00c3\u00ab:-\u00e2\u20ac\u0153Koh\u00c3\u00abt e fundit cdo gj\u00c3\u00ab q\u00c3\u00ab b\u00c3\u00abj un\u00c3\u00ab nuk po t\u00c3\u00ab p\u00c3\u00ablqejn\u00c3\u00ab m\u00c3\u00ab.","robots":{"index":"index","follow":"follow","max-snippet":"max-snippet:-1","max-image-preview":"max-image-preview:large","max-video-preview":"max-video-preview:-1"},"canonical":"https:\/\/www.visit-ulcinj.com\/blog\/2009\/03\/28\/zysha-nuk-po-te-pelqen-me\/","og_locale":"en_US","og_type":"article","og_title":"Zysha nuk po t\u00c3\u00ab p\u00c3\u00ablqen m\u00c3\u00ab | Big Brother Albania 2","og_description":"Big Brother Albania 2 - Adelajda gjen momentin e duhur, dhe k\u00c3\u00abrkon t\u00c3\u00ab sqarohet me Mimoz\u00c3\u00abn. Ajo i thot\u00c3\u00ab:-\u00e2\u20ac\u0153Koh\u00c3\u00abt e fundit cdo gj\u00c3\u00ab q\u00c3\u00ab b\u00c3\u00abj un\u00c3\u00ab nuk po t\u00c3\u00ab p\u00c3\u00ablqejn\u00c3\u00ab m\u00c3\u00ab.","og_url":"https:\/\/www.visit-ulcinj.com\/blog\/2009\/03\/28\/zysha-nuk-po-te-pelqen-me\/","og_site_name":"Lajme nga Ulqini","article_published_time":"2009-03-28T10:56:49+00:00","og_image":[{"url":"http:\/\/www.visit-ulcinj.com\/blog\/wp-content\/uploads\/2009\/03\/sqarimi-moza-adela.jpg"}],"twitter_misc":{"Written by":"ulqini","Est. reading time":"1 minute"},"schema":{"@context":"https:\/\/schema.org","@graph":[{"@type":"WebSite","@id":"https:\/\/www.visit-ulcinj.com\/blog\/#website","url":"https:\/\/www.visit-ulcinj.com\/blog\/","name":"Lajme nga Ulqini","description":"Lajme,Vijesti,Ulqini,Ulqin,Crna Gora,Mali i Zi","potentialAction":[{"@type":"SearchAction","target":{"@type":"EntryPoint","urlTemplate":"https:\/\/www.visit-ulcinj.com\/blog\/?s={search_term_string}"},"query-input":"required name=search_term_string"}],"inLanguage":"en-US"},{"@type":"ImageObject","inLanguage":"en-US","@id":"https:\/\/www.visit-ulcinj.com\/blog\/2009\/03\/28\/zysha-nuk-po-te-pelqen-me\/#primaryimage","url":"http:\/\/www.visit-ulcinj.com\/blog\/wp-content\/uploads\/2009\/03\/sqarimi-moza-adela.jpg","contentUrl":"http:\/\/www.visit-ulcinj.com\/blog\/wp-content\/uploads\/2009\/03\/sqarimi-moza-adela.jpg"},{"@type":"WebPage","@id":"https:\/\/www.visit-ulcinj.com\/blog\/2009\/03\/28\/zysha-nuk-po-te-pelqen-me\/#webpage","url":"https:\/\/www.visit-ulcinj.com\/blog\/2009\/03\/28\/zysha-nuk-po-te-pelqen-me\/","name":"Zysha nuk po t\u00c3\u00ab p\u00c3\u00ablqen m\u00c3\u00ab | Big Brother Albania 2","isPartOf":{"@id":"https:\/\/www.visit-ulcinj.com\/blog\/#website"},"primaryImageOfPage":{"@id":"https:\/\/www.visit-ulcinj.com\/blog\/2009\/03\/28\/zysha-nuk-po-te-pelqen-me\/#primaryimage"},"datePublished":"2009-03-28T10:56:49+00:00","dateModified":"2009-03-28T10:56:49+00:00","author":{"@id":"https:\/\/www.visit-ulcinj.com\/blog\/#\/schema\/person\/dcab619c614d3038751c63bc2aadc06d"},"description":"Big Brother Albania 2 - Adelajda gjen momentin e duhur, dhe k\u00c3\u00abrkon t\u00c3\u00ab sqarohet me Mimoz\u00c3\u00abn. Ajo i thot\u00c3\u00ab:-\u00e2\u20ac\u0153Koh\u00c3\u00abt e fundit cdo gj\u00c3\u00ab q\u00c3\u00ab b\u00c3\u00abj un\u00c3\u00ab nuk po t\u00c3\u00ab p\u00c3\u00ablqejn\u00c3\u00ab m\u00c3\u00ab.","breadcrumb":{"@id":"https:\/\/www.visit-ulcinj.com\/blog\/2009\/03\/28\/zysha-nuk-po-te-pelqen-me\/#breadcrumb"},"inLanguage":"en-US","potentialAction":[{"@type":"ReadAction","target":["https:\/\/www.visit-ulcinj.com\/blog\/2009\/03\/28\/zysha-nuk-po-te-pelqen-me\/"]}]},{"@type":"BreadcrumbList","@id":"https:\/\/www.visit-ulcinj.com\/blog\/2009\/03\/28\/zysha-nuk-po-te-pelqen-me\/#breadcrumb","itemListElement":[{"@type":"ListItem","position":1,"name":"Zysha nuk po t\u00eb p\u00eblqen m\u00eb"}]},{"@type":"Person","@id":"https:\/\/www.visit-ulcinj.com\/blog\/#\/schema\/person\/dcab619c614d3038751c63bc2aadc06d","name":"ulqini","sameAs":["http:\/\/www.visit-ulcinj.com"],"url":"https:\/\/www.visit-ulcinj.com\/blog\/author\/admin\/"}]}},"jetpack_featured_media_url":"","jetpack_sharing_enabled":true,"jetpack_shortlink":"https:\/\/wp.me\/pe6lTn-48c","_links":{"self":[{"href":"https:\/\/www.visit-ulcinj.com\/blog\/wp-json\/wp\/v2\/posts\/15884"}],"collection":[{"href":"https:\/\/www.visit-ulcinj.com\/blog\/wp-json\/wp\/v2\/posts"}],"about":[{"href":"https:\/\/www.visit-ulcinj.com\/blog\/wp-json\/wp\/v2\/types\/post"}],"author":[{"embeddable":true,"href":"https:\/\/www.visit-ulcinj.com\/blog\/wp-json\/wp\/v2\/users\/1"}],"replies":[{"embeddable":true,"href":"https:\/\/www.visit-ulcinj.com\/blog\/wp-json\/wp\/v2\/comments?post=15884"}],"version-history":[{"count":0,"href":"https:\/\/www.visit-ulcinj.com\/blog\/wp-json\/wp\/v2\/posts\/15884\/revisions"}],"wp:attachment":[{"href":"https:\/\/www.visit-ulcinj.com\/blog\/wp-json\/wp\/v2\/media?parent=15884"}],"wp:term":[{"taxonomy":"category","embeddable":true,"href":"https:\/\/www.visit-ulcinj.com\/blog\/wp-json\/wp\/v2\/categories?post=15884"},{"taxonomy":"post_tag","embeddable":true,"href":"https:\/\/www.visit-ulcinj.com\/blog\/wp-json\/wp\/v2\/tags?post=15884"}],"curies":[{"name":"wp","href":"https:\/\/api.w.org\/{rel}","templated":true}]}}