{"id":15894,"date":"2009-03-28T12:05:54","date_gmt":"2009-03-28T11:05:54","guid":{"rendered":"http:\/\/www.visit-ulcinj.com\/blog\/?p=15894"},"modified":"2009-03-28T12:05:54","modified_gmt":"2009-03-28T11:05:54","slug":"arjoni-mimoza-me-jep-nje-shans","status":"publish","type":"post","link":"https:\/\/www.visit-ulcinj.com\/blog\/2009\/03\/28\/arjoni-mimoza-me-jep-nje-shans\/","title":{"rendered":"Arjoni: Mimoza m\u00eb jep nj\u00eb shans"},"content":{"rendered":"<p><em><span class=\"newsdate\"><a href=\"http:\/\/www.visit-ulcinj.com\/blog\/wp-content\/uploads\/2009\/03\/arjon-moza.jpg\"><img loading=\"lazy\" class=\"alignleft size-full wp-image-15895\" title=\"arjon-moza-big-brother-albania-2\" src=\"http:\/\/www.visit-ulcinj.com\/blog\/wp-content\/uploads\/2009\/03\/arjon-moza.jpg\" alt=\"arjon-moza-big-brother-albania-2\" width=\"300\" height=\"205\" \/><\/a>28\/03\/09 01:35<\/span><\/em><\/p>\n<p>Arjoni pyet Moz\u00ebn se si ndjehet p\u00ebr faktin q\u00eb \u00ebsht\u00eb n\u00eb nominim. Ajo i tregon se ka p\u00ebrshtypjen se do dal\u00eb dhe kjo e ka m\u00ebrzitur pak. Ai e pyet s\u00ebrish se cil\u00ebt persona rrezikojn\u00eb sipas mendimit t\u00eb saj, por ajo nuk preferon t\u00eb tregoj\u00eb duke i mbajtur vetem p\u00ebr vete ato mendime. Arjoni insiston, por Moza i thot\u00eb se veten e sheh mjaft t\u00eb rrezikuar. Arjoni m\u00ebrzitet nga k\u00ebto fjal\u00eb dhe i thot\u00eb se n\u00ebse ajo del, ai nuk do ket\u00eb me k\u00eb t\u00eb rrij\u00eb. \u201cSht\u00ebpia nuk do ket\u00eb m\u00eb lule\u201d thot\u00eb ai. Ai shton se do t\u2019i b\u00ebj\u00eb nj\u00eb k\u00ebrkes\u00eb Arban\u00ebs duke i th\u00ebn\u00eb: \u201cDuhet ta lini Moz\u00ebn n\u00eb sht\u00ebpi se e kam t\u00eb vog\u00ebl\u201d. Arjoni i k\u00ebrkon moz\u00ebs se n\u00ebse nuk del, t\u2019i jap\u00eb nj\u00eb shans atij.<\/p>\n","protected":false},"excerpt":{"rendered":"<p>28\/03\/09 01:35 Arjoni pyet Moz\u00ebn se si ndjehet p\u00ebr faktin q\u00eb \u00ebsht\u00eb n\u00eb nominim. Ajo i tregon se ka p\u00ebrshtypjen se do dal\u00eb dhe kjo e ka m\u00ebrzitur pak. Ai e pyet s\u00ebrish se cil\u00ebt persona rrezikojn\u00eb sipas mendimit t\u00eb saj, por ajo nuk preferon t\u00eb tregoj\u00eb duke i mbajtur vetem p\u00ebr vete ato mendime. [&hellip;]<\/p>\n","protected":false},"author":1,"featured_media":0,"comment_status":"open","ping_status":"closed","sticky":false,"template":"","format":"standard","meta":{"spay_email":"","jetpack_publicize_message":"","jetpack_is_tweetstorm":false,"jetpack_publicize_feature_enabled":true},"categories":[6502],"tags":[6529,6525,6883,6516,6712,6522,6544,6891],"jetpack_publicize_connections":[],"yoast_head":"<!-- This site is optimized with the Yoast SEO plugin v19.1 - https:\/\/yoast.com\/wordpress\/plugins\/seo\/ -->\n<title>Arjoni: Mimoza m\u00c3\u00ab jep nj\u00c3\u00ab shans | Big Brother Albania 2<\/title>\n<meta name=\"description\" content=\"Big Brother Albania 2 - Arjoni pyet Moz\u00c3\u00abn se si ndjehet p\u00c3\u00abr faktin q\u00c3\u00ab \u00c3\u00absht\u00c3\u00ab n\u00c3\u00ab nominim. Ajo i tregon se ka p\u00c3\u00abrshtypjen se do dal\u00c3\u00ab dhe kjo e ka m\u00c3\u00abrzitur pak.\" \/>\n<meta name=\"robots\" content=\"index, follow, max-snippet:-1, max-image-preview:large, max-video-preview:-1\" \/>\n<link rel=\"canonical\" href=\"https:\/\/www.visit-ulcinj.com\/blog\/2009\/03\/28\/arjoni-mimoza-me-jep-nje-shans\/\" \/>\n<meta property=\"og:locale\" content=\"en_US\" \/>\n<meta property=\"og:type\" content=\"article\" \/>\n<meta property=\"og:title\" content=\"Arjoni: Mimoza m\u00c3\u00ab jep nj\u00c3\u00ab shans | Big Brother Albania 2\" \/>\n<meta property=\"og:description\" content=\"Big Brother Albania 2 - Arjoni pyet Moz\u00c3\u00abn se si ndjehet p\u00c3\u00abr faktin q\u00c3\u00ab \u00c3\u00absht\u00c3\u00ab n\u00c3\u00ab nominim. Ajo i tregon se ka p\u00c3\u00abrshtypjen se do dal\u00c3\u00ab dhe kjo e ka m\u00c3\u00abrzitur pak.\" \/>\n<meta property=\"og:url\" content=\"https:\/\/www.visit-ulcinj.com\/blog\/2009\/03\/28\/arjoni-mimoza-me-jep-nje-shans\/\" \/>\n<meta property=\"og:site_name\" content=\"Lajme nga Ulqini\" \/>\n<meta property=\"article:published_time\" content=\"2009-03-28T11:05:54+00:00\" \/>\n<meta property=\"og:image\" content=\"http:\/\/www.visit-ulcinj.com\/blog\/wp-content\/uploads\/2009\/03\/arjon-moza.jpg\" \/>\n<meta name=\"twitter:label1\" content=\"Written by\" \/>\n\t<meta name=\"twitter:data1\" content=\"ulqini\" \/>\n\t<meta name=\"twitter:label2\" content=\"Est. reading time\" \/>\n\t<meta name=\"twitter:data2\" content=\"1 minute\" \/>\n<script type=\"application\/ld+json\" class=\"yoast-schema-graph\">{\"@context\":\"https:\/\/schema.org\",\"@graph\":[{\"@type\":\"WebSite\",\"@id\":\"https:\/\/www.visit-ulcinj.com\/blog\/#website\",\"url\":\"https:\/\/www.visit-ulcinj.com\/blog\/\",\"name\":\"Lajme nga Ulqini\",\"description\":\"Lajme,Vijesti,Ulqini,Ulqin,Crna Gora,Mali i Zi\",\"potentialAction\":[{\"@type\":\"SearchAction\",\"target\":{\"@type\":\"EntryPoint\",\"urlTemplate\":\"https:\/\/www.visit-ulcinj.com\/blog\/?s={search_term_string}\"},\"query-input\":\"required name=search_term_string\"}],\"inLanguage\":\"en-US\"},{\"@type\":\"ImageObject\",\"inLanguage\":\"en-US\",\"@id\":\"https:\/\/www.visit-ulcinj.com\/blog\/2009\/03\/28\/arjoni-mimoza-me-jep-nje-shans\/#primaryimage\",\"url\":\"http:\/\/www.visit-ulcinj.com\/blog\/wp-content\/uploads\/2009\/03\/arjon-moza.jpg\",\"contentUrl\":\"http:\/\/www.visit-ulcinj.com\/blog\/wp-content\/uploads\/2009\/03\/arjon-moza.jpg\"},{\"@type\":\"WebPage\",\"@id\":\"https:\/\/www.visit-ulcinj.com\/blog\/2009\/03\/28\/arjoni-mimoza-me-jep-nje-shans\/#webpage\",\"url\":\"https:\/\/www.visit-ulcinj.com\/blog\/2009\/03\/28\/arjoni-mimoza-me-jep-nje-shans\/\",\"name\":\"Arjoni: Mimoza m\u00c3\u00ab jep nj\u00c3\u00ab shans | Big Brother Albania 2\",\"isPartOf\":{\"@id\":\"https:\/\/www.visit-ulcinj.com\/blog\/#website\"},\"primaryImageOfPage\":{\"@id\":\"https:\/\/www.visit-ulcinj.com\/blog\/2009\/03\/28\/arjoni-mimoza-me-jep-nje-shans\/#primaryimage\"},\"datePublished\":\"2009-03-28T11:05:54+00:00\",\"dateModified\":\"2009-03-28T11:05:54+00:00\",\"author\":{\"@id\":\"https:\/\/www.visit-ulcinj.com\/blog\/#\/schema\/person\/dcab619c614d3038751c63bc2aadc06d\"},\"description\":\"Big Brother Albania 2 - Arjoni pyet Moz\u00c3\u00abn se si ndjehet p\u00c3\u00abr faktin q\u00c3\u00ab \u00c3\u00absht\u00c3\u00ab n\u00c3\u00ab nominim. Ajo i tregon se ka p\u00c3\u00abrshtypjen se do dal\u00c3\u00ab dhe kjo e ka m\u00c3\u00abrzitur pak.\",\"breadcrumb\":{\"@id\":\"https:\/\/www.visit-ulcinj.com\/blog\/2009\/03\/28\/arjoni-mimoza-me-jep-nje-shans\/#breadcrumb\"},\"inLanguage\":\"en-US\",\"potentialAction\":[{\"@type\":\"ReadAction\",\"target\":[\"https:\/\/www.visit-ulcinj.com\/blog\/2009\/03\/28\/arjoni-mimoza-me-jep-nje-shans\/\"]}]},{\"@type\":\"BreadcrumbList\",\"@id\":\"https:\/\/www.visit-ulcinj.com\/blog\/2009\/03\/28\/arjoni-mimoza-me-jep-nje-shans\/#breadcrumb\",\"itemListElement\":[{\"@type\":\"ListItem\",\"position\":1,\"name\":\"Arjoni: Mimoza m\u00eb jep nj\u00eb shans\"}]},{\"@type\":\"Person\",\"@id\":\"https:\/\/www.visit-ulcinj.com\/blog\/#\/schema\/person\/dcab619c614d3038751c63bc2aadc06d\",\"name\":\"ulqini\",\"sameAs\":[\"http:\/\/www.visit-ulcinj.com\"],\"url\":\"https:\/\/www.visit-ulcinj.com\/blog\/author\/admin\/\"}]}<\/script>\n<!-- \/ Yoast SEO plugin. -->","yoast_head_json":{"title":"Arjoni: Mimoza m\u00c3\u00ab jep nj\u00c3\u00ab shans | Big Brother Albania 2","description":"Big Brother Albania 2 - Arjoni pyet Moz\u00c3\u00abn se si ndjehet p\u00c3\u00abr faktin q\u00c3\u00ab \u00c3\u00absht\u00c3\u00ab n\u00c3\u00ab nominim. Ajo i tregon se ka p\u00c3\u00abrshtypjen se do dal\u00c3\u00ab dhe kjo e ka m\u00c3\u00abrzitur pak.","robots":{"index":"index","follow":"follow","max-snippet":"max-snippet:-1","max-image-preview":"max-image-preview:large","max-video-preview":"max-video-preview:-1"},"canonical":"https:\/\/www.visit-ulcinj.com\/blog\/2009\/03\/28\/arjoni-mimoza-me-jep-nje-shans\/","og_locale":"en_US","og_type":"article","og_title":"Arjoni: Mimoza m\u00c3\u00ab jep nj\u00c3\u00ab shans | Big Brother Albania 2","og_description":"Big Brother Albania 2 - Arjoni pyet Moz\u00c3\u00abn se si ndjehet p\u00c3\u00abr faktin q\u00c3\u00ab \u00c3\u00absht\u00c3\u00ab n\u00c3\u00ab nominim. Ajo i tregon se ka p\u00c3\u00abrshtypjen se do dal\u00c3\u00ab dhe kjo e ka m\u00c3\u00abrzitur pak.","og_url":"https:\/\/www.visit-ulcinj.com\/blog\/2009\/03\/28\/arjoni-mimoza-me-jep-nje-shans\/","og_site_name":"Lajme nga Ulqini","article_published_time":"2009-03-28T11:05:54+00:00","og_image":[{"url":"http:\/\/www.visit-ulcinj.com\/blog\/wp-content\/uploads\/2009\/03\/arjon-moza.jpg"}],"twitter_misc":{"Written by":"ulqini","Est. reading time":"1 minute"},"schema":{"@context":"https:\/\/schema.org","@graph":[{"@type":"WebSite","@id":"https:\/\/www.visit-ulcinj.com\/blog\/#website","url":"https:\/\/www.visit-ulcinj.com\/blog\/","name":"Lajme nga Ulqini","description":"Lajme,Vijesti,Ulqini,Ulqin,Crna Gora,Mali i Zi","potentialAction":[{"@type":"SearchAction","target":{"@type":"EntryPoint","urlTemplate":"https:\/\/www.visit-ulcinj.com\/blog\/?s={search_term_string}"},"query-input":"required name=search_term_string"}],"inLanguage":"en-US"},{"@type":"ImageObject","inLanguage":"en-US","@id":"https:\/\/www.visit-ulcinj.com\/blog\/2009\/03\/28\/arjoni-mimoza-me-jep-nje-shans\/#primaryimage","url":"http:\/\/www.visit-ulcinj.com\/blog\/wp-content\/uploads\/2009\/03\/arjon-moza.jpg","contentUrl":"http:\/\/www.visit-ulcinj.com\/blog\/wp-content\/uploads\/2009\/03\/arjon-moza.jpg"},{"@type":"WebPage","@id":"https:\/\/www.visit-ulcinj.com\/blog\/2009\/03\/28\/arjoni-mimoza-me-jep-nje-shans\/#webpage","url":"https:\/\/www.visit-ulcinj.com\/blog\/2009\/03\/28\/arjoni-mimoza-me-jep-nje-shans\/","name":"Arjoni: Mimoza m\u00c3\u00ab jep nj\u00c3\u00ab shans | Big Brother Albania 2","isPartOf":{"@id":"https:\/\/www.visit-ulcinj.com\/blog\/#website"},"primaryImageOfPage":{"@id":"https:\/\/www.visit-ulcinj.com\/blog\/2009\/03\/28\/arjoni-mimoza-me-jep-nje-shans\/#primaryimage"},"datePublished":"2009-03-28T11:05:54+00:00","dateModified":"2009-03-28T11:05:54+00:00","author":{"@id":"https:\/\/www.visit-ulcinj.com\/blog\/#\/schema\/person\/dcab619c614d3038751c63bc2aadc06d"},"description":"Big Brother Albania 2 - Arjoni pyet Moz\u00c3\u00abn se si ndjehet p\u00c3\u00abr faktin q\u00c3\u00ab \u00c3\u00absht\u00c3\u00ab n\u00c3\u00ab nominim. Ajo i tregon se ka p\u00c3\u00abrshtypjen se do dal\u00c3\u00ab dhe kjo e ka m\u00c3\u00abrzitur pak.","breadcrumb":{"@id":"https:\/\/www.visit-ulcinj.com\/blog\/2009\/03\/28\/arjoni-mimoza-me-jep-nje-shans\/#breadcrumb"},"inLanguage":"en-US","potentialAction":[{"@type":"ReadAction","target":["https:\/\/www.visit-ulcinj.com\/blog\/2009\/03\/28\/arjoni-mimoza-me-jep-nje-shans\/"]}]},{"@type":"BreadcrumbList","@id":"https:\/\/www.visit-ulcinj.com\/blog\/2009\/03\/28\/arjoni-mimoza-me-jep-nje-shans\/#breadcrumb","itemListElement":[{"@type":"ListItem","position":1,"name":"Arjoni: Mimoza m\u00eb jep nj\u00eb shans"}]},{"@type":"Person","@id":"https:\/\/www.visit-ulcinj.com\/blog\/#\/schema\/person\/dcab619c614d3038751c63bc2aadc06d","name":"ulqini","sameAs":["http:\/\/www.visit-ulcinj.com"],"url":"https:\/\/www.visit-ulcinj.com\/blog\/author\/admin\/"}]}},"jetpack_featured_media_url":"","jetpack_sharing_enabled":true,"jetpack_shortlink":"https:\/\/wp.me\/pe6lTn-48m","_links":{"self":[{"href":"https:\/\/www.visit-ulcinj.com\/blog\/wp-json\/wp\/v2\/posts\/15894"}],"collection":[{"href":"https:\/\/www.visit-ulcinj.com\/blog\/wp-json\/wp\/v2\/posts"}],"about":[{"href":"https:\/\/www.visit-ulcinj.com\/blog\/wp-json\/wp\/v2\/types\/post"}],"author":[{"embeddable":true,"href":"https:\/\/www.visit-ulcinj.com\/blog\/wp-json\/wp\/v2\/users\/1"}],"replies":[{"embeddable":true,"href":"https:\/\/www.visit-ulcinj.com\/blog\/wp-json\/wp\/v2\/comments?post=15894"}],"version-history":[{"count":0,"href":"https:\/\/www.visit-ulcinj.com\/blog\/wp-json\/wp\/v2\/posts\/15894\/revisions"}],"wp:attachment":[{"href":"https:\/\/www.visit-ulcinj.com\/blog\/wp-json\/wp\/v2\/media?parent=15894"}],"wp:term":[{"taxonomy":"category","embeddable":true,"href":"https:\/\/www.visit-ulcinj.com\/blog\/wp-json\/wp\/v2\/categories?post=15894"},{"taxonomy":"post_tag","embeddable":true,"href":"https:\/\/www.visit-ulcinj.com\/blog\/wp-json\/wp\/v2\/tags?post=15894"}],"curies":[{"name":"wp","href":"https:\/\/api.w.org\/{rel}","templated":true}]}}