{"id":15897,"date":"2009-03-28T12:07:59","date_gmt":"2009-03-28T11:07:59","guid":{"rendered":"http:\/\/www.visit-ulcinj.com\/blog\/?p=15897"},"modified":"2009-03-28T12:07:59","modified_gmt":"2009-03-28T11:07:59","slug":"bika-eshte-e-eger","status":"publish","type":"post","link":"https:\/\/www.visit-ulcinj.com\/blog\/2009\/03\/28\/bika-eshte-e-eger\/","title":{"rendered":"Bika \u00ebsht\u00eb e eg\u00ebr"},"content":{"rendered":"<p><em><span class=\"newsdate\"><a href=\"http:\/\/www.visit-ulcinj.com\/blog\/wp-content\/uploads\/2009\/03\/per-biken.jpg\"><img loading=\"lazy\" class=\"alignleft size-full wp-image-15898\" title=\"per-biken-big-brother-albania-2\" src=\"http:\/\/www.visit-ulcinj.com\/blog\/wp-content\/uploads\/2009\/03\/per-biken.jpg\" alt=\"per-biken-big-brother-albania-2\" width=\"300\" height=\"205\" \/><\/a>28\/03\/09 03:20<\/span><\/em><\/p>\n<p>Bjordi ankohet se Arjonit iu dha mund\u00ebsia p\u00ebr t\u2019u futur n\u00eb dhom\u00ebn e vajzave duke e konsideruar si nj\u00eb djal\u00eb me edukat\u00eb dhe sjellje t\u00eb mir\u00eb, nd\u00ebrsa atij jo. Ai tregon se m\u00eb par\u00eb ishte ai q\u00eb konsiderohej si person jo i rreziksh\u00ebm, nd\u00ebrsa tani nuk e lejojn\u00eb t\u00eb afrohet as te dera. Adela i thot\u00eb se n\u00ebse vjen, rrezikon t\u00eb rrihet nga Bika, ashtu si m\u00eb par\u00eb kur mundohej q\u00eb ta puthte para se ajo t\u00eb flinte. Bjordi sqaron se Bika ka nevoj\u00eb p\u00ebr kontakt fizik dhe afeksion me njer\u00ebzit e ndaj ai mundohej ta puthte. Sipas tij, Bika \u00ebsht\u00eb e eg\u00ebr dhe ai vet\u00ebm k\u00ebrkon t\u00eb zbuloj\u00eb tek ajo but\u00ebsin\u00eb e saj. Dritani mendon se Bika nuk \u00ebsht\u00eb aspak e eg\u00ebr dhe se me at\u00eb sillet mir\u00eb, por Bjordi mendon se ai merr\u00eb k\u00ebt\u00eb sjellje ngaq\u00eb ka nj\u00eb prezenc\u00eb serioze. Ai mendon se t\u00eb tjer\u00ebt nuk duhet ta shohin at\u00eb si serioz, pasi ndjehetende si f\u00ebmij\u00eb.<\/p>\n","protected":false},"excerpt":{"rendered":"<p>28\/03\/09 03:20 Bjordi ankohet se Arjonit iu dha mund\u00ebsia p\u00ebr t\u2019u futur n\u00eb dhom\u00ebn e vajzave duke e konsideruar si nj\u00eb djal\u00eb me edukat\u00eb dhe sjellje t\u00eb mir\u00eb, nd\u00ebrsa atij jo. Ai tregon se m\u00eb par\u00eb ishte ai q\u00eb konsiderohej si person jo i rreziksh\u00ebm, nd\u00ebrsa tani nuk e lejojn\u00eb t\u00eb afrohet as te dera. [&hellip;]<\/p>\n","protected":false},"author":1,"featured_media":0,"comment_status":"open","ping_status":"closed","sticky":false,"template":"","format":"standard","meta":{"spay_email":"","jetpack_publicize_message":"","jetpack_is_tweetstorm":false,"jetpack_publicize_feature_enabled":true},"categories":[6502],"tags":[6525,6883,6516,6712,6740,6522,262,6891,8418],"jetpack_publicize_connections":[],"yoast_head":"<!-- This site is optimized with the Yoast SEO plugin v19.1 - https:\/\/yoast.com\/wordpress\/plugins\/seo\/ -->\n<title>Bika \u00c3\u00absht\u00c3\u00ab e eg\u00c3\u00abr | Big Brother Albania 2<\/title>\n<meta name=\"description\" content=\"Big Brother Albania 2 - Bjordi ankohet se Arjonit iu dha mund\u00c3\u00absia p\u00c3\u00abr t\u00e2\u20ac\u2122u futur n\u00c3\u00ab dhom\u00c3\u00abn e vajzave duke e konsideruar si nj\u00c3\u00ab djal\u00c3\u00ab me edukat\u00c3\u00ab dhe sjellje t\u00c3\u00ab mir\u00c3\u00ab, nd\u00c3\u00abrsa atij jo.\" \/>\n<meta name=\"robots\" content=\"index, follow, max-snippet:-1, max-image-preview:large, max-video-preview:-1\" \/>\n<link rel=\"canonical\" href=\"https:\/\/www.visit-ulcinj.com\/blog\/2009\/03\/28\/bika-eshte-e-eger\/\" \/>\n<meta property=\"og:locale\" content=\"en_US\" \/>\n<meta property=\"og:type\" content=\"article\" \/>\n<meta property=\"og:title\" content=\"Bika \u00c3\u00absht\u00c3\u00ab e eg\u00c3\u00abr | Big Brother Albania 2\" \/>\n<meta property=\"og:description\" content=\"Big Brother Albania 2 - Bjordi ankohet se Arjonit iu dha mund\u00c3\u00absia p\u00c3\u00abr t\u00e2\u20ac\u2122u futur n\u00c3\u00ab dhom\u00c3\u00abn e vajzave duke e konsideruar si nj\u00c3\u00ab djal\u00c3\u00ab me edukat\u00c3\u00ab dhe sjellje t\u00c3\u00ab mir\u00c3\u00ab, nd\u00c3\u00abrsa atij jo.\" \/>\n<meta property=\"og:url\" content=\"https:\/\/www.visit-ulcinj.com\/blog\/2009\/03\/28\/bika-eshte-e-eger\/\" \/>\n<meta property=\"og:site_name\" content=\"Lajme nga Ulqini\" \/>\n<meta property=\"article:published_time\" content=\"2009-03-28T11:07:59+00:00\" \/>\n<meta property=\"og:image\" content=\"http:\/\/www.visit-ulcinj.com\/blog\/wp-content\/uploads\/2009\/03\/per-biken.jpg\" \/>\n<meta name=\"twitter:label1\" content=\"Written by\" \/>\n\t<meta name=\"twitter:data1\" content=\"ulqini\" \/>\n\t<meta name=\"twitter:label2\" content=\"Est. reading time\" \/>\n\t<meta name=\"twitter:data2\" content=\"1 minute\" \/>\n<script type=\"application\/ld+json\" class=\"yoast-schema-graph\">{\"@context\":\"https:\/\/schema.org\",\"@graph\":[{\"@type\":\"WebSite\",\"@id\":\"https:\/\/www.visit-ulcinj.com\/blog\/#website\",\"url\":\"https:\/\/www.visit-ulcinj.com\/blog\/\",\"name\":\"Lajme nga Ulqini\",\"description\":\"Lajme,Vijesti,Ulqini,Ulqin,Crna Gora,Mali i Zi\",\"potentialAction\":[{\"@type\":\"SearchAction\",\"target\":{\"@type\":\"EntryPoint\",\"urlTemplate\":\"https:\/\/www.visit-ulcinj.com\/blog\/?s={search_term_string}\"},\"query-input\":\"required name=search_term_string\"}],\"inLanguage\":\"en-US\"},{\"@type\":\"ImageObject\",\"inLanguage\":\"en-US\",\"@id\":\"https:\/\/www.visit-ulcinj.com\/blog\/2009\/03\/28\/bika-eshte-e-eger\/#primaryimage\",\"url\":\"http:\/\/www.visit-ulcinj.com\/blog\/wp-content\/uploads\/2009\/03\/per-biken.jpg\",\"contentUrl\":\"http:\/\/www.visit-ulcinj.com\/blog\/wp-content\/uploads\/2009\/03\/per-biken.jpg\"},{\"@type\":\"WebPage\",\"@id\":\"https:\/\/www.visit-ulcinj.com\/blog\/2009\/03\/28\/bika-eshte-e-eger\/#webpage\",\"url\":\"https:\/\/www.visit-ulcinj.com\/blog\/2009\/03\/28\/bika-eshte-e-eger\/\",\"name\":\"Bika \u00c3\u00absht\u00c3\u00ab e eg\u00c3\u00abr | Big Brother Albania 2\",\"isPartOf\":{\"@id\":\"https:\/\/www.visit-ulcinj.com\/blog\/#website\"},\"primaryImageOfPage\":{\"@id\":\"https:\/\/www.visit-ulcinj.com\/blog\/2009\/03\/28\/bika-eshte-e-eger\/#primaryimage\"},\"datePublished\":\"2009-03-28T11:07:59+00:00\",\"dateModified\":\"2009-03-28T11:07:59+00:00\",\"author\":{\"@id\":\"https:\/\/www.visit-ulcinj.com\/blog\/#\/schema\/person\/dcab619c614d3038751c63bc2aadc06d\"},\"description\":\"Big Brother Albania 2 - Bjordi ankohet se Arjonit iu dha mund\u00c3\u00absia p\u00c3\u00abr t\u00e2\u20ac\u2122u futur n\u00c3\u00ab dhom\u00c3\u00abn e vajzave duke e konsideruar si nj\u00c3\u00ab djal\u00c3\u00ab me edukat\u00c3\u00ab dhe sjellje t\u00c3\u00ab mir\u00c3\u00ab, nd\u00c3\u00abrsa atij jo.\",\"breadcrumb\":{\"@id\":\"https:\/\/www.visit-ulcinj.com\/blog\/2009\/03\/28\/bika-eshte-e-eger\/#breadcrumb\"},\"inLanguage\":\"en-US\",\"potentialAction\":[{\"@type\":\"ReadAction\",\"target\":[\"https:\/\/www.visit-ulcinj.com\/blog\/2009\/03\/28\/bika-eshte-e-eger\/\"]}]},{\"@type\":\"BreadcrumbList\",\"@id\":\"https:\/\/www.visit-ulcinj.com\/blog\/2009\/03\/28\/bika-eshte-e-eger\/#breadcrumb\",\"itemListElement\":[{\"@type\":\"ListItem\",\"position\":1,\"name\":\"Bika \u00ebsht\u00eb e eg\u00ebr\"}]},{\"@type\":\"Person\",\"@id\":\"https:\/\/www.visit-ulcinj.com\/blog\/#\/schema\/person\/dcab619c614d3038751c63bc2aadc06d\",\"name\":\"ulqini\",\"sameAs\":[\"http:\/\/www.visit-ulcinj.com\"],\"url\":\"https:\/\/www.visit-ulcinj.com\/blog\/author\/admin\/\"}]}<\/script>\n<!-- \/ Yoast SEO plugin. -->","yoast_head_json":{"title":"Bika \u00c3\u00absht\u00c3\u00ab e eg\u00c3\u00abr | Big Brother Albania 2","description":"Big Brother Albania 2 - Bjordi ankohet se Arjonit iu dha mund\u00c3\u00absia p\u00c3\u00abr t\u00e2\u20ac\u2122u futur n\u00c3\u00ab dhom\u00c3\u00abn e vajzave duke e konsideruar si nj\u00c3\u00ab djal\u00c3\u00ab me edukat\u00c3\u00ab dhe sjellje t\u00c3\u00ab mir\u00c3\u00ab, nd\u00c3\u00abrsa atij jo.","robots":{"index":"index","follow":"follow","max-snippet":"max-snippet:-1","max-image-preview":"max-image-preview:large","max-video-preview":"max-video-preview:-1"},"canonical":"https:\/\/www.visit-ulcinj.com\/blog\/2009\/03\/28\/bika-eshte-e-eger\/","og_locale":"en_US","og_type":"article","og_title":"Bika \u00c3\u00absht\u00c3\u00ab e eg\u00c3\u00abr | Big Brother Albania 2","og_description":"Big Brother Albania 2 - Bjordi ankohet se Arjonit iu dha mund\u00c3\u00absia p\u00c3\u00abr t\u00e2\u20ac\u2122u futur n\u00c3\u00ab dhom\u00c3\u00abn e vajzave duke e konsideruar si nj\u00c3\u00ab djal\u00c3\u00ab me edukat\u00c3\u00ab dhe sjellje t\u00c3\u00ab mir\u00c3\u00ab, nd\u00c3\u00abrsa atij jo.","og_url":"https:\/\/www.visit-ulcinj.com\/blog\/2009\/03\/28\/bika-eshte-e-eger\/","og_site_name":"Lajme nga Ulqini","article_published_time":"2009-03-28T11:07:59+00:00","og_image":[{"url":"http:\/\/www.visit-ulcinj.com\/blog\/wp-content\/uploads\/2009\/03\/per-biken.jpg"}],"twitter_misc":{"Written by":"ulqini","Est. reading time":"1 minute"},"schema":{"@context":"https:\/\/schema.org","@graph":[{"@type":"WebSite","@id":"https:\/\/www.visit-ulcinj.com\/blog\/#website","url":"https:\/\/www.visit-ulcinj.com\/blog\/","name":"Lajme nga Ulqini","description":"Lajme,Vijesti,Ulqini,Ulqin,Crna Gora,Mali i Zi","potentialAction":[{"@type":"SearchAction","target":{"@type":"EntryPoint","urlTemplate":"https:\/\/www.visit-ulcinj.com\/blog\/?s={search_term_string}"},"query-input":"required name=search_term_string"}],"inLanguage":"en-US"},{"@type":"ImageObject","inLanguage":"en-US","@id":"https:\/\/www.visit-ulcinj.com\/blog\/2009\/03\/28\/bika-eshte-e-eger\/#primaryimage","url":"http:\/\/www.visit-ulcinj.com\/blog\/wp-content\/uploads\/2009\/03\/per-biken.jpg","contentUrl":"http:\/\/www.visit-ulcinj.com\/blog\/wp-content\/uploads\/2009\/03\/per-biken.jpg"},{"@type":"WebPage","@id":"https:\/\/www.visit-ulcinj.com\/blog\/2009\/03\/28\/bika-eshte-e-eger\/#webpage","url":"https:\/\/www.visit-ulcinj.com\/blog\/2009\/03\/28\/bika-eshte-e-eger\/","name":"Bika \u00c3\u00absht\u00c3\u00ab e eg\u00c3\u00abr | Big Brother Albania 2","isPartOf":{"@id":"https:\/\/www.visit-ulcinj.com\/blog\/#website"},"primaryImageOfPage":{"@id":"https:\/\/www.visit-ulcinj.com\/blog\/2009\/03\/28\/bika-eshte-e-eger\/#primaryimage"},"datePublished":"2009-03-28T11:07:59+00:00","dateModified":"2009-03-28T11:07:59+00:00","author":{"@id":"https:\/\/www.visit-ulcinj.com\/blog\/#\/schema\/person\/dcab619c614d3038751c63bc2aadc06d"},"description":"Big Brother Albania 2 - Bjordi ankohet se Arjonit iu dha mund\u00c3\u00absia p\u00c3\u00abr t\u00e2\u20ac\u2122u futur n\u00c3\u00ab dhom\u00c3\u00abn e vajzave duke e konsideruar si nj\u00c3\u00ab djal\u00c3\u00ab me edukat\u00c3\u00ab dhe sjellje t\u00c3\u00ab mir\u00c3\u00ab, nd\u00c3\u00abrsa atij jo.","breadcrumb":{"@id":"https:\/\/www.visit-ulcinj.com\/blog\/2009\/03\/28\/bika-eshte-e-eger\/#breadcrumb"},"inLanguage":"en-US","potentialAction":[{"@type":"ReadAction","target":["https:\/\/www.visit-ulcinj.com\/blog\/2009\/03\/28\/bika-eshte-e-eger\/"]}]},{"@type":"BreadcrumbList","@id":"https:\/\/www.visit-ulcinj.com\/blog\/2009\/03\/28\/bika-eshte-e-eger\/#breadcrumb","itemListElement":[{"@type":"ListItem","position":1,"name":"Bika \u00ebsht\u00eb e eg\u00ebr"}]},{"@type":"Person","@id":"https:\/\/www.visit-ulcinj.com\/blog\/#\/schema\/person\/dcab619c614d3038751c63bc2aadc06d","name":"ulqini","sameAs":["http:\/\/www.visit-ulcinj.com"],"url":"https:\/\/www.visit-ulcinj.com\/blog\/author\/admin\/"}]}},"jetpack_featured_media_url":"","jetpack_sharing_enabled":true,"jetpack_shortlink":"https:\/\/wp.me\/pe6lTn-48p","_links":{"self":[{"href":"https:\/\/www.visit-ulcinj.com\/blog\/wp-json\/wp\/v2\/posts\/15897"}],"collection":[{"href":"https:\/\/www.visit-ulcinj.com\/blog\/wp-json\/wp\/v2\/posts"}],"about":[{"href":"https:\/\/www.visit-ulcinj.com\/blog\/wp-json\/wp\/v2\/types\/post"}],"author":[{"embeddable":true,"href":"https:\/\/www.visit-ulcinj.com\/blog\/wp-json\/wp\/v2\/users\/1"}],"replies":[{"embeddable":true,"href":"https:\/\/www.visit-ulcinj.com\/blog\/wp-json\/wp\/v2\/comments?post=15897"}],"version-history":[{"count":0,"href":"https:\/\/www.visit-ulcinj.com\/blog\/wp-json\/wp\/v2\/posts\/15897\/revisions"}],"wp:attachment":[{"href":"https:\/\/www.visit-ulcinj.com\/blog\/wp-json\/wp\/v2\/media?parent=15897"}],"wp:term":[{"taxonomy":"category","embeddable":true,"href":"https:\/\/www.visit-ulcinj.com\/blog\/wp-json\/wp\/v2\/categories?post=15897"},{"taxonomy":"post_tag","embeddable":true,"href":"https:\/\/www.visit-ulcinj.com\/blog\/wp-json\/wp\/v2\/tags?post=15897"}],"curies":[{"name":"wp","href":"https:\/\/api.w.org\/{rel}","templated":true}]}}