{"id":15901,"date":"2009-03-28T12:15:26","date_gmt":"2009-03-28T11:15:26","guid":{"rendered":"http:\/\/www.visit-ulcinj.com\/blog\/?p=15901"},"modified":"2009-03-28T12:15:26","modified_gmt":"2009-03-28T11:15:26","slug":"adelajda-nje-pice-nje-vote","status":"publish","type":"post","link":"https:\/\/www.visit-ulcinj.com\/blog\/2009\/03\/28\/adelajda-nje-pice-nje-vote\/","title":{"rendered":"Adelajda : Nj\u00eb pic\u00eb nj\u00eb vot\u00eb"},"content":{"rendered":"<p><em><span class=\"newsdate\"><a href=\"http:\/\/www.visit-ulcinj.com\/blog\/wp-content\/uploads\/2009\/03\/adela2.jpg\"><img loading=\"lazy\" class=\"alignleft size-full wp-image-15902\" title=\"adela-big-brother-albania-2\" src=\"http:\/\/www.visit-ulcinj.com\/blog\/wp-content\/uploads\/2009\/03\/adela2.jpg\" alt=\"adela-big-brother-albania-2\" width=\"300\" height=\"205\" \/><\/a>28\/03\/09 01:50<\/span><\/em><\/p>\n<p>Banor\u00ebt diskutojn\u00eb me njeri-tjetrin se col\u00ebt kan\u00eb p\u00ebrgatitur m\u00eb shum\u00eb pica e cil\u00ebt jo. Ata e shprehin me shaka se kan\u00eb inat p\u00ebr Bjordin dhe Adel\u00ebn t\u00eb cil\u00ebt mbajn\u00eb vendin e par\u00eb n\u00eb ardhjen e porosive p\u00ebr ta. Sori mban vendin e dyt\u00eb por s\u00ebrish nuk \u00ebsht\u00eb i k\u00ebnaqur. Bonor\u00ebt e cil\u00ebsojn\u00eb preferenc\u00ebn e publikut si nj\u00eb preferenc\u00eb p\u00ebr banor\u00ebt dhe disa prej tyre ndjehen t\u00eb m\u00ebrzitur pasi kan\u00eb p\u00ebrgatitur shum\u00eb pak. \u201cInat t\u00eb keni\u201d u thot\u00eb Adela gjat\u00eb gjith\u00eb koh\u00ebs t\u00eb tjer\u00ebve p\u00ebr t\u2019i ngacmuar.<\/p>\n","protected":false},"excerpt":{"rendered":"<p>28\/03\/09 01:50 Banor\u00ebt diskutojn\u00eb me njeri-tjetrin se col\u00ebt kan\u00eb p\u00ebrgatitur m\u00eb shum\u00eb pica e cil\u00ebt jo. Ata e shprehin me shaka se kan\u00eb inat p\u00ebr Bjordin dhe Adel\u00ebn t\u00eb cil\u00ebt mbajn\u00eb vendin e par\u00eb n\u00eb ardhjen e porosive p\u00ebr ta. Sori mban vendin e dyt\u00eb por s\u00ebrish nuk \u00ebsht\u00eb i k\u00ebnaqur. Bonor\u00ebt e cil\u00ebsojn\u00eb preferenc\u00ebn [&hellip;]<\/p>\n","protected":false},"author":1,"featured_media":0,"comment_status":"open","ping_status":"closed","sticky":false,"template":"","format":"standard","meta":{"spay_email":"","jetpack_publicize_message":"","jetpack_is_tweetstorm":false,"jetpack_publicize_feature_enabled":true},"categories":[6502],"tags":[6529,6883,6516,6712,6522,6542,6544,6891],"jetpack_publicize_connections":[],"yoast_head":"<!-- This site is optimized with the Yoast SEO plugin v19.1 - https:\/\/yoast.com\/wordpress\/plugins\/seo\/ -->\n<title>Adelajda : Nj\u00c3\u00ab pic\u00c3\u00ab nj\u00c3\u00ab vot\u00c3\u00ab | Big Brother Albania 2<\/title>\n<meta name=\"description\" content=\"Big Brother Albania 2 - Banor\u00c3\u00abt diskutojn\u00c3\u00ab me njeri-tjetrin se col\u00c3\u00abt kan\u00c3\u00ab p\u00c3\u00abrgatitur m\u00c3\u00ab shum\u00c3\u00ab pica e cil\u00c3\u00abt jo. Ata e shprehin me shaka se kan\u00c3\u00ab inat p\u00c3\u00abr Bjordin dhe Adel\u00c3\u00abn t\u00c3\u00ab cil\u00c3\u00abt mbajn\u00c3\u00ab vendin e par\u00c3\u00ab n\u00c3\u00ab ardhjen e porosive p\u00c3\u00abr ta.\" \/>\n<meta name=\"robots\" content=\"index, follow, max-snippet:-1, max-image-preview:large, max-video-preview:-1\" \/>\n<link rel=\"canonical\" href=\"https:\/\/www.visit-ulcinj.com\/blog\/2009\/03\/28\/adelajda-nje-pice-nje-vote\/\" \/>\n<meta property=\"og:locale\" content=\"en_US\" \/>\n<meta property=\"og:type\" content=\"article\" \/>\n<meta property=\"og:title\" content=\"Adelajda : Nj\u00c3\u00ab pic\u00c3\u00ab nj\u00c3\u00ab vot\u00c3\u00ab | Big Brother Albania 2\" \/>\n<meta property=\"og:description\" content=\"Big Brother Albania 2 - Banor\u00c3\u00abt diskutojn\u00c3\u00ab me njeri-tjetrin se col\u00c3\u00abt kan\u00c3\u00ab p\u00c3\u00abrgatitur m\u00c3\u00ab shum\u00c3\u00ab pica e cil\u00c3\u00abt jo. Ata e shprehin me shaka se kan\u00c3\u00ab inat p\u00c3\u00abr Bjordin dhe Adel\u00c3\u00abn t\u00c3\u00ab cil\u00c3\u00abt mbajn\u00c3\u00ab vendin e par\u00c3\u00ab n\u00c3\u00ab ardhjen e porosive p\u00c3\u00abr ta.\" \/>\n<meta property=\"og:url\" content=\"https:\/\/www.visit-ulcinj.com\/blog\/2009\/03\/28\/adelajda-nje-pice-nje-vote\/\" \/>\n<meta property=\"og:site_name\" content=\"Lajme nga Ulqini\" \/>\n<meta property=\"article:published_time\" content=\"2009-03-28T11:15:26+00:00\" \/>\n<meta property=\"og:image\" content=\"http:\/\/www.visit-ulcinj.com\/blog\/wp-content\/uploads\/2009\/03\/adela2.jpg\" \/>\n<meta name=\"twitter:label1\" content=\"Written by\" \/>\n\t<meta name=\"twitter:data1\" content=\"ulqini\" \/>\n\t<meta name=\"twitter:label2\" content=\"Est. reading time\" \/>\n\t<meta name=\"twitter:data2\" content=\"1 minute\" \/>\n<script type=\"application\/ld+json\" class=\"yoast-schema-graph\">{\"@context\":\"https:\/\/schema.org\",\"@graph\":[{\"@type\":\"WebSite\",\"@id\":\"https:\/\/www.visit-ulcinj.com\/blog\/#website\",\"url\":\"https:\/\/www.visit-ulcinj.com\/blog\/\",\"name\":\"Lajme nga Ulqini\",\"description\":\"Lajme,Vijesti,Ulqini,Ulqin,Crna Gora,Mali i Zi\",\"potentialAction\":[{\"@type\":\"SearchAction\",\"target\":{\"@type\":\"EntryPoint\",\"urlTemplate\":\"https:\/\/www.visit-ulcinj.com\/blog\/?s={search_term_string}\"},\"query-input\":\"required name=search_term_string\"}],\"inLanguage\":\"en-US\"},{\"@type\":\"ImageObject\",\"inLanguage\":\"en-US\",\"@id\":\"https:\/\/www.visit-ulcinj.com\/blog\/2009\/03\/28\/adelajda-nje-pice-nje-vote\/#primaryimage\",\"url\":\"http:\/\/www.visit-ulcinj.com\/blog\/wp-content\/uploads\/2009\/03\/adela2.jpg\",\"contentUrl\":\"http:\/\/www.visit-ulcinj.com\/blog\/wp-content\/uploads\/2009\/03\/adela2.jpg\"},{\"@type\":\"WebPage\",\"@id\":\"https:\/\/www.visit-ulcinj.com\/blog\/2009\/03\/28\/adelajda-nje-pice-nje-vote\/#webpage\",\"url\":\"https:\/\/www.visit-ulcinj.com\/blog\/2009\/03\/28\/adelajda-nje-pice-nje-vote\/\",\"name\":\"Adelajda : Nj\u00c3\u00ab pic\u00c3\u00ab nj\u00c3\u00ab vot\u00c3\u00ab | Big Brother Albania 2\",\"isPartOf\":{\"@id\":\"https:\/\/www.visit-ulcinj.com\/blog\/#website\"},\"primaryImageOfPage\":{\"@id\":\"https:\/\/www.visit-ulcinj.com\/blog\/2009\/03\/28\/adelajda-nje-pice-nje-vote\/#primaryimage\"},\"datePublished\":\"2009-03-28T11:15:26+00:00\",\"dateModified\":\"2009-03-28T11:15:26+00:00\",\"author\":{\"@id\":\"https:\/\/www.visit-ulcinj.com\/blog\/#\/schema\/person\/dcab619c614d3038751c63bc2aadc06d\"},\"description\":\"Big Brother Albania 2 - Banor\u00c3\u00abt diskutojn\u00c3\u00ab me njeri-tjetrin se col\u00c3\u00abt kan\u00c3\u00ab p\u00c3\u00abrgatitur m\u00c3\u00ab shum\u00c3\u00ab pica e cil\u00c3\u00abt jo. Ata e shprehin me shaka se kan\u00c3\u00ab inat p\u00c3\u00abr Bjordin dhe Adel\u00c3\u00abn t\u00c3\u00ab cil\u00c3\u00abt mbajn\u00c3\u00ab vendin e par\u00c3\u00ab n\u00c3\u00ab ardhjen e porosive p\u00c3\u00abr ta.\",\"breadcrumb\":{\"@id\":\"https:\/\/www.visit-ulcinj.com\/blog\/2009\/03\/28\/adelajda-nje-pice-nje-vote\/#breadcrumb\"},\"inLanguage\":\"en-US\",\"potentialAction\":[{\"@type\":\"ReadAction\",\"target\":[\"https:\/\/www.visit-ulcinj.com\/blog\/2009\/03\/28\/adelajda-nje-pice-nje-vote\/\"]}]},{\"@type\":\"BreadcrumbList\",\"@id\":\"https:\/\/www.visit-ulcinj.com\/blog\/2009\/03\/28\/adelajda-nje-pice-nje-vote\/#breadcrumb\",\"itemListElement\":[{\"@type\":\"ListItem\",\"position\":1,\"name\":\"Adelajda : Nj\u00eb pic\u00eb nj\u00eb vot\u00eb\"}]},{\"@type\":\"Person\",\"@id\":\"https:\/\/www.visit-ulcinj.com\/blog\/#\/schema\/person\/dcab619c614d3038751c63bc2aadc06d\",\"name\":\"ulqini\",\"sameAs\":[\"http:\/\/www.visit-ulcinj.com\"],\"url\":\"https:\/\/www.visit-ulcinj.com\/blog\/author\/admin\/\"}]}<\/script>\n<!-- \/ Yoast SEO plugin. -->","yoast_head_json":{"title":"Adelajda : Nj\u00c3\u00ab pic\u00c3\u00ab nj\u00c3\u00ab vot\u00c3\u00ab | Big Brother Albania 2","description":"Big Brother Albania 2 - Banor\u00c3\u00abt diskutojn\u00c3\u00ab me njeri-tjetrin se col\u00c3\u00abt kan\u00c3\u00ab p\u00c3\u00abrgatitur m\u00c3\u00ab shum\u00c3\u00ab pica e cil\u00c3\u00abt jo. Ata e shprehin me shaka se kan\u00c3\u00ab inat p\u00c3\u00abr Bjordin dhe Adel\u00c3\u00abn t\u00c3\u00ab cil\u00c3\u00abt mbajn\u00c3\u00ab vendin e par\u00c3\u00ab n\u00c3\u00ab ardhjen e porosive p\u00c3\u00abr ta.","robots":{"index":"index","follow":"follow","max-snippet":"max-snippet:-1","max-image-preview":"max-image-preview:large","max-video-preview":"max-video-preview:-1"},"canonical":"https:\/\/www.visit-ulcinj.com\/blog\/2009\/03\/28\/adelajda-nje-pice-nje-vote\/","og_locale":"en_US","og_type":"article","og_title":"Adelajda : Nj\u00c3\u00ab pic\u00c3\u00ab nj\u00c3\u00ab vot\u00c3\u00ab | Big Brother Albania 2","og_description":"Big Brother Albania 2 - Banor\u00c3\u00abt diskutojn\u00c3\u00ab me njeri-tjetrin se col\u00c3\u00abt kan\u00c3\u00ab p\u00c3\u00abrgatitur m\u00c3\u00ab shum\u00c3\u00ab pica e cil\u00c3\u00abt jo. Ata e shprehin me shaka se kan\u00c3\u00ab inat p\u00c3\u00abr Bjordin dhe Adel\u00c3\u00abn t\u00c3\u00ab cil\u00c3\u00abt mbajn\u00c3\u00ab vendin e par\u00c3\u00ab n\u00c3\u00ab ardhjen e porosive p\u00c3\u00abr ta.","og_url":"https:\/\/www.visit-ulcinj.com\/blog\/2009\/03\/28\/adelajda-nje-pice-nje-vote\/","og_site_name":"Lajme nga Ulqini","article_published_time":"2009-03-28T11:15:26+00:00","og_image":[{"url":"http:\/\/www.visit-ulcinj.com\/blog\/wp-content\/uploads\/2009\/03\/adela2.jpg"}],"twitter_misc":{"Written by":"ulqini","Est. reading time":"1 minute"},"schema":{"@context":"https:\/\/schema.org","@graph":[{"@type":"WebSite","@id":"https:\/\/www.visit-ulcinj.com\/blog\/#website","url":"https:\/\/www.visit-ulcinj.com\/blog\/","name":"Lajme nga Ulqini","description":"Lajme,Vijesti,Ulqini,Ulqin,Crna Gora,Mali i Zi","potentialAction":[{"@type":"SearchAction","target":{"@type":"EntryPoint","urlTemplate":"https:\/\/www.visit-ulcinj.com\/blog\/?s={search_term_string}"},"query-input":"required name=search_term_string"}],"inLanguage":"en-US"},{"@type":"ImageObject","inLanguage":"en-US","@id":"https:\/\/www.visit-ulcinj.com\/blog\/2009\/03\/28\/adelajda-nje-pice-nje-vote\/#primaryimage","url":"http:\/\/www.visit-ulcinj.com\/blog\/wp-content\/uploads\/2009\/03\/adela2.jpg","contentUrl":"http:\/\/www.visit-ulcinj.com\/blog\/wp-content\/uploads\/2009\/03\/adela2.jpg"},{"@type":"WebPage","@id":"https:\/\/www.visit-ulcinj.com\/blog\/2009\/03\/28\/adelajda-nje-pice-nje-vote\/#webpage","url":"https:\/\/www.visit-ulcinj.com\/blog\/2009\/03\/28\/adelajda-nje-pice-nje-vote\/","name":"Adelajda : Nj\u00c3\u00ab pic\u00c3\u00ab nj\u00c3\u00ab vot\u00c3\u00ab | Big Brother Albania 2","isPartOf":{"@id":"https:\/\/www.visit-ulcinj.com\/blog\/#website"},"primaryImageOfPage":{"@id":"https:\/\/www.visit-ulcinj.com\/blog\/2009\/03\/28\/adelajda-nje-pice-nje-vote\/#primaryimage"},"datePublished":"2009-03-28T11:15:26+00:00","dateModified":"2009-03-28T11:15:26+00:00","author":{"@id":"https:\/\/www.visit-ulcinj.com\/blog\/#\/schema\/person\/dcab619c614d3038751c63bc2aadc06d"},"description":"Big Brother Albania 2 - Banor\u00c3\u00abt diskutojn\u00c3\u00ab me njeri-tjetrin se col\u00c3\u00abt kan\u00c3\u00ab p\u00c3\u00abrgatitur m\u00c3\u00ab shum\u00c3\u00ab pica e cil\u00c3\u00abt jo. Ata e shprehin me shaka se kan\u00c3\u00ab inat p\u00c3\u00abr Bjordin dhe Adel\u00c3\u00abn t\u00c3\u00ab cil\u00c3\u00abt mbajn\u00c3\u00ab vendin e par\u00c3\u00ab n\u00c3\u00ab ardhjen e porosive p\u00c3\u00abr ta.","breadcrumb":{"@id":"https:\/\/www.visit-ulcinj.com\/blog\/2009\/03\/28\/adelajda-nje-pice-nje-vote\/#breadcrumb"},"inLanguage":"en-US","potentialAction":[{"@type":"ReadAction","target":["https:\/\/www.visit-ulcinj.com\/blog\/2009\/03\/28\/adelajda-nje-pice-nje-vote\/"]}]},{"@type":"BreadcrumbList","@id":"https:\/\/www.visit-ulcinj.com\/blog\/2009\/03\/28\/adelajda-nje-pice-nje-vote\/#breadcrumb","itemListElement":[{"@type":"ListItem","position":1,"name":"Adelajda : Nj\u00eb pic\u00eb nj\u00eb vot\u00eb"}]},{"@type":"Person","@id":"https:\/\/www.visit-ulcinj.com\/blog\/#\/schema\/person\/dcab619c614d3038751c63bc2aadc06d","name":"ulqini","sameAs":["http:\/\/www.visit-ulcinj.com"],"url":"https:\/\/www.visit-ulcinj.com\/blog\/author\/admin\/"}]}},"jetpack_featured_media_url":"","jetpack_sharing_enabled":true,"jetpack_shortlink":"https:\/\/wp.me\/pe6lTn-48t","_links":{"self":[{"href":"https:\/\/www.visit-ulcinj.com\/blog\/wp-json\/wp\/v2\/posts\/15901"}],"collection":[{"href":"https:\/\/www.visit-ulcinj.com\/blog\/wp-json\/wp\/v2\/posts"}],"about":[{"href":"https:\/\/www.visit-ulcinj.com\/blog\/wp-json\/wp\/v2\/types\/post"}],"author":[{"embeddable":true,"href":"https:\/\/www.visit-ulcinj.com\/blog\/wp-json\/wp\/v2\/users\/1"}],"replies":[{"embeddable":true,"href":"https:\/\/www.visit-ulcinj.com\/blog\/wp-json\/wp\/v2\/comments?post=15901"}],"version-history":[{"count":0,"href":"https:\/\/www.visit-ulcinj.com\/blog\/wp-json\/wp\/v2\/posts\/15901\/revisions"}],"wp:attachment":[{"href":"https:\/\/www.visit-ulcinj.com\/blog\/wp-json\/wp\/v2\/media?parent=15901"}],"wp:term":[{"taxonomy":"category","embeddable":true,"href":"https:\/\/www.visit-ulcinj.com\/blog\/wp-json\/wp\/v2\/categories?post=15901"},{"taxonomy":"post_tag","embeddable":true,"href":"https:\/\/www.visit-ulcinj.com\/blog\/wp-json\/wp\/v2\/tags?post=15901"}],"curies":[{"name":"wp","href":"https:\/\/api.w.org\/{rel}","templated":true}]}}