{"id":15904,"date":"2009-03-28T12:17:54","date_gmt":"2009-03-28T11:17:54","guid":{"rendered":"http:\/\/www.visit-ulcinj.com\/blog\/?p=15904"},"modified":"2009-03-28T12:18:23","modified_gmt":"2009-03-28T11:18:23","slug":"aida-dhe-lirita-adela-po-tregohet-e-ceket","status":"publish","type":"post","link":"https:\/\/www.visit-ulcinj.com\/blog\/2009\/03\/28\/aida-dhe-lirita-adela-po-tregohet-e-ceket\/","title":{"rendered":"Aida dhe Lirita : Adela po tregohet e cek\u00ebt"},"content":{"rendered":"<p><em><span class=\"newsdate\"><a href=\"http:\/\/www.visit-ulcinj.com\/blog\/wp-content\/uploads\/2009\/03\/aidaliritaper-adelen.jpg\"><img loading=\"lazy\" class=\"alignleft size-full wp-image-15905\" title=\"aidaliritaper-adelen\" src=\"http:\/\/www.visit-ulcinj.com\/blog\/wp-content\/uploads\/2009\/03\/aidaliritaper-adelen.jpg\" alt=\"aidaliritaper-adelen\" width=\"300\" height=\"205\" \/><\/a>28\/03\/09 02:13<\/span><\/em><\/p>\n<p>Aida i tregon Lirit\u00ebs se kishte d\u00ebgjuar Adel\u00ebn duke u z\u00ebn\u00eb me Bjordin p\u00ebr m\u00ebnyr\u00ebn se si sillet ajo me t\u00eb dhe me t\u00eb tjer\u00ebt. Bjordi i kishte th\u00ebn\u00eb se ajo \u00ebsht\u00eb shum\u00eb arrogante dhe se jep urdh\u00ebra p\u00ebr cdo gj\u00eb. Adela ia kishte kthyer se k\u00ebshtu \u00ebsht\u00eb, s\u2019ka cfar\u00eb t\u00eb b\u00ebj\u00eb. Lirita duke e d\u00ebgjuar k\u00ebt\u00eb shprehje t\u00eb Adel\u00ebs, i thot\u00eb Aid\u00ebs se ajo n\u00eb k\u00ebt\u00eb m\u00ebnyr\u00eb p\u00ebrgjigjet gjithmon\u00eb, p\u00ebr cdo gj\u00eb. Aida vazhdon t\u00eb tregoj\u00eb se nervat q\u00eb kishte me Bjordin, erdhi t\u2019ia nxirrte asaj, por q\u00eb Aida nuk ia zgjati bised\u00ebn. Ajo shton se edhe me prov\u00ebn e jav\u00ebs, Adela po tregohet shum\u00eb e cek\u00ebt; ka t\u00ebr\u00eb koh\u00ebn q\u00eb mburret se sa pica ka b\u00ebr\u00eb duke e marr\u00eb prov\u00ebn personale. \u201c\u00cbsht\u00eb njeri i vog\u00ebl, me bot\u00ebkuptim t\u00eb vog\u00ebl\u201d ka p\u00ebrfunduar Aida.<\/p>\n","protected":false},"excerpt":{"rendered":"<p>28\/03\/09 02:13 Aida i tregon Lirit\u00ebs se kishte d\u00ebgjuar Adel\u00ebn duke u z\u00ebn\u00eb me Bjordin p\u00ebr m\u00ebnyr\u00ebn se si sillet ajo me t\u00eb dhe me t\u00eb tjer\u00ebt. Bjordi i kishte th\u00ebn\u00eb se ajo \u00ebsht\u00eb shum\u00eb arrogante dhe se jep urdh\u00ebra p\u00ebr cdo gj\u00eb. Adela ia kishte kthyer se k\u00ebshtu \u00ebsht\u00eb, s\u2019ka cfar\u00eb t\u00eb b\u00ebj\u00eb. Lirita [&hellip;]<\/p>\n","protected":false},"author":1,"featured_media":0,"comment_status":"open","ping_status":"closed","sticky":false,"template":"","format":"standard","meta":{"spay_email":"","jetpack_publicize_message":"","jetpack_is_tweetstorm":false,"jetpack_publicize_feature_enabled":true},"categories":[6502],"tags":[6529,6537,6525,6883,6516,6712,6522,6542,6891],"jetpack_publicize_connections":[],"yoast_head":"<!-- This site is optimized with the Yoast SEO plugin v19.1 - https:\/\/yoast.com\/wordpress\/plugins\/seo\/ -->\n<title>Aida dhe Lirita : Adela po tregohet e cek\u00c3\u00abt | Big Brother Albania 2<\/title>\n<meta name=\"description\" content=\"Big Brother Albania 2 - Aida i tregon Lirit\u00c3\u00abs se kishte d\u00c3\u00abgjuar Adel\u00c3\u00abn duke u z\u00c3\u00abn\u00c3\u00ab me Bjordin p\u00c3\u00abr m\u00c3\u00abnyr\u00c3\u00abn se si sillet ajo me t\u00c3\u00ab dhe me t\u00c3\u00ab tjer\u00c3\u00abt. Bjordi i kishte th\u00c3\u00abn\u00c3\u00ab se ajo \u00c3\u00absht\u00c3\u00ab shum\u00c3\u00ab arrogante dhe se jep urdh\u00c3\u00abra p\u00c3\u00abr cdo gj\u00c3\u00ab.\" \/>\n<meta name=\"robots\" content=\"index, follow, max-snippet:-1, max-image-preview:large, max-video-preview:-1\" \/>\n<link rel=\"canonical\" href=\"https:\/\/www.visit-ulcinj.com\/blog\/2009\/03\/28\/aida-dhe-lirita-adela-po-tregohet-e-ceket\/\" \/>\n<meta property=\"og:locale\" content=\"en_US\" \/>\n<meta property=\"og:type\" content=\"article\" \/>\n<meta property=\"og:title\" content=\"Aida dhe Lirita : Adela po tregohet e cek\u00c3\u00abt | Big Brother Albania 2\" \/>\n<meta property=\"og:description\" content=\"Big Brother Albania 2 - Aida i tregon Lirit\u00c3\u00abs se kishte d\u00c3\u00abgjuar Adel\u00c3\u00abn duke u z\u00c3\u00abn\u00c3\u00ab me Bjordin p\u00c3\u00abr m\u00c3\u00abnyr\u00c3\u00abn se si sillet ajo me t\u00c3\u00ab dhe me t\u00c3\u00ab tjer\u00c3\u00abt. Bjordi i kishte th\u00c3\u00abn\u00c3\u00ab se ajo \u00c3\u00absht\u00c3\u00ab shum\u00c3\u00ab arrogante dhe se jep urdh\u00c3\u00abra p\u00c3\u00abr cdo gj\u00c3\u00ab.\" \/>\n<meta property=\"og:url\" content=\"https:\/\/www.visit-ulcinj.com\/blog\/2009\/03\/28\/aida-dhe-lirita-adela-po-tregohet-e-ceket\/\" \/>\n<meta property=\"og:site_name\" content=\"Lajme nga Ulqini\" \/>\n<meta property=\"article:published_time\" content=\"2009-03-28T11:17:54+00:00\" \/>\n<meta property=\"article:modified_time\" content=\"2009-03-28T11:18:23+00:00\" \/>\n<meta property=\"og:image\" content=\"http:\/\/www.visit-ulcinj.com\/blog\/wp-content\/uploads\/2009\/03\/aidaliritaper-adelen.jpg\" \/>\n<meta name=\"twitter:label1\" content=\"Written by\" \/>\n\t<meta name=\"twitter:data1\" content=\"ulqini\" \/>\n\t<meta name=\"twitter:label2\" content=\"Est. reading time\" \/>\n\t<meta name=\"twitter:data2\" content=\"1 minute\" \/>\n<script type=\"application\/ld+json\" class=\"yoast-schema-graph\">{\"@context\":\"https:\/\/schema.org\",\"@graph\":[{\"@type\":\"WebSite\",\"@id\":\"https:\/\/www.visit-ulcinj.com\/blog\/#website\",\"url\":\"https:\/\/www.visit-ulcinj.com\/blog\/\",\"name\":\"Lajme nga Ulqini\",\"description\":\"Lajme,Vijesti,Ulqini,Ulqin,Crna Gora,Mali i Zi\",\"potentialAction\":[{\"@type\":\"SearchAction\",\"target\":{\"@type\":\"EntryPoint\",\"urlTemplate\":\"https:\/\/www.visit-ulcinj.com\/blog\/?s={search_term_string}\"},\"query-input\":\"required name=search_term_string\"}],\"inLanguage\":\"en-US\"},{\"@type\":\"ImageObject\",\"inLanguage\":\"en-US\",\"@id\":\"https:\/\/www.visit-ulcinj.com\/blog\/2009\/03\/28\/aida-dhe-lirita-adela-po-tregohet-e-ceket\/#primaryimage\",\"url\":\"http:\/\/www.visit-ulcinj.com\/blog\/wp-content\/uploads\/2009\/03\/aidaliritaper-adelen.jpg\",\"contentUrl\":\"http:\/\/www.visit-ulcinj.com\/blog\/wp-content\/uploads\/2009\/03\/aidaliritaper-adelen.jpg\"},{\"@type\":\"WebPage\",\"@id\":\"https:\/\/www.visit-ulcinj.com\/blog\/2009\/03\/28\/aida-dhe-lirita-adela-po-tregohet-e-ceket\/#webpage\",\"url\":\"https:\/\/www.visit-ulcinj.com\/blog\/2009\/03\/28\/aida-dhe-lirita-adela-po-tregohet-e-ceket\/\",\"name\":\"Aida dhe Lirita : Adela po tregohet e cek\u00c3\u00abt | Big Brother Albania 2\",\"isPartOf\":{\"@id\":\"https:\/\/www.visit-ulcinj.com\/blog\/#website\"},\"primaryImageOfPage\":{\"@id\":\"https:\/\/www.visit-ulcinj.com\/blog\/2009\/03\/28\/aida-dhe-lirita-adela-po-tregohet-e-ceket\/#primaryimage\"},\"datePublished\":\"2009-03-28T11:17:54+00:00\",\"dateModified\":\"2009-03-28T11:18:23+00:00\",\"author\":{\"@id\":\"https:\/\/www.visit-ulcinj.com\/blog\/#\/schema\/person\/dcab619c614d3038751c63bc2aadc06d\"},\"description\":\"Big Brother Albania 2 - Aida i tregon Lirit\u00c3\u00abs se kishte d\u00c3\u00abgjuar Adel\u00c3\u00abn duke u z\u00c3\u00abn\u00c3\u00ab me Bjordin p\u00c3\u00abr m\u00c3\u00abnyr\u00c3\u00abn se si sillet ajo me t\u00c3\u00ab dhe me t\u00c3\u00ab tjer\u00c3\u00abt. Bjordi i kishte th\u00c3\u00abn\u00c3\u00ab se ajo \u00c3\u00absht\u00c3\u00ab shum\u00c3\u00ab arrogante dhe se jep urdh\u00c3\u00abra p\u00c3\u00abr cdo gj\u00c3\u00ab.\",\"breadcrumb\":{\"@id\":\"https:\/\/www.visit-ulcinj.com\/blog\/2009\/03\/28\/aida-dhe-lirita-adela-po-tregohet-e-ceket\/#breadcrumb\"},\"inLanguage\":\"en-US\",\"potentialAction\":[{\"@type\":\"ReadAction\",\"target\":[\"https:\/\/www.visit-ulcinj.com\/blog\/2009\/03\/28\/aida-dhe-lirita-adela-po-tregohet-e-ceket\/\"]}]},{\"@type\":\"BreadcrumbList\",\"@id\":\"https:\/\/www.visit-ulcinj.com\/blog\/2009\/03\/28\/aida-dhe-lirita-adela-po-tregohet-e-ceket\/#breadcrumb\",\"itemListElement\":[{\"@type\":\"ListItem\",\"position\":1,\"name\":\"Aida dhe Lirita : Adela po tregohet e cek\u00ebt\"}]},{\"@type\":\"Person\",\"@id\":\"https:\/\/www.visit-ulcinj.com\/blog\/#\/schema\/person\/dcab619c614d3038751c63bc2aadc06d\",\"name\":\"ulqini\",\"sameAs\":[\"http:\/\/www.visit-ulcinj.com\"],\"url\":\"https:\/\/www.visit-ulcinj.com\/blog\/author\/admin\/\"}]}<\/script>\n<!-- \/ Yoast SEO plugin. -->","yoast_head_json":{"title":"Aida dhe Lirita : Adela po tregohet e cek\u00c3\u00abt | Big Brother Albania 2","description":"Big Brother Albania 2 - Aida i tregon Lirit\u00c3\u00abs se kishte d\u00c3\u00abgjuar Adel\u00c3\u00abn duke u z\u00c3\u00abn\u00c3\u00ab me Bjordin p\u00c3\u00abr m\u00c3\u00abnyr\u00c3\u00abn se si sillet ajo me t\u00c3\u00ab dhe me t\u00c3\u00ab tjer\u00c3\u00abt. Bjordi i kishte th\u00c3\u00abn\u00c3\u00ab se ajo \u00c3\u00absht\u00c3\u00ab shum\u00c3\u00ab arrogante dhe se jep urdh\u00c3\u00abra p\u00c3\u00abr cdo gj\u00c3\u00ab.","robots":{"index":"index","follow":"follow","max-snippet":"max-snippet:-1","max-image-preview":"max-image-preview:large","max-video-preview":"max-video-preview:-1"},"canonical":"https:\/\/www.visit-ulcinj.com\/blog\/2009\/03\/28\/aida-dhe-lirita-adela-po-tregohet-e-ceket\/","og_locale":"en_US","og_type":"article","og_title":"Aida dhe Lirita : Adela po tregohet e cek\u00c3\u00abt | Big Brother Albania 2","og_description":"Big Brother Albania 2 - Aida i tregon Lirit\u00c3\u00abs se kishte d\u00c3\u00abgjuar Adel\u00c3\u00abn duke u z\u00c3\u00abn\u00c3\u00ab me Bjordin p\u00c3\u00abr m\u00c3\u00abnyr\u00c3\u00abn se si sillet ajo me t\u00c3\u00ab dhe me t\u00c3\u00ab tjer\u00c3\u00abt. Bjordi i kishte th\u00c3\u00abn\u00c3\u00ab se ajo \u00c3\u00absht\u00c3\u00ab shum\u00c3\u00ab arrogante dhe se jep urdh\u00c3\u00abra p\u00c3\u00abr cdo gj\u00c3\u00ab.","og_url":"https:\/\/www.visit-ulcinj.com\/blog\/2009\/03\/28\/aida-dhe-lirita-adela-po-tregohet-e-ceket\/","og_site_name":"Lajme nga Ulqini","article_published_time":"2009-03-28T11:17:54+00:00","article_modified_time":"2009-03-28T11:18:23+00:00","og_image":[{"url":"http:\/\/www.visit-ulcinj.com\/blog\/wp-content\/uploads\/2009\/03\/aidaliritaper-adelen.jpg"}],"twitter_misc":{"Written by":"ulqini","Est. reading time":"1 minute"},"schema":{"@context":"https:\/\/schema.org","@graph":[{"@type":"WebSite","@id":"https:\/\/www.visit-ulcinj.com\/blog\/#website","url":"https:\/\/www.visit-ulcinj.com\/blog\/","name":"Lajme nga Ulqini","description":"Lajme,Vijesti,Ulqini,Ulqin,Crna Gora,Mali i Zi","potentialAction":[{"@type":"SearchAction","target":{"@type":"EntryPoint","urlTemplate":"https:\/\/www.visit-ulcinj.com\/blog\/?s={search_term_string}"},"query-input":"required name=search_term_string"}],"inLanguage":"en-US"},{"@type":"ImageObject","inLanguage":"en-US","@id":"https:\/\/www.visit-ulcinj.com\/blog\/2009\/03\/28\/aida-dhe-lirita-adela-po-tregohet-e-ceket\/#primaryimage","url":"http:\/\/www.visit-ulcinj.com\/blog\/wp-content\/uploads\/2009\/03\/aidaliritaper-adelen.jpg","contentUrl":"http:\/\/www.visit-ulcinj.com\/blog\/wp-content\/uploads\/2009\/03\/aidaliritaper-adelen.jpg"},{"@type":"WebPage","@id":"https:\/\/www.visit-ulcinj.com\/blog\/2009\/03\/28\/aida-dhe-lirita-adela-po-tregohet-e-ceket\/#webpage","url":"https:\/\/www.visit-ulcinj.com\/blog\/2009\/03\/28\/aida-dhe-lirita-adela-po-tregohet-e-ceket\/","name":"Aida dhe Lirita : Adela po tregohet e cek\u00c3\u00abt | Big Brother Albania 2","isPartOf":{"@id":"https:\/\/www.visit-ulcinj.com\/blog\/#website"},"primaryImageOfPage":{"@id":"https:\/\/www.visit-ulcinj.com\/blog\/2009\/03\/28\/aida-dhe-lirita-adela-po-tregohet-e-ceket\/#primaryimage"},"datePublished":"2009-03-28T11:17:54+00:00","dateModified":"2009-03-28T11:18:23+00:00","author":{"@id":"https:\/\/www.visit-ulcinj.com\/blog\/#\/schema\/person\/dcab619c614d3038751c63bc2aadc06d"},"description":"Big Brother Albania 2 - Aida i tregon Lirit\u00c3\u00abs se kishte d\u00c3\u00abgjuar Adel\u00c3\u00abn duke u z\u00c3\u00abn\u00c3\u00ab me Bjordin p\u00c3\u00abr m\u00c3\u00abnyr\u00c3\u00abn se si sillet ajo me t\u00c3\u00ab dhe me t\u00c3\u00ab tjer\u00c3\u00abt. Bjordi i kishte th\u00c3\u00abn\u00c3\u00ab se ajo \u00c3\u00absht\u00c3\u00ab shum\u00c3\u00ab arrogante dhe se jep urdh\u00c3\u00abra p\u00c3\u00abr cdo gj\u00c3\u00ab.","breadcrumb":{"@id":"https:\/\/www.visit-ulcinj.com\/blog\/2009\/03\/28\/aida-dhe-lirita-adela-po-tregohet-e-ceket\/#breadcrumb"},"inLanguage":"en-US","potentialAction":[{"@type":"ReadAction","target":["https:\/\/www.visit-ulcinj.com\/blog\/2009\/03\/28\/aida-dhe-lirita-adela-po-tregohet-e-ceket\/"]}]},{"@type":"BreadcrumbList","@id":"https:\/\/www.visit-ulcinj.com\/blog\/2009\/03\/28\/aida-dhe-lirita-adela-po-tregohet-e-ceket\/#breadcrumb","itemListElement":[{"@type":"ListItem","position":1,"name":"Aida dhe Lirita : Adela po tregohet e cek\u00ebt"}]},{"@type":"Person","@id":"https:\/\/www.visit-ulcinj.com\/blog\/#\/schema\/person\/dcab619c614d3038751c63bc2aadc06d","name":"ulqini","sameAs":["http:\/\/www.visit-ulcinj.com"],"url":"https:\/\/www.visit-ulcinj.com\/blog\/author\/admin\/"}]}},"jetpack_featured_media_url":"","jetpack_sharing_enabled":true,"jetpack_shortlink":"https:\/\/wp.me\/pe6lTn-48w","_links":{"self":[{"href":"https:\/\/www.visit-ulcinj.com\/blog\/wp-json\/wp\/v2\/posts\/15904"}],"collection":[{"href":"https:\/\/www.visit-ulcinj.com\/blog\/wp-json\/wp\/v2\/posts"}],"about":[{"href":"https:\/\/www.visit-ulcinj.com\/blog\/wp-json\/wp\/v2\/types\/post"}],"author":[{"embeddable":true,"href":"https:\/\/www.visit-ulcinj.com\/blog\/wp-json\/wp\/v2\/users\/1"}],"replies":[{"embeddable":true,"href":"https:\/\/www.visit-ulcinj.com\/blog\/wp-json\/wp\/v2\/comments?post=15904"}],"version-history":[{"count":0,"href":"https:\/\/www.visit-ulcinj.com\/blog\/wp-json\/wp\/v2\/posts\/15904\/revisions"}],"wp:attachment":[{"href":"https:\/\/www.visit-ulcinj.com\/blog\/wp-json\/wp\/v2\/media?parent=15904"}],"wp:term":[{"taxonomy":"category","embeddable":true,"href":"https:\/\/www.visit-ulcinj.com\/blog\/wp-json\/wp\/v2\/categories?post=15904"},{"taxonomy":"post_tag","embeddable":true,"href":"https:\/\/www.visit-ulcinj.com\/blog\/wp-json\/wp\/v2\/tags?post=15904"}],"curies":[{"name":"wp","href":"https:\/\/api.w.org\/{rel}","templated":true}]}}