{"id":15908,"date":"2009-03-28T12:20:52","date_gmt":"2009-03-28T11:20:52","guid":{"rendered":"http:\/\/www.visit-ulcinj.com\/blog\/?p=15908"},"modified":"2009-03-28T12:20:52","modified_gmt":"2009-03-28T11:20:52","slug":"anjeza-e-di-vet-sa-e-paster-jam","status":"publish","type":"post","link":"https:\/\/www.visit-ulcinj.com\/blog\/2009\/03\/28\/anjeza-e-di-vet-sa-e-paster-jam\/","title":{"rendered":"Anjeza : E di vet sa e past\u00ebr jam"},"content":{"rendered":"<p><em><span class=\"newsdate\">anj<a href=\"http:\/\/www.visit-ulcinj.com\/blog\/wp-content\/uploads\/2009\/03\/anjeza-per-pastertine-copy.jpg\"><img loading=\"lazy\" class=\"alignleft size-full wp-image-15909\" title=\"anjeza-per-pastertine-big-brother-albania-2\" src=\"http:\/\/www.visit-ulcinj.com\/blog\/wp-content\/uploads\/2009\/03\/anjeza-per-pastertine-copy.jpg\" alt=\"anjeza-per-pastertine-big-brother-albania-2\" width=\"300\" height=\"205\" \/><\/a>26\/03\/09 02:06<\/span><\/em><\/p>\n<p>Anjeza i ka t\u00ebrhequr v\u00ebmendjen Mimoz\u00ebs, duke i th\u00ebn\u00eb se q\u00eb kur kishte ardhur, kishte v\u00ebn\u00eb re se si ajo, si ndonj\u00eb tjet\u00ebr, nuk e hiqnin asnj\u00ebher\u00eb pjat\u00ebn e tyre, pa kaluar m\u00eb pas t\u00eb gj\u00ebrat e tjera. Mimoz\u00ebs nuk i ka ardhur mir\u00eb dhe u \u00ebsht\u00eb drejtuar t\u00eb tjer\u00ebve q\u00eb ishin n\u00eb tavolin\u00eb, duke i pyetur a ishte pun\u00ebtore. Adelajda ka th\u00ebn\u00eb se Mimoza kur donte, i b\u00ebnte pun\u00ebt \u201cxix\u201d. Sipas Anjez\u00ebs, kjo nuk ishte m\u00ebnyra e duhur, sepse \u00e7\u00ebshtja nuk ishte kur doje, por kur duhej. Ajo ka vazhduar duke i th\u00ebn\u00eb Mimoz\u00ebs se ajo thjesht po i vinte n\u00eb dukje di\u00e7ka q\u00eb mendonte, nuk po e kritikonte. Mimoza i ka th\u00ebn\u00eb se ia tha nj\u00ebher\u00eb dhe nuk kishte nevoj\u00eb t\u2019ia p\u00ebrs\u00ebriste, e as t\u00eb d\u00ebgjonte komente, sepse nuk i interesonte. \u201cUn\u00eb e di vet sa e past\u00ebr jam!\u201d \u2013 i ka th\u00ebn\u00eb ajo Anjez\u00ebs. \u201cUn\u00eb po t\u00eb them at\u00eb q\u00eb mendoj, &#8211; ia ka kthyer Anjeza, ty po nuk t\u00eb p\u00eblqeu, b\u00ebj sikur s\u2019d\u00ebgjon!\u201d.<\/p>\n","protected":false},"excerpt":{"rendered":"<p>anj26\/03\/09 02:06 Anjeza i ka t\u00ebrhequr v\u00ebmendjen Mimoz\u00ebs, duke i th\u00ebn\u00eb se q\u00eb kur kishte ardhur, kishte v\u00ebn\u00eb re se si ajo, si ndonj\u00eb tjet\u00ebr, nuk e hiqnin asnj\u00ebher\u00eb pjat\u00ebn e tyre, pa kaluar m\u00eb pas t\u00eb gj\u00ebrat e tjera. Mimoz\u00ebs nuk i ka ardhur mir\u00eb dhe u \u00ebsht\u00eb drejtuar t\u00eb tjer\u00ebve q\u00eb ishin n\u00eb [&hellip;]<\/p>\n","protected":false},"author":1,"featured_media":0,"comment_status":"open","ping_status":"closed","sticky":false,"template":"","format":"standard","meta":{"spay_email":"","jetpack_publicize_message":"","jetpack_is_tweetstorm":false,"jetpack_publicize_feature_enabled":true},"categories":[6502],"tags":[6529,8289,6883,6516,6712,6522,6544,6891],"jetpack_publicize_connections":[],"yoast_head":"<!-- This site is optimized with the Yoast SEO plugin v19.1 - https:\/\/yoast.com\/wordpress\/plugins\/seo\/ -->\n<title>Anjeza : E di vet sa e past\u00c3\u00abr jam | Big Brother Albania 2<\/title>\n<meta name=\"description\" content=\"Big Brother Albania 2 - Anjeza i ka t\u00c3\u00abrhequr v\u00c3\u00abmendjen Mimoz\u00c3\u00abs, duke i th\u00c3\u00abn\u00c3\u00ab se q\u00c3\u00ab kur kishte ardhur, kishte v\u00c3\u00abn\u00c3\u00ab re se si ajo, si ndonj\u00c3\u00ab tjet\u00c3\u00abr, nuk e hiqnin asnj\u00c3\u00abher\u00c3\u00ab pjat\u00c3\u00abn e tyre\" \/>\n<meta name=\"robots\" content=\"index, follow, max-snippet:-1, max-image-preview:large, max-video-preview:-1\" \/>\n<link rel=\"canonical\" href=\"https:\/\/www.visit-ulcinj.com\/blog\/2009\/03\/28\/anjeza-e-di-vet-sa-e-paster-jam\/\" \/>\n<meta property=\"og:locale\" content=\"en_US\" \/>\n<meta property=\"og:type\" content=\"article\" \/>\n<meta property=\"og:title\" content=\"Anjeza : E di vet sa e past\u00c3\u00abr jam | Big Brother Albania 2\" \/>\n<meta property=\"og:description\" content=\"Big Brother Albania 2 - Anjeza i ka t\u00c3\u00abrhequr v\u00c3\u00abmendjen Mimoz\u00c3\u00abs, duke i th\u00c3\u00abn\u00c3\u00ab se q\u00c3\u00ab kur kishte ardhur, kishte v\u00c3\u00abn\u00c3\u00ab re se si ajo, si ndonj\u00c3\u00ab tjet\u00c3\u00abr, nuk e hiqnin asnj\u00c3\u00abher\u00c3\u00ab pjat\u00c3\u00abn e tyre\" \/>\n<meta property=\"og:url\" content=\"https:\/\/www.visit-ulcinj.com\/blog\/2009\/03\/28\/anjeza-e-di-vet-sa-e-paster-jam\/\" \/>\n<meta property=\"og:site_name\" content=\"Lajme nga Ulqini\" \/>\n<meta property=\"article:published_time\" content=\"2009-03-28T11:20:52+00:00\" \/>\n<meta property=\"og:image\" content=\"http:\/\/www.visit-ulcinj.com\/blog\/wp-content\/uploads\/2009\/03\/anjeza-per-pastertine-copy.jpg\" \/>\n<meta name=\"twitter:label1\" content=\"Written by\" \/>\n\t<meta name=\"twitter:data1\" content=\"ulqini\" \/>\n\t<meta name=\"twitter:label2\" content=\"Est. reading time\" \/>\n\t<meta name=\"twitter:data2\" content=\"1 minute\" \/>\n<script type=\"application\/ld+json\" class=\"yoast-schema-graph\">{\"@context\":\"https:\/\/schema.org\",\"@graph\":[{\"@type\":\"WebSite\",\"@id\":\"https:\/\/www.visit-ulcinj.com\/blog\/#website\",\"url\":\"https:\/\/www.visit-ulcinj.com\/blog\/\",\"name\":\"Lajme nga Ulqini\",\"description\":\"Lajme,Vijesti,Ulqini,Ulqin,Crna Gora,Mali i Zi\",\"potentialAction\":[{\"@type\":\"SearchAction\",\"target\":{\"@type\":\"EntryPoint\",\"urlTemplate\":\"https:\/\/www.visit-ulcinj.com\/blog\/?s={search_term_string}\"},\"query-input\":\"required name=search_term_string\"}],\"inLanguage\":\"en-US\"},{\"@type\":\"ImageObject\",\"inLanguage\":\"en-US\",\"@id\":\"https:\/\/www.visit-ulcinj.com\/blog\/2009\/03\/28\/anjeza-e-di-vet-sa-e-paster-jam\/#primaryimage\",\"url\":\"http:\/\/www.visit-ulcinj.com\/blog\/wp-content\/uploads\/2009\/03\/anjeza-per-pastertine-copy.jpg\",\"contentUrl\":\"http:\/\/www.visit-ulcinj.com\/blog\/wp-content\/uploads\/2009\/03\/anjeza-per-pastertine-copy.jpg\"},{\"@type\":\"WebPage\",\"@id\":\"https:\/\/www.visit-ulcinj.com\/blog\/2009\/03\/28\/anjeza-e-di-vet-sa-e-paster-jam\/#webpage\",\"url\":\"https:\/\/www.visit-ulcinj.com\/blog\/2009\/03\/28\/anjeza-e-di-vet-sa-e-paster-jam\/\",\"name\":\"Anjeza : E di vet sa e past\u00c3\u00abr jam | Big Brother Albania 2\",\"isPartOf\":{\"@id\":\"https:\/\/www.visit-ulcinj.com\/blog\/#website\"},\"primaryImageOfPage\":{\"@id\":\"https:\/\/www.visit-ulcinj.com\/blog\/2009\/03\/28\/anjeza-e-di-vet-sa-e-paster-jam\/#primaryimage\"},\"datePublished\":\"2009-03-28T11:20:52+00:00\",\"dateModified\":\"2009-03-28T11:20:52+00:00\",\"author\":{\"@id\":\"https:\/\/www.visit-ulcinj.com\/blog\/#\/schema\/person\/dcab619c614d3038751c63bc2aadc06d\"},\"description\":\"Big Brother Albania 2 - Anjeza i ka t\u00c3\u00abrhequr v\u00c3\u00abmendjen Mimoz\u00c3\u00abs, duke i th\u00c3\u00abn\u00c3\u00ab se q\u00c3\u00ab kur kishte ardhur, kishte v\u00c3\u00abn\u00c3\u00ab re se si ajo, si ndonj\u00c3\u00ab tjet\u00c3\u00abr, nuk e hiqnin asnj\u00c3\u00abher\u00c3\u00ab pjat\u00c3\u00abn e tyre\",\"breadcrumb\":{\"@id\":\"https:\/\/www.visit-ulcinj.com\/blog\/2009\/03\/28\/anjeza-e-di-vet-sa-e-paster-jam\/#breadcrumb\"},\"inLanguage\":\"en-US\",\"potentialAction\":[{\"@type\":\"ReadAction\",\"target\":[\"https:\/\/www.visit-ulcinj.com\/blog\/2009\/03\/28\/anjeza-e-di-vet-sa-e-paster-jam\/\"]}]},{\"@type\":\"BreadcrumbList\",\"@id\":\"https:\/\/www.visit-ulcinj.com\/blog\/2009\/03\/28\/anjeza-e-di-vet-sa-e-paster-jam\/#breadcrumb\",\"itemListElement\":[{\"@type\":\"ListItem\",\"position\":1,\"name\":\"Anjeza : E di vet sa e past\u00ebr jam\"}]},{\"@type\":\"Person\",\"@id\":\"https:\/\/www.visit-ulcinj.com\/blog\/#\/schema\/person\/dcab619c614d3038751c63bc2aadc06d\",\"name\":\"ulqini\",\"sameAs\":[\"http:\/\/www.visit-ulcinj.com\"],\"url\":\"https:\/\/www.visit-ulcinj.com\/blog\/author\/admin\/\"}]}<\/script>\n<!-- \/ Yoast SEO plugin. -->","yoast_head_json":{"title":"Anjeza : E di vet sa e past\u00c3\u00abr jam | Big Brother Albania 2","description":"Big Brother Albania 2 - Anjeza i ka t\u00c3\u00abrhequr v\u00c3\u00abmendjen Mimoz\u00c3\u00abs, duke i th\u00c3\u00abn\u00c3\u00ab se q\u00c3\u00ab kur kishte ardhur, kishte v\u00c3\u00abn\u00c3\u00ab re se si ajo, si ndonj\u00c3\u00ab tjet\u00c3\u00abr, nuk e hiqnin asnj\u00c3\u00abher\u00c3\u00ab pjat\u00c3\u00abn e tyre","robots":{"index":"index","follow":"follow","max-snippet":"max-snippet:-1","max-image-preview":"max-image-preview:large","max-video-preview":"max-video-preview:-1"},"canonical":"https:\/\/www.visit-ulcinj.com\/blog\/2009\/03\/28\/anjeza-e-di-vet-sa-e-paster-jam\/","og_locale":"en_US","og_type":"article","og_title":"Anjeza : E di vet sa e past\u00c3\u00abr jam | Big Brother Albania 2","og_description":"Big Brother Albania 2 - Anjeza i ka t\u00c3\u00abrhequr v\u00c3\u00abmendjen Mimoz\u00c3\u00abs, duke i th\u00c3\u00abn\u00c3\u00ab se q\u00c3\u00ab kur kishte ardhur, kishte v\u00c3\u00abn\u00c3\u00ab re se si ajo, si ndonj\u00c3\u00ab tjet\u00c3\u00abr, nuk e hiqnin asnj\u00c3\u00abher\u00c3\u00ab pjat\u00c3\u00abn e tyre","og_url":"https:\/\/www.visit-ulcinj.com\/blog\/2009\/03\/28\/anjeza-e-di-vet-sa-e-paster-jam\/","og_site_name":"Lajme nga Ulqini","article_published_time":"2009-03-28T11:20:52+00:00","og_image":[{"url":"http:\/\/www.visit-ulcinj.com\/blog\/wp-content\/uploads\/2009\/03\/anjeza-per-pastertine-copy.jpg"}],"twitter_misc":{"Written by":"ulqini","Est. reading time":"1 minute"},"schema":{"@context":"https:\/\/schema.org","@graph":[{"@type":"WebSite","@id":"https:\/\/www.visit-ulcinj.com\/blog\/#website","url":"https:\/\/www.visit-ulcinj.com\/blog\/","name":"Lajme nga Ulqini","description":"Lajme,Vijesti,Ulqini,Ulqin,Crna Gora,Mali i Zi","potentialAction":[{"@type":"SearchAction","target":{"@type":"EntryPoint","urlTemplate":"https:\/\/www.visit-ulcinj.com\/blog\/?s={search_term_string}"},"query-input":"required name=search_term_string"}],"inLanguage":"en-US"},{"@type":"ImageObject","inLanguage":"en-US","@id":"https:\/\/www.visit-ulcinj.com\/blog\/2009\/03\/28\/anjeza-e-di-vet-sa-e-paster-jam\/#primaryimage","url":"http:\/\/www.visit-ulcinj.com\/blog\/wp-content\/uploads\/2009\/03\/anjeza-per-pastertine-copy.jpg","contentUrl":"http:\/\/www.visit-ulcinj.com\/blog\/wp-content\/uploads\/2009\/03\/anjeza-per-pastertine-copy.jpg"},{"@type":"WebPage","@id":"https:\/\/www.visit-ulcinj.com\/blog\/2009\/03\/28\/anjeza-e-di-vet-sa-e-paster-jam\/#webpage","url":"https:\/\/www.visit-ulcinj.com\/blog\/2009\/03\/28\/anjeza-e-di-vet-sa-e-paster-jam\/","name":"Anjeza : E di vet sa e past\u00c3\u00abr jam | Big Brother Albania 2","isPartOf":{"@id":"https:\/\/www.visit-ulcinj.com\/blog\/#website"},"primaryImageOfPage":{"@id":"https:\/\/www.visit-ulcinj.com\/blog\/2009\/03\/28\/anjeza-e-di-vet-sa-e-paster-jam\/#primaryimage"},"datePublished":"2009-03-28T11:20:52+00:00","dateModified":"2009-03-28T11:20:52+00:00","author":{"@id":"https:\/\/www.visit-ulcinj.com\/blog\/#\/schema\/person\/dcab619c614d3038751c63bc2aadc06d"},"description":"Big Brother Albania 2 - Anjeza i ka t\u00c3\u00abrhequr v\u00c3\u00abmendjen Mimoz\u00c3\u00abs, duke i th\u00c3\u00abn\u00c3\u00ab se q\u00c3\u00ab kur kishte ardhur, kishte v\u00c3\u00abn\u00c3\u00ab re se si ajo, si ndonj\u00c3\u00ab tjet\u00c3\u00abr, nuk e hiqnin asnj\u00c3\u00abher\u00c3\u00ab pjat\u00c3\u00abn e tyre","breadcrumb":{"@id":"https:\/\/www.visit-ulcinj.com\/blog\/2009\/03\/28\/anjeza-e-di-vet-sa-e-paster-jam\/#breadcrumb"},"inLanguage":"en-US","potentialAction":[{"@type":"ReadAction","target":["https:\/\/www.visit-ulcinj.com\/blog\/2009\/03\/28\/anjeza-e-di-vet-sa-e-paster-jam\/"]}]},{"@type":"BreadcrumbList","@id":"https:\/\/www.visit-ulcinj.com\/blog\/2009\/03\/28\/anjeza-e-di-vet-sa-e-paster-jam\/#breadcrumb","itemListElement":[{"@type":"ListItem","position":1,"name":"Anjeza : E di vet sa e past\u00ebr jam"}]},{"@type":"Person","@id":"https:\/\/www.visit-ulcinj.com\/blog\/#\/schema\/person\/dcab619c614d3038751c63bc2aadc06d","name":"ulqini","sameAs":["http:\/\/www.visit-ulcinj.com"],"url":"https:\/\/www.visit-ulcinj.com\/blog\/author\/admin\/"}]}},"jetpack_featured_media_url":"","jetpack_sharing_enabled":true,"jetpack_shortlink":"https:\/\/wp.me\/pe6lTn-48A","_links":{"self":[{"href":"https:\/\/www.visit-ulcinj.com\/blog\/wp-json\/wp\/v2\/posts\/15908"}],"collection":[{"href":"https:\/\/www.visit-ulcinj.com\/blog\/wp-json\/wp\/v2\/posts"}],"about":[{"href":"https:\/\/www.visit-ulcinj.com\/blog\/wp-json\/wp\/v2\/types\/post"}],"author":[{"embeddable":true,"href":"https:\/\/www.visit-ulcinj.com\/blog\/wp-json\/wp\/v2\/users\/1"}],"replies":[{"embeddable":true,"href":"https:\/\/www.visit-ulcinj.com\/blog\/wp-json\/wp\/v2\/comments?post=15908"}],"version-history":[{"count":0,"href":"https:\/\/www.visit-ulcinj.com\/blog\/wp-json\/wp\/v2\/posts\/15908\/revisions"}],"wp:attachment":[{"href":"https:\/\/www.visit-ulcinj.com\/blog\/wp-json\/wp\/v2\/media?parent=15908"}],"wp:term":[{"taxonomy":"category","embeddable":true,"href":"https:\/\/www.visit-ulcinj.com\/blog\/wp-json\/wp\/v2\/categories?post=15908"},{"taxonomy":"post_tag","embeddable":true,"href":"https:\/\/www.visit-ulcinj.com\/blog\/wp-json\/wp\/v2\/tags?post=15908"}],"curies":[{"name":"wp","href":"https:\/\/api.w.org\/{rel}","templated":true}]}}