{"id":15914,"date":"2009-03-28T12:25:07","date_gmt":"2009-03-28T11:25:07","guid":{"rendered":"http:\/\/www.visit-ulcinj.com\/blog\/?p=15914"},"modified":"2009-03-28T12:25:07","modified_gmt":"2009-03-28T11:25:07","slug":"bjordi-nomino-te-panominuarit","status":"publish","type":"post","link":"https:\/\/www.visit-ulcinj.com\/blog\/2009\/03\/28\/bjordi-nomino-te-panominuarit\/","title":{"rendered":"Bjordi: Nomino t\u00eb panominuarit"},"content":{"rendered":"<p><em><span class=\"newsdate\"><a href=\"http:\/\/www.visit-ulcinj.com\/blog\/wp-content\/uploads\/2009\/03\/bjordiadelaper-nominimet.jpg\"><img loading=\"lazy\" class=\"alignleft size-full wp-image-15915\" title=\"bjordiadelaper-nominimet-big-brother-albania-2\" src=\"http:\/\/www.visit-ulcinj.com\/blog\/wp-content\/uploads\/2009\/03\/bjordiadelaper-nominimet.jpg\" alt=\"bjordiadelaper-nominimet-big-brother-albania-2\" width=\"300\" height=\"205\" \/><\/a>28\/03\/09 02:13<\/span><\/em><\/p>\n<p>Adela pyet Bjordin se n\u00ebse do jet\u00eb ende n\u00eb sht\u00ebpi, cil\u00ebt mendon ai se duhet t\u00eb nominoj\u00eb ajo. Bjordi ia kthen p\u00ebr ata q\u00eb nuk kan\u00eb q\u00ebn\u00eb asnj\u00ebher\u00eb, por ajo fillon t\u00eb tund\u00eb kok\u00ebn n\u00eb shenj\u00eb mohimi. Bjordi mendon se kjo \u00ebsht\u00eb e drejta dhe k\u00ebshtu duhet t\u00eb b\u00ebhet loja. Ai n\u00ebnkupton se nj\u00eb nd\u00ebr ta \u00ebsht\u00eb Bika por Adela e thot\u00eb n\u00eb m\u00ebnyr\u00eb t\u00eb prer\u00eb se nuk mundet. Bjordi i thot\u00eb se e kupton por fundja asnj\u00ebgj\u00eb nuk i ndryshon asaj. Adela thot\u00eb se k\u00ebt\u00eb e kupton por p\u00ebrs\u00ebri ka dyshime. At\u00ebher\u00eb Bjordi i thot\u00eb t\u00eb b\u00ebj\u00eb c\u2019t\u00eb doj\u00eb e mos ta pyes\u00eb kot.<\/p>\n","protected":false},"excerpt":{"rendered":"<p>28\/03\/09 02:13 Adela pyet Bjordin se n\u00ebse do jet\u00eb ende n\u00eb sht\u00ebpi, cil\u00ebt mendon ai se duhet t\u00eb nominoj\u00eb ajo. Bjordi ia kthen p\u00ebr ata q\u00eb nuk kan\u00eb q\u00ebn\u00eb asnj\u00ebher\u00eb, por ajo fillon t\u00eb tund\u00eb kok\u00ebn n\u00eb shenj\u00eb mohimi. Bjordi mendon se kjo \u00ebsht\u00eb e drejta dhe k\u00ebshtu duhet t\u00eb b\u00ebhet loja. Ai n\u00ebnkupton se [&hellip;]<\/p>\n","protected":false},"author":1,"featured_media":0,"comment_status":"open","ping_status":"closed","sticky":false,"template":"","format":"standard","meta":{"spay_email":"","jetpack_publicize_message":"","jetpack_is_tweetstorm":false,"jetpack_publicize_feature_enabled":true},"categories":[6502],"tags":[6736,6529,5057,6506,6516,6712,7129,6522,6544,8419,8420,6891,6693,6887],"jetpack_publicize_connections":[],"yoast_head":"<!-- This site is optimized with the Yoast SEO plugin v19.1 - https:\/\/yoast.com\/wordpress\/plugins\/seo\/ -->\n<title>Bjordi: Nomino t\u00c3\u00ab panominuarit | Big Brother Albania 2<\/title>\n<meta name=\"description\" content=\"Big Brother Albania 2 - Adela pyet Bjordin se n\u00c3\u00abse do jet\u00c3\u00ab ende n\u00c3\u00ab sht\u00c3\u00abpi, cil\u00c3\u00abt mendon ai se duhet t\u00c3\u00ab nominoj\u00c3\u00ab ajo.\" \/>\n<meta name=\"robots\" content=\"index, follow, max-snippet:-1, max-image-preview:large, max-video-preview:-1\" \/>\n<link rel=\"canonical\" href=\"https:\/\/www.visit-ulcinj.com\/blog\/2009\/03\/28\/bjordi-nomino-te-panominuarit\/\" \/>\n<meta property=\"og:locale\" content=\"en_US\" \/>\n<meta property=\"og:type\" content=\"article\" \/>\n<meta property=\"og:title\" content=\"Bjordi: Nomino t\u00c3\u00ab panominuarit | Big Brother Albania 2\" \/>\n<meta property=\"og:description\" content=\"Big Brother Albania 2 - Adela pyet Bjordin se n\u00c3\u00abse do jet\u00c3\u00ab ende n\u00c3\u00ab sht\u00c3\u00abpi, cil\u00c3\u00abt mendon ai se duhet t\u00c3\u00ab nominoj\u00c3\u00ab ajo.\" \/>\n<meta property=\"og:url\" content=\"https:\/\/www.visit-ulcinj.com\/blog\/2009\/03\/28\/bjordi-nomino-te-panominuarit\/\" \/>\n<meta property=\"og:site_name\" content=\"Lajme nga Ulqini\" \/>\n<meta property=\"article:published_time\" content=\"2009-03-28T11:25:07+00:00\" \/>\n<meta property=\"og:image\" content=\"http:\/\/www.visit-ulcinj.com\/blog\/wp-content\/uploads\/2009\/03\/bjordiadelaper-nominimet.jpg\" \/>\n<meta name=\"twitter:label1\" content=\"Written by\" \/>\n\t<meta name=\"twitter:data1\" content=\"ulqini\" \/>\n\t<meta name=\"twitter:label2\" content=\"Est. reading time\" \/>\n\t<meta name=\"twitter:data2\" content=\"1 minute\" \/>\n<script type=\"application\/ld+json\" class=\"yoast-schema-graph\">{\"@context\":\"https:\/\/schema.org\",\"@graph\":[{\"@type\":\"WebSite\",\"@id\":\"https:\/\/www.visit-ulcinj.com\/blog\/#website\",\"url\":\"https:\/\/www.visit-ulcinj.com\/blog\/\",\"name\":\"Lajme nga Ulqini\",\"description\":\"Lajme,Vijesti,Ulqini,Ulqin,Crna Gora,Mali i Zi\",\"potentialAction\":[{\"@type\":\"SearchAction\",\"target\":{\"@type\":\"EntryPoint\",\"urlTemplate\":\"https:\/\/www.visit-ulcinj.com\/blog\/?s={search_term_string}\"},\"query-input\":\"required name=search_term_string\"}],\"inLanguage\":\"en-US\"},{\"@type\":\"ImageObject\",\"inLanguage\":\"en-US\",\"@id\":\"https:\/\/www.visit-ulcinj.com\/blog\/2009\/03\/28\/bjordi-nomino-te-panominuarit\/#primaryimage\",\"url\":\"http:\/\/www.visit-ulcinj.com\/blog\/wp-content\/uploads\/2009\/03\/bjordiadelaper-nominimet.jpg\",\"contentUrl\":\"http:\/\/www.visit-ulcinj.com\/blog\/wp-content\/uploads\/2009\/03\/bjordiadelaper-nominimet.jpg\"},{\"@type\":\"WebPage\",\"@id\":\"https:\/\/www.visit-ulcinj.com\/blog\/2009\/03\/28\/bjordi-nomino-te-panominuarit\/#webpage\",\"url\":\"https:\/\/www.visit-ulcinj.com\/blog\/2009\/03\/28\/bjordi-nomino-te-panominuarit\/\",\"name\":\"Bjordi: Nomino t\u00c3\u00ab panominuarit | Big Brother Albania 2\",\"isPartOf\":{\"@id\":\"https:\/\/www.visit-ulcinj.com\/blog\/#website\"},\"primaryImageOfPage\":{\"@id\":\"https:\/\/www.visit-ulcinj.com\/blog\/2009\/03\/28\/bjordi-nomino-te-panominuarit\/#primaryimage\"},\"datePublished\":\"2009-03-28T11:25:07+00:00\",\"dateModified\":\"2009-03-28T11:25:07+00:00\",\"author\":{\"@id\":\"https:\/\/www.visit-ulcinj.com\/blog\/#\/schema\/person\/dcab619c614d3038751c63bc2aadc06d\"},\"description\":\"Big Brother Albania 2 - Adela pyet Bjordin se n\u00c3\u00abse do jet\u00c3\u00ab ende n\u00c3\u00ab sht\u00c3\u00abpi, cil\u00c3\u00abt mendon ai se duhet t\u00c3\u00ab nominoj\u00c3\u00ab ajo.\",\"breadcrumb\":{\"@id\":\"https:\/\/www.visit-ulcinj.com\/blog\/2009\/03\/28\/bjordi-nomino-te-panominuarit\/#breadcrumb\"},\"inLanguage\":\"en-US\",\"potentialAction\":[{\"@type\":\"ReadAction\",\"target\":[\"https:\/\/www.visit-ulcinj.com\/blog\/2009\/03\/28\/bjordi-nomino-te-panominuarit\/\"]}]},{\"@type\":\"BreadcrumbList\",\"@id\":\"https:\/\/www.visit-ulcinj.com\/blog\/2009\/03\/28\/bjordi-nomino-te-panominuarit\/#breadcrumb\",\"itemListElement\":[{\"@type\":\"ListItem\",\"position\":1,\"name\":\"Bjordi: Nomino t\u00eb panominuarit\"}]},{\"@type\":\"Person\",\"@id\":\"https:\/\/www.visit-ulcinj.com\/blog\/#\/schema\/person\/dcab619c614d3038751c63bc2aadc06d\",\"name\":\"ulqini\",\"sameAs\":[\"http:\/\/www.visit-ulcinj.com\"],\"url\":\"https:\/\/www.visit-ulcinj.com\/blog\/author\/admin\/\"}]}<\/script>\n<!-- \/ Yoast SEO plugin. -->","yoast_head_json":{"title":"Bjordi: Nomino t\u00c3\u00ab panominuarit | Big Brother Albania 2","description":"Big Brother Albania 2 - Adela pyet Bjordin se n\u00c3\u00abse do jet\u00c3\u00ab ende n\u00c3\u00ab sht\u00c3\u00abpi, cil\u00c3\u00abt mendon ai se duhet t\u00c3\u00ab nominoj\u00c3\u00ab ajo.","robots":{"index":"index","follow":"follow","max-snippet":"max-snippet:-1","max-image-preview":"max-image-preview:large","max-video-preview":"max-video-preview:-1"},"canonical":"https:\/\/www.visit-ulcinj.com\/blog\/2009\/03\/28\/bjordi-nomino-te-panominuarit\/","og_locale":"en_US","og_type":"article","og_title":"Bjordi: Nomino t\u00c3\u00ab panominuarit | Big Brother Albania 2","og_description":"Big Brother Albania 2 - Adela pyet Bjordin se n\u00c3\u00abse do jet\u00c3\u00ab ende n\u00c3\u00ab sht\u00c3\u00abpi, cil\u00c3\u00abt mendon ai se duhet t\u00c3\u00ab nominoj\u00c3\u00ab ajo.","og_url":"https:\/\/www.visit-ulcinj.com\/blog\/2009\/03\/28\/bjordi-nomino-te-panominuarit\/","og_site_name":"Lajme nga Ulqini","article_published_time":"2009-03-28T11:25:07+00:00","og_image":[{"url":"http:\/\/www.visit-ulcinj.com\/blog\/wp-content\/uploads\/2009\/03\/bjordiadelaper-nominimet.jpg"}],"twitter_misc":{"Written by":"ulqini","Est. reading time":"1 minute"},"schema":{"@context":"https:\/\/schema.org","@graph":[{"@type":"WebSite","@id":"https:\/\/www.visit-ulcinj.com\/blog\/#website","url":"https:\/\/www.visit-ulcinj.com\/blog\/","name":"Lajme nga Ulqini","description":"Lajme,Vijesti,Ulqini,Ulqin,Crna Gora,Mali i Zi","potentialAction":[{"@type":"SearchAction","target":{"@type":"EntryPoint","urlTemplate":"https:\/\/www.visit-ulcinj.com\/blog\/?s={search_term_string}"},"query-input":"required name=search_term_string"}],"inLanguage":"en-US"},{"@type":"ImageObject","inLanguage":"en-US","@id":"https:\/\/www.visit-ulcinj.com\/blog\/2009\/03\/28\/bjordi-nomino-te-panominuarit\/#primaryimage","url":"http:\/\/www.visit-ulcinj.com\/blog\/wp-content\/uploads\/2009\/03\/bjordiadelaper-nominimet.jpg","contentUrl":"http:\/\/www.visit-ulcinj.com\/blog\/wp-content\/uploads\/2009\/03\/bjordiadelaper-nominimet.jpg"},{"@type":"WebPage","@id":"https:\/\/www.visit-ulcinj.com\/blog\/2009\/03\/28\/bjordi-nomino-te-panominuarit\/#webpage","url":"https:\/\/www.visit-ulcinj.com\/blog\/2009\/03\/28\/bjordi-nomino-te-panominuarit\/","name":"Bjordi: Nomino t\u00c3\u00ab panominuarit | Big Brother Albania 2","isPartOf":{"@id":"https:\/\/www.visit-ulcinj.com\/blog\/#website"},"primaryImageOfPage":{"@id":"https:\/\/www.visit-ulcinj.com\/blog\/2009\/03\/28\/bjordi-nomino-te-panominuarit\/#primaryimage"},"datePublished":"2009-03-28T11:25:07+00:00","dateModified":"2009-03-28T11:25:07+00:00","author":{"@id":"https:\/\/www.visit-ulcinj.com\/blog\/#\/schema\/person\/dcab619c614d3038751c63bc2aadc06d"},"description":"Big Brother Albania 2 - Adela pyet Bjordin se n\u00c3\u00abse do jet\u00c3\u00ab ende n\u00c3\u00ab sht\u00c3\u00abpi, cil\u00c3\u00abt mendon ai se duhet t\u00c3\u00ab nominoj\u00c3\u00ab ajo.","breadcrumb":{"@id":"https:\/\/www.visit-ulcinj.com\/blog\/2009\/03\/28\/bjordi-nomino-te-panominuarit\/#breadcrumb"},"inLanguage":"en-US","potentialAction":[{"@type":"ReadAction","target":["https:\/\/www.visit-ulcinj.com\/blog\/2009\/03\/28\/bjordi-nomino-te-panominuarit\/"]}]},{"@type":"BreadcrumbList","@id":"https:\/\/www.visit-ulcinj.com\/blog\/2009\/03\/28\/bjordi-nomino-te-panominuarit\/#breadcrumb","itemListElement":[{"@type":"ListItem","position":1,"name":"Bjordi: Nomino t\u00eb panominuarit"}]},{"@type":"Person","@id":"https:\/\/www.visit-ulcinj.com\/blog\/#\/schema\/person\/dcab619c614d3038751c63bc2aadc06d","name":"ulqini","sameAs":["http:\/\/www.visit-ulcinj.com"],"url":"https:\/\/www.visit-ulcinj.com\/blog\/author\/admin\/"}]}},"jetpack_featured_media_url":"","jetpack_sharing_enabled":true,"jetpack_shortlink":"https:\/\/wp.me\/pe6lTn-48G","_links":{"self":[{"href":"https:\/\/www.visit-ulcinj.com\/blog\/wp-json\/wp\/v2\/posts\/15914"}],"collection":[{"href":"https:\/\/www.visit-ulcinj.com\/blog\/wp-json\/wp\/v2\/posts"}],"about":[{"href":"https:\/\/www.visit-ulcinj.com\/blog\/wp-json\/wp\/v2\/types\/post"}],"author":[{"embeddable":true,"href":"https:\/\/www.visit-ulcinj.com\/blog\/wp-json\/wp\/v2\/users\/1"}],"replies":[{"embeddable":true,"href":"https:\/\/www.visit-ulcinj.com\/blog\/wp-json\/wp\/v2\/comments?post=15914"}],"version-history":[{"count":0,"href":"https:\/\/www.visit-ulcinj.com\/blog\/wp-json\/wp\/v2\/posts\/15914\/revisions"}],"wp:attachment":[{"href":"https:\/\/www.visit-ulcinj.com\/blog\/wp-json\/wp\/v2\/media?parent=15914"}],"wp:term":[{"taxonomy":"category","embeddable":true,"href":"https:\/\/www.visit-ulcinj.com\/blog\/wp-json\/wp\/v2\/categories?post=15914"},{"taxonomy":"post_tag","embeddable":true,"href":"https:\/\/www.visit-ulcinj.com\/blog\/wp-json\/wp\/v2\/tags?post=15914"}],"curies":[{"name":"wp","href":"https:\/\/api.w.org\/{rel}","templated":true}]}}