{"id":15921,"date":"2009-03-28T12:39:35","date_gmt":"2009-03-28T11:39:35","guid":{"rendered":"http:\/\/www.visit-ulcinj.com\/blog\/?p=15921"},"modified":"2009-03-28T12:39:35","modified_gmt":"2009-03-28T11:39:35","slug":"bjordi-ishte-fantastik-ne-krevat-dhe-nje-xhentelmen-i-papare","status":"publish","type":"post","link":"https:\/\/www.visit-ulcinj.com\/blog\/2009\/03\/28\/bjordi-ishte-fantastik-ne-krevat-dhe-nje-xhentelmen-i-papare\/","title":{"rendered":"Bjordi ishte fantastik n\u00eb krevat dhe nj\u00eb xhent\u00eblmen i papar\u00eb"},"content":{"rendered":"<p><a href=\"http:\/\/www.visit-ulcinj.com\/blog\/wp-content\/uploads\/2009\/03\/bjordi-me-te-dsahuren.jpg\"><img loading=\"lazy\" class=\"alignleft size-full wp-image-15922\" title=\"bjordi-me-te-dsahuren-big-brother-albania-2\" src=\"http:\/\/www.visit-ulcinj.com\/blog\/wp-content\/uploads\/2009\/03\/bjordi-me-te-dsahuren.jpg\" alt=\"bjordi-me-te-dsahuren-big-brother-albania-2\" width=\"548\" height=\"347\" \/><\/a><\/p>\n<p>Fotomodelja italiane Marianna Gatto rr\u00ebfen se si e la t\u00eb fejuarin p\u00ebr t\u2019u rikthyer te Bjordi.<\/p>\n<p>Je nj\u00eb nga t\u00eb dashurat q\u00eb Bjordi ka p\u00ebrmendur brenda sht\u00ebpis\u00eb \u201cBig Brother\u201d. E dije?<\/p>\n<p>Po. Miku i tij i ngusht\u00eb q\u00eb jeton n\u00eb Itali, Jeti m\u00eb tregoi p\u00ebr k\u00ebt\u00eb, q\u00eb ai m\u00eb ka p\u00ebrmendur si nj\u00eb \u201cish\u201d. Por un\u00eb do t\u2019i thoja q\u00eb e dua ende.<\/p>\n<p>Ti komunikon ende me Jetin, mikun m\u00eb t\u00eb af\u00ebrt t\u00eb Bjordit?<\/p>\n<p>Jeti \u00ebsht\u00eb miku im, dhe miku m\u00eb i mir\u00eb i Bjordit. Ai di shum\u00eb p\u00ebr lidhjen ton\u00eb. Por fola edhe me kush\u00ebririn e Bjordit q\u00eb jeton n\u00eb Shqip\u00ebri, dhe ai m\u00eb tregoi se Bjordi flet ende p\u00ebr mua brenda \u201cBig Brother\u201d. Jam e impresionuar, nuk ma kishte pritur mendja.<\/p>\n<p>Je n\u00eb dijeni t\u00eb ndonj\u00eb lidhjeje t\u00eb re t\u00eb Bjordit, q\u00eb ka l\u00ebn\u00eb jasht\u00eb sht\u00ebpis\u00eb?<\/p>\n<p>Nuk e di, pasi mendoj se kam qen\u00eb e vetmja e dashur e Bjordit.<\/p>\n<p>\u00c7far\u00eb mendon tani p\u00ebr t\u00eb?<\/p>\n<p>\u00cbsht\u00eb e komplikuar ajo q\u00eb ndiej dhe q\u00eb mund t\u00eb shpreh. Un\u00eb u takova p\u00ebr her\u00eb t\u00eb par\u00eb me Bjordin kur isha 14 vje\u00e7e dhe pas kaq vitesh nuk mund ta harroj kurrsesi at\u00eb q\u00eb kam p\u00ebrjetuar. Mbaj mend takimin n\u00eb banes\u00ebn time n\u00eb Le\u00e7o, n\u00eb kopshtin p\u00ebrpara sht\u00ebpis\u00eb, ku ndodheshin dhe disa miq t\u00eb mi.<\/p>\n<p>Dhe \u00e7far\u00eb ndodhi?<\/p>\n<p>M\u2019u duk shum\u00eb i pash\u00ebm. Ishte nj\u00eb dashuri me shikim t\u00eb par\u00eb dhe direkt pas atij takimi ne filluam t\u00eb frekuentonim nj\u00ebri-tjetrin rregullisht. E k\u00ebshtu nisi nj\u00eb histori e bukur dashurie\u2026<\/p>\n<p>Po e quani histori, na tregoni di\u00e7ka m\u00eb shum\u00eb\u2026<\/p>\n<p>Ne ishim shum\u00eb t\u00eb rinj dhe natyrisht nuk mund t\u00eb quhet nj\u00eb histori serioze. U takuam n\u00eb ver\u00eb dhe ishte nj\u00eb alkimi e v\u00ebrtet\u00eb. Kjo lidhje k\u00ebshtu vazhdoi. Pothuaj \u00e7do ver\u00eb ne vazhduam t\u00eb shihnim nj\u00ebritjetrin dhe flisnim shpesh n\u00eb telefon. Por nj\u00eb prej k\u00ebtyre pushimeve kur u ktheva n\u00eb Le\u00e7o, ai nuk ishte k\u00ebtu. K\u00ebrkova t\u00eb kontaktoj me t\u00eb, pyeta gjith\u00eb miqt\u00eb e tij por askush nuk m\u00eb tregoi se ku kishte shkuar. Kjo ishte shk\u00ebputja e par\u00eb\u2026<\/p>\n<p>Dhe si u rigjet\u00ebt?<\/p>\n<p>Kujtoj se dit\u00ebn q\u00eb u b\u00ebra 16 vje\u00e7e e takova n\u00eb plazh, kur shkova t\u00eb blija nj\u00eb akullore. Isha shum\u00eb e lumtur kur e pash\u00eb, sepse personi q\u00eb m\u00eb dha akulloren ishte Bjordi. E prita sa t\u00eb mbaronte pun\u00ebn dhe fol\u00ebm p\u00ebr rreth kat\u00ebr or\u00eb. Ai m\u00eb tregoi n\u00eb at\u00eb ver\u00eb t\u00eb paharrueshme p\u00ebr mua, se kishte shkuar n\u00eb Breshia me mamin e tij, Antonet\u00ebn dhe kishte humbur telefonin bashk\u00eb me t\u00eb gjith\u00eb numrat. E ftova p\u00ebr dit\u00eblindjen time, ku ai m\u00eb tregoi se kurr\u00eb nuk m\u00eb kishte harruar, por q\u00eb ishte lidhur me nj\u00eb tjet\u00ebr vajz\u00eb. Vet\u00ebm pak dit\u00eb m\u00eb von\u00eb u nda prej saj dhe k\u00ebshtu ne rifilluam historin\u00eb ton\u00eb, shum\u00eb m\u00eb e r\u00ebnd\u00ebsishme se n\u00eb fillim. Mendoj se ishte dashuri e v\u00ebrtet\u00eb.<\/p>\n<p>Thoni q\u00eb ai nuk jetonte n\u00eb Le\u00e7o, \u00e7far\u00eb ndodhi me ty gjat\u00eb asaj ndarjeje?<\/p>\n<p>Bjordi dinte t\u00eb dashuronte si asnj\u00eb tjet\u00ebr. Por gjat\u00eb viteve q\u00eb ai nuk jetonte n\u00eb Le\u00e7o un\u00eb pata nj\u00eb tjet\u00ebr lidhje me nj\u00eb tjet\u00ebr djal\u00eb, me t\u00eb cilin u fejova. Me kthimin e Bjordit n\u00eb vjesht\u00eb, un\u00eb vendosa t\u2019i jepja fund lidhjes, pasi e ndjeva q\u00eb kisha b\u00ebr\u00eb gabim t\u00eb r\u00ebnd\u00eb.<\/p>\n<p>\u00c7\u2019mund t\u00eb na thuash p\u00ebr vete dhe kur ke tentuar ta takosh s\u00eb fundi Bjordin?<\/p>\n<p>Un\u00eb jam 19 vje\u00e7e, jam vajz\u00eb e vetme dhe jetoj e ndar\u00eb nga prind\u00ebrit, vet\u00ebm me qenushin tim Maya. Studioj n\u00eb lice p\u00ebr muzik\u00eb klasike. N\u00eb janar k\u00ebrkova ta takoja Bjordin k\u00ebtu n\u00eb Le\u00e7o, e t\u00eb flisja me t\u00eb, por nuk munda pasi ai kishte hyr\u00eb n\u00eb \u201cBig Brother Albania\u201d, (fati i keq p\u00ebr mua).<\/p>\n<p>Na thuaj ndonj\u00eb detaj t\u00eb lidhjes suaj?<\/p>\n<p>Ai zakonisht m\u00eb fliste \u201cMaryjane\u201d. M\u00eb ka dedikuar nj\u00eb k\u00ebng\u00eb, q\u00eb tregon p\u00ebr \u201cMaryjane of spiderman\u201d, filmi i tij i preferuar. K\u00ebnga thot\u00eb: \u201cDo p\u00ebrpiqem t\u00eb b\u00ebhem i fort\u00eb p\u00ebr t\u00eb, p\u00ebrpiqem t\u00eb mos b\u00ebj gabime me t\u00eb, por ajo nuk do t\u00eb m\u00eb pres\u00eb mua, asnj\u00ebher\u00eb, asnj\u00ebher\u00eb\u2026<\/p>\n<p>Si mund ta p\u00ebrshkruash Bjordin?<\/p>\n<p>Mendoj se ishte fantastik. Djali m\u00eb i r\u00ebnd\u00ebsish\u00ebm dhe i jasht\u00ebzakonsh\u00ebm q\u00eb kam takuar ndonj\u00ebher\u00eb. Ai do fitoj\u00eb \u201cBig Brother\u201d, dhe m\u00eb duhet t\u00eb pres. Dua ta takoj e t\u2019i them fjal\u00ebt m\u00eb t\u00eb mira. Ne e kuptojm\u00eb se sa shum\u00eb na ka b\u00ebr\u00eb t\u00eb lumtur dikush kur e humbim at\u00eb, dhe them se \u00ebsht\u00eb e v\u00ebrtet\u00eb. Por mendoj po ashtu se n\u00ebse di\u00e7ka e duam me t\u00eb v\u00ebrtet\u00eb, i gjith\u00eb universi do t\u00eb l\u00ebviz\u00eb n\u00eb favorin ton\u00eb.<\/p>\n<p>P\u00ebr Adelajd\u00ebn \u00e7\u2019mendim ke, po shohim nj\u00eb lloj afrimiteti mes tyre brenda sht\u00ebpis\u00eb?<\/p>\n<p>(Qesh) Bjordi \u00ebsht\u00eb nj\u00eb djal\u00eb q\u00eb mund t\u00eb p\u00eblqej\u00eb shum\u00eb vajza, por q\u00eb dashuron vet\u00ebm nj\u00eb. Shpresoj q\u00eb vajza q\u00eb ai dashuron, t\u00eb jem un\u00eb.<\/p>\n<p>Si puth Bjordi, si \u00ebsht\u00eb n\u00eb shtrat?<\/p>\n<p>Shum\u00eb i mir\u00eb, por m\u00eb duhet ta kujtoj pasi puthja jon\u00eb e fundit ka ndodhur n\u00eb tetor 2006. \u00cbsht\u00eb shum\u00eb shum\u00eb i \u00ebmb\u00ebl. Mund ta konfirmoj se dhe n\u00eb shtrat ka qen\u00eb i mrekulluesh\u00ebm.<\/p>\n<p>Si mund ta p\u00ebrkufizosh at\u00eb lidhje?<\/p>\n<p>Isha e dashuruar. Ju s\u2019mund ta imagjinoni dot se \u00e7far\u00eb ndiej un\u00eb p\u00ebr Bjordin, edhe pse vitet kan\u00eb kaluar. Ishte dashuria ime e par\u00eb, dhe m\u00eb e mira.<\/p>\n<p>Je nj\u00eb nga vajzat e bukura t\u00eb Le\u00e7os, si t\u00eb shohin t\u00eb tjer\u00ebt?<\/p>\n<p>Un\u00eb punoj si fotomodele n\u00eb agjencin\u00eb e mod\u00ebs \u201cJohn Casablancas Italia\u201d n\u00eb Milano, por nuk dua t\u2019ua them t\u00eb tjer\u00ebve k\u00ebt\u00eb fakt pasi Lecco \u00ebsht\u00eb nj\u00eb qytet i vog\u00ebl dhe shum\u00eb gj\u00ebra keqkuptohen. Gjithsesi vitin tjet\u00ebr do t\u00eb zhvendosem n\u00eb Milano, ku do t\u2019i p\u00ebrkushtohem universitetit.<\/p>\n<p>Mamin e Bjordit e ke njohur?<\/p>\n<p>Po kur isha 14 vje\u00e7e. Para disa dit\u00ebsh e kam telefonuar p\u00ebr Bjordin, kur pash\u00eb q\u00eb i lexoi letr\u00ebn e t\u00eb atit m\u00eb 27 shkurt gjat\u00eb spektaklit \u201cBig Brother\u201d.<\/p>\n<p>\u00c7\u2019mendon p\u00ebr babain e tij?<\/p>\n<p>Mund t\u00eb them se nuk ka justifikime, n\u00ebse ke braktisur f\u00ebmij\u00ebn t\u00ebnd. Bjordi tani \u00ebsht\u00eb 20 vje\u00e7 dhe kur nj\u00eb prind nuk t\u00eb ka rritur dhe nuk ka qen\u00eb pran\u00eb teje k\u00ebto vite, em\u00ebrtimi \u201cbaba\u201d \u00ebsht\u00eb thjesht nj\u00eb p\u00ebrkufizim. M\u00eb mir\u00eb p\u00ebr t\u00eb do kishte qen\u00eb q\u00eb t\u00eb kontaktonte me t\u00eb birin n\u00eb nj\u00eb tjet\u00ebr m\u00ebnyr\u00eb, jo n\u00ebp\u00ebrmjet \u201cBig Brother\u201d.<\/p>\n<p>Do tentosh t\u00eb komunikosh me Bjordin?<\/p>\n<p>Shpesoj q\u00eb t\u00eb lexohet kjo intervist\u00eb dhe t\u00eb m\u00eb ndihmoj\u00eb dikush q\u00eb t\u2019i d\u00ebrgoj nj\u00eb mesazh Bjordit, ku t\u2019i them se e pres ende.<\/p>\n","protected":false},"excerpt":{"rendered":"<p>Fotomodelja italiane Marianna Gatto rr\u00ebfen se si e la t\u00eb fejuarin p\u00ebr t\u2019u rikthyer te Bjordi. Je nj\u00eb nga t\u00eb dashurat q\u00eb Bjordi ka p\u00ebrmendur brenda sht\u00ebpis\u00eb \u201cBig Brother\u201d. E dije? Po. Miku i tij i ngusht\u00eb q\u00eb jeton n\u00eb Itali, Jeti m\u00eb tregoi p\u00ebr k\u00ebt\u00eb, q\u00eb ai m\u00eb ka p\u00ebrmendur si nj\u00eb \u201cish\u201d. Por [&hellip;]<\/p>\n","protected":false},"author":1,"featured_media":0,"comment_status":"open","ping_status":"closed","sticky":false,"template":"","format":"standard","meta":{"spay_email":"","jetpack_publicize_message":"","jetpack_is_tweetstorm":false,"jetpack_publicize_feature_enabled":true},"categories":[6502],"tags":[6529,5057,6506,6516,6712,7129,6522,8422,6544,8355,6891,6693,6887],"jetpack_publicize_connections":[],"yoast_head":"<!-- This site is optimized with the Yoast SEO plugin v19.1 - https:\/\/yoast.com\/wordpress\/plugins\/seo\/ -->\n<title>Bjordi ishte fantastik n\u00eb krevat dhe nj\u00eb xhent\u00eblmen i papar\u00eb - Lajme nga Ulqini<\/title>\n<meta name=\"description\" content=\"Fotomodelja italiane Marianna Gatto rr\u00ebfen se si e la t\u00eb fejuarin p\u00ebr t\u2019u rikthyer te Bjordi. Je nj\u00eb nga t\u00eb dashurat q\u00eb Bjordi ka p\u00ebrmendur brenda\" \/>\n<meta name=\"robots\" content=\"index, follow, max-snippet:-1, max-image-preview:large, max-video-preview:-1\" \/>\n<link rel=\"canonical\" href=\"https:\/\/www.visit-ulcinj.com\/blog\/2009\/03\/28\/bjordi-ishte-fantastik-ne-krevat-dhe-nje-xhentelmen-i-papare\/\" \/>\n<meta property=\"og:locale\" content=\"en_US\" \/>\n<meta property=\"og:type\" content=\"article\" \/>\n<meta property=\"og:title\" content=\"Bjordi ishte fantastik n\u00eb krevat dhe nj\u00eb xhent\u00eblmen i papar\u00eb - Lajme nga Ulqini\" \/>\n<meta property=\"og:description\" content=\"Fotomodelja italiane Marianna Gatto rr\u00ebfen se si e la t\u00eb fejuarin p\u00ebr t\u2019u rikthyer te Bjordi. Je nj\u00eb nga t\u00eb dashurat q\u00eb Bjordi ka p\u00ebrmendur brenda\" \/>\n<meta property=\"og:url\" content=\"https:\/\/www.visit-ulcinj.com\/blog\/2009\/03\/28\/bjordi-ishte-fantastik-ne-krevat-dhe-nje-xhentelmen-i-papare\/\" \/>\n<meta property=\"og:site_name\" content=\"Lajme nga Ulqini\" \/>\n<meta property=\"article:published_time\" content=\"2009-03-28T11:39:35+00:00\" \/>\n<meta property=\"og:image\" content=\"http:\/\/www.visit-ulcinj.com\/blog\/wp-content\/uploads\/2009\/03\/bjordi-me-te-dsahuren.jpg\" \/>\n<meta name=\"twitter:label1\" content=\"Written by\" \/>\n\t<meta name=\"twitter:data1\" content=\"ulqini\" \/>\n\t<meta name=\"twitter:label2\" content=\"Est. reading time\" \/>\n\t<meta name=\"twitter:data2\" content=\"6 minutes\" \/>\n<script type=\"application\/ld+json\" class=\"yoast-schema-graph\">{\"@context\":\"https:\/\/schema.org\",\"@graph\":[{\"@type\":\"WebSite\",\"@id\":\"https:\/\/www.visit-ulcinj.com\/blog\/#website\",\"url\":\"https:\/\/www.visit-ulcinj.com\/blog\/\",\"name\":\"Lajme nga Ulqini\",\"description\":\"Lajme,Vijesti,Ulqini,Ulqin,Crna Gora,Mali i Zi\",\"potentialAction\":[{\"@type\":\"SearchAction\",\"target\":{\"@type\":\"EntryPoint\",\"urlTemplate\":\"https:\/\/www.visit-ulcinj.com\/blog\/?s={search_term_string}\"},\"query-input\":\"required name=search_term_string\"}],\"inLanguage\":\"en-US\"},{\"@type\":\"ImageObject\",\"inLanguage\":\"en-US\",\"@id\":\"https:\/\/www.visit-ulcinj.com\/blog\/2009\/03\/28\/bjordi-ishte-fantastik-ne-krevat-dhe-nje-xhentelmen-i-papare\/#primaryimage\",\"url\":\"http:\/\/www.visit-ulcinj.com\/blog\/wp-content\/uploads\/2009\/03\/bjordi-me-te-dsahuren.jpg\",\"contentUrl\":\"http:\/\/www.visit-ulcinj.com\/blog\/wp-content\/uploads\/2009\/03\/bjordi-me-te-dsahuren.jpg\"},{\"@type\":\"WebPage\",\"@id\":\"https:\/\/www.visit-ulcinj.com\/blog\/2009\/03\/28\/bjordi-ishte-fantastik-ne-krevat-dhe-nje-xhentelmen-i-papare\/#webpage\",\"url\":\"https:\/\/www.visit-ulcinj.com\/blog\/2009\/03\/28\/bjordi-ishte-fantastik-ne-krevat-dhe-nje-xhentelmen-i-papare\/\",\"name\":\"Bjordi ishte fantastik n\u00eb krevat dhe nj\u00eb xhent\u00eblmen i papar\u00eb - Lajme nga Ulqini\",\"isPartOf\":{\"@id\":\"https:\/\/www.visit-ulcinj.com\/blog\/#website\"},\"primaryImageOfPage\":{\"@id\":\"https:\/\/www.visit-ulcinj.com\/blog\/2009\/03\/28\/bjordi-ishte-fantastik-ne-krevat-dhe-nje-xhentelmen-i-papare\/#primaryimage\"},\"datePublished\":\"2009-03-28T11:39:35+00:00\",\"dateModified\":\"2009-03-28T11:39:35+00:00\",\"author\":{\"@id\":\"https:\/\/www.visit-ulcinj.com\/blog\/#\/schema\/person\/dcab619c614d3038751c63bc2aadc06d\"},\"description\":\"Fotomodelja italiane Marianna Gatto rr\u00ebfen se si e la t\u00eb fejuarin p\u00ebr t\u2019u rikthyer te Bjordi. Je nj\u00eb nga t\u00eb dashurat q\u00eb Bjordi ka p\u00ebrmendur brenda\",\"breadcrumb\":{\"@id\":\"https:\/\/www.visit-ulcinj.com\/blog\/2009\/03\/28\/bjordi-ishte-fantastik-ne-krevat-dhe-nje-xhentelmen-i-papare\/#breadcrumb\"},\"inLanguage\":\"en-US\",\"potentialAction\":[{\"@type\":\"ReadAction\",\"target\":[\"https:\/\/www.visit-ulcinj.com\/blog\/2009\/03\/28\/bjordi-ishte-fantastik-ne-krevat-dhe-nje-xhentelmen-i-papare\/\"]}]},{\"@type\":\"BreadcrumbList\",\"@id\":\"https:\/\/www.visit-ulcinj.com\/blog\/2009\/03\/28\/bjordi-ishte-fantastik-ne-krevat-dhe-nje-xhentelmen-i-papare\/#breadcrumb\",\"itemListElement\":[{\"@type\":\"ListItem\",\"position\":1,\"name\":\"Bjordi ishte fantastik n\u00eb krevat dhe nj\u00eb xhent\u00eblmen i papar\u00eb\"}]},{\"@type\":\"Person\",\"@id\":\"https:\/\/www.visit-ulcinj.com\/blog\/#\/schema\/person\/dcab619c614d3038751c63bc2aadc06d\",\"name\":\"ulqini\",\"sameAs\":[\"http:\/\/www.visit-ulcinj.com\"],\"url\":\"https:\/\/www.visit-ulcinj.com\/blog\/author\/admin\/\"}]}<\/script>\n<!-- \/ Yoast SEO plugin. -->","yoast_head_json":{"title":"Bjordi ishte fantastik n\u00eb krevat dhe nj\u00eb xhent\u00eblmen i papar\u00eb - Lajme nga Ulqini","description":"Fotomodelja italiane Marianna Gatto rr\u00ebfen se si e la t\u00eb fejuarin p\u00ebr t\u2019u rikthyer te Bjordi. Je nj\u00eb nga t\u00eb dashurat q\u00eb Bjordi ka p\u00ebrmendur brenda","robots":{"index":"index","follow":"follow","max-snippet":"max-snippet:-1","max-image-preview":"max-image-preview:large","max-video-preview":"max-video-preview:-1"},"canonical":"https:\/\/www.visit-ulcinj.com\/blog\/2009\/03\/28\/bjordi-ishte-fantastik-ne-krevat-dhe-nje-xhentelmen-i-papare\/","og_locale":"en_US","og_type":"article","og_title":"Bjordi ishte fantastik n\u00eb krevat dhe nj\u00eb xhent\u00eblmen i papar\u00eb - Lajme nga Ulqini","og_description":"Fotomodelja italiane Marianna Gatto rr\u00ebfen se si e la t\u00eb fejuarin p\u00ebr t\u2019u rikthyer te Bjordi. Je nj\u00eb nga t\u00eb dashurat q\u00eb Bjordi ka p\u00ebrmendur brenda","og_url":"https:\/\/www.visit-ulcinj.com\/blog\/2009\/03\/28\/bjordi-ishte-fantastik-ne-krevat-dhe-nje-xhentelmen-i-papare\/","og_site_name":"Lajme nga Ulqini","article_published_time":"2009-03-28T11:39:35+00:00","og_image":[{"url":"http:\/\/www.visit-ulcinj.com\/blog\/wp-content\/uploads\/2009\/03\/bjordi-me-te-dsahuren.jpg"}],"twitter_misc":{"Written by":"ulqini","Est. reading time":"6 minutes"},"schema":{"@context":"https:\/\/schema.org","@graph":[{"@type":"WebSite","@id":"https:\/\/www.visit-ulcinj.com\/blog\/#website","url":"https:\/\/www.visit-ulcinj.com\/blog\/","name":"Lajme nga Ulqini","description":"Lajme,Vijesti,Ulqini,Ulqin,Crna Gora,Mali i Zi","potentialAction":[{"@type":"SearchAction","target":{"@type":"EntryPoint","urlTemplate":"https:\/\/www.visit-ulcinj.com\/blog\/?s={search_term_string}"},"query-input":"required name=search_term_string"}],"inLanguage":"en-US"},{"@type":"ImageObject","inLanguage":"en-US","@id":"https:\/\/www.visit-ulcinj.com\/blog\/2009\/03\/28\/bjordi-ishte-fantastik-ne-krevat-dhe-nje-xhentelmen-i-papare\/#primaryimage","url":"http:\/\/www.visit-ulcinj.com\/blog\/wp-content\/uploads\/2009\/03\/bjordi-me-te-dsahuren.jpg","contentUrl":"http:\/\/www.visit-ulcinj.com\/blog\/wp-content\/uploads\/2009\/03\/bjordi-me-te-dsahuren.jpg"},{"@type":"WebPage","@id":"https:\/\/www.visit-ulcinj.com\/blog\/2009\/03\/28\/bjordi-ishte-fantastik-ne-krevat-dhe-nje-xhentelmen-i-papare\/#webpage","url":"https:\/\/www.visit-ulcinj.com\/blog\/2009\/03\/28\/bjordi-ishte-fantastik-ne-krevat-dhe-nje-xhentelmen-i-papare\/","name":"Bjordi ishte fantastik n\u00eb krevat dhe nj\u00eb xhent\u00eblmen i papar\u00eb - Lajme nga Ulqini","isPartOf":{"@id":"https:\/\/www.visit-ulcinj.com\/blog\/#website"},"primaryImageOfPage":{"@id":"https:\/\/www.visit-ulcinj.com\/blog\/2009\/03\/28\/bjordi-ishte-fantastik-ne-krevat-dhe-nje-xhentelmen-i-papare\/#primaryimage"},"datePublished":"2009-03-28T11:39:35+00:00","dateModified":"2009-03-28T11:39:35+00:00","author":{"@id":"https:\/\/www.visit-ulcinj.com\/blog\/#\/schema\/person\/dcab619c614d3038751c63bc2aadc06d"},"description":"Fotomodelja italiane Marianna Gatto rr\u00ebfen se si e la t\u00eb fejuarin p\u00ebr t\u2019u rikthyer te Bjordi. Je nj\u00eb nga t\u00eb dashurat q\u00eb Bjordi ka p\u00ebrmendur brenda","breadcrumb":{"@id":"https:\/\/www.visit-ulcinj.com\/blog\/2009\/03\/28\/bjordi-ishte-fantastik-ne-krevat-dhe-nje-xhentelmen-i-papare\/#breadcrumb"},"inLanguage":"en-US","potentialAction":[{"@type":"ReadAction","target":["https:\/\/www.visit-ulcinj.com\/blog\/2009\/03\/28\/bjordi-ishte-fantastik-ne-krevat-dhe-nje-xhentelmen-i-papare\/"]}]},{"@type":"BreadcrumbList","@id":"https:\/\/www.visit-ulcinj.com\/blog\/2009\/03\/28\/bjordi-ishte-fantastik-ne-krevat-dhe-nje-xhentelmen-i-papare\/#breadcrumb","itemListElement":[{"@type":"ListItem","position":1,"name":"Bjordi ishte fantastik n\u00eb krevat dhe nj\u00eb xhent\u00eblmen i papar\u00eb"}]},{"@type":"Person","@id":"https:\/\/www.visit-ulcinj.com\/blog\/#\/schema\/person\/dcab619c614d3038751c63bc2aadc06d","name":"ulqini","sameAs":["http:\/\/www.visit-ulcinj.com"],"url":"https:\/\/www.visit-ulcinj.com\/blog\/author\/admin\/"}]}},"jetpack_featured_media_url":"","jetpack_sharing_enabled":true,"jetpack_shortlink":"https:\/\/wp.me\/pe6lTn-48N","_links":{"self":[{"href":"https:\/\/www.visit-ulcinj.com\/blog\/wp-json\/wp\/v2\/posts\/15921"}],"collection":[{"href":"https:\/\/www.visit-ulcinj.com\/blog\/wp-json\/wp\/v2\/posts"}],"about":[{"href":"https:\/\/www.visit-ulcinj.com\/blog\/wp-json\/wp\/v2\/types\/post"}],"author":[{"embeddable":true,"href":"https:\/\/www.visit-ulcinj.com\/blog\/wp-json\/wp\/v2\/users\/1"}],"replies":[{"embeddable":true,"href":"https:\/\/www.visit-ulcinj.com\/blog\/wp-json\/wp\/v2\/comments?post=15921"}],"version-history":[{"count":0,"href":"https:\/\/www.visit-ulcinj.com\/blog\/wp-json\/wp\/v2\/posts\/15921\/revisions"}],"wp:attachment":[{"href":"https:\/\/www.visit-ulcinj.com\/blog\/wp-json\/wp\/v2\/media?parent=15921"}],"wp:term":[{"taxonomy":"category","embeddable":true,"href":"https:\/\/www.visit-ulcinj.com\/blog\/wp-json\/wp\/v2\/categories?post=15921"},{"taxonomy":"post_tag","embeddable":true,"href":"https:\/\/www.visit-ulcinj.com\/blog\/wp-json\/wp\/v2\/tags?post=15921"}],"curies":[{"name":"wp","href":"https:\/\/api.w.org\/{rel}","templated":true}]}}