{"id":1593,"date":"2008-05-16T11:37:45","date_gmt":"2008-05-16T16:37:45","guid":{"rendered":"http:\/\/www.visit-ulcinj.com\/blog\/?p=1593"},"modified":"2008-05-16T11:37:45","modified_gmt":"2008-05-16T16:37:45","slug":"americki-ambasador-u-crnoj-gori-roderik-mur-ponovo-indirektno-sugerisao-crnoj-gori-da-prizna-nezavisnost-pristine","status":"publish","type":"post","link":"https:\/\/www.visit-ulcinj.com\/blog\/2008\/05\/16\/americki-ambasador-u-crnoj-gori-roderik-mur-ponovo-indirektno-sugerisao-crnoj-gori-da-prizna-nezavisnost-pristine\/","title":{"rendered":"Ameri?ki ambasador u Crnoj Gori Roderik Mur ponovo indirektno sugerisao Crnoj Gori da prizna nezavisnost Pri\u0161tine"},"content":{"rendered":"<p><img loading=\"lazy\" class=\"alignleft\" style=\"float: left;\" src=\"http:\/\/www.republika.cg.yu\/slike\/107593v.jpg\" alt=\"RODERIK MUR\" width=\"227\" height=\"159\" \/><strong>Crna Gora sama donosi odluku o Kosovu<\/strong><br \/>\nAmeri?ki ambasador u Podgorici Roderik Mur kazao je ju?e da se nada da ?e Crna Gora prilikom dono\u0161enja odluke o priznavanju nezavisnosti Kosova uzeti u obzir ?injenicu da je samostalnost Pri\u0161tine priznalo ogromna ve?ina ?lanica Evropske unije i NATO i priznao da se Podgorica po tom pitanju nalazi u delikatnoj poziciji.<br \/>\nOn je istakao &#8221;da se nada da ?e Crna Gora, kao i sve ostale zemlje u regionu, kada je u pitanju priznanje Kosova, uskladiti svoje stavove i sa evro-atlantskim partnerima&#8221;.<br \/>\n&#8211; ?injenica je da je ve? 70 odsto ?lanica EU ve? priznale Kosovo i oko tri ?etvrtine dr\u017eava ?lanica NATO je to uradilo, tako da se nadamo da ?e na kraju krajeva Crna Gora, prilikom dono\u0161enja svoje odluke i to uzeti u obzir. U svakom slu?aju ne?emo uticati na Crnu Goru, jer razumijemo koliko je to te\u0161ko pitanje za vas \u2013 kazao je Mur za Republiku.<br \/>\nOn je ocijenio da ?e odluku o priznavanju nezavisnosti Kosova morati da donese sama Crna Gora.<br \/>\n&#8211; Vi\u0161e puta do sad sam izjavljivao da SAD u potpunosti razumiju koliko je to delikatno pitanje za Crnu Goru \u2013 podsjetio je Mur.<br \/>\nOn je kazao da SAD \u017eeli da Crna Gora i Srbija imaju odli?ne odnose, i ponovio da o?ekuju da ti odnosi budu dobri i sa novim susjedom, kao dr\u017eavom, odnosno Kosovom.<br \/>\n&#8211; Isto tako razumijemo da u Crnoj Gori \u017eive i Srbi i Albanci, tako da va\u0161e vlasti to moraju uzeti u obzir &#8211; naveo je Mur.<br \/>\n<strong>D.\u0160.<br \/>\nIzvor \/ Republika<\/strong><\/p>\n","protected":false},"excerpt":{"rendered":"<p><img loading=\"lazy\" class=\"alignleft\" style=\"float: left;\" src=\"http:\/\/www.republika.cg.yu\/slike\/107593v.jpg\" alt=\"RODERIK MUR\" width=\"140\" height=\"140\" \/><\/p>\n","protected":false},"author":1,"featured_media":0,"comment_status":"open","ping_status":"closed","sticky":false,"template":"","format":"standard","meta":{"spay_email":"","jetpack_publicize_message":"","jetpack_is_tweetstorm":false,"jetpack_publicize_feature_enabled":true},"categories":[1,12],"tags":[3209,20,49,788,1099],"jetpack_publicize_connections":[],"yoast_head":"<!-- This site is optimized with the Yoast SEO plugin v19.1 - https:\/\/yoast.com\/wordpress\/plugins\/seo\/ -->\n<title>Ameri?ki ambasador u Crnoj Gori Roderik Mur ponovo indirektno sugerisao Crnoj Gori da prizna nezavisnost Pri\u0161tine - Lajme nga Ulqini<\/title>\n<meta name=\"robots\" content=\"index, follow, max-snippet:-1, max-image-preview:large, max-video-preview:-1\" \/>\n<link rel=\"canonical\" href=\"https:\/\/www.visit-ulcinj.com\/blog\/2008\/05\/16\/americki-ambasador-u-crnoj-gori-roderik-mur-ponovo-indirektno-sugerisao-crnoj-gori-da-prizna-nezavisnost-pristine\/\" \/>\n<meta property=\"og:locale\" content=\"en_US\" \/>\n<meta property=\"og:type\" content=\"article\" \/>\n<meta property=\"og:title\" content=\"Ameri?ki ambasador u Crnoj Gori Roderik Mur ponovo indirektno sugerisao Crnoj Gori da prizna nezavisnost Pri\u0161tine - Lajme nga Ulqini\" \/>\n<meta property=\"og:url\" content=\"https:\/\/www.visit-ulcinj.com\/blog\/2008\/05\/16\/americki-ambasador-u-crnoj-gori-roderik-mur-ponovo-indirektno-sugerisao-crnoj-gori-da-prizna-nezavisnost-pristine\/\" \/>\n<meta property=\"og:site_name\" content=\"Lajme nga Ulqini\" \/>\n<meta property=\"article:published_time\" content=\"2008-05-16T16:37:45+00:00\" \/>\n<meta property=\"og:image\" content=\"http:\/\/www.republika.cg.yu\/slike\/107593v.jpg\" \/>\n<meta name=\"twitter:label1\" content=\"Written by\" \/>\n\t<meta name=\"twitter:data1\" content=\"ulqini\" \/>\n\t<meta name=\"twitter:label2\" content=\"Est. reading time\" \/>\n\t<meta name=\"twitter:data2\" content=\"1 minute\" \/>\n<script type=\"application\/ld+json\" class=\"yoast-schema-graph\">{\"@context\":\"https:\/\/schema.org\",\"@graph\":[{\"@type\":\"WebSite\",\"@id\":\"https:\/\/www.visit-ulcinj.com\/blog\/#website\",\"url\":\"https:\/\/www.visit-ulcinj.com\/blog\/\",\"name\":\"Lajme nga Ulqini\",\"description\":\"Lajme,Vijesti,Ulqini,Ulqin,Crna Gora,Mali i Zi\",\"potentialAction\":[{\"@type\":\"SearchAction\",\"target\":{\"@type\":\"EntryPoint\",\"urlTemplate\":\"https:\/\/www.visit-ulcinj.com\/blog\/?s={search_term_string}\"},\"query-input\":\"required name=search_term_string\"}],\"inLanguage\":\"en-US\"},{\"@type\":\"ImageObject\",\"inLanguage\":\"en-US\",\"@id\":\"https:\/\/www.visit-ulcinj.com\/blog\/2008\/05\/16\/americki-ambasador-u-crnoj-gori-roderik-mur-ponovo-indirektno-sugerisao-crnoj-gori-da-prizna-nezavisnost-pristine\/#primaryimage\",\"url\":\"http:\/\/www.republika.cg.yu\/slike\/107593v.jpg\",\"contentUrl\":\"http:\/\/www.republika.cg.yu\/slike\/107593v.jpg\"},{\"@type\":\"WebPage\",\"@id\":\"https:\/\/www.visit-ulcinj.com\/blog\/2008\/05\/16\/americki-ambasador-u-crnoj-gori-roderik-mur-ponovo-indirektno-sugerisao-crnoj-gori-da-prizna-nezavisnost-pristine\/#webpage\",\"url\":\"https:\/\/www.visit-ulcinj.com\/blog\/2008\/05\/16\/americki-ambasador-u-crnoj-gori-roderik-mur-ponovo-indirektno-sugerisao-crnoj-gori-da-prizna-nezavisnost-pristine\/\",\"name\":\"Ameri?ki ambasador u Crnoj Gori Roderik Mur ponovo indirektno sugerisao Crnoj Gori da prizna nezavisnost Pri\u0161tine - Lajme nga Ulqini\",\"isPartOf\":{\"@id\":\"https:\/\/www.visit-ulcinj.com\/blog\/#website\"},\"primaryImageOfPage\":{\"@id\":\"https:\/\/www.visit-ulcinj.com\/blog\/2008\/05\/16\/americki-ambasador-u-crnoj-gori-roderik-mur-ponovo-indirektno-sugerisao-crnoj-gori-da-prizna-nezavisnost-pristine\/#primaryimage\"},\"datePublished\":\"2008-05-16T16:37:45+00:00\",\"dateModified\":\"2008-05-16T16:37:45+00:00\",\"author\":{\"@id\":\"https:\/\/www.visit-ulcinj.com\/blog\/#\/schema\/person\/dcab619c614d3038751c63bc2aadc06d\"},\"breadcrumb\":{\"@id\":\"https:\/\/www.visit-ulcinj.com\/blog\/2008\/05\/16\/americki-ambasador-u-crnoj-gori-roderik-mur-ponovo-indirektno-sugerisao-crnoj-gori-da-prizna-nezavisnost-pristine\/#breadcrumb\"},\"inLanguage\":\"en-US\",\"potentialAction\":[{\"@type\":\"ReadAction\",\"target\":[\"https:\/\/www.visit-ulcinj.com\/blog\/2008\/05\/16\/americki-ambasador-u-crnoj-gori-roderik-mur-ponovo-indirektno-sugerisao-crnoj-gori-da-prizna-nezavisnost-pristine\/\"]}]},{\"@type\":\"BreadcrumbList\",\"@id\":\"https:\/\/www.visit-ulcinj.com\/blog\/2008\/05\/16\/americki-ambasador-u-crnoj-gori-roderik-mur-ponovo-indirektno-sugerisao-crnoj-gori-da-prizna-nezavisnost-pristine\/#breadcrumb\",\"itemListElement\":[{\"@type\":\"ListItem\",\"position\":1,\"name\":\"Ameri?ki ambasador u Crnoj Gori Roderik Mur ponovo indirektno sugerisao Crnoj Gori da prizna nezavisnost Pri\u0161tine\"}]},{\"@type\":\"Person\",\"@id\":\"https:\/\/www.visit-ulcinj.com\/blog\/#\/schema\/person\/dcab619c614d3038751c63bc2aadc06d\",\"name\":\"ulqini\",\"sameAs\":[\"http:\/\/www.visit-ulcinj.com\"],\"url\":\"https:\/\/www.visit-ulcinj.com\/blog\/author\/admin\/\"}]}<\/script>\n<!-- \/ Yoast SEO plugin. -->","yoast_head_json":{"title":"Ameri?ki ambasador u Crnoj Gori Roderik Mur ponovo indirektno sugerisao Crnoj Gori da prizna nezavisnost Pri\u0161tine - Lajme nga Ulqini","robots":{"index":"index","follow":"follow","max-snippet":"max-snippet:-1","max-image-preview":"max-image-preview:large","max-video-preview":"max-video-preview:-1"},"canonical":"https:\/\/www.visit-ulcinj.com\/blog\/2008\/05\/16\/americki-ambasador-u-crnoj-gori-roderik-mur-ponovo-indirektno-sugerisao-crnoj-gori-da-prizna-nezavisnost-pristine\/","og_locale":"en_US","og_type":"article","og_title":"Ameri?ki ambasador u Crnoj Gori Roderik Mur ponovo indirektno sugerisao Crnoj Gori da prizna nezavisnost Pri\u0161tine - Lajme nga Ulqini","og_url":"https:\/\/www.visit-ulcinj.com\/blog\/2008\/05\/16\/americki-ambasador-u-crnoj-gori-roderik-mur-ponovo-indirektno-sugerisao-crnoj-gori-da-prizna-nezavisnost-pristine\/","og_site_name":"Lajme nga Ulqini","article_published_time":"2008-05-16T16:37:45+00:00","og_image":[{"url":"http:\/\/www.republika.cg.yu\/slike\/107593v.jpg"}],"twitter_misc":{"Written by":"ulqini","Est. reading time":"1 minute"},"schema":{"@context":"https:\/\/schema.org","@graph":[{"@type":"WebSite","@id":"https:\/\/www.visit-ulcinj.com\/blog\/#website","url":"https:\/\/www.visit-ulcinj.com\/blog\/","name":"Lajme nga Ulqini","description":"Lajme,Vijesti,Ulqini,Ulqin,Crna Gora,Mali i Zi","potentialAction":[{"@type":"SearchAction","target":{"@type":"EntryPoint","urlTemplate":"https:\/\/www.visit-ulcinj.com\/blog\/?s={search_term_string}"},"query-input":"required name=search_term_string"}],"inLanguage":"en-US"},{"@type":"ImageObject","inLanguage":"en-US","@id":"https:\/\/www.visit-ulcinj.com\/blog\/2008\/05\/16\/americki-ambasador-u-crnoj-gori-roderik-mur-ponovo-indirektno-sugerisao-crnoj-gori-da-prizna-nezavisnost-pristine\/#primaryimage","url":"http:\/\/www.republika.cg.yu\/slike\/107593v.jpg","contentUrl":"http:\/\/www.republika.cg.yu\/slike\/107593v.jpg"},{"@type":"WebPage","@id":"https:\/\/www.visit-ulcinj.com\/blog\/2008\/05\/16\/americki-ambasador-u-crnoj-gori-roderik-mur-ponovo-indirektno-sugerisao-crnoj-gori-da-prizna-nezavisnost-pristine\/#webpage","url":"https:\/\/www.visit-ulcinj.com\/blog\/2008\/05\/16\/americki-ambasador-u-crnoj-gori-roderik-mur-ponovo-indirektno-sugerisao-crnoj-gori-da-prizna-nezavisnost-pristine\/","name":"Ameri?ki ambasador u Crnoj Gori Roderik Mur ponovo indirektno sugerisao Crnoj Gori da prizna nezavisnost Pri\u0161tine - Lajme nga Ulqini","isPartOf":{"@id":"https:\/\/www.visit-ulcinj.com\/blog\/#website"},"primaryImageOfPage":{"@id":"https:\/\/www.visit-ulcinj.com\/blog\/2008\/05\/16\/americki-ambasador-u-crnoj-gori-roderik-mur-ponovo-indirektno-sugerisao-crnoj-gori-da-prizna-nezavisnost-pristine\/#primaryimage"},"datePublished":"2008-05-16T16:37:45+00:00","dateModified":"2008-05-16T16:37:45+00:00","author":{"@id":"https:\/\/www.visit-ulcinj.com\/blog\/#\/schema\/person\/dcab619c614d3038751c63bc2aadc06d"},"breadcrumb":{"@id":"https:\/\/www.visit-ulcinj.com\/blog\/2008\/05\/16\/americki-ambasador-u-crnoj-gori-roderik-mur-ponovo-indirektno-sugerisao-crnoj-gori-da-prizna-nezavisnost-pristine\/#breadcrumb"},"inLanguage":"en-US","potentialAction":[{"@type":"ReadAction","target":["https:\/\/www.visit-ulcinj.com\/blog\/2008\/05\/16\/americki-ambasador-u-crnoj-gori-roderik-mur-ponovo-indirektno-sugerisao-crnoj-gori-da-prizna-nezavisnost-pristine\/"]}]},{"@type":"BreadcrumbList","@id":"https:\/\/www.visit-ulcinj.com\/blog\/2008\/05\/16\/americki-ambasador-u-crnoj-gori-roderik-mur-ponovo-indirektno-sugerisao-crnoj-gori-da-prizna-nezavisnost-pristine\/#breadcrumb","itemListElement":[{"@type":"ListItem","position":1,"name":"Ameri?ki ambasador u Crnoj Gori Roderik Mur ponovo indirektno sugerisao Crnoj Gori da prizna nezavisnost Pri\u0161tine"}]},{"@type":"Person","@id":"https:\/\/www.visit-ulcinj.com\/blog\/#\/schema\/person\/dcab619c614d3038751c63bc2aadc06d","name":"ulqini","sameAs":["http:\/\/www.visit-ulcinj.com"],"url":"https:\/\/www.visit-ulcinj.com\/blog\/author\/admin\/"}]}},"jetpack_featured_media_url":"","jetpack_sharing_enabled":true,"jetpack_shortlink":"https:\/\/wp.me\/pe6lTn-pH","_links":{"self":[{"href":"https:\/\/www.visit-ulcinj.com\/blog\/wp-json\/wp\/v2\/posts\/1593"}],"collection":[{"href":"https:\/\/www.visit-ulcinj.com\/blog\/wp-json\/wp\/v2\/posts"}],"about":[{"href":"https:\/\/www.visit-ulcinj.com\/blog\/wp-json\/wp\/v2\/types\/post"}],"author":[{"embeddable":true,"href":"https:\/\/www.visit-ulcinj.com\/blog\/wp-json\/wp\/v2\/users\/1"}],"replies":[{"embeddable":true,"href":"https:\/\/www.visit-ulcinj.com\/blog\/wp-json\/wp\/v2\/comments?post=1593"}],"version-history":[{"count":0,"href":"https:\/\/www.visit-ulcinj.com\/blog\/wp-json\/wp\/v2\/posts\/1593\/revisions"}],"wp:attachment":[{"href":"https:\/\/www.visit-ulcinj.com\/blog\/wp-json\/wp\/v2\/media?parent=1593"}],"wp:term":[{"taxonomy":"category","embeddable":true,"href":"https:\/\/www.visit-ulcinj.com\/blog\/wp-json\/wp\/v2\/categories?post=1593"},{"taxonomy":"post_tag","embeddable":true,"href":"https:\/\/www.visit-ulcinj.com\/blog\/wp-json\/wp\/v2\/tags?post=1593"}],"curies":[{"name":"wp","href":"https:\/\/api.w.org\/{rel}","templated":true}]}}