{"id":15939,"date":"2009-03-28T14:15:03","date_gmt":"2009-03-28T13:15:03","guid":{"rendered":"http:\/\/www.visit-ulcinj.com\/blog\/?p=15939"},"modified":"2009-03-28T13:58:33","modified_gmt":"2009-03-28T12:58:33","slug":"kavaja-deshiron-fituesen-e-saj-big-brother-albania-2","status":"publish","type":"post","link":"https:\/\/www.visit-ulcinj.com\/blog\/2009\/03\/28\/kavaja-deshiron-fituesen-e-saj-big-brother-albania-2\/","title":{"rendered":"Kavaja d\u00ebshiron fituesen e saj | Big Brother Albania 2"},"content":{"rendered":"<p>\u00a0<\/p>\n<p class=\"MsoNormal\"><em><a href=\"http:\/\/www.visit-ulcinj.com\/blog\/wp-content\/uploads\/2009\/03\/kavaja-adelajda-big-brother-albania-2.jpg\"><img loading=\"lazy\" class=\"alignleft size-full wp-image-15940\" title=\"kavaja-adelajda-big-brother-albania-2\" src=\"http:\/\/www.visit-ulcinj.com\/blog\/wp-content\/uploads\/2009\/03\/kavaja-adelajda-big-brother-albania-2.jpg\" alt=\"kavaja-adelajda-big-brother-albania-2\" width=\"398\" height=\"466\" \/><\/a>N\u00eb faqet e gazet\u00ebs s\u00eb qytetit \u201cKavaja progres\u201d, t\u00eb rinjt\u00eb p\u00ebrkrahin Adel\u00ebn<\/em><\/p>\n<p class=\"MsoNormal\">Bashk\u00ebmoshatar\u00ebt e saj, madje edhe t\u00eb rinj gjimnazist\u00eb, shprehen se sjellja q\u00eb po tregon Adela n\u00eb \u201cBig Brother\u201d nuk \u00ebsht\u00eb loj\u00eb, por pjes\u00eb e sinqeritetit t\u00eb saj. Ne e pranojm\u00eb deklarimin e saj, kur mendojm\u00eb se ballafaqohen dy breza, por nj\u00ebkoh\u00ebsisht e mb\u00ebshtesim fort. Respektojm\u00eb \u00e7do ndjenj\u00eb q\u00eb buron nga nj\u00eb shpirt i past\u00ebr, qoft\u00eb edhe i l\u00ebnduar. Ndihemi mir\u00eb, tha nj\u00eb gjimnazist, kur na k\u00ebrkohet mb\u00ebshtetje p\u00ebr t\u00eb thyer konservatorizmin, apo fanatizmin q\u00eb v\u00ebrtet ekziston n\u00eb nj\u00eb qytet maskilist si Kavaja. Mb\u00ebshtetja jon\u00eb konsiston n\u00eb vlerat e v\u00ebrteta q\u00eb kemi si shoq\u00ebri dhe k\u00ebto duhen b\u00ebr\u00eb me prezantime dinjitoze. Kudo q\u00eb debutojm\u00eb kemi l\u00ebn\u00eb gjurm\u00eb, mjaft t\u00eb kujtojm\u00eb k\u00ebng\u00ebtaren e madhe t\u00eb festivaleve Parashqevi Simakun, triumfuesin tek &#8220;Ethet&#8221; Erti Hizmo dhe tani \u00ebsht\u00eb radha e Adelajd\u00ebs n\u00eb \u201cBig Brother\u201d. N\u00ebp\u00ebrmjet k\u00ebtij opinioni i urojm\u00eb Adel\u00ebs suksese dhe kurajo p\u00ebr sfidat q\u00eb e presin si konkurruesja m\u00eb e fort\u00eb n\u00eb k\u00ebt\u00eb \u201creality\u201d. Bashk\u00eb me urimin, ftojm\u00eb opinionin e sh\u00ebndosh\u00eb t\u00eb Kavaj\u00ebs t\u00eb mb\u00ebshtesin Adel\u00ebn, p\u00ebr t\u00eb treguar se pjesa e emancipuar e shoq\u00ebris\u00eb \u00ebsht\u00eb m\u00eb e madhe se ajo pjes\u00eb q\u00eb nuk e do emancipimin.\u00a0<\/p>\n","protected":false},"excerpt":{"rendered":"<p>\u00a0 N\u00eb faqet e gazet\u00ebs s\u00eb qytetit \u201cKavaja progres\u201d, t\u00eb rinjt\u00eb p\u00ebrkrahin Adel\u00ebn Bashk\u00ebmoshatar\u00ebt e saj, madje edhe t\u00eb rinj gjimnazist\u00eb, shprehen se sjellja q\u00eb po tregon Adela n\u00eb \u201cBig Brother\u201d nuk \u00ebsht\u00eb loj\u00eb, por pjes\u00eb e sinqeritetit t\u00eb saj. Ne e pranojm\u00eb deklarimin e saj, kur mendojm\u00eb se ballafaqohen dy breza, por nj\u00ebkoh\u00ebsisht e [&hellip;]<\/p>\n","protected":false},"author":1,"featured_media":0,"comment_status":"open","ping_status":"closed","sticky":false,"template":"","format":"standard","meta":{"spay_email":"","jetpack_publicize_message":"","jetpack_is_tweetstorm":false,"jetpack_publicize_feature_enabled":true},"categories":[6502],"tags":[6529,6525,5057,6506,6516,6712,7129,6522,8426,6544,6757,6891,6693,6887],"jetpack_publicize_connections":[],"yoast_head":"<!-- This site is optimized with the Yoast SEO plugin v19.1 - https:\/\/yoast.com\/wordpress\/plugins\/seo\/ -->\n<title>Kavaja d\u00c3\u00abshiron fituesen e saj | Big Brother Albania 2<\/title>\n<meta name=\"description\" content=\"Big Brother Albania 2 - N\u00c3\u00ab faqet e gazet\u00c3\u00abs s\u00c3\u00ab qytetit \u00e2\u20ac\u0153Kavaja progres\u00e2\u20ac\u009d, t\u00c3\u00ab rinjt\u00c3\u00ab p\u00c3\u00abrkrahin Adel\u00c3\u00abn\" \/>\n<meta name=\"robots\" content=\"index, follow, max-snippet:-1, max-image-preview:large, max-video-preview:-1\" \/>\n<link rel=\"canonical\" href=\"https:\/\/www.visit-ulcinj.com\/blog\/2009\/03\/28\/kavaja-deshiron-fituesen-e-saj-big-brother-albania-2\/\" \/>\n<meta property=\"og:locale\" content=\"en_US\" \/>\n<meta property=\"og:type\" content=\"article\" \/>\n<meta property=\"og:title\" content=\"Kavaja d\u00c3\u00abshiron fituesen e saj | Big Brother Albania 2\" \/>\n<meta property=\"og:description\" content=\"Big Brother Albania 2 - N\u00c3\u00ab faqet e gazet\u00c3\u00abs s\u00c3\u00ab qytetit \u00e2\u20ac\u0153Kavaja progres\u00e2\u20ac\u009d, t\u00c3\u00ab rinjt\u00c3\u00ab p\u00c3\u00abrkrahin Adel\u00c3\u00abn\" \/>\n<meta property=\"og:url\" content=\"https:\/\/www.visit-ulcinj.com\/blog\/2009\/03\/28\/kavaja-deshiron-fituesen-e-saj-big-brother-albania-2\/\" \/>\n<meta property=\"og:site_name\" content=\"Lajme nga Ulqini\" \/>\n<meta property=\"article:published_time\" content=\"2009-03-28T13:15:03+00:00\" \/>\n<meta property=\"article:modified_time\" content=\"2009-03-28T12:58:33+00:00\" \/>\n<meta property=\"og:image\" content=\"http:\/\/www.visit-ulcinj.com\/blog\/wp-content\/uploads\/2009\/03\/kavaja-adelajda-big-brother-albania-2.jpg\" \/>\n<meta name=\"twitter:label1\" content=\"Written by\" \/>\n\t<meta name=\"twitter:data1\" content=\"ulqini\" \/>\n\t<meta name=\"twitter:label2\" content=\"Est. reading time\" \/>\n\t<meta name=\"twitter:data2\" content=\"1 minute\" \/>\n<script type=\"application\/ld+json\" class=\"yoast-schema-graph\">{\"@context\":\"https:\/\/schema.org\",\"@graph\":[{\"@type\":\"WebSite\",\"@id\":\"https:\/\/www.visit-ulcinj.com\/blog\/#website\",\"url\":\"https:\/\/www.visit-ulcinj.com\/blog\/\",\"name\":\"Lajme nga Ulqini\",\"description\":\"Lajme,Vijesti,Ulqini,Ulqin,Crna Gora,Mali i Zi\",\"potentialAction\":[{\"@type\":\"SearchAction\",\"target\":{\"@type\":\"EntryPoint\",\"urlTemplate\":\"https:\/\/www.visit-ulcinj.com\/blog\/?s={search_term_string}\"},\"query-input\":\"required name=search_term_string\"}],\"inLanguage\":\"en-US\"},{\"@type\":\"ImageObject\",\"inLanguage\":\"en-US\",\"@id\":\"https:\/\/www.visit-ulcinj.com\/blog\/2009\/03\/28\/kavaja-deshiron-fituesen-e-saj-big-brother-albania-2\/#primaryimage\",\"url\":\"http:\/\/www.visit-ulcinj.com\/blog\/wp-content\/uploads\/2009\/03\/kavaja-adelajda-big-brother-albania-2.jpg\",\"contentUrl\":\"http:\/\/www.visit-ulcinj.com\/blog\/wp-content\/uploads\/2009\/03\/kavaja-adelajda-big-brother-albania-2.jpg\"},{\"@type\":\"WebPage\",\"@id\":\"https:\/\/www.visit-ulcinj.com\/blog\/2009\/03\/28\/kavaja-deshiron-fituesen-e-saj-big-brother-albania-2\/#webpage\",\"url\":\"https:\/\/www.visit-ulcinj.com\/blog\/2009\/03\/28\/kavaja-deshiron-fituesen-e-saj-big-brother-albania-2\/\",\"name\":\"Kavaja d\u00c3\u00abshiron fituesen e saj | Big Brother Albania 2\",\"isPartOf\":{\"@id\":\"https:\/\/www.visit-ulcinj.com\/blog\/#website\"},\"primaryImageOfPage\":{\"@id\":\"https:\/\/www.visit-ulcinj.com\/blog\/2009\/03\/28\/kavaja-deshiron-fituesen-e-saj-big-brother-albania-2\/#primaryimage\"},\"datePublished\":\"2009-03-28T13:15:03+00:00\",\"dateModified\":\"2009-03-28T12:58:33+00:00\",\"author\":{\"@id\":\"https:\/\/www.visit-ulcinj.com\/blog\/#\/schema\/person\/dcab619c614d3038751c63bc2aadc06d\"},\"description\":\"Big Brother Albania 2 - N\u00c3\u00ab faqet e gazet\u00c3\u00abs s\u00c3\u00ab qytetit \u00e2\u20ac\u0153Kavaja progres\u00e2\u20ac\u009d, t\u00c3\u00ab rinjt\u00c3\u00ab p\u00c3\u00abrkrahin Adel\u00c3\u00abn\",\"breadcrumb\":{\"@id\":\"https:\/\/www.visit-ulcinj.com\/blog\/2009\/03\/28\/kavaja-deshiron-fituesen-e-saj-big-brother-albania-2\/#breadcrumb\"},\"inLanguage\":\"en-US\",\"potentialAction\":[{\"@type\":\"ReadAction\",\"target\":[\"https:\/\/www.visit-ulcinj.com\/blog\/2009\/03\/28\/kavaja-deshiron-fituesen-e-saj-big-brother-albania-2\/\"]}]},{\"@type\":\"BreadcrumbList\",\"@id\":\"https:\/\/www.visit-ulcinj.com\/blog\/2009\/03\/28\/kavaja-deshiron-fituesen-e-saj-big-brother-albania-2\/#breadcrumb\",\"itemListElement\":[{\"@type\":\"ListItem\",\"position\":1,\"name\":\"Kavaja d\u00ebshiron fituesen e saj | Big Brother Albania 2\"}]},{\"@type\":\"Person\",\"@id\":\"https:\/\/www.visit-ulcinj.com\/blog\/#\/schema\/person\/dcab619c614d3038751c63bc2aadc06d\",\"name\":\"ulqini\",\"sameAs\":[\"http:\/\/www.visit-ulcinj.com\"],\"url\":\"https:\/\/www.visit-ulcinj.com\/blog\/author\/admin\/\"}]}<\/script>\n<!-- \/ Yoast SEO plugin. -->","yoast_head_json":{"title":"Kavaja d\u00c3\u00abshiron fituesen e saj | Big Brother Albania 2","description":"Big Brother Albania 2 - N\u00c3\u00ab faqet e gazet\u00c3\u00abs s\u00c3\u00ab qytetit \u00e2\u20ac\u0153Kavaja progres\u00e2\u20ac\u009d, t\u00c3\u00ab rinjt\u00c3\u00ab p\u00c3\u00abrkrahin Adel\u00c3\u00abn","robots":{"index":"index","follow":"follow","max-snippet":"max-snippet:-1","max-image-preview":"max-image-preview:large","max-video-preview":"max-video-preview:-1"},"canonical":"https:\/\/www.visit-ulcinj.com\/blog\/2009\/03\/28\/kavaja-deshiron-fituesen-e-saj-big-brother-albania-2\/","og_locale":"en_US","og_type":"article","og_title":"Kavaja d\u00c3\u00abshiron fituesen e saj | Big Brother Albania 2","og_description":"Big Brother Albania 2 - N\u00c3\u00ab faqet e gazet\u00c3\u00abs s\u00c3\u00ab qytetit \u00e2\u20ac\u0153Kavaja progres\u00e2\u20ac\u009d, t\u00c3\u00ab rinjt\u00c3\u00ab p\u00c3\u00abrkrahin Adel\u00c3\u00abn","og_url":"https:\/\/www.visit-ulcinj.com\/blog\/2009\/03\/28\/kavaja-deshiron-fituesen-e-saj-big-brother-albania-2\/","og_site_name":"Lajme nga Ulqini","article_published_time":"2009-03-28T13:15:03+00:00","article_modified_time":"2009-03-28T12:58:33+00:00","og_image":[{"url":"http:\/\/www.visit-ulcinj.com\/blog\/wp-content\/uploads\/2009\/03\/kavaja-adelajda-big-brother-albania-2.jpg"}],"twitter_misc":{"Written by":"ulqini","Est. reading time":"1 minute"},"schema":{"@context":"https:\/\/schema.org","@graph":[{"@type":"WebSite","@id":"https:\/\/www.visit-ulcinj.com\/blog\/#website","url":"https:\/\/www.visit-ulcinj.com\/blog\/","name":"Lajme nga Ulqini","description":"Lajme,Vijesti,Ulqini,Ulqin,Crna Gora,Mali i Zi","potentialAction":[{"@type":"SearchAction","target":{"@type":"EntryPoint","urlTemplate":"https:\/\/www.visit-ulcinj.com\/blog\/?s={search_term_string}"},"query-input":"required name=search_term_string"}],"inLanguage":"en-US"},{"@type":"ImageObject","inLanguage":"en-US","@id":"https:\/\/www.visit-ulcinj.com\/blog\/2009\/03\/28\/kavaja-deshiron-fituesen-e-saj-big-brother-albania-2\/#primaryimage","url":"http:\/\/www.visit-ulcinj.com\/blog\/wp-content\/uploads\/2009\/03\/kavaja-adelajda-big-brother-albania-2.jpg","contentUrl":"http:\/\/www.visit-ulcinj.com\/blog\/wp-content\/uploads\/2009\/03\/kavaja-adelajda-big-brother-albania-2.jpg"},{"@type":"WebPage","@id":"https:\/\/www.visit-ulcinj.com\/blog\/2009\/03\/28\/kavaja-deshiron-fituesen-e-saj-big-brother-albania-2\/#webpage","url":"https:\/\/www.visit-ulcinj.com\/blog\/2009\/03\/28\/kavaja-deshiron-fituesen-e-saj-big-brother-albania-2\/","name":"Kavaja d\u00c3\u00abshiron fituesen e saj | Big Brother Albania 2","isPartOf":{"@id":"https:\/\/www.visit-ulcinj.com\/blog\/#website"},"primaryImageOfPage":{"@id":"https:\/\/www.visit-ulcinj.com\/blog\/2009\/03\/28\/kavaja-deshiron-fituesen-e-saj-big-brother-albania-2\/#primaryimage"},"datePublished":"2009-03-28T13:15:03+00:00","dateModified":"2009-03-28T12:58:33+00:00","author":{"@id":"https:\/\/www.visit-ulcinj.com\/blog\/#\/schema\/person\/dcab619c614d3038751c63bc2aadc06d"},"description":"Big Brother Albania 2 - N\u00c3\u00ab faqet e gazet\u00c3\u00abs s\u00c3\u00ab qytetit \u00e2\u20ac\u0153Kavaja progres\u00e2\u20ac\u009d, t\u00c3\u00ab rinjt\u00c3\u00ab p\u00c3\u00abrkrahin Adel\u00c3\u00abn","breadcrumb":{"@id":"https:\/\/www.visit-ulcinj.com\/blog\/2009\/03\/28\/kavaja-deshiron-fituesen-e-saj-big-brother-albania-2\/#breadcrumb"},"inLanguage":"en-US","potentialAction":[{"@type":"ReadAction","target":["https:\/\/www.visit-ulcinj.com\/blog\/2009\/03\/28\/kavaja-deshiron-fituesen-e-saj-big-brother-albania-2\/"]}]},{"@type":"BreadcrumbList","@id":"https:\/\/www.visit-ulcinj.com\/blog\/2009\/03\/28\/kavaja-deshiron-fituesen-e-saj-big-brother-albania-2\/#breadcrumb","itemListElement":[{"@type":"ListItem","position":1,"name":"Kavaja d\u00ebshiron fituesen e saj | Big Brother Albania 2"}]},{"@type":"Person","@id":"https:\/\/www.visit-ulcinj.com\/blog\/#\/schema\/person\/dcab619c614d3038751c63bc2aadc06d","name":"ulqini","sameAs":["http:\/\/www.visit-ulcinj.com"],"url":"https:\/\/www.visit-ulcinj.com\/blog\/author\/admin\/"}]}},"jetpack_featured_media_url":"","jetpack_sharing_enabled":true,"jetpack_shortlink":"https:\/\/wp.me\/pe6lTn-495","_links":{"self":[{"href":"https:\/\/www.visit-ulcinj.com\/blog\/wp-json\/wp\/v2\/posts\/15939"}],"collection":[{"href":"https:\/\/www.visit-ulcinj.com\/blog\/wp-json\/wp\/v2\/posts"}],"about":[{"href":"https:\/\/www.visit-ulcinj.com\/blog\/wp-json\/wp\/v2\/types\/post"}],"author":[{"embeddable":true,"href":"https:\/\/www.visit-ulcinj.com\/blog\/wp-json\/wp\/v2\/users\/1"}],"replies":[{"embeddable":true,"href":"https:\/\/www.visit-ulcinj.com\/blog\/wp-json\/wp\/v2\/comments?post=15939"}],"version-history":[{"count":0,"href":"https:\/\/www.visit-ulcinj.com\/blog\/wp-json\/wp\/v2\/posts\/15939\/revisions"}],"wp:attachment":[{"href":"https:\/\/www.visit-ulcinj.com\/blog\/wp-json\/wp\/v2\/media?parent=15939"}],"wp:term":[{"taxonomy":"category","embeddable":true,"href":"https:\/\/www.visit-ulcinj.com\/blog\/wp-json\/wp\/v2\/categories?post=15939"},{"taxonomy":"post_tag","embeddable":true,"href":"https:\/\/www.visit-ulcinj.com\/blog\/wp-json\/wp\/v2\/tags?post=15939"}],"curies":[{"name":"wp","href":"https:\/\/api.w.org\/{rel}","templated":true}]}}