{"id":1594,"date":"2008-05-16T11:54:25","date_gmt":"2008-05-16T16:54:25","guid":{"rendered":"http:\/\/www.visit-ulcinj.com\/blog\/?p=1594"},"modified":"2008-05-16T11:55:50","modified_gmt":"2008-05-16T16:55:50","slug":"ne-ulqin-u-zhvillua-panel-diskutimi-me-titull-nato-dhe-mali-i-zi-cfare-thua-ti","status":"publish","type":"post","link":"https:\/\/www.visit-ulcinj.com\/blog\/2008\/05\/16\/ne-ulqin-u-zhvillua-panel-diskutimi-me-titull-nato-dhe-mali-i-zi-cfare-thua-ti\/","title":{"rendered":"N\u00eb Ulqin u zhvillua panel diskutimi me titull &#8221;Nato dhe Mali i Zi &#8211; \u00c7far\u00eb thua ti &#8221;"},"content":{"rendered":"<p><a title=\"NATO\" href=\"http:\/\/www.nato-montenegro.cg.yu\/\" target=\"_blank\"><img loading=\"lazy\" class=\"alignleft\" style=\"float: left;\" src=\"http:\/\/www.visit-ulcinj.com\/blog\/wp-content\/uploads\/2008\/05\/nato-logo.png\" alt=\"NATO\" width=\"321\" height=\"125\" \/><strong>Dilemat e an\u00ebtar\u00ebsimit dhe \u00e7ka asht &#8220;NATO&#8221;<\/strong><\/a><br \/>\nOrganizata e shoq\u00ebris\u00eb civile &#8220;Horizonti i Ri&#8221; organizoi para do kohe n\u00eb Bibliotek\u00ebn e Ulqinit panel diskutimin me titull &#8220;NATO dhe Mali i Zi &#8211; \u00c7far\u00eb thua ti?&#8221;. Ky ishte aktiviteti i par\u00eb mbi proceset euro-atlantike q\u00eb u zhvillua n\u00eb Ulqin. Partner\u00eb t\u00eb OJQ &#8220;Horizonti i Ri&#8221; n\u00eb organizimin e k\u00ebtij takimi ishin &#8220;Qendra ALFA&#8221; nga Nikshiqi dhe Qendra Nansen Dialog, t\u00eb cilat jan\u00eb edhe an\u00ebtare t\u00eb Ekipit bashk\u00ebrendues p\u00ebr implemetimin e Strategjis\u00eb komunikuese p\u00ebr integrimet euro-atlantike n\u00eb Mal t\u00eb Zi.<a href=\"http:\/\/www.visit-ulcinj.com\/blog\/wp-content\/uploads\/2008\/05\/rocen_skefer.jpg\"><img loading=\"lazy\" class=\"alignright attachment wp-att-1596\" style=\"float: right;\" src=\"http:\/\/www.visit-ulcinj.com\/blog\/wp-content\/uploads\/2008\/05\/rocen_skefer.thumbnail.jpg\" alt=\"rocen_skefer\" width=\"200\" height=\"155\" \/><\/a><br \/>\nQ\u00ebllimi i k\u00ebtij takimi ishte njoftimi me aspektet negative dhe pozitive t\u00eb an\u00ebtar\u00ebsimit t\u00eb Malit t\u00eb Zi n\u00eb NATO, debati mbi modelet e mundshme t\u00eb an\u00ebtar\u00ebsimit, krahasimi me p\u00ebrvojat pozitive, etj., duke kontribuar k\u00ebshtu n\u00eb rritjen dhe forcimin e diskutimit publik p\u00ebr k\u00ebt\u00eb tem\u00eb.<br \/>\nPjes\u00ebmarr\u00ebs n\u00eb k\u00ebt\u00eb aktivitet ishin p\u00ebrfaq\u00ebsues t\u00eb organizatave t\u00eb shoq\u00ebris\u00eb civile, t\u00eb institucioneve publike, t\u00eb biznesit lokal, gazetar\u00eb, etj.<br \/>\nP\u00ebrve\u00e7 informacionit q\u00eb mor\u00ebn nga mysafir\u00ebt e takimit p\u00ebrmes nj\u00eb diskutimi interaktiv, t\u00eb pranishmit ndoq\u00ebn edhe nj\u00eb film ekskluziv p\u00ebr Aleanc\u00ebn Veri-Atlantike.<br \/>\n<strong>(Kohapress)<\/strong><\/p>\n","protected":false},"excerpt":{"rendered":"<p><img loading=\"lazy\" class=\"alignleft\" style=\"float: left;\" src=\"http:\/\/www.visit-ulcinj.com\/blog\/wp-content\/uploads\/2008\/05\/nato-logo.png\" alt=\"\" width=\"140\" height=\"140\" \/><\/p>\n","protected":false},"author":1,"featured_media":0,"comment_status":"open","ping_status":"closed","sticky":false,"template":"","format":"standard","meta":{"spay_email":"","jetpack_publicize_message":"","jetpack_is_tweetstorm":false,"jetpack_publicize_feature_enabled":true},"categories":[1,12],"tags":[3212,95,1753,3213,3210,3211],"jetpack_publicize_connections":[],"yoast_head":"<!-- This site is optimized with the Yoast SEO plugin v19.1 - https:\/\/yoast.com\/wordpress\/plugins\/seo\/ -->\n<title>N\u00eb Ulqin u zhvillua panel diskutimi me titull &#039;&#039;Nato dhe Mali i Zi - \u00c7far\u00eb thua ti &#039;&#039; - Lajme nga Ulqini<\/title>\n<meta name=\"robots\" content=\"index, follow, max-snippet:-1, max-image-preview:large, max-video-preview:-1\" \/>\n<link rel=\"canonical\" href=\"https:\/\/www.visit-ulcinj.com\/blog\/2008\/05\/16\/ne-ulqin-u-zhvillua-panel-diskutimi-me-titull-nato-dhe-mali-i-zi-cfare-thua-ti\/\" \/>\n<meta property=\"og:locale\" content=\"en_US\" \/>\n<meta property=\"og:type\" content=\"article\" \/>\n<meta property=\"og:title\" content=\"N\u00eb Ulqin u zhvillua panel diskutimi me titull &#039;&#039;Nato dhe Mali i Zi - \u00c7far\u00eb thua ti &#039;&#039; - Lajme nga Ulqini\" \/>\n<meta property=\"og:url\" content=\"https:\/\/www.visit-ulcinj.com\/blog\/2008\/05\/16\/ne-ulqin-u-zhvillua-panel-diskutimi-me-titull-nato-dhe-mali-i-zi-cfare-thua-ti\/\" \/>\n<meta property=\"og:site_name\" content=\"Lajme nga Ulqini\" \/>\n<meta property=\"article:published_time\" content=\"2008-05-16T16:54:25+00:00\" \/>\n<meta property=\"article:modified_time\" content=\"2008-05-16T16:55:50+00:00\" \/>\n<meta property=\"og:image\" content=\"http:\/\/www.visit-ulcinj.com\/blog\/wp-content\/uploads\/2008\/05\/nato-logo.png\" \/>\n<meta name=\"twitter:label1\" content=\"Written by\" \/>\n\t<meta name=\"twitter:data1\" content=\"ulqini\" \/>\n\t<meta name=\"twitter:label2\" content=\"Est. reading time\" \/>\n\t<meta name=\"twitter:data2\" content=\"1 minute\" \/>\n<script type=\"application\/ld+json\" class=\"yoast-schema-graph\">{\"@context\":\"https:\/\/schema.org\",\"@graph\":[{\"@type\":\"WebSite\",\"@id\":\"https:\/\/www.visit-ulcinj.com\/blog\/#website\",\"url\":\"https:\/\/www.visit-ulcinj.com\/blog\/\",\"name\":\"Lajme nga Ulqini\",\"description\":\"Lajme,Vijesti,Ulqini,Ulqin,Crna Gora,Mali i Zi\",\"potentialAction\":[{\"@type\":\"SearchAction\",\"target\":{\"@type\":\"EntryPoint\",\"urlTemplate\":\"https:\/\/www.visit-ulcinj.com\/blog\/?s={search_term_string}\"},\"query-input\":\"required name=search_term_string\"}],\"inLanguage\":\"en-US\"},{\"@type\":\"ImageObject\",\"inLanguage\":\"en-US\",\"@id\":\"https:\/\/www.visit-ulcinj.com\/blog\/2008\/05\/16\/ne-ulqin-u-zhvillua-panel-diskutimi-me-titull-nato-dhe-mali-i-zi-cfare-thua-ti\/#primaryimage\",\"url\":\"http:\/\/www.visit-ulcinj.com\/blog\/wp-content\/uploads\/2008\/05\/nato-logo.png\",\"contentUrl\":\"http:\/\/www.visit-ulcinj.com\/blog\/wp-content\/uploads\/2008\/05\/nato-logo.png\"},{\"@type\":\"WebPage\",\"@id\":\"https:\/\/www.visit-ulcinj.com\/blog\/2008\/05\/16\/ne-ulqin-u-zhvillua-panel-diskutimi-me-titull-nato-dhe-mali-i-zi-cfare-thua-ti\/#webpage\",\"url\":\"https:\/\/www.visit-ulcinj.com\/blog\/2008\/05\/16\/ne-ulqin-u-zhvillua-panel-diskutimi-me-titull-nato-dhe-mali-i-zi-cfare-thua-ti\/\",\"name\":\"N\u00eb Ulqin u zhvillua panel diskutimi me titull ''Nato dhe Mali i Zi - \u00c7far\u00eb thua ti '' - Lajme nga Ulqini\",\"isPartOf\":{\"@id\":\"https:\/\/www.visit-ulcinj.com\/blog\/#website\"},\"primaryImageOfPage\":{\"@id\":\"https:\/\/www.visit-ulcinj.com\/blog\/2008\/05\/16\/ne-ulqin-u-zhvillua-panel-diskutimi-me-titull-nato-dhe-mali-i-zi-cfare-thua-ti\/#primaryimage\"},\"datePublished\":\"2008-05-16T16:54:25+00:00\",\"dateModified\":\"2008-05-16T16:55:50+00:00\",\"author\":{\"@id\":\"https:\/\/www.visit-ulcinj.com\/blog\/#\/schema\/person\/dcab619c614d3038751c63bc2aadc06d\"},\"breadcrumb\":{\"@id\":\"https:\/\/www.visit-ulcinj.com\/blog\/2008\/05\/16\/ne-ulqin-u-zhvillua-panel-diskutimi-me-titull-nato-dhe-mali-i-zi-cfare-thua-ti\/#breadcrumb\"},\"inLanguage\":\"en-US\",\"potentialAction\":[{\"@type\":\"ReadAction\",\"target\":[\"https:\/\/www.visit-ulcinj.com\/blog\/2008\/05\/16\/ne-ulqin-u-zhvillua-panel-diskutimi-me-titull-nato-dhe-mali-i-zi-cfare-thua-ti\/\"]}]},{\"@type\":\"BreadcrumbList\",\"@id\":\"https:\/\/www.visit-ulcinj.com\/blog\/2008\/05\/16\/ne-ulqin-u-zhvillua-panel-diskutimi-me-titull-nato-dhe-mali-i-zi-cfare-thua-ti\/#breadcrumb\",\"itemListElement\":[{\"@type\":\"ListItem\",\"position\":1,\"name\":\"N\u00eb Ulqin u zhvillua panel diskutimi me titull &#8221;Nato dhe Mali i Zi &#8211; \u00c7far\u00eb thua ti &#8221;\"}]},{\"@type\":\"Person\",\"@id\":\"https:\/\/www.visit-ulcinj.com\/blog\/#\/schema\/person\/dcab619c614d3038751c63bc2aadc06d\",\"name\":\"ulqini\",\"sameAs\":[\"http:\/\/www.visit-ulcinj.com\"],\"url\":\"https:\/\/www.visit-ulcinj.com\/blog\/author\/admin\/\"}]}<\/script>\n<!-- \/ Yoast SEO plugin. -->","yoast_head_json":{"title":"N\u00eb Ulqin u zhvillua panel diskutimi me titull ''Nato dhe Mali i Zi - \u00c7far\u00eb thua ti '' - Lajme nga Ulqini","robots":{"index":"index","follow":"follow","max-snippet":"max-snippet:-1","max-image-preview":"max-image-preview:large","max-video-preview":"max-video-preview:-1"},"canonical":"https:\/\/www.visit-ulcinj.com\/blog\/2008\/05\/16\/ne-ulqin-u-zhvillua-panel-diskutimi-me-titull-nato-dhe-mali-i-zi-cfare-thua-ti\/","og_locale":"en_US","og_type":"article","og_title":"N\u00eb Ulqin u zhvillua panel diskutimi me titull ''Nato dhe Mali i Zi - \u00c7far\u00eb thua ti '' - Lajme nga Ulqini","og_url":"https:\/\/www.visit-ulcinj.com\/blog\/2008\/05\/16\/ne-ulqin-u-zhvillua-panel-diskutimi-me-titull-nato-dhe-mali-i-zi-cfare-thua-ti\/","og_site_name":"Lajme nga Ulqini","article_published_time":"2008-05-16T16:54:25+00:00","article_modified_time":"2008-05-16T16:55:50+00:00","og_image":[{"url":"http:\/\/www.visit-ulcinj.com\/blog\/wp-content\/uploads\/2008\/05\/nato-logo.png"}],"twitter_misc":{"Written by":"ulqini","Est. reading time":"1 minute"},"schema":{"@context":"https:\/\/schema.org","@graph":[{"@type":"WebSite","@id":"https:\/\/www.visit-ulcinj.com\/blog\/#website","url":"https:\/\/www.visit-ulcinj.com\/blog\/","name":"Lajme nga Ulqini","description":"Lajme,Vijesti,Ulqini,Ulqin,Crna Gora,Mali i Zi","potentialAction":[{"@type":"SearchAction","target":{"@type":"EntryPoint","urlTemplate":"https:\/\/www.visit-ulcinj.com\/blog\/?s={search_term_string}"},"query-input":"required name=search_term_string"}],"inLanguage":"en-US"},{"@type":"ImageObject","inLanguage":"en-US","@id":"https:\/\/www.visit-ulcinj.com\/blog\/2008\/05\/16\/ne-ulqin-u-zhvillua-panel-diskutimi-me-titull-nato-dhe-mali-i-zi-cfare-thua-ti\/#primaryimage","url":"http:\/\/www.visit-ulcinj.com\/blog\/wp-content\/uploads\/2008\/05\/nato-logo.png","contentUrl":"http:\/\/www.visit-ulcinj.com\/blog\/wp-content\/uploads\/2008\/05\/nato-logo.png"},{"@type":"WebPage","@id":"https:\/\/www.visit-ulcinj.com\/blog\/2008\/05\/16\/ne-ulqin-u-zhvillua-panel-diskutimi-me-titull-nato-dhe-mali-i-zi-cfare-thua-ti\/#webpage","url":"https:\/\/www.visit-ulcinj.com\/blog\/2008\/05\/16\/ne-ulqin-u-zhvillua-panel-diskutimi-me-titull-nato-dhe-mali-i-zi-cfare-thua-ti\/","name":"N\u00eb Ulqin u zhvillua panel diskutimi me titull ''Nato dhe Mali i Zi - \u00c7far\u00eb thua ti '' - Lajme nga Ulqini","isPartOf":{"@id":"https:\/\/www.visit-ulcinj.com\/blog\/#website"},"primaryImageOfPage":{"@id":"https:\/\/www.visit-ulcinj.com\/blog\/2008\/05\/16\/ne-ulqin-u-zhvillua-panel-diskutimi-me-titull-nato-dhe-mali-i-zi-cfare-thua-ti\/#primaryimage"},"datePublished":"2008-05-16T16:54:25+00:00","dateModified":"2008-05-16T16:55:50+00:00","author":{"@id":"https:\/\/www.visit-ulcinj.com\/blog\/#\/schema\/person\/dcab619c614d3038751c63bc2aadc06d"},"breadcrumb":{"@id":"https:\/\/www.visit-ulcinj.com\/blog\/2008\/05\/16\/ne-ulqin-u-zhvillua-panel-diskutimi-me-titull-nato-dhe-mali-i-zi-cfare-thua-ti\/#breadcrumb"},"inLanguage":"en-US","potentialAction":[{"@type":"ReadAction","target":["https:\/\/www.visit-ulcinj.com\/blog\/2008\/05\/16\/ne-ulqin-u-zhvillua-panel-diskutimi-me-titull-nato-dhe-mali-i-zi-cfare-thua-ti\/"]}]},{"@type":"BreadcrumbList","@id":"https:\/\/www.visit-ulcinj.com\/blog\/2008\/05\/16\/ne-ulqin-u-zhvillua-panel-diskutimi-me-titull-nato-dhe-mali-i-zi-cfare-thua-ti\/#breadcrumb","itemListElement":[{"@type":"ListItem","position":1,"name":"N\u00eb Ulqin u zhvillua panel diskutimi me titull &#8221;Nato dhe Mali i Zi &#8211; \u00c7far\u00eb thua ti &#8221;"}]},{"@type":"Person","@id":"https:\/\/www.visit-ulcinj.com\/blog\/#\/schema\/person\/dcab619c614d3038751c63bc2aadc06d","name":"ulqini","sameAs":["http:\/\/www.visit-ulcinj.com"],"url":"https:\/\/www.visit-ulcinj.com\/blog\/author\/admin\/"}]}},"jetpack_featured_media_url":"","jetpack_sharing_enabled":true,"jetpack_shortlink":"https:\/\/wp.me\/pe6lTn-pI","_links":{"self":[{"href":"https:\/\/www.visit-ulcinj.com\/blog\/wp-json\/wp\/v2\/posts\/1594"}],"collection":[{"href":"https:\/\/www.visit-ulcinj.com\/blog\/wp-json\/wp\/v2\/posts"}],"about":[{"href":"https:\/\/www.visit-ulcinj.com\/blog\/wp-json\/wp\/v2\/types\/post"}],"author":[{"embeddable":true,"href":"https:\/\/www.visit-ulcinj.com\/blog\/wp-json\/wp\/v2\/users\/1"}],"replies":[{"embeddable":true,"href":"https:\/\/www.visit-ulcinj.com\/blog\/wp-json\/wp\/v2\/comments?post=1594"}],"version-history":[{"count":0,"href":"https:\/\/www.visit-ulcinj.com\/blog\/wp-json\/wp\/v2\/posts\/1594\/revisions"}],"wp:attachment":[{"href":"https:\/\/www.visit-ulcinj.com\/blog\/wp-json\/wp\/v2\/media?parent=1594"}],"wp:term":[{"taxonomy":"category","embeddable":true,"href":"https:\/\/www.visit-ulcinj.com\/blog\/wp-json\/wp\/v2\/categories?post=1594"},{"taxonomy":"post_tag","embeddable":true,"href":"https:\/\/www.visit-ulcinj.com\/blog\/wp-json\/wp\/v2\/tags?post=1594"}],"curies":[{"name":"wp","href":"https:\/\/api.w.org\/{rel}","templated":true}]}}