{"id":15945,"date":"2009-03-28T14:01:47","date_gmt":"2009-03-28T13:01:47","guid":{"rendered":"http:\/\/www.visit-ulcinj.com\/blog\/?p=15945"},"modified":"2009-03-28T14:01:47","modified_gmt":"2009-03-28T13:01:47","slug":"adi-dhe-qetsori-bejne-pakt-me-anin","status":"publish","type":"post","link":"https:\/\/www.visit-ulcinj.com\/blog\/2009\/03\/28\/adi-dhe-qetsori-bejne-pakt-me-anin\/","title":{"rendered":"Adi dhe Qetsori b\u00ebjn\u00eb pakt me Anin"},"content":{"rendered":"<p class=\"MsoNormal\">\u00a0<\/p>\n<p class=\"MsoNormal\"><em><a href=\"http:\/\/www.visit-ulcinj.com\/blog\/wp-content\/uploads\/2009\/03\/ani-dhe-adi.jpg\"><img loading=\"lazy\" class=\"alignleft size-full wp-image-15946\" title=\"ani-dhe-adi-big-brother-albania-2\" src=\"http:\/\/www.visit-ulcinj.com\/blog\/wp-content\/uploads\/2009\/03\/ani-dhe-adi.jpg\" alt=\"ani-dhe-adi-big-brother-albania-2\" width=\"398\" height=\"330\" \/><\/a>Humori yn\u00eb \u00ebsht\u00eb pa t\u00eb keq<\/em><\/p>\n<p class=\"MsoNormal\">Dy meshkujt me mosh\u00eb m\u00eb t\u00eb madhe brenda sht\u00ebpis\u00eb s\u00eb \u201cBig Brother Albania\u201d, duke njohur karakterin e tyre t\u00eb prirur drejt batutave me humor, ndoshta edhe t\u00eb hidhur, jan\u00eb sqaruar menj\u00ebher\u00eb me banorin m\u00eb t\u00eb ri, Anin. Duke ditur se nj\u00eblloj si n\u00eb jet\u00ebn jasht\u00eb sht\u00ebpis\u00eb, edhe aty brenda ata nuk do rrinin dot pa b\u00ebr\u00eb ndonj\u00eb shaka n\u00eb lidhje me gjat\u00ebsin\u00eb trupore t\u00eb Anit, ia than\u00eb atij hapur se gjith\u00e7ka q\u00eb ata do t\u00eb komentonin do t\u00eb ishte thjesht humor dhe asgj\u00eb e keqe. Me shum\u00eb sportivitet, djaloshi me shtat t\u00eb vog\u00ebl, por me nj\u00eb mpreht\u00ebsi t\u00eb k\u00ebndshme, e mori me shum\u00eb humor komentin e Adit edhe Qetsorit. Dy djemt\u00eb, q\u00eb duket se nuk jetojn\u00eb dot pa b\u00ebr\u00eb humor mbi gjith\u00e7ka, kan\u00eb menduar se \u00ebsht\u00eb m\u00eb mir\u00eb ta b\u00ebjn\u00eb q\u00eb n\u00eb fillim nj\u00eb pakt me konkurrentin e ri, para banor\u00eb dashakeq\u00ebs, q\u00eb ta shfryt\u00ebzojn\u00eb humorin e tyre ndaj Anit si shkak p\u00ebr t\u2019u zbehur suksesin para publikut televiziv.\u00a0<\/p>\n","protected":false},"excerpt":{"rendered":"<p>\u00a0 Humori yn\u00eb \u00ebsht\u00eb pa t\u00eb keq Dy meshkujt me mosh\u00eb m\u00eb t\u00eb madhe brenda sht\u00ebpis\u00eb s\u00eb \u201cBig Brother Albania\u201d, duke njohur karakterin e tyre t\u00eb prirur drejt batutave me humor, ndoshta edhe t\u00eb hidhur, jan\u00eb sqaruar menj\u00ebher\u00eb me banorin m\u00eb t\u00eb ri, Anin. Duke ditur se nj\u00eblloj si n\u00eb jet\u00ebn jasht\u00eb sht\u00ebpis\u00eb, edhe aty [&hellip;]<\/p>\n","protected":false},"author":1,"featured_media":0,"comment_status":"open","ping_status":"closed","sticky":false,"template":"","format":"standard","meta":{"spay_email":"","jetpack_publicize_message":"","jetpack_is_tweetstorm":false,"jetpack_publicize_feature_enabled":true},"categories":[6502],"tags":[1414,8290,6883,6516,6712,8427,6891],"jetpack_publicize_connections":[],"yoast_head":"<!-- This site is optimized with the Yoast SEO plugin v19.1 - https:\/\/yoast.com\/wordpress\/plugins\/seo\/ -->\n<title>Adi dhe Qetsori b\u00c3\u00abjn\u00c3\u00ab pakt me Anin | Big Brother Albania 2<\/title>\n<meta name=\"description\" content=\"Big Brother Albania 2 - Dy meshkujt me mosh\u00c3\u00ab m\u00c3\u00ab t\u00c3\u00ab madhe brenda sht\u00c3\u00abpis\u00c3\u00ab s\u00c3\u00ab \u00e2\u20ac\u0153Big Brother Albania\u00e2\u20ac\u009d, duke njohur karakterin e tyre t\u00c3\u00ab prirur drejt batutave me humor, ndoshta edhe t\u00c3\u00ab hidhur\" \/>\n<meta name=\"robots\" content=\"index, follow, max-snippet:-1, max-image-preview:large, max-video-preview:-1\" \/>\n<link rel=\"canonical\" href=\"https:\/\/www.visit-ulcinj.com\/blog\/2009\/03\/28\/adi-dhe-qetsori-bejne-pakt-me-anin\/\" \/>\n<meta property=\"og:locale\" content=\"en_US\" \/>\n<meta property=\"og:type\" content=\"article\" \/>\n<meta property=\"og:title\" content=\"Adi dhe Qetsori b\u00c3\u00abjn\u00c3\u00ab pakt me Anin | Big Brother Albania 2\" \/>\n<meta property=\"og:description\" content=\"Big Brother Albania 2 - Dy meshkujt me mosh\u00c3\u00ab m\u00c3\u00ab t\u00c3\u00ab madhe brenda sht\u00c3\u00abpis\u00c3\u00ab s\u00c3\u00ab \u00e2\u20ac\u0153Big Brother Albania\u00e2\u20ac\u009d, duke njohur karakterin e tyre t\u00c3\u00ab prirur drejt batutave me humor, ndoshta edhe t\u00c3\u00ab hidhur\" \/>\n<meta property=\"og:url\" content=\"https:\/\/www.visit-ulcinj.com\/blog\/2009\/03\/28\/adi-dhe-qetsori-bejne-pakt-me-anin\/\" \/>\n<meta property=\"og:site_name\" content=\"Lajme nga Ulqini\" \/>\n<meta property=\"article:published_time\" content=\"2009-03-28T13:01:47+00:00\" \/>\n<meta property=\"og:image\" content=\"http:\/\/www.visit-ulcinj.com\/blog\/wp-content\/uploads\/2009\/03\/ani-dhe-adi.jpg\" \/>\n<meta name=\"twitter:label1\" content=\"Written by\" \/>\n\t<meta name=\"twitter:data1\" content=\"ulqini\" \/>\n\t<meta name=\"twitter:label2\" content=\"Est. reading time\" \/>\n\t<meta name=\"twitter:data2\" content=\"1 minute\" \/>\n<script type=\"application\/ld+json\" class=\"yoast-schema-graph\">{\"@context\":\"https:\/\/schema.org\",\"@graph\":[{\"@type\":\"WebSite\",\"@id\":\"https:\/\/www.visit-ulcinj.com\/blog\/#website\",\"url\":\"https:\/\/www.visit-ulcinj.com\/blog\/\",\"name\":\"Lajme nga Ulqini\",\"description\":\"Lajme,Vijesti,Ulqini,Ulqin,Crna Gora,Mali i Zi\",\"potentialAction\":[{\"@type\":\"SearchAction\",\"target\":{\"@type\":\"EntryPoint\",\"urlTemplate\":\"https:\/\/www.visit-ulcinj.com\/blog\/?s={search_term_string}\"},\"query-input\":\"required name=search_term_string\"}],\"inLanguage\":\"en-US\"},{\"@type\":\"ImageObject\",\"inLanguage\":\"en-US\",\"@id\":\"https:\/\/www.visit-ulcinj.com\/blog\/2009\/03\/28\/adi-dhe-qetsori-bejne-pakt-me-anin\/#primaryimage\",\"url\":\"http:\/\/www.visit-ulcinj.com\/blog\/wp-content\/uploads\/2009\/03\/ani-dhe-adi.jpg\",\"contentUrl\":\"http:\/\/www.visit-ulcinj.com\/blog\/wp-content\/uploads\/2009\/03\/ani-dhe-adi.jpg\"},{\"@type\":\"WebPage\",\"@id\":\"https:\/\/www.visit-ulcinj.com\/blog\/2009\/03\/28\/adi-dhe-qetsori-bejne-pakt-me-anin\/#webpage\",\"url\":\"https:\/\/www.visit-ulcinj.com\/blog\/2009\/03\/28\/adi-dhe-qetsori-bejne-pakt-me-anin\/\",\"name\":\"Adi dhe Qetsori b\u00c3\u00abjn\u00c3\u00ab pakt me Anin | Big Brother Albania 2\",\"isPartOf\":{\"@id\":\"https:\/\/www.visit-ulcinj.com\/blog\/#website\"},\"primaryImageOfPage\":{\"@id\":\"https:\/\/www.visit-ulcinj.com\/blog\/2009\/03\/28\/adi-dhe-qetsori-bejne-pakt-me-anin\/#primaryimage\"},\"datePublished\":\"2009-03-28T13:01:47+00:00\",\"dateModified\":\"2009-03-28T13:01:47+00:00\",\"author\":{\"@id\":\"https:\/\/www.visit-ulcinj.com\/blog\/#\/schema\/person\/dcab619c614d3038751c63bc2aadc06d\"},\"description\":\"Big Brother Albania 2 - Dy meshkujt me mosh\u00c3\u00ab m\u00c3\u00ab t\u00c3\u00ab madhe brenda sht\u00c3\u00abpis\u00c3\u00ab s\u00c3\u00ab \u00e2\u20ac\u0153Big Brother Albania\u00e2\u20ac\u009d, duke njohur karakterin e tyre t\u00c3\u00ab prirur drejt batutave me humor, ndoshta edhe t\u00c3\u00ab hidhur\",\"breadcrumb\":{\"@id\":\"https:\/\/www.visit-ulcinj.com\/blog\/2009\/03\/28\/adi-dhe-qetsori-bejne-pakt-me-anin\/#breadcrumb\"},\"inLanguage\":\"en-US\",\"potentialAction\":[{\"@type\":\"ReadAction\",\"target\":[\"https:\/\/www.visit-ulcinj.com\/blog\/2009\/03\/28\/adi-dhe-qetsori-bejne-pakt-me-anin\/\"]}]},{\"@type\":\"BreadcrumbList\",\"@id\":\"https:\/\/www.visit-ulcinj.com\/blog\/2009\/03\/28\/adi-dhe-qetsori-bejne-pakt-me-anin\/#breadcrumb\",\"itemListElement\":[{\"@type\":\"ListItem\",\"position\":1,\"name\":\"Adi dhe Qetsori b\u00ebjn\u00eb pakt me Anin\"}]},{\"@type\":\"Person\",\"@id\":\"https:\/\/www.visit-ulcinj.com\/blog\/#\/schema\/person\/dcab619c614d3038751c63bc2aadc06d\",\"name\":\"ulqini\",\"sameAs\":[\"http:\/\/www.visit-ulcinj.com\"],\"url\":\"https:\/\/www.visit-ulcinj.com\/blog\/author\/admin\/\"}]}<\/script>\n<!-- \/ Yoast SEO plugin. -->","yoast_head_json":{"title":"Adi dhe Qetsori b\u00c3\u00abjn\u00c3\u00ab pakt me Anin | Big Brother Albania 2","description":"Big Brother Albania 2 - Dy meshkujt me mosh\u00c3\u00ab m\u00c3\u00ab t\u00c3\u00ab madhe brenda sht\u00c3\u00abpis\u00c3\u00ab s\u00c3\u00ab \u00e2\u20ac\u0153Big Brother Albania\u00e2\u20ac\u009d, duke njohur karakterin e tyre t\u00c3\u00ab prirur drejt batutave me humor, ndoshta edhe t\u00c3\u00ab hidhur","robots":{"index":"index","follow":"follow","max-snippet":"max-snippet:-1","max-image-preview":"max-image-preview:large","max-video-preview":"max-video-preview:-1"},"canonical":"https:\/\/www.visit-ulcinj.com\/blog\/2009\/03\/28\/adi-dhe-qetsori-bejne-pakt-me-anin\/","og_locale":"en_US","og_type":"article","og_title":"Adi dhe Qetsori b\u00c3\u00abjn\u00c3\u00ab pakt me Anin | Big Brother Albania 2","og_description":"Big Brother Albania 2 - Dy meshkujt me mosh\u00c3\u00ab m\u00c3\u00ab t\u00c3\u00ab madhe brenda sht\u00c3\u00abpis\u00c3\u00ab s\u00c3\u00ab \u00e2\u20ac\u0153Big Brother Albania\u00e2\u20ac\u009d, duke njohur karakterin e tyre t\u00c3\u00ab prirur drejt batutave me humor, ndoshta edhe t\u00c3\u00ab hidhur","og_url":"https:\/\/www.visit-ulcinj.com\/blog\/2009\/03\/28\/adi-dhe-qetsori-bejne-pakt-me-anin\/","og_site_name":"Lajme nga Ulqini","article_published_time":"2009-03-28T13:01:47+00:00","og_image":[{"url":"http:\/\/www.visit-ulcinj.com\/blog\/wp-content\/uploads\/2009\/03\/ani-dhe-adi.jpg"}],"twitter_misc":{"Written by":"ulqini","Est. reading time":"1 minute"},"schema":{"@context":"https:\/\/schema.org","@graph":[{"@type":"WebSite","@id":"https:\/\/www.visit-ulcinj.com\/blog\/#website","url":"https:\/\/www.visit-ulcinj.com\/blog\/","name":"Lajme nga Ulqini","description":"Lajme,Vijesti,Ulqini,Ulqin,Crna Gora,Mali i Zi","potentialAction":[{"@type":"SearchAction","target":{"@type":"EntryPoint","urlTemplate":"https:\/\/www.visit-ulcinj.com\/blog\/?s={search_term_string}"},"query-input":"required name=search_term_string"}],"inLanguage":"en-US"},{"@type":"ImageObject","inLanguage":"en-US","@id":"https:\/\/www.visit-ulcinj.com\/blog\/2009\/03\/28\/adi-dhe-qetsori-bejne-pakt-me-anin\/#primaryimage","url":"http:\/\/www.visit-ulcinj.com\/blog\/wp-content\/uploads\/2009\/03\/ani-dhe-adi.jpg","contentUrl":"http:\/\/www.visit-ulcinj.com\/blog\/wp-content\/uploads\/2009\/03\/ani-dhe-adi.jpg"},{"@type":"WebPage","@id":"https:\/\/www.visit-ulcinj.com\/blog\/2009\/03\/28\/adi-dhe-qetsori-bejne-pakt-me-anin\/#webpage","url":"https:\/\/www.visit-ulcinj.com\/blog\/2009\/03\/28\/adi-dhe-qetsori-bejne-pakt-me-anin\/","name":"Adi dhe Qetsori b\u00c3\u00abjn\u00c3\u00ab pakt me Anin | Big Brother Albania 2","isPartOf":{"@id":"https:\/\/www.visit-ulcinj.com\/blog\/#website"},"primaryImageOfPage":{"@id":"https:\/\/www.visit-ulcinj.com\/blog\/2009\/03\/28\/adi-dhe-qetsori-bejne-pakt-me-anin\/#primaryimage"},"datePublished":"2009-03-28T13:01:47+00:00","dateModified":"2009-03-28T13:01:47+00:00","author":{"@id":"https:\/\/www.visit-ulcinj.com\/blog\/#\/schema\/person\/dcab619c614d3038751c63bc2aadc06d"},"description":"Big Brother Albania 2 - Dy meshkujt me mosh\u00c3\u00ab m\u00c3\u00ab t\u00c3\u00ab madhe brenda sht\u00c3\u00abpis\u00c3\u00ab s\u00c3\u00ab \u00e2\u20ac\u0153Big Brother Albania\u00e2\u20ac\u009d, duke njohur karakterin e tyre t\u00c3\u00ab prirur drejt batutave me humor, ndoshta edhe t\u00c3\u00ab hidhur","breadcrumb":{"@id":"https:\/\/www.visit-ulcinj.com\/blog\/2009\/03\/28\/adi-dhe-qetsori-bejne-pakt-me-anin\/#breadcrumb"},"inLanguage":"en-US","potentialAction":[{"@type":"ReadAction","target":["https:\/\/www.visit-ulcinj.com\/blog\/2009\/03\/28\/adi-dhe-qetsori-bejne-pakt-me-anin\/"]}]},{"@type":"BreadcrumbList","@id":"https:\/\/www.visit-ulcinj.com\/blog\/2009\/03\/28\/adi-dhe-qetsori-bejne-pakt-me-anin\/#breadcrumb","itemListElement":[{"@type":"ListItem","position":1,"name":"Adi dhe Qetsori b\u00ebjn\u00eb pakt me Anin"}]},{"@type":"Person","@id":"https:\/\/www.visit-ulcinj.com\/blog\/#\/schema\/person\/dcab619c614d3038751c63bc2aadc06d","name":"ulqini","sameAs":["http:\/\/www.visit-ulcinj.com"],"url":"https:\/\/www.visit-ulcinj.com\/blog\/author\/admin\/"}]}},"jetpack_featured_media_url":"","jetpack_sharing_enabled":true,"jetpack_shortlink":"https:\/\/wp.me\/pe6lTn-49b","_links":{"self":[{"href":"https:\/\/www.visit-ulcinj.com\/blog\/wp-json\/wp\/v2\/posts\/15945"}],"collection":[{"href":"https:\/\/www.visit-ulcinj.com\/blog\/wp-json\/wp\/v2\/posts"}],"about":[{"href":"https:\/\/www.visit-ulcinj.com\/blog\/wp-json\/wp\/v2\/types\/post"}],"author":[{"embeddable":true,"href":"https:\/\/www.visit-ulcinj.com\/blog\/wp-json\/wp\/v2\/users\/1"}],"replies":[{"embeddable":true,"href":"https:\/\/www.visit-ulcinj.com\/blog\/wp-json\/wp\/v2\/comments?post=15945"}],"version-history":[{"count":0,"href":"https:\/\/www.visit-ulcinj.com\/blog\/wp-json\/wp\/v2\/posts\/15945\/revisions"}],"wp:attachment":[{"href":"https:\/\/www.visit-ulcinj.com\/blog\/wp-json\/wp\/v2\/media?parent=15945"}],"wp:term":[{"taxonomy":"category","embeddable":true,"href":"https:\/\/www.visit-ulcinj.com\/blog\/wp-json\/wp\/v2\/categories?post=15945"},{"taxonomy":"post_tag","embeddable":true,"href":"https:\/\/www.visit-ulcinj.com\/blog\/wp-json\/wp\/v2\/tags?post=15945"}],"curies":[{"name":"wp","href":"https:\/\/api.w.org\/{rel}","templated":true}]}}