{"id":15952,"date":"2009-03-28T14:11:42","date_gmt":"2009-03-28T13:11:42","guid":{"rendered":"http:\/\/www.visit-ulcinj.com\/blog\/?p=15952"},"modified":"2009-03-28T14:11:42","modified_gmt":"2009-03-28T13:11:42","slug":"aida-rrefen-dhimbjen-e-saj","status":"publish","type":"post","link":"https:\/\/www.visit-ulcinj.com\/blog\/2009\/03\/28\/aida-rrefen-dhimbjen-e-saj\/","title":{"rendered":"Aida rr\u00ebfen dhimbjen e saj"},"content":{"rendered":"<p><a href=\"http:\/\/www.visit-ulcinj.com\/blog\/wp-content\/uploads\/2009\/03\/aida.jpg\"><img loading=\"lazy\" class=\"alignleft size-full wp-image-15953\" title=\"aida-big-brother-albania-2\" src=\"http:\/\/www.visit-ulcinj.com\/blog\/wp-content\/uploads\/2009\/03\/aida.jpg\" alt=\"aida-big-brother-albania-2\" width=\"585\" height=\"294\" \/><\/a>&#8220;Pa babain, \u00ebsht\u00eb si t\u00eb jetosh me gjysm\u00eb rrahje zemre&#8221;<\/p>\n<p>E tjer\u00eb, ajo e kishte shum\u00eb t\u00eb v\u00ebshtir\u00eb. Gjithashtu ka treguar se i ati kishte tet\u00eb vjet q\u00eb i kishte vdekur, si pasoj\u00eb e nj\u00eb tumori n\u00eb kok\u00eb. Edhe pse e kishin kapur s\u00ebmundjen n\u00eb fazat fillestare dhe i kishin b\u00ebr\u00eb t\u00eb gjitha p\u00ebrpjekjet, s\u00ebmundja ishte e pash\u00ebrueshme dhe kund\u00ebr saj nuk mund t\u00eb b\u00ebhej asgj\u00eb. &#8220;Kjo fotografi \u00ebsht\u00eb realisht gj\u00ebja m\u00eb e bukur q\u00eb mund t\u00eb m\u00eb b\u00ebnin. M\u00eb sjell nd\u00ebrmend \u00e7do gj\u00eb t\u00eb b\u00ebr\u00eb me tim at\u00eb. Edhe sot e k\u00ebsaj dite, kur eci n\u00eb rrug\u00eb, e pres t\u00eb m\u00eb dal\u00eb nga ndonj\u00eb kthes\u00eb!&#8221; &#8211; ka th\u00ebn\u00eb ajo. Aida, e prekur dhe e mall\u00ebngjyer, duke rijetuar kujtimet dhe humbjen e t\u00eb atit, u revoltua dhe u ndje shum\u00eb e fyer nga banor\u00ebt e tjer\u00eb, q\u00eb tashm\u00eb flisnin p\u00ebr gj\u00ebra t\u00eb tjera, k\u00ebndonin, apo vall\u00ebzonin. Ajo tha se prandaj nuk donte t\u00eb qante n\u00eb sy t\u00eb tyre, apo ta shihnin tek vuante. &#8220;Po desh\u00ebn t\u00eb k\u00ebndojn\u00eb, le t\u00eb k\u00ebndojn\u00eb, problemi \u00ebsht\u00eb se nuk desha t\u00eb d\u00ebgjoja k\u00ebndimet e k\u00ebtyre. Ta kishin provuar nj\u00eb t\u00eb dhjet\u00ebn e dhimbjes sime ata, do t\u00eb ishin njer\u00ebz me ndjenja. Kjo \u00ebsht\u00eb ajo q\u00eb m\u00eb l\u00ebndon te njer\u00ebzit. Un\u00eb po plas duke qar\u00eb dhe ti t\u00eb m\u00eb k\u00ebndosh, \u00ebsht\u00eb shum\u00eb e r\u00ebnd\u00eb, shum\u00eb e ul\u00ebt!&#8221; &#8211; ka th\u00ebn\u00eb ajo. Duke d\u00ebgjuar Adelajd\u00ebn q\u00eb k\u00ebndonte, ajo ka shtuar: &#8220;Nuk m\u00eb intereson fare Adelajda, m\u00eb interesojn\u00eb t\u00eb gjith\u00eb. Bravo i qoft\u00eb q\u00eb po k\u00ebnaqen me dhimbjen time. Veten tregojn\u00eb, asgj\u00eb m\u00eb shum\u00eb!&#8221; Duke vazhduar rr\u00ebfimin e saj p\u00ebr t\u00eb atin, Aida ka th\u00ebn\u00eb se t\u00eb dy i lidhte nj\u00eb telepati e ve\u00e7ant\u00eb, si ajo q\u00eb lidhte dy binjak\u00eb. N\u00ebse ajo rr\u00ebzohej nga shkall\u00ebt, t\u00eb atit, edhe pse ishte duke fjetur, i dilte gjumi. &#8220;Nuk di si ta p\u00ebrshkruaj marr\u00ebdh\u00ebnien time me tim at\u00eb, nuk i gjej dot fjal\u00ebt. Ka qen\u00eb gj\u00ebja m\u00eb fantastike q\u00eb mund t\u00eb ket\u00eb nj\u00eb person, e paarritshme. Ti nuk e ke iden\u00eb \u00e7far\u00eb do t\u00eb thot\u00eb t\u00eb jetosh me at\u00eb ndjenj\u00eb, t\u00eb rritesh me at\u00eb ndjenj\u00eb e t\u00eb t\u00eb hiqet e drejta e asaj ndjenje. T\u00eb jetosh me gjysm\u00eb rrahje zemre! P\u00ebr mua t\u00eb mos e kem at\u00eb n\u00eb jet\u00ebn time, \u00ebsht\u00eb nj\u00eb tmerr i pafund&#8221;, ka vazhduar ajo bised\u00ebn me Lirit\u00ebn. Lirita i ka th\u00ebn\u00eb se edhe pse nuk e kishte provuar nj\u00eb humbje t\u00eb till\u00eb, ajo e merrte me mend se \u00e7&#8217;do t\u00eb thoshte. Nd\u00ebrsa i ka th\u00ebn\u00eb Aid\u00ebs se ajo ishte v\u00ebrtet e fort\u00eb dhe se kjo surpriz\u00eb e &#8220;V\u00ebllait t\u00eb Madh&#8221; p\u00ebr t\u00eb ishte dhurata m\u00eb e bukur.<\/p>\n","protected":false},"excerpt":{"rendered":"<p>&#8220;Pa babain, \u00ebsht\u00eb si t\u00eb jetosh me gjysm\u00eb rrahje zemre&#8221; E tjer\u00eb, ajo e kishte shum\u00eb t\u00eb v\u00ebshtir\u00eb. Gjithashtu ka treguar se i ati kishte tet\u00eb vjet q\u00eb i kishte vdekur, si pasoj\u00eb e nj\u00eb tumori n\u00eb kok\u00eb. Edhe pse e kishin kapur s\u00ebmundjen n\u00eb fazat fillestare dhe i kishin b\u00ebr\u00eb t\u00eb gjitha p\u00ebrpjekjet, s\u00ebmundja [&hellip;]<\/p>\n","protected":false},"author":1,"featured_media":0,"comment_status":"open","ping_status":"closed","sticky":false,"template":"","format":"standard","meta":{"spay_email":"","jetpack_publicize_message":"","jetpack_is_tweetstorm":false,"jetpack_publicize_feature_enabled":true},"categories":[6502],"tags":[6529,6537,6525,5057,6506,6516,6712,7129,6542,7364,6900,6891,6693,6887],"jetpack_publicize_connections":[],"yoast_head":"<!-- This site is optimized with the Yoast SEO plugin v19.1 - https:\/\/yoast.com\/wordpress\/plugins\/seo\/ -->\n<title>Aida rr\u00c3\u00abfen dhimbjen e saj | Big Brother Albania 2<\/title>\n<meta name=\"description\" content=\"Big Brother Albania 2 - E tjer\u00c3\u00ab, ajo e kishte shum\u00c3\u00ab t\u00c3\u00ab v\u00c3\u00abshtir\u00c3\u00ab. Gjithashtu ka treguar se i ati kishte tet\u00c3\u00ab vjet q\u00c3\u00ab i kishte vdekur, si pasoj\u00c3\u00ab e nj\u00c3\u00ab tumori n\u00c3\u00ab kok\u00c3\u00ab.\" \/>\n<meta name=\"robots\" content=\"index, follow, max-snippet:-1, max-image-preview:large, max-video-preview:-1\" \/>\n<link rel=\"canonical\" href=\"https:\/\/www.visit-ulcinj.com\/blog\/2009\/03\/28\/aida-rrefen-dhimbjen-e-saj\/\" \/>\n<meta property=\"og:locale\" content=\"en_US\" \/>\n<meta property=\"og:type\" content=\"article\" \/>\n<meta property=\"og:title\" content=\"Aida rr\u00c3\u00abfen dhimbjen e saj | Big Brother Albania 2\" \/>\n<meta property=\"og:description\" content=\"Big Brother Albania 2 - E tjer\u00c3\u00ab, ajo e kishte shum\u00c3\u00ab t\u00c3\u00ab v\u00c3\u00abshtir\u00c3\u00ab. Gjithashtu ka treguar se i ati kishte tet\u00c3\u00ab vjet q\u00c3\u00ab i kishte vdekur, si pasoj\u00c3\u00ab e nj\u00c3\u00ab tumori n\u00c3\u00ab kok\u00c3\u00ab.\" \/>\n<meta property=\"og:url\" content=\"https:\/\/www.visit-ulcinj.com\/blog\/2009\/03\/28\/aida-rrefen-dhimbjen-e-saj\/\" \/>\n<meta property=\"og:site_name\" content=\"Lajme nga Ulqini\" \/>\n<meta property=\"article:published_time\" content=\"2009-03-28T13:11:42+00:00\" \/>\n<meta property=\"og:image\" content=\"http:\/\/www.visit-ulcinj.com\/blog\/wp-content\/uploads\/2009\/03\/aida.jpg\" \/>\n<meta name=\"twitter:label1\" content=\"Written by\" \/>\n\t<meta name=\"twitter:data1\" content=\"ulqini\" \/>\n\t<meta name=\"twitter:label2\" content=\"Est. reading time\" \/>\n\t<meta name=\"twitter:data2\" content=\"2 minutes\" \/>\n<script type=\"application\/ld+json\" class=\"yoast-schema-graph\">{\"@context\":\"https:\/\/schema.org\",\"@graph\":[{\"@type\":\"WebSite\",\"@id\":\"https:\/\/www.visit-ulcinj.com\/blog\/#website\",\"url\":\"https:\/\/www.visit-ulcinj.com\/blog\/\",\"name\":\"Lajme nga Ulqini\",\"description\":\"Lajme,Vijesti,Ulqini,Ulqin,Crna Gora,Mali i Zi\",\"potentialAction\":[{\"@type\":\"SearchAction\",\"target\":{\"@type\":\"EntryPoint\",\"urlTemplate\":\"https:\/\/www.visit-ulcinj.com\/blog\/?s={search_term_string}\"},\"query-input\":\"required name=search_term_string\"}],\"inLanguage\":\"en-US\"},{\"@type\":\"ImageObject\",\"inLanguage\":\"en-US\",\"@id\":\"https:\/\/www.visit-ulcinj.com\/blog\/2009\/03\/28\/aida-rrefen-dhimbjen-e-saj\/#primaryimage\",\"url\":\"http:\/\/www.visit-ulcinj.com\/blog\/wp-content\/uploads\/2009\/03\/aida.jpg\",\"contentUrl\":\"http:\/\/www.visit-ulcinj.com\/blog\/wp-content\/uploads\/2009\/03\/aida.jpg\"},{\"@type\":\"WebPage\",\"@id\":\"https:\/\/www.visit-ulcinj.com\/blog\/2009\/03\/28\/aida-rrefen-dhimbjen-e-saj\/#webpage\",\"url\":\"https:\/\/www.visit-ulcinj.com\/blog\/2009\/03\/28\/aida-rrefen-dhimbjen-e-saj\/\",\"name\":\"Aida rr\u00c3\u00abfen dhimbjen e saj | Big Brother Albania 2\",\"isPartOf\":{\"@id\":\"https:\/\/www.visit-ulcinj.com\/blog\/#website\"},\"primaryImageOfPage\":{\"@id\":\"https:\/\/www.visit-ulcinj.com\/blog\/2009\/03\/28\/aida-rrefen-dhimbjen-e-saj\/#primaryimage\"},\"datePublished\":\"2009-03-28T13:11:42+00:00\",\"dateModified\":\"2009-03-28T13:11:42+00:00\",\"author\":{\"@id\":\"https:\/\/www.visit-ulcinj.com\/blog\/#\/schema\/person\/dcab619c614d3038751c63bc2aadc06d\"},\"description\":\"Big Brother Albania 2 - E tjer\u00c3\u00ab, ajo e kishte shum\u00c3\u00ab t\u00c3\u00ab v\u00c3\u00abshtir\u00c3\u00ab. Gjithashtu ka treguar se i ati kishte tet\u00c3\u00ab vjet q\u00c3\u00ab i kishte vdekur, si pasoj\u00c3\u00ab e nj\u00c3\u00ab tumori n\u00c3\u00ab kok\u00c3\u00ab.\",\"breadcrumb\":{\"@id\":\"https:\/\/www.visit-ulcinj.com\/blog\/2009\/03\/28\/aida-rrefen-dhimbjen-e-saj\/#breadcrumb\"},\"inLanguage\":\"en-US\",\"potentialAction\":[{\"@type\":\"ReadAction\",\"target\":[\"https:\/\/www.visit-ulcinj.com\/blog\/2009\/03\/28\/aida-rrefen-dhimbjen-e-saj\/\"]}]},{\"@type\":\"BreadcrumbList\",\"@id\":\"https:\/\/www.visit-ulcinj.com\/blog\/2009\/03\/28\/aida-rrefen-dhimbjen-e-saj\/#breadcrumb\",\"itemListElement\":[{\"@type\":\"ListItem\",\"position\":1,\"name\":\"Aida rr\u00ebfen dhimbjen e saj\"}]},{\"@type\":\"Person\",\"@id\":\"https:\/\/www.visit-ulcinj.com\/blog\/#\/schema\/person\/dcab619c614d3038751c63bc2aadc06d\",\"name\":\"ulqini\",\"sameAs\":[\"http:\/\/www.visit-ulcinj.com\"],\"url\":\"https:\/\/www.visit-ulcinj.com\/blog\/author\/admin\/\"}]}<\/script>\n<!-- \/ Yoast SEO plugin. -->","yoast_head_json":{"title":"Aida rr\u00c3\u00abfen dhimbjen e saj | Big Brother Albania 2","description":"Big Brother Albania 2 - E tjer\u00c3\u00ab, ajo e kishte shum\u00c3\u00ab t\u00c3\u00ab v\u00c3\u00abshtir\u00c3\u00ab. Gjithashtu ka treguar se i ati kishte tet\u00c3\u00ab vjet q\u00c3\u00ab i kishte vdekur, si pasoj\u00c3\u00ab e nj\u00c3\u00ab tumori n\u00c3\u00ab kok\u00c3\u00ab.","robots":{"index":"index","follow":"follow","max-snippet":"max-snippet:-1","max-image-preview":"max-image-preview:large","max-video-preview":"max-video-preview:-1"},"canonical":"https:\/\/www.visit-ulcinj.com\/blog\/2009\/03\/28\/aida-rrefen-dhimbjen-e-saj\/","og_locale":"en_US","og_type":"article","og_title":"Aida rr\u00c3\u00abfen dhimbjen e saj | Big Brother Albania 2","og_description":"Big Brother Albania 2 - E tjer\u00c3\u00ab, ajo e kishte shum\u00c3\u00ab t\u00c3\u00ab v\u00c3\u00abshtir\u00c3\u00ab. Gjithashtu ka treguar se i ati kishte tet\u00c3\u00ab vjet q\u00c3\u00ab i kishte vdekur, si pasoj\u00c3\u00ab e nj\u00c3\u00ab tumori n\u00c3\u00ab kok\u00c3\u00ab.","og_url":"https:\/\/www.visit-ulcinj.com\/blog\/2009\/03\/28\/aida-rrefen-dhimbjen-e-saj\/","og_site_name":"Lajme nga Ulqini","article_published_time":"2009-03-28T13:11:42+00:00","og_image":[{"url":"http:\/\/www.visit-ulcinj.com\/blog\/wp-content\/uploads\/2009\/03\/aida.jpg"}],"twitter_misc":{"Written by":"ulqini","Est. reading time":"2 minutes"},"schema":{"@context":"https:\/\/schema.org","@graph":[{"@type":"WebSite","@id":"https:\/\/www.visit-ulcinj.com\/blog\/#website","url":"https:\/\/www.visit-ulcinj.com\/blog\/","name":"Lajme nga Ulqini","description":"Lajme,Vijesti,Ulqini,Ulqin,Crna Gora,Mali i Zi","potentialAction":[{"@type":"SearchAction","target":{"@type":"EntryPoint","urlTemplate":"https:\/\/www.visit-ulcinj.com\/blog\/?s={search_term_string}"},"query-input":"required name=search_term_string"}],"inLanguage":"en-US"},{"@type":"ImageObject","inLanguage":"en-US","@id":"https:\/\/www.visit-ulcinj.com\/blog\/2009\/03\/28\/aida-rrefen-dhimbjen-e-saj\/#primaryimage","url":"http:\/\/www.visit-ulcinj.com\/blog\/wp-content\/uploads\/2009\/03\/aida.jpg","contentUrl":"http:\/\/www.visit-ulcinj.com\/blog\/wp-content\/uploads\/2009\/03\/aida.jpg"},{"@type":"WebPage","@id":"https:\/\/www.visit-ulcinj.com\/blog\/2009\/03\/28\/aida-rrefen-dhimbjen-e-saj\/#webpage","url":"https:\/\/www.visit-ulcinj.com\/blog\/2009\/03\/28\/aida-rrefen-dhimbjen-e-saj\/","name":"Aida rr\u00c3\u00abfen dhimbjen e saj | Big Brother Albania 2","isPartOf":{"@id":"https:\/\/www.visit-ulcinj.com\/blog\/#website"},"primaryImageOfPage":{"@id":"https:\/\/www.visit-ulcinj.com\/blog\/2009\/03\/28\/aida-rrefen-dhimbjen-e-saj\/#primaryimage"},"datePublished":"2009-03-28T13:11:42+00:00","dateModified":"2009-03-28T13:11:42+00:00","author":{"@id":"https:\/\/www.visit-ulcinj.com\/blog\/#\/schema\/person\/dcab619c614d3038751c63bc2aadc06d"},"description":"Big Brother Albania 2 - E tjer\u00c3\u00ab, ajo e kishte shum\u00c3\u00ab t\u00c3\u00ab v\u00c3\u00abshtir\u00c3\u00ab. Gjithashtu ka treguar se i ati kishte tet\u00c3\u00ab vjet q\u00c3\u00ab i kishte vdekur, si pasoj\u00c3\u00ab e nj\u00c3\u00ab tumori n\u00c3\u00ab kok\u00c3\u00ab.","breadcrumb":{"@id":"https:\/\/www.visit-ulcinj.com\/blog\/2009\/03\/28\/aida-rrefen-dhimbjen-e-saj\/#breadcrumb"},"inLanguage":"en-US","potentialAction":[{"@type":"ReadAction","target":["https:\/\/www.visit-ulcinj.com\/blog\/2009\/03\/28\/aida-rrefen-dhimbjen-e-saj\/"]}]},{"@type":"BreadcrumbList","@id":"https:\/\/www.visit-ulcinj.com\/blog\/2009\/03\/28\/aida-rrefen-dhimbjen-e-saj\/#breadcrumb","itemListElement":[{"@type":"ListItem","position":1,"name":"Aida rr\u00ebfen dhimbjen e saj"}]},{"@type":"Person","@id":"https:\/\/www.visit-ulcinj.com\/blog\/#\/schema\/person\/dcab619c614d3038751c63bc2aadc06d","name":"ulqini","sameAs":["http:\/\/www.visit-ulcinj.com"],"url":"https:\/\/www.visit-ulcinj.com\/blog\/author\/admin\/"}]}},"jetpack_featured_media_url":"","jetpack_sharing_enabled":true,"jetpack_shortlink":"https:\/\/wp.me\/pe6lTn-49i","_links":{"self":[{"href":"https:\/\/www.visit-ulcinj.com\/blog\/wp-json\/wp\/v2\/posts\/15952"}],"collection":[{"href":"https:\/\/www.visit-ulcinj.com\/blog\/wp-json\/wp\/v2\/posts"}],"about":[{"href":"https:\/\/www.visit-ulcinj.com\/blog\/wp-json\/wp\/v2\/types\/post"}],"author":[{"embeddable":true,"href":"https:\/\/www.visit-ulcinj.com\/blog\/wp-json\/wp\/v2\/users\/1"}],"replies":[{"embeddable":true,"href":"https:\/\/www.visit-ulcinj.com\/blog\/wp-json\/wp\/v2\/comments?post=15952"}],"version-history":[{"count":0,"href":"https:\/\/www.visit-ulcinj.com\/blog\/wp-json\/wp\/v2\/posts\/15952\/revisions"}],"wp:attachment":[{"href":"https:\/\/www.visit-ulcinj.com\/blog\/wp-json\/wp\/v2\/media?parent=15952"}],"wp:term":[{"taxonomy":"category","embeddable":true,"href":"https:\/\/www.visit-ulcinj.com\/blog\/wp-json\/wp\/v2\/categories?post=15952"},{"taxonomy":"post_tag","embeddable":true,"href":"https:\/\/www.visit-ulcinj.com\/blog\/wp-json\/wp\/v2\/tags?post=15952"}],"curies":[{"name":"wp","href":"https:\/\/api.w.org\/{rel}","templated":true}]}}