{"id":15960,"date":"2009-03-28T14:26:41","date_gmt":"2009-03-28T13:26:41","guid":{"rendered":"http:\/\/www.visit-ulcinj.com\/blog\/?p=15960"},"modified":"2009-03-28T14:26:41","modified_gmt":"2009-03-28T13:26:41","slug":"aida-dhe-qetsori-flit-vetem-naten-e-spektaklit","status":"publish","type":"post","link":"https:\/\/www.visit-ulcinj.com\/blog\/2009\/03\/28\/aida-dhe-qetsori-flit-vetem-naten-e-spektaklit\/","title":{"rendered":"Aida dhe Qetsori : Flit vet\u00ebm nat\u00ebn e spektaklit"},"content":{"rendered":"<p>\u00a0<\/p>\n<p class=\"MsoNormal\"><strong><em><a href=\"http:\/\/www.visit-ulcinj.com\/blog\/wp-content\/uploads\/2009\/03\/aida-per-biken.jpg\"><img loading=\"lazy\" class=\"alignleft size-full wp-image-15838\" title=\"aida-per-biken-big-brother-albania-2\" src=\"http:\/\/www.visit-ulcinj.com\/blog\/wp-content\/uploads\/2009\/03\/aida-per-biken.jpg\" alt=\"aida-per-biken-big-brother-albania-2\" width=\"300\" height=\"205\" \/><\/a>Flit vet\u00ebm nat\u00ebn e spektaklit, p\u00ebrndryshe nuk ka seriozitet<\/em><\/strong><\/p>\n<p class=\"MsoNormal\">Qetsori, duke iu rikthyer tem\u00ebs s\u00eb rilidhjes s\u00eb Bjordit me baban\u00eb e tij, tha se t\u00eb gjith\u00eb kan\u00eb histori t\u00eb ve\u00e7anta p\u00ebr t\u00eb treguar. Madje, edhe ai mund t\u00eb tregonte nj\u00eb cop\u00ebz t\u00eb trisht\u00eb nga jeta e tij, por nuk e shikon t\u00eb udh\u00ebs. Aida, sapo d\u00ebgjoi k\u00ebt\u00eb gj\u00eb, e k\u00ebshilloi menj\u00ebher\u00eb Qetsorin, q\u00eb n\u00ebse do t\u00eb vendos\u00eb t\u00eb flas\u00eb duhet ta b\u00ebj\u00eb vet\u00ebm t\u00eb shtun\u00ebn mbr\u00ebma, nat\u00ebn e spektaklit t\u00eb madh \u201cBig Brother\u201d. Vajza i ka kujtuar banorit nga Vlora se \u201ck\u00ebta\u201d, duke iu referuar konkurrent\u00ebve t\u00eb tjer\u00eb, sapo t\u00eb d\u00ebgjojn\u00eb se po tregon di\u00e7ka do t\u2019ia nisin k\u00ebng\u00ebs. Prandaj, si rrug\u00eb t\u00eb vetme q\u00eb banor\u00ebt t\u00eb kishin v\u00ebmendje mbi historin\u00eb e Qetsorit, Aida ka par\u00eb or\u00ebt e spektaklit, ku sipas saj, banor\u00ebt hiqeshin si t\u00eb dashur dhe t\u00eb v\u00ebmendsh\u00ebm. Sipas Aid\u00ebs, Qetsori n\u00ebse ka di\u00e7ka t\u00eb r\u00ebnd\u00ebsishme p\u00ebr ta rr\u00ebfyer duhet t\u00eb pres\u00eb t\u00eb shtun\u00ebn dhe t\u00eb mos flas\u00eb gjat\u00eb jav\u00ebs, pasi banor\u00ebt gjith\u00e7ka do ta merrnin jo shum\u00eb seriozisht.<\/p>\n<p class=\"MsoNormal\">\u00a0<\/p>\n","protected":false},"excerpt":{"rendered":"<p>\u00a0 Flit vet\u00ebm nat\u00ebn e spektaklit, p\u00ebrndryshe nuk ka seriozitet Qetsori, duke iu rikthyer tem\u00ebs s\u00eb rilidhjes s\u00eb Bjordit me baban\u00eb e tij, tha se t\u00eb gjith\u00eb kan\u00eb histori t\u00eb ve\u00e7anta p\u00ebr t\u00eb treguar. Madje, edhe ai mund t\u00eb tregonte nj\u00eb cop\u00ebz t\u00eb trisht\u00eb nga jeta e tij, por nuk e shikon t\u00eb udh\u00ebs. Aida, [&hellip;]<\/p>\n","protected":false},"author":1,"featured_media":0,"comment_status":"open","ping_status":"closed","sticky":false,"template":"","format":"standard","meta":{"spay_email":"","jetpack_publicize_message":"","jetpack_is_tweetstorm":false,"jetpack_publicize_feature_enabled":true},"categories":[6502],"tags":[6529,6537,5057,6506,6516,6712,7129,6522,6900,6891,6693,6887],"jetpack_publicize_connections":[],"yoast_head":"<!-- This site is optimized with the Yoast SEO plugin v19.1 - https:\/\/yoast.com\/wordpress\/plugins\/seo\/ -->\n<title>Aida dhe Qetsori : Flit vet\u00c3\u00abm nat\u00c3\u00abn e spektaklit | Big Brother Albania 2<\/title>\n<meta name=\"description\" content=\"Big Brother Albania 2 - Qetsori, duke iu rikthyer tem\u00c3\u00abs s\u00c3\u00ab rilidhjes s\u00c3\u00ab Bjordit me baban\u00c3\u00ab e tij, tha se t\u00c3\u00ab gjith\u00c3\u00ab kan\u00c3\u00ab histori t\u00c3\u00ab ve\u00c3\u00a7anta p\u00c3\u00abr t\u00c3\u00ab treguar. Madje, edhe ai mund t\u00c3\u00ab tregonte nj\u00c3\u00ab cop\u00c3\u00abz t\u00c3\u00ab trisht\u00c3\u00ab nga jeta e ti\" \/>\n<meta name=\"robots\" content=\"index, follow, max-snippet:-1, max-image-preview:large, max-video-preview:-1\" \/>\n<link rel=\"canonical\" href=\"https:\/\/www.visit-ulcinj.com\/blog\/2009\/03\/28\/aida-dhe-qetsori-flit-vetem-naten-e-spektaklit\/\" \/>\n<meta property=\"og:locale\" content=\"en_US\" \/>\n<meta property=\"og:type\" content=\"article\" \/>\n<meta property=\"og:title\" content=\"Aida dhe Qetsori : Flit vet\u00c3\u00abm nat\u00c3\u00abn e spektaklit | Big Brother Albania 2\" \/>\n<meta property=\"og:description\" content=\"Big Brother Albania 2 - Qetsori, duke iu rikthyer tem\u00c3\u00abs s\u00c3\u00ab rilidhjes s\u00c3\u00ab Bjordit me baban\u00c3\u00ab e tij, tha se t\u00c3\u00ab gjith\u00c3\u00ab kan\u00c3\u00ab histori t\u00c3\u00ab ve\u00c3\u00a7anta p\u00c3\u00abr t\u00c3\u00ab treguar. Madje, edhe ai mund t\u00c3\u00ab tregonte nj\u00c3\u00ab cop\u00c3\u00abz t\u00c3\u00ab trisht\u00c3\u00ab nga jeta e ti\" \/>\n<meta property=\"og:url\" content=\"https:\/\/www.visit-ulcinj.com\/blog\/2009\/03\/28\/aida-dhe-qetsori-flit-vetem-naten-e-spektaklit\/\" \/>\n<meta property=\"og:site_name\" content=\"Lajme nga Ulqini\" \/>\n<meta property=\"article:published_time\" content=\"2009-03-28T13:26:41+00:00\" \/>\n<meta property=\"og:image\" content=\"http:\/\/www.visit-ulcinj.com\/blog\/wp-content\/uploads\/2009\/03\/aida-per-biken.jpg\" \/>\n<meta name=\"twitter:label1\" content=\"Written by\" \/>\n\t<meta name=\"twitter:data1\" content=\"ulqini\" \/>\n\t<meta name=\"twitter:label2\" content=\"Est. reading time\" \/>\n\t<meta name=\"twitter:data2\" content=\"1 minute\" \/>\n<script type=\"application\/ld+json\" class=\"yoast-schema-graph\">{\"@context\":\"https:\/\/schema.org\",\"@graph\":[{\"@type\":\"WebSite\",\"@id\":\"https:\/\/www.visit-ulcinj.com\/blog\/#website\",\"url\":\"https:\/\/www.visit-ulcinj.com\/blog\/\",\"name\":\"Lajme nga Ulqini\",\"description\":\"Lajme,Vijesti,Ulqini,Ulqin,Crna Gora,Mali i Zi\",\"potentialAction\":[{\"@type\":\"SearchAction\",\"target\":{\"@type\":\"EntryPoint\",\"urlTemplate\":\"https:\/\/www.visit-ulcinj.com\/blog\/?s={search_term_string}\"},\"query-input\":\"required name=search_term_string\"}],\"inLanguage\":\"en-US\"},{\"@type\":\"ImageObject\",\"inLanguage\":\"en-US\",\"@id\":\"https:\/\/www.visit-ulcinj.com\/blog\/2009\/03\/28\/aida-dhe-qetsori-flit-vetem-naten-e-spektaklit\/#primaryimage\",\"url\":\"http:\/\/www.visit-ulcinj.com\/blog\/wp-content\/uploads\/2009\/03\/aida-per-biken.jpg\",\"contentUrl\":\"http:\/\/www.visit-ulcinj.com\/blog\/wp-content\/uploads\/2009\/03\/aida-per-biken.jpg\"},{\"@type\":\"WebPage\",\"@id\":\"https:\/\/www.visit-ulcinj.com\/blog\/2009\/03\/28\/aida-dhe-qetsori-flit-vetem-naten-e-spektaklit\/#webpage\",\"url\":\"https:\/\/www.visit-ulcinj.com\/blog\/2009\/03\/28\/aida-dhe-qetsori-flit-vetem-naten-e-spektaklit\/\",\"name\":\"Aida dhe Qetsori : Flit vet\u00c3\u00abm nat\u00c3\u00abn e spektaklit | Big Brother Albania 2\",\"isPartOf\":{\"@id\":\"https:\/\/www.visit-ulcinj.com\/blog\/#website\"},\"primaryImageOfPage\":{\"@id\":\"https:\/\/www.visit-ulcinj.com\/blog\/2009\/03\/28\/aida-dhe-qetsori-flit-vetem-naten-e-spektaklit\/#primaryimage\"},\"datePublished\":\"2009-03-28T13:26:41+00:00\",\"dateModified\":\"2009-03-28T13:26:41+00:00\",\"author\":{\"@id\":\"https:\/\/www.visit-ulcinj.com\/blog\/#\/schema\/person\/dcab619c614d3038751c63bc2aadc06d\"},\"description\":\"Big Brother Albania 2 - Qetsori, duke iu rikthyer tem\u00c3\u00abs s\u00c3\u00ab rilidhjes s\u00c3\u00ab Bjordit me baban\u00c3\u00ab e tij, tha se t\u00c3\u00ab gjith\u00c3\u00ab kan\u00c3\u00ab histori t\u00c3\u00ab ve\u00c3\u00a7anta p\u00c3\u00abr t\u00c3\u00ab treguar. Madje, edhe ai mund t\u00c3\u00ab tregonte nj\u00c3\u00ab cop\u00c3\u00abz t\u00c3\u00ab trisht\u00c3\u00ab nga jeta e ti\",\"breadcrumb\":{\"@id\":\"https:\/\/www.visit-ulcinj.com\/blog\/2009\/03\/28\/aida-dhe-qetsori-flit-vetem-naten-e-spektaklit\/#breadcrumb\"},\"inLanguage\":\"en-US\",\"potentialAction\":[{\"@type\":\"ReadAction\",\"target\":[\"https:\/\/www.visit-ulcinj.com\/blog\/2009\/03\/28\/aida-dhe-qetsori-flit-vetem-naten-e-spektaklit\/\"]}]},{\"@type\":\"BreadcrumbList\",\"@id\":\"https:\/\/www.visit-ulcinj.com\/blog\/2009\/03\/28\/aida-dhe-qetsori-flit-vetem-naten-e-spektaklit\/#breadcrumb\",\"itemListElement\":[{\"@type\":\"ListItem\",\"position\":1,\"name\":\"Aida dhe Qetsori : Flit vet\u00ebm nat\u00ebn e spektaklit\"}]},{\"@type\":\"Person\",\"@id\":\"https:\/\/www.visit-ulcinj.com\/blog\/#\/schema\/person\/dcab619c614d3038751c63bc2aadc06d\",\"name\":\"ulqini\",\"sameAs\":[\"http:\/\/www.visit-ulcinj.com\"],\"url\":\"https:\/\/www.visit-ulcinj.com\/blog\/author\/admin\/\"}]}<\/script>\n<!-- \/ Yoast SEO plugin. -->","yoast_head_json":{"title":"Aida dhe Qetsori : Flit vet\u00c3\u00abm nat\u00c3\u00abn e spektaklit | Big Brother Albania 2","description":"Big Brother Albania 2 - Qetsori, duke iu rikthyer tem\u00c3\u00abs s\u00c3\u00ab rilidhjes s\u00c3\u00ab Bjordit me baban\u00c3\u00ab e tij, tha se t\u00c3\u00ab gjith\u00c3\u00ab kan\u00c3\u00ab histori t\u00c3\u00ab ve\u00c3\u00a7anta p\u00c3\u00abr t\u00c3\u00ab treguar. Madje, edhe ai mund t\u00c3\u00ab tregonte nj\u00c3\u00ab cop\u00c3\u00abz t\u00c3\u00ab trisht\u00c3\u00ab nga jeta e ti","robots":{"index":"index","follow":"follow","max-snippet":"max-snippet:-1","max-image-preview":"max-image-preview:large","max-video-preview":"max-video-preview:-1"},"canonical":"https:\/\/www.visit-ulcinj.com\/blog\/2009\/03\/28\/aida-dhe-qetsori-flit-vetem-naten-e-spektaklit\/","og_locale":"en_US","og_type":"article","og_title":"Aida dhe Qetsori : Flit vet\u00c3\u00abm nat\u00c3\u00abn e spektaklit | Big Brother Albania 2","og_description":"Big Brother Albania 2 - Qetsori, duke iu rikthyer tem\u00c3\u00abs s\u00c3\u00ab rilidhjes s\u00c3\u00ab Bjordit me baban\u00c3\u00ab e tij, tha se t\u00c3\u00ab gjith\u00c3\u00ab kan\u00c3\u00ab histori t\u00c3\u00ab ve\u00c3\u00a7anta p\u00c3\u00abr t\u00c3\u00ab treguar. Madje, edhe ai mund t\u00c3\u00ab tregonte nj\u00c3\u00ab cop\u00c3\u00abz t\u00c3\u00ab trisht\u00c3\u00ab nga jeta e ti","og_url":"https:\/\/www.visit-ulcinj.com\/blog\/2009\/03\/28\/aida-dhe-qetsori-flit-vetem-naten-e-spektaklit\/","og_site_name":"Lajme nga Ulqini","article_published_time":"2009-03-28T13:26:41+00:00","og_image":[{"url":"http:\/\/www.visit-ulcinj.com\/blog\/wp-content\/uploads\/2009\/03\/aida-per-biken.jpg"}],"twitter_misc":{"Written by":"ulqini","Est. reading time":"1 minute"},"schema":{"@context":"https:\/\/schema.org","@graph":[{"@type":"WebSite","@id":"https:\/\/www.visit-ulcinj.com\/blog\/#website","url":"https:\/\/www.visit-ulcinj.com\/blog\/","name":"Lajme nga Ulqini","description":"Lajme,Vijesti,Ulqini,Ulqin,Crna Gora,Mali i Zi","potentialAction":[{"@type":"SearchAction","target":{"@type":"EntryPoint","urlTemplate":"https:\/\/www.visit-ulcinj.com\/blog\/?s={search_term_string}"},"query-input":"required name=search_term_string"}],"inLanguage":"en-US"},{"@type":"ImageObject","inLanguage":"en-US","@id":"https:\/\/www.visit-ulcinj.com\/blog\/2009\/03\/28\/aida-dhe-qetsori-flit-vetem-naten-e-spektaklit\/#primaryimage","url":"http:\/\/www.visit-ulcinj.com\/blog\/wp-content\/uploads\/2009\/03\/aida-per-biken.jpg","contentUrl":"http:\/\/www.visit-ulcinj.com\/blog\/wp-content\/uploads\/2009\/03\/aida-per-biken.jpg"},{"@type":"WebPage","@id":"https:\/\/www.visit-ulcinj.com\/blog\/2009\/03\/28\/aida-dhe-qetsori-flit-vetem-naten-e-spektaklit\/#webpage","url":"https:\/\/www.visit-ulcinj.com\/blog\/2009\/03\/28\/aida-dhe-qetsori-flit-vetem-naten-e-spektaklit\/","name":"Aida dhe Qetsori : Flit vet\u00c3\u00abm nat\u00c3\u00abn e spektaklit | Big Brother Albania 2","isPartOf":{"@id":"https:\/\/www.visit-ulcinj.com\/blog\/#website"},"primaryImageOfPage":{"@id":"https:\/\/www.visit-ulcinj.com\/blog\/2009\/03\/28\/aida-dhe-qetsori-flit-vetem-naten-e-spektaklit\/#primaryimage"},"datePublished":"2009-03-28T13:26:41+00:00","dateModified":"2009-03-28T13:26:41+00:00","author":{"@id":"https:\/\/www.visit-ulcinj.com\/blog\/#\/schema\/person\/dcab619c614d3038751c63bc2aadc06d"},"description":"Big Brother Albania 2 - Qetsori, duke iu rikthyer tem\u00c3\u00abs s\u00c3\u00ab rilidhjes s\u00c3\u00ab Bjordit me baban\u00c3\u00ab e tij, tha se t\u00c3\u00ab gjith\u00c3\u00ab kan\u00c3\u00ab histori t\u00c3\u00ab ve\u00c3\u00a7anta p\u00c3\u00abr t\u00c3\u00ab treguar. Madje, edhe ai mund t\u00c3\u00ab tregonte nj\u00c3\u00ab cop\u00c3\u00abz t\u00c3\u00ab trisht\u00c3\u00ab nga jeta e ti","breadcrumb":{"@id":"https:\/\/www.visit-ulcinj.com\/blog\/2009\/03\/28\/aida-dhe-qetsori-flit-vetem-naten-e-spektaklit\/#breadcrumb"},"inLanguage":"en-US","potentialAction":[{"@type":"ReadAction","target":["https:\/\/www.visit-ulcinj.com\/blog\/2009\/03\/28\/aida-dhe-qetsori-flit-vetem-naten-e-spektaklit\/"]}]},{"@type":"BreadcrumbList","@id":"https:\/\/www.visit-ulcinj.com\/blog\/2009\/03\/28\/aida-dhe-qetsori-flit-vetem-naten-e-spektaklit\/#breadcrumb","itemListElement":[{"@type":"ListItem","position":1,"name":"Aida dhe Qetsori : Flit vet\u00ebm nat\u00ebn e spektaklit"}]},{"@type":"Person","@id":"https:\/\/www.visit-ulcinj.com\/blog\/#\/schema\/person\/dcab619c614d3038751c63bc2aadc06d","name":"ulqini","sameAs":["http:\/\/www.visit-ulcinj.com"],"url":"https:\/\/www.visit-ulcinj.com\/blog\/author\/admin\/"}]}},"jetpack_featured_media_url":"","jetpack_sharing_enabled":true,"jetpack_shortlink":"https:\/\/wp.me\/pe6lTn-49q","_links":{"self":[{"href":"https:\/\/www.visit-ulcinj.com\/blog\/wp-json\/wp\/v2\/posts\/15960"}],"collection":[{"href":"https:\/\/www.visit-ulcinj.com\/blog\/wp-json\/wp\/v2\/posts"}],"about":[{"href":"https:\/\/www.visit-ulcinj.com\/blog\/wp-json\/wp\/v2\/types\/post"}],"author":[{"embeddable":true,"href":"https:\/\/www.visit-ulcinj.com\/blog\/wp-json\/wp\/v2\/users\/1"}],"replies":[{"embeddable":true,"href":"https:\/\/www.visit-ulcinj.com\/blog\/wp-json\/wp\/v2\/comments?post=15960"}],"version-history":[{"count":0,"href":"https:\/\/www.visit-ulcinj.com\/blog\/wp-json\/wp\/v2\/posts\/15960\/revisions"}],"wp:attachment":[{"href":"https:\/\/www.visit-ulcinj.com\/blog\/wp-json\/wp\/v2\/media?parent=15960"}],"wp:term":[{"taxonomy":"category","embeddable":true,"href":"https:\/\/www.visit-ulcinj.com\/blog\/wp-json\/wp\/v2\/categories?post=15960"},{"taxonomy":"post_tag","embeddable":true,"href":"https:\/\/www.visit-ulcinj.com\/blog\/wp-json\/wp\/v2\/tags?post=15960"}],"curies":[{"name":"wp","href":"https:\/\/api.w.org\/{rel}","templated":true}]}}