{"id":1597,"date":"2008-05-16T12:08:25","date_gmt":"2008-05-16T17:08:25","guid":{"rendered":"http:\/\/www.visit-ulcinj.com\/blog\/?p=1597"},"modified":"2008-05-16T12:08:25","modified_gmt":"2008-05-16T17:08:25","slug":"milo-dukanovic-uskoro-kandidati-za-nato","status":"publish","type":"post","link":"https:\/\/www.visit-ulcinj.com\/blog\/2008\/05\/16\/milo-dukanovic-uskoro-kandidati-za-nato\/","title":{"rendered":"Milo ?ukanovi?: Uskoro kandidati za NATO"},"content":{"rendered":"<p><img loading=\"lazy\" class=\"alignleft\" style=\"float: left;\" src=\"http:\/\/www.nato-montenegro.cg.yu\/_slike\/1210928706.jpg\" alt=\"nato aliansa\" width=\"225\" height=\"180\" \/><strong>Odr\u017eana sjednica Savjeta za PzM<\/strong><br \/>\nDanas je odr\u017eana sjednica Savjeta za Partnerstvo za mir, kojom je predsjedavao predsjednik Vlade Milo ?ukanovi?.<br \/>\nPredsjednik ?ukanovi? je, na prvoj sjednici tog tijela od kako je izabrana nova Vlada, naglasio da je integracija u NATO strate\u0161ki spoljnopoliti?ki i bezbjednosni prioritet Crne Gore i da da ?e aktivnosti Vlade u tom smislu u narednom periodu biti intezivirane. On je istakao da je Crna Gora postigla veliki uspjeh u dosada\u0161njem procesu evroatlantskih integracija, \u0161to je potvr?eno pozivom sa Samita u Bukure\u0161tu da se uklju?i u Intenzivirani dijalog sa NATO. Crna Gora je sada u\u0161la u najozbiljniju fazu integracije u Alijansu i dinami?nim radom u programima PzM stvara preduslove da do sljede?eg Samita NATO ispuni kriterijume za sticanje statusa kandidata za ?lanstvo u ovoj organizaciji ulaskom u Akcioni plan za ?lanstvo- MAP.<br \/>\nMinistar inostranih poslova Milan Ro?en je, u svojstvu jednog od kopredsjedavaju?ih Savjeta, detaljnije upoznao sa aktivnostima Crne Gore u okviru programa PzM, Individualnog partnerskog akcionog plana \u2013 IPAP i Intenziviranog dijaloga, tj. pripremama IPAP plana i Diskusionog dokumenta za ID, ?iju izradu<img loading=\"lazy\" class=\"alignright\" style=\"float: right;\" src=\"http:\/\/www.nato-montenegro.cg.yu\/_slike\/1208102444.jpg\" alt=\"nato aliansa\" width=\"250\" height=\"189\" \/> koordinira vladina Komisija za interesorne aktivnosti u PzM. U tom smislu naglasio da ?e uspje\u0161na implementacija tih programa imati klju?ni uticaj na odluku NATO o prijemu Crne Gore u MAP.<br \/>\nMinistar odbrane Boro Vu?ini?, kao drugi kopredsjedavaju?i Savjeta, upoznao je to tijelo sa sprovo?enjem vojnih programa u PzM Individualnog partnerskog programa -IPP i Procesa planiranja i revizije -PARP.<br \/>\nSavjet je zaklju?io da je od naro?ite va\u017enosti dalja implementacija Komunikacione strategije za evroatlantske integracije Crne Gore na svim nivoima, s ciljem da se crnogorska javnost bli\u017ee upozna sa procesom integracije Crne Gore u NATO i prednostima koje joj to donosi.<br \/>\nSavjet je zatra\u017eio od svih ministarstava i drugih dr\u017eavnih institucija da daju svoj puni doprinos u daljim aktivnostima koje stoje pred Crnom Gorom u procesu evroatlantskih integracija.<br \/>\n<strong>Izvor \/ Vlada Crne Gore<\/strong><\/p>\n","protected":false},"excerpt":{"rendered":"<p><img loading=\"lazy\" class=\"alignleft\" style=\"float: left;\" src=\"http:\/\/www.nato-montenegro.cg.yu\/_slike\/1210928706.jpg\" alt=\"nato aliansa\" width=\"140\" height=\"140\" \/><\/p>\n","protected":false},"author":1,"featured_media":0,"comment_status":"open","ping_status":"closed","sticky":false,"template":"","format":"standard","meta":{"spay_email":"","jetpack_publicize_message":"","jetpack_is_tweetstorm":false,"jetpack_publicize_feature_enabled":true},"categories":[6,12],"tags":[20,3215,3214,924,3219,3217,1753,3216,3218],"jetpack_publicize_connections":[],"yoast_head":"<!-- This site is optimized with the Yoast SEO plugin v19.1 - https:\/\/yoast.com\/wordpress\/plugins\/seo\/ -->\n<title>Milo ?ukanovi?: Uskoro kandidati za NATO - Lajme nga Ulqini<\/title>\n<meta name=\"robots\" content=\"index, follow, max-snippet:-1, max-image-preview:large, max-video-preview:-1\" \/>\n<link rel=\"canonical\" href=\"https:\/\/www.visit-ulcinj.com\/blog\/2008\/05\/16\/milo-dukanovic-uskoro-kandidati-za-nato\/\" \/>\n<meta property=\"og:locale\" content=\"en_US\" \/>\n<meta property=\"og:type\" content=\"article\" \/>\n<meta property=\"og:title\" content=\"Milo ?ukanovi?: Uskoro kandidati za NATO - Lajme nga Ulqini\" \/>\n<meta property=\"og:url\" content=\"https:\/\/www.visit-ulcinj.com\/blog\/2008\/05\/16\/milo-dukanovic-uskoro-kandidati-za-nato\/\" \/>\n<meta property=\"og:site_name\" content=\"Lajme nga Ulqini\" \/>\n<meta property=\"article:published_time\" content=\"2008-05-16T17:08:25+00:00\" \/>\n<meta property=\"og:image\" content=\"http:\/\/www.nato-montenegro.cg.yu\/_slike\/1210928706.jpg\" \/>\n<meta name=\"twitter:label1\" content=\"Written by\" \/>\n\t<meta name=\"twitter:data1\" content=\"ulqini\" \/>\n\t<meta name=\"twitter:label2\" content=\"Est. reading time\" \/>\n\t<meta name=\"twitter:data2\" content=\"2 minutes\" \/>\n<script type=\"application\/ld+json\" class=\"yoast-schema-graph\">{\"@context\":\"https:\/\/schema.org\",\"@graph\":[{\"@type\":\"WebSite\",\"@id\":\"https:\/\/www.visit-ulcinj.com\/blog\/#website\",\"url\":\"https:\/\/www.visit-ulcinj.com\/blog\/\",\"name\":\"Lajme nga Ulqini\",\"description\":\"Lajme,Vijesti,Ulqini,Ulqin,Crna Gora,Mali i Zi\",\"potentialAction\":[{\"@type\":\"SearchAction\",\"target\":{\"@type\":\"EntryPoint\",\"urlTemplate\":\"https:\/\/www.visit-ulcinj.com\/blog\/?s={search_term_string}\"},\"query-input\":\"required name=search_term_string\"}],\"inLanguage\":\"en-US\"},{\"@type\":\"ImageObject\",\"inLanguage\":\"en-US\",\"@id\":\"https:\/\/www.visit-ulcinj.com\/blog\/2008\/05\/16\/milo-dukanovic-uskoro-kandidati-za-nato\/#primaryimage\",\"url\":\"http:\/\/www.nato-montenegro.cg.yu\/_slike\/1210928706.jpg\",\"contentUrl\":\"http:\/\/www.nato-montenegro.cg.yu\/_slike\/1210928706.jpg\"},{\"@type\":\"WebPage\",\"@id\":\"https:\/\/www.visit-ulcinj.com\/blog\/2008\/05\/16\/milo-dukanovic-uskoro-kandidati-za-nato\/#webpage\",\"url\":\"https:\/\/www.visit-ulcinj.com\/blog\/2008\/05\/16\/milo-dukanovic-uskoro-kandidati-za-nato\/\",\"name\":\"Milo ?ukanovi?: Uskoro kandidati za NATO - Lajme nga Ulqini\",\"isPartOf\":{\"@id\":\"https:\/\/www.visit-ulcinj.com\/blog\/#website\"},\"primaryImageOfPage\":{\"@id\":\"https:\/\/www.visit-ulcinj.com\/blog\/2008\/05\/16\/milo-dukanovic-uskoro-kandidati-za-nato\/#primaryimage\"},\"datePublished\":\"2008-05-16T17:08:25+00:00\",\"dateModified\":\"2008-05-16T17:08:25+00:00\",\"author\":{\"@id\":\"https:\/\/www.visit-ulcinj.com\/blog\/#\/schema\/person\/dcab619c614d3038751c63bc2aadc06d\"},\"breadcrumb\":{\"@id\":\"https:\/\/www.visit-ulcinj.com\/blog\/2008\/05\/16\/milo-dukanovic-uskoro-kandidati-za-nato\/#breadcrumb\"},\"inLanguage\":\"en-US\",\"potentialAction\":[{\"@type\":\"ReadAction\",\"target\":[\"https:\/\/www.visit-ulcinj.com\/blog\/2008\/05\/16\/milo-dukanovic-uskoro-kandidati-za-nato\/\"]}]},{\"@type\":\"BreadcrumbList\",\"@id\":\"https:\/\/www.visit-ulcinj.com\/blog\/2008\/05\/16\/milo-dukanovic-uskoro-kandidati-za-nato\/#breadcrumb\",\"itemListElement\":[{\"@type\":\"ListItem\",\"position\":1,\"name\":\"Milo ?ukanovi?: Uskoro kandidati za NATO\"}]},{\"@type\":\"Person\",\"@id\":\"https:\/\/www.visit-ulcinj.com\/blog\/#\/schema\/person\/dcab619c614d3038751c63bc2aadc06d\",\"name\":\"ulqini\",\"sameAs\":[\"http:\/\/www.visit-ulcinj.com\"],\"url\":\"https:\/\/www.visit-ulcinj.com\/blog\/author\/admin\/\"}]}<\/script>\n<!-- \/ Yoast SEO plugin. -->","yoast_head_json":{"title":"Milo ?ukanovi?: Uskoro kandidati za NATO - Lajme nga Ulqini","robots":{"index":"index","follow":"follow","max-snippet":"max-snippet:-1","max-image-preview":"max-image-preview:large","max-video-preview":"max-video-preview:-1"},"canonical":"https:\/\/www.visit-ulcinj.com\/blog\/2008\/05\/16\/milo-dukanovic-uskoro-kandidati-za-nato\/","og_locale":"en_US","og_type":"article","og_title":"Milo ?ukanovi?: Uskoro kandidati za NATO - Lajme nga Ulqini","og_url":"https:\/\/www.visit-ulcinj.com\/blog\/2008\/05\/16\/milo-dukanovic-uskoro-kandidati-za-nato\/","og_site_name":"Lajme nga Ulqini","article_published_time":"2008-05-16T17:08:25+00:00","og_image":[{"url":"http:\/\/www.nato-montenegro.cg.yu\/_slike\/1210928706.jpg"}],"twitter_misc":{"Written by":"ulqini","Est. reading time":"2 minutes"},"schema":{"@context":"https:\/\/schema.org","@graph":[{"@type":"WebSite","@id":"https:\/\/www.visit-ulcinj.com\/blog\/#website","url":"https:\/\/www.visit-ulcinj.com\/blog\/","name":"Lajme nga Ulqini","description":"Lajme,Vijesti,Ulqini,Ulqin,Crna Gora,Mali i Zi","potentialAction":[{"@type":"SearchAction","target":{"@type":"EntryPoint","urlTemplate":"https:\/\/www.visit-ulcinj.com\/blog\/?s={search_term_string}"},"query-input":"required name=search_term_string"}],"inLanguage":"en-US"},{"@type":"ImageObject","inLanguage":"en-US","@id":"https:\/\/www.visit-ulcinj.com\/blog\/2008\/05\/16\/milo-dukanovic-uskoro-kandidati-za-nato\/#primaryimage","url":"http:\/\/www.nato-montenegro.cg.yu\/_slike\/1210928706.jpg","contentUrl":"http:\/\/www.nato-montenegro.cg.yu\/_slike\/1210928706.jpg"},{"@type":"WebPage","@id":"https:\/\/www.visit-ulcinj.com\/blog\/2008\/05\/16\/milo-dukanovic-uskoro-kandidati-za-nato\/#webpage","url":"https:\/\/www.visit-ulcinj.com\/blog\/2008\/05\/16\/milo-dukanovic-uskoro-kandidati-za-nato\/","name":"Milo ?ukanovi?: Uskoro kandidati za NATO - Lajme nga Ulqini","isPartOf":{"@id":"https:\/\/www.visit-ulcinj.com\/blog\/#website"},"primaryImageOfPage":{"@id":"https:\/\/www.visit-ulcinj.com\/blog\/2008\/05\/16\/milo-dukanovic-uskoro-kandidati-za-nato\/#primaryimage"},"datePublished":"2008-05-16T17:08:25+00:00","dateModified":"2008-05-16T17:08:25+00:00","author":{"@id":"https:\/\/www.visit-ulcinj.com\/blog\/#\/schema\/person\/dcab619c614d3038751c63bc2aadc06d"},"breadcrumb":{"@id":"https:\/\/www.visit-ulcinj.com\/blog\/2008\/05\/16\/milo-dukanovic-uskoro-kandidati-za-nato\/#breadcrumb"},"inLanguage":"en-US","potentialAction":[{"@type":"ReadAction","target":["https:\/\/www.visit-ulcinj.com\/blog\/2008\/05\/16\/milo-dukanovic-uskoro-kandidati-za-nato\/"]}]},{"@type":"BreadcrumbList","@id":"https:\/\/www.visit-ulcinj.com\/blog\/2008\/05\/16\/milo-dukanovic-uskoro-kandidati-za-nato\/#breadcrumb","itemListElement":[{"@type":"ListItem","position":1,"name":"Milo ?ukanovi?: Uskoro kandidati za NATO"}]},{"@type":"Person","@id":"https:\/\/www.visit-ulcinj.com\/blog\/#\/schema\/person\/dcab619c614d3038751c63bc2aadc06d","name":"ulqini","sameAs":["http:\/\/www.visit-ulcinj.com"],"url":"https:\/\/www.visit-ulcinj.com\/blog\/author\/admin\/"}]}},"jetpack_featured_media_url":"","jetpack_sharing_enabled":true,"jetpack_shortlink":"https:\/\/wp.me\/pe6lTn-pL","_links":{"self":[{"href":"https:\/\/www.visit-ulcinj.com\/blog\/wp-json\/wp\/v2\/posts\/1597"}],"collection":[{"href":"https:\/\/www.visit-ulcinj.com\/blog\/wp-json\/wp\/v2\/posts"}],"about":[{"href":"https:\/\/www.visit-ulcinj.com\/blog\/wp-json\/wp\/v2\/types\/post"}],"author":[{"embeddable":true,"href":"https:\/\/www.visit-ulcinj.com\/blog\/wp-json\/wp\/v2\/users\/1"}],"replies":[{"embeddable":true,"href":"https:\/\/www.visit-ulcinj.com\/blog\/wp-json\/wp\/v2\/comments?post=1597"}],"version-history":[{"count":0,"href":"https:\/\/www.visit-ulcinj.com\/blog\/wp-json\/wp\/v2\/posts\/1597\/revisions"}],"wp:attachment":[{"href":"https:\/\/www.visit-ulcinj.com\/blog\/wp-json\/wp\/v2\/media?parent=1597"}],"wp:term":[{"taxonomy":"category","embeddable":true,"href":"https:\/\/www.visit-ulcinj.com\/blog\/wp-json\/wp\/v2\/categories?post=1597"},{"taxonomy":"post_tag","embeddable":true,"href":"https:\/\/www.visit-ulcinj.com\/blog\/wp-json\/wp\/v2\/tags?post=1597"}],"curies":[{"name":"wp","href":"https:\/\/api.w.org\/{rel}","templated":true}]}}