{"id":1598,"date":"2008-05-16T13:25:01","date_gmt":"2008-05-16T18:25:01","guid":{"rendered":"http:\/\/www.visit-ulcinj.com\/blog\/?p=1598"},"modified":"2008-05-20T15:32:48","modified_gmt":"2008-05-20T20:32:48","slug":"organizata-joqeveritare-ora-do-te-organizoje-sesion-shkencor-per-shasin","status":"publish","type":"post","link":"https:\/\/www.visit-ulcinj.com\/blog\/2008\/05\/16\/organizata-joqeveritare-ora-do-te-organizoje-sesion-shkencor-per-shasin\/","title":{"rendered":"Organizata joqeveritare &#8221;ORA&#8221; do t\u00eb organizoj\u00eb sesion shkencor p\u00ebr Shasin"},"content":{"rendered":"<p><a href=\"http:\/\/www.visit-ulcinj.com\/blog\/wp-content\/uploads\/2008\/05\/dita_e_shasit1.jpg\"><img loading=\"lazy\" class=\"alignleft attachment wp-att-1601\" style=\"float: left;\" src=\"http:\/\/www.visit-ulcinj.com\/blog\/wp-content\/uploads\/2008\/05\/dita_e_shasit1.thumbnail.jpg\" alt=\"dita shasit\" width=\"200\" height=\"152\" \/><\/a><strong>Shasi i lasht\u00eb, monument i kultur\u00ebs<\/strong><br \/>\nN\u00eb kuad\u00ebr t\u00eb Manifestimit &#8220;Pranvera n\u00eb An\u00eb t\u00eb Malit&#8221;, i cili sivjet sh\u00ebnon edicionin e tij t\u00eb pest\u00eb, Organizata joqeveritare &#8220;Ora&#8221; do t\u00eb organizoj\u00eb m\u00eb 16-17 maj 2008 n\u00eb Ulqin Sesionin Shkencor &#8220;Shasi i lasht\u00eb, monument i kultur\u00ebs&#8221;.<br \/>\nSipas organizatorit, n\u00eb Sesion pritet t\u00eb marrin pjes\u00eb 14 studiues nga Mali i Zi, Shqip\u00ebria dhe Kosova, t\u00eb cil\u00ebt do t\u00eb mundohen t\u00eb hedhin drit\u00eb mbi Shasin nga fusha t\u00eb ndryshme si historia, arkeologjia, etimologjia, demografia, arkivistika, gjeografia, kultura, religjioni, etj.<br \/>\nSesioni Shkencor ka p\u00ebr q\u00ebllim t\u00eb sensibilizoj\u00eb opinionin lidhur me r\u00ebnd\u00ebsin\u00eb q\u00eb ka pasur Shasi si qytet n\u00eb t\u00eb kaluar\u00ebn si dhe t\u00eb ndri\u00e7oj\u00eb dhe t\u00eb hedh\u00eb drit\u00eb mbi fakte t\u00eb reja, deri tani t\u00eb panjohura, mbi k\u00ebt\u00eb lokalitet t\u00eb r\u00ebnd\u00ebsish\u00ebm me vlera historike dhe kulturore.<a href=\"http:\/\/www.visit-ulcinj.com\/blog\/wp-content\/uploads\/2008\/05\/dita_e_shasit1-_2_.jpg\"><img loading=\"lazy\" class=\"alignright attachment wp-att-1602\" style=\"float: right;\" src=\"http:\/\/www.visit-ulcinj.com\/blog\/wp-content\/uploads\/2008\/05\/dita_e_shasit1-_2_.thumbnail.jpg\" alt=\"dita e shasit_1\" width=\"200\" height=\"135\" \/><\/a><br \/>\nSesioni ka po ashtu p\u00ebr q\u00ebllim nxitjen e aktor\u00ebve kompetent\u00eb p\u00ebr realizimin e k\u00ebrkimeve dhe hulumtimeve, si dhe valorizimin e k\u00ebtij potenciali shum\u00eb t\u00eb madh p\u00ebr zhvillimin e turizmit kulturor.<br \/>\nPjes\u00ebmarr\u00ebsit e Sesionit do t\u00eb vizitojn\u00eb nes\u00ebr Qytetin e Vjet\u00ebr t\u00eb Shasit, kurse t\u00eb shtun\u00ebn, n\u00eb sall\u00ebn e Kuvendit t\u00eb Komun\u00ebs s\u00eb Ulqinit do t\u00eb zhvillohet dita e pun\u00ebs s\u00eb Sesionit.<br \/>\nNga Sesioni shkencor do t\u00eb nxirren p\u00ebrfundimet.<br \/>\nOrganizatori planifikon q\u00eb kumtesat e lexuara n\u00eb Sesion, p\u00ebrfshir\u00eb edhe p\u00ebrfundimet e nxjerra n\u00eb t\u00eb, t\u00eb publikohen n\u00eb nj\u00eb botim t\u00eb ve\u00e7ant\u00eb.<br \/>\n<strong>(Kohapress)<\/strong><\/p>\n\n\t\t<style type=\"text\/css\">\n\t\t\t#gallery-1 {\n\t\t\t\tmargin: auto;\n\t\t\t}\n\t\t\t#gallery-1 .gallery-item {\n\t\t\t\tfloat: left;\n\t\t\t\tmargin-top: 10px;\n\t\t\t\ttext-align: center;\n\t\t\t\twidth: 33%;\n\t\t\t}\n\t\t\t#gallery-1 img {\n\t\t\t\tborder: 2px solid #cfcfcf;\n\t\t\t}\n\t\t\t#gallery-1 .gallery-caption {\n\t\t\t\tmargin-left: 0;\n\t\t\t}\n\t\t\t\/* see gallery_shortcode() in wp-includes\/media.php *\/\n\t\t<\/style>\n\t\t<div id='gallery-1' class='gallery galleryid-1598 gallery-columns-3 gallery-size-thumbnail'><dl class='gallery-item'>\n\t\t\t<dt class='gallery-icon landscape'>\n\t\t\t\t<a href='https:\/\/www.visit-ulcinj.com\/blog\/2008\/05\/16\/organizata-joqeveritare-ora-do-te-organizoje-sesion-shkencor-per-shasin\/dita-shasit\/'><img width=\"150\" height=\"114\" src=\"https:\/\/www.visit-ulcinj.com\/blog\/wp-content\/uploads\/2008\/05\/dita_e_shasit1.jpg\" class=\"attachment-thumbnail size-thumbnail\" alt=\"\" loading=\"lazy\" \/><\/a>\n\t\t\t<\/dt><\/dl><dl class='gallery-item'>\n\t\t\t<dt class='gallery-icon landscape'>\n\t\t\t\t<a href='https:\/\/www.visit-ulcinj.com\/blog\/2008\/05\/16\/organizata-joqeveritare-ora-do-te-organizoje-sesion-shkencor-per-shasin\/dita-e-shasit_1\/'><img width=\"150\" height=\"101\" src=\"https:\/\/www.visit-ulcinj.com\/blog\/wp-content\/uploads\/2008\/05\/dita_e_shasit1-_2_.jpg\" class=\"attachment-thumbnail size-thumbnail\" alt=\"\" loading=\"lazy\" \/><\/a>\n\t\t\t<\/dt><\/dl><dl class='gallery-item'>\n\t\t\t<dt class='gallery-icon landscape'>\n\t\t\t\t<a href='https:\/\/www.visit-ulcinj.com\/blog\/2008\/05\/16\/organizata-joqeveritare-ora-do-te-organizoje-sesion-shkencor-per-shasin\/shtatorja-ne-shas\/'><img width=\"150\" height=\"145\" src=\"https:\/\/www.visit-ulcinj.com\/blog\/wp-content\/uploads\/2008\/05\/shtatorja-n__-shas.jpg\" class=\"attachment-thumbnail size-thumbnail\" alt=\"\" loading=\"lazy\" \/><\/a>\n\t\t\t<\/dt><\/dl><br style=\"clear: both\" \/><dl class='gallery-item'>\n\t\t\t<dt class='gallery-icon portrait'>\n\t\t\t\t<a href='https:\/\/www.visit-ulcinj.com\/blog\/2008\/05\/16\/organizata-joqeveritare-ora-do-te-organizoje-sesion-shkencor-per-shasin\/shas-_sas-_-svac\/'><img width=\"113\" height=\"150\" src=\"https:\/\/www.visit-ulcinj.com\/blog\/wp-content\/uploads\/2008\/05\/shas-_sas-_-svac.jpg\" class=\"attachment-thumbnail size-thumbnail\" alt=\"\" loading=\"lazy\" \/><\/a>\n\t\t\t<\/dt><\/dl><dl class='gallery-item'>\n\t\t\t<dt class='gallery-icon landscape'>\n\t\t\t\t<a href='https:\/\/www.visit-ulcinj.com\/blog\/2008\/05\/16\/organizata-joqeveritare-ora-do-te-organizoje-sesion-shkencor-per-shasin\/shas-_sas-_-svac_1\/'><img width=\"150\" height=\"100\" src=\"https:\/\/www.visit-ulcinj.com\/blog\/wp-content\/uploads\/2008\/05\/shas-_sas-_-svac_1.jpg\" class=\"attachment-thumbnail size-thumbnail\" alt=\"\" loading=\"lazy\" \/><\/a>\n\t\t\t<\/dt><\/dl><dl class='gallery-item'>\n\t\t\t<dt class='gallery-icon landscape'>\n\t\t\t\t<a href='https:\/\/www.visit-ulcinj.com\/blog\/2008\/05\/16\/organizata-joqeveritare-ora-do-te-organizoje-sesion-shkencor-per-shasin\/shas-_sas-_-svac_2\/'><img width=\"150\" height=\"97\" src=\"https:\/\/www.visit-ulcinj.com\/blog\/wp-content\/uploads\/2008\/05\/shas-_sas-_-svac_2.jpg\" class=\"attachment-thumbnail size-thumbnail\" alt=\"\" loading=\"lazy\" \/><\/a>\n\t\t\t<\/dt><\/dl><br style=\"clear: both\" \/><dl class='gallery-item'>\n\t\t\t<dt class='gallery-icon landscape'>\n\t\t\t\t<a href='https:\/\/www.visit-ulcinj.com\/blog\/2008\/05\/16\/organizata-joqeveritare-ora-do-te-organizoje-sesion-shkencor-per-shasin\/shas-_sas-_-svac_3\/'><img width=\"150\" height=\"113\" src=\"https:\/\/www.visit-ulcinj.com\/blog\/wp-content\/uploads\/2008\/05\/shas-_sas-_-svac_3.jpg\" class=\"attachment-thumbnail size-thumbnail\" alt=\"\" loading=\"lazy\" \/><\/a>\n\t\t\t<\/dt><\/dl><dl class='gallery-item'>\n\t\t\t<dt class='gallery-icon landscape'>\n\t\t\t\t<a href='https:\/\/www.visit-ulcinj.com\/blog\/2008\/05\/16\/organizata-joqeveritare-ora-do-te-organizoje-sesion-shkencor-per-shasin\/shas-_sas-_-svac_4\/'><img width=\"150\" height=\"100\" src=\"https:\/\/www.visit-ulcinj.com\/blog\/wp-content\/uploads\/2008\/05\/shas-_sas-_-svac_4.jpg\" class=\"attachment-thumbnail size-thumbnail\" alt=\"\" loading=\"lazy\" \/><\/a>\n\t\t\t<\/dt><\/dl><dl class='gallery-item'>\n\t\t\t<dt class='gallery-icon landscape'>\n\t\t\t\t<a href='https:\/\/www.visit-ulcinj.com\/blog\/2008\/05\/16\/organizata-joqeveritare-ora-do-te-organizoje-sesion-shkencor-per-shasin\/shas-_sas-_-svac_5\/'><img width=\"150\" height=\"87\" src=\"https:\/\/www.visit-ulcinj.com\/blog\/wp-content\/uploads\/2008\/05\/shas-_sas-_-svac_5.jpg\" class=\"attachment-thumbnail size-thumbnail\" alt=\"\" loading=\"lazy\" \/><\/a>\n\t\t\t<\/dt><\/dl><br style=\"clear: both\" \/>\n\t\t<\/div>\n\n<!--YouTube Error: bad URL entered-->\n","protected":false},"excerpt":{"rendered":"<p><img loading=\"lazy\" class=\"alignleft attachment wp-att-1601\" style=\"float: left;\" src=\"http:\/\/www.visit-ulcinj.com\/blog\/wp-content\/uploads\/2008\/05\/dita_e_shasit1.thumbnail.jpg\" alt=\"dita shasit\" width=\"140\" height=\"140\" \/><\/p>\n","protected":false},"author":1,"featured_media":0,"comment_status":"open","ping_status":"closed","sticky":false,"template":"","format":"standard","meta":{"spay_email":"","jetpack_publicize_message":"","jetpack_is_tweetstorm":false,"jetpack_publicize_feature_enabled":true},"categories":[4,12],"tags":[1954,3220,3223,3321,49,3228,3227,3225,3232,3230,3221,3224,3231,354,3222,3226],"jetpack_publicize_connections":[],"yoast_head":"<!-- This site is optimized with the Yoast SEO plugin v19.1 - https:\/\/yoast.com\/wordpress\/plugins\/seo\/ -->\n<title>Organizata joqeveritare &#039;&#039;ORA&#039;&#039; do t\u00eb organizoj\u00eb sesion shkencor p\u00ebr Shasin - Lajme nga Ulqini<\/title>\n<meta name=\"robots\" content=\"index, follow, max-snippet:-1, max-image-preview:large, max-video-preview:-1\" \/>\n<link rel=\"canonical\" href=\"https:\/\/www.visit-ulcinj.com\/blog\/2008\/05\/16\/organizata-joqeveritare-ora-do-te-organizoje-sesion-shkencor-per-shasin\/\" \/>\n<meta property=\"og:locale\" content=\"en_US\" \/>\n<meta property=\"og:type\" content=\"article\" \/>\n<meta property=\"og:title\" content=\"Organizata joqeveritare &#039;&#039;ORA&#039;&#039; do t\u00eb organizoj\u00eb sesion shkencor p\u00ebr Shasin - Lajme nga Ulqini\" \/>\n<meta property=\"og:url\" content=\"https:\/\/www.visit-ulcinj.com\/blog\/2008\/05\/16\/organizata-joqeveritare-ora-do-te-organizoje-sesion-shkencor-per-shasin\/\" \/>\n<meta property=\"og:site_name\" content=\"Lajme nga Ulqini\" \/>\n<meta property=\"article:published_time\" content=\"2008-05-16T18:25:01+00:00\" \/>\n<meta property=\"article:modified_time\" content=\"2008-05-20T20:32:48+00:00\" \/>\n<meta property=\"og:image\" content=\"https:\/\/www.visit-ulcinj.com\/blog\/wp-content\/uploads\/2008\/05\/dita_e_shasit1.jpg\" \/>\n<meta name=\"twitter:label1\" content=\"Written by\" \/>\n\t<meta name=\"twitter:data1\" content=\"ulqini\" \/>\n\t<meta name=\"twitter:label2\" content=\"Est. reading time\" \/>\n\t<meta name=\"twitter:data2\" content=\"1 minute\" \/>\n<script type=\"application\/ld+json\" class=\"yoast-schema-graph\">{\"@context\":\"https:\/\/schema.org\",\"@graph\":[{\"@type\":\"WebSite\",\"@id\":\"https:\/\/www.visit-ulcinj.com\/blog\/#website\",\"url\":\"https:\/\/www.visit-ulcinj.com\/blog\/\",\"name\":\"Lajme nga Ulqini\",\"description\":\"Lajme,Vijesti,Ulqini,Ulqin,Crna Gora,Mali i Zi\",\"potentialAction\":[{\"@type\":\"SearchAction\",\"target\":{\"@type\":\"EntryPoint\",\"urlTemplate\":\"https:\/\/www.visit-ulcinj.com\/blog\/?s={search_term_string}\"},\"query-input\":\"required name=search_term_string\"}],\"inLanguage\":\"en-US\"},{\"@type\":\"ImageObject\",\"inLanguage\":\"en-US\",\"@id\":\"https:\/\/www.visit-ulcinj.com\/blog\/2008\/05\/16\/organizata-joqeveritare-ora-do-te-organizoje-sesion-shkencor-per-shasin\/#primaryimage\",\"url\":\"http:\/\/www.visit-ulcinj.com\/blog\/wp-content\/uploads\/2008\/05\/dita_e_shasit1.thumbnail.jpg\",\"contentUrl\":\"http:\/\/www.visit-ulcinj.com\/blog\/wp-content\/uploads\/2008\/05\/dita_e_shasit1.thumbnail.jpg\"},{\"@type\":\"WebPage\",\"@id\":\"https:\/\/www.visit-ulcinj.com\/blog\/2008\/05\/16\/organizata-joqeveritare-ora-do-te-organizoje-sesion-shkencor-per-shasin\/#webpage\",\"url\":\"https:\/\/www.visit-ulcinj.com\/blog\/2008\/05\/16\/organizata-joqeveritare-ora-do-te-organizoje-sesion-shkencor-per-shasin\/\",\"name\":\"Organizata joqeveritare ''ORA'' do t\u00eb organizoj\u00eb sesion shkencor p\u00ebr Shasin - Lajme nga Ulqini\",\"isPartOf\":{\"@id\":\"https:\/\/www.visit-ulcinj.com\/blog\/#website\"},\"primaryImageOfPage\":{\"@id\":\"https:\/\/www.visit-ulcinj.com\/blog\/2008\/05\/16\/organizata-joqeveritare-ora-do-te-organizoje-sesion-shkencor-per-shasin\/#primaryimage\"},\"datePublished\":\"2008-05-16T18:25:01+00:00\",\"dateModified\":\"2008-05-20T20:32:48+00:00\",\"author\":{\"@id\":\"https:\/\/www.visit-ulcinj.com\/blog\/#\/schema\/person\/dcab619c614d3038751c63bc2aadc06d\"},\"breadcrumb\":{\"@id\":\"https:\/\/www.visit-ulcinj.com\/blog\/2008\/05\/16\/organizata-joqeveritare-ora-do-te-organizoje-sesion-shkencor-per-shasin\/#breadcrumb\"},\"inLanguage\":\"en-US\",\"potentialAction\":[{\"@type\":\"ReadAction\",\"target\":[\"https:\/\/www.visit-ulcinj.com\/blog\/2008\/05\/16\/organizata-joqeveritare-ora-do-te-organizoje-sesion-shkencor-per-shasin\/\"]}]},{\"@type\":\"BreadcrumbList\",\"@id\":\"https:\/\/www.visit-ulcinj.com\/blog\/2008\/05\/16\/organizata-joqeveritare-ora-do-te-organizoje-sesion-shkencor-per-shasin\/#breadcrumb\",\"itemListElement\":[{\"@type\":\"ListItem\",\"position\":1,\"name\":\"Organizata joqeveritare &#8221;ORA&#8221; do t\u00eb organizoj\u00eb sesion shkencor p\u00ebr Shasin\"}]},{\"@type\":\"Person\",\"@id\":\"https:\/\/www.visit-ulcinj.com\/blog\/#\/schema\/person\/dcab619c614d3038751c63bc2aadc06d\",\"name\":\"ulqini\",\"sameAs\":[\"http:\/\/www.visit-ulcinj.com\"],\"url\":\"https:\/\/www.visit-ulcinj.com\/blog\/author\/admin\/\"}]}<\/script>\n<!-- \/ Yoast SEO plugin. -->","yoast_head_json":{"title":"Organizata joqeveritare ''ORA'' do t\u00eb organizoj\u00eb sesion shkencor p\u00ebr Shasin - Lajme nga Ulqini","robots":{"index":"index","follow":"follow","max-snippet":"max-snippet:-1","max-image-preview":"max-image-preview:large","max-video-preview":"max-video-preview:-1"},"canonical":"https:\/\/www.visit-ulcinj.com\/blog\/2008\/05\/16\/organizata-joqeveritare-ora-do-te-organizoje-sesion-shkencor-per-shasin\/","og_locale":"en_US","og_type":"article","og_title":"Organizata joqeveritare ''ORA'' do t\u00eb organizoj\u00eb sesion shkencor p\u00ebr Shasin - Lajme nga Ulqini","og_url":"https:\/\/www.visit-ulcinj.com\/blog\/2008\/05\/16\/organizata-joqeveritare-ora-do-te-organizoje-sesion-shkencor-per-shasin\/","og_site_name":"Lajme nga Ulqini","article_published_time":"2008-05-16T18:25:01+00:00","article_modified_time":"2008-05-20T20:32:48+00:00","og_image":[{"url":"https:\/\/www.visit-ulcinj.com\/blog\/wp-content\/uploads\/2008\/05\/dita_e_shasit1.jpg"}],"twitter_misc":{"Written by":"ulqini","Est. reading time":"1 minute"},"schema":{"@context":"https:\/\/schema.org","@graph":[{"@type":"WebSite","@id":"https:\/\/www.visit-ulcinj.com\/blog\/#website","url":"https:\/\/www.visit-ulcinj.com\/blog\/","name":"Lajme nga Ulqini","description":"Lajme,Vijesti,Ulqini,Ulqin,Crna Gora,Mali i Zi","potentialAction":[{"@type":"SearchAction","target":{"@type":"EntryPoint","urlTemplate":"https:\/\/www.visit-ulcinj.com\/blog\/?s={search_term_string}"},"query-input":"required name=search_term_string"}],"inLanguage":"en-US"},{"@type":"ImageObject","inLanguage":"en-US","@id":"https:\/\/www.visit-ulcinj.com\/blog\/2008\/05\/16\/organizata-joqeveritare-ora-do-te-organizoje-sesion-shkencor-per-shasin\/#primaryimage","url":"http:\/\/www.visit-ulcinj.com\/blog\/wp-content\/uploads\/2008\/05\/dita_e_shasit1.thumbnail.jpg","contentUrl":"http:\/\/www.visit-ulcinj.com\/blog\/wp-content\/uploads\/2008\/05\/dita_e_shasit1.thumbnail.jpg"},{"@type":"WebPage","@id":"https:\/\/www.visit-ulcinj.com\/blog\/2008\/05\/16\/organizata-joqeveritare-ora-do-te-organizoje-sesion-shkencor-per-shasin\/#webpage","url":"https:\/\/www.visit-ulcinj.com\/blog\/2008\/05\/16\/organizata-joqeveritare-ora-do-te-organizoje-sesion-shkencor-per-shasin\/","name":"Organizata joqeveritare ''ORA'' do t\u00eb organizoj\u00eb sesion shkencor p\u00ebr Shasin - Lajme nga Ulqini","isPartOf":{"@id":"https:\/\/www.visit-ulcinj.com\/blog\/#website"},"primaryImageOfPage":{"@id":"https:\/\/www.visit-ulcinj.com\/blog\/2008\/05\/16\/organizata-joqeveritare-ora-do-te-organizoje-sesion-shkencor-per-shasin\/#primaryimage"},"datePublished":"2008-05-16T18:25:01+00:00","dateModified":"2008-05-20T20:32:48+00:00","author":{"@id":"https:\/\/www.visit-ulcinj.com\/blog\/#\/schema\/person\/dcab619c614d3038751c63bc2aadc06d"},"breadcrumb":{"@id":"https:\/\/www.visit-ulcinj.com\/blog\/2008\/05\/16\/organizata-joqeveritare-ora-do-te-organizoje-sesion-shkencor-per-shasin\/#breadcrumb"},"inLanguage":"en-US","potentialAction":[{"@type":"ReadAction","target":["https:\/\/www.visit-ulcinj.com\/blog\/2008\/05\/16\/organizata-joqeveritare-ora-do-te-organizoje-sesion-shkencor-per-shasin\/"]}]},{"@type":"BreadcrumbList","@id":"https:\/\/www.visit-ulcinj.com\/blog\/2008\/05\/16\/organizata-joqeveritare-ora-do-te-organizoje-sesion-shkencor-per-shasin\/#breadcrumb","itemListElement":[{"@type":"ListItem","position":1,"name":"Organizata joqeveritare &#8221;ORA&#8221; do t\u00eb organizoj\u00eb sesion shkencor p\u00ebr Shasin"}]},{"@type":"Person","@id":"https:\/\/www.visit-ulcinj.com\/blog\/#\/schema\/person\/dcab619c614d3038751c63bc2aadc06d","name":"ulqini","sameAs":["http:\/\/www.visit-ulcinj.com"],"url":"https:\/\/www.visit-ulcinj.com\/blog\/author\/admin\/"}]}},"jetpack_featured_media_url":"","jetpack_sharing_enabled":true,"jetpack_shortlink":"https:\/\/wp.me\/pe6lTn-pM","_links":{"self":[{"href":"https:\/\/www.visit-ulcinj.com\/blog\/wp-json\/wp\/v2\/posts\/1598"}],"collection":[{"href":"https:\/\/www.visit-ulcinj.com\/blog\/wp-json\/wp\/v2\/posts"}],"about":[{"href":"https:\/\/www.visit-ulcinj.com\/blog\/wp-json\/wp\/v2\/types\/post"}],"author":[{"embeddable":true,"href":"https:\/\/www.visit-ulcinj.com\/blog\/wp-json\/wp\/v2\/users\/1"}],"replies":[{"embeddable":true,"href":"https:\/\/www.visit-ulcinj.com\/blog\/wp-json\/wp\/v2\/comments?post=1598"}],"version-history":[{"count":0,"href":"https:\/\/www.visit-ulcinj.com\/blog\/wp-json\/wp\/v2\/posts\/1598\/revisions"}],"wp:attachment":[{"href":"https:\/\/www.visit-ulcinj.com\/blog\/wp-json\/wp\/v2\/media?parent=1598"}],"wp:term":[{"taxonomy":"category","embeddable":true,"href":"https:\/\/www.visit-ulcinj.com\/blog\/wp-json\/wp\/v2\/categories?post=1598"},{"taxonomy":"post_tag","embeddable":true,"href":"https:\/\/www.visit-ulcinj.com\/blog\/wp-json\/wp\/v2\/tags?post=1598"}],"curies":[{"name":"wp","href":"https:\/\/api.w.org\/{rel}","templated":true}]}}