{"id":16,"date":"2008-01-02T13:10:27","date_gmt":"2008-01-02T18:10:27","guid":{"rendered":"http:\/\/www.visit-ulcinj.com\/blog\/2008\/01\/02\/pavaresia-e-kosoves-eshte-e-pashmangshme-tha-ambasadori-malazez-ne-kroaci\/"},"modified":"2008-02-12T18:00:44","modified_gmt":"2008-02-12T23:00:44","slug":"pavaresia-e-kosoves-eshte-e-pashmangshme-tha-ambasadori-malazez-ne-kroaci","status":"publish","type":"post","link":"https:\/\/www.visit-ulcinj.com\/blog\/2008\/01\/02\/pavaresia-e-kosoves-eshte-e-pashmangshme-tha-ambasadori-malazez-ne-kroaci\/","title":{"rendered":"Pavar\u00ebsia e Kosov\u00ebs \u00ebsht\u00eb e pashmangshme, tha ambasadori malazez n\u00eb Kroaci"},"content":{"rendered":"<p>Podgoric\u00eb, 26 dhjetor Partit\u00eb politike proserbe n\u00eb Mal t\u00eb Zi k\u00ebrkuan nga Parlamenti malazez miratimin e nj\u00eb rezolute ku do t&#8217;i jepte mb\u00ebshtetje Serbis\u00eb n\u00eb ruajtjen e Kosov\u00ebs si pjes\u00eb integrale t\u00eb saj. Kjo \u00ebsht\u00eb p\u00ebrpjekja e tret\u00eb e partive proserbe n\u00eb Mal t\u00eb Zi q\u00eb p\u00ebrpiqen t\u00eb imponojn\u00eb nj\u00eb rezolut\u00eb kund\u00ebr pavar\u00ebsis\u00eb s\u00eb Kosov\u00ebs. Mir\u00ebpo, shumica parlamentare n\u00eb Mal t\u00eb Zi <!--more-->i ka injoruar k\u00ebrkesat e tyre dhe ata jo vet\u00ebm q\u00eb nuk e kan\u00eb p\u00ebrfillur k\u00ebrkes\u00ebn p\u00ebr nj\u00eb rezolut\u00eb t\u00eb till\u00eb, por nuk kan\u00eb marr\u00eb asnj\u00eb faz\u00eb debati p\u00ebr \u00e7\u00ebshtje t\u00eb Kosov\u00ebs. Nd\u00ebrkaq, zyrtar\u00ebt e lart\u00eb t\u00eb Podgoric\u00ebs mb\u00ebshtesin \u00e7do zgjidhje t\u00eb \u00e7\u00ebshtjes s\u00eb Kosov\u00ebs duke n\u00ebnvizuar se statusi i Kosov\u00ebs duhet t\u00eb zgjidhet sipas rekomandimeve t\u00eb bashk\u00ebsis\u00eb evropiane dhe Shteteve t\u00eb Bashkuara t\u00eb Amerik\u00ebs, duke sugjeruar se ata nuk do t\u00eb nd\u00ebrhyjn\u00eb dhe nuk do t\u00eb v\u00ebhen n\u00eb pozit\u00eb q\u00eb t[i ndihmojn\u00eb Serbis\u00eb apo Rusis\u00eb. Ata than\u00eb se interesi i Malit t\u00eb Zi \u00ebsht\u00eb n\u00eb bashk\u00ebsin\u00eb evropiane. Nd\u00ebrkaq ambasadori malazez n\u00eb Kroaci Branko Vukovac para pak dit\u00ebsh tha se pavar\u00ebsia e Kosov\u00ebs \u00ebsht\u00eb e pashmangshme. Ai tha se nuk ka kthim prapa dhe se Kosova duhet t\u00eb pavar\u00ebsohet nj\u00ebher\u00eb e p\u00ebrgjithmon\u00eb.<\/p>\n<p>http:\/\/www.kosova.com\/<\/p>\n","protected":false},"excerpt":{"rendered":"<p>NOT IMAGE<\/p>\n","protected":false},"author":1,"featured_media":0,"comment_status":"open","ping_status":"closed","sticky":false,"template":"","format":"standard","meta":{"spay_email":"","jetpack_publicize_message":"","jetpack_is_tweetstorm":false,"jetpack_publicize_feature_enabled":true},"categories":[1],"tags":[1162,241,362,95,51,239,242,50,240,359],"jetpack_publicize_connections":[],"yoast_head":"<!-- This site is optimized with the Yoast SEO plugin v19.1 - https:\/\/yoast.com\/wordpress\/plugins\/seo\/ -->\n<title>Pavar\u00ebsia e Kosov\u00ebs \u00ebsht\u00eb e pashmangshme, tha ambasadori malazez n\u00eb Kroaci - Lajme nga Ulqini<\/title>\n<meta name=\"description\" content=\"NOT IMAGE\" \/>\n<meta name=\"robots\" content=\"index, follow, max-snippet:-1, max-image-preview:large, max-video-preview:-1\" \/>\n<link rel=\"canonical\" href=\"https:\/\/www.visit-ulcinj.com\/blog\/2008\/01\/02\/pavaresia-e-kosoves-eshte-e-pashmangshme-tha-ambasadori-malazez-ne-kroaci\/\" \/>\n<meta property=\"og:locale\" content=\"en_US\" \/>\n<meta property=\"og:type\" content=\"article\" \/>\n<meta property=\"og:title\" content=\"Pavar\u00ebsia e Kosov\u00ebs \u00ebsht\u00eb e pashmangshme, tha ambasadori malazez n\u00eb Kroaci - Lajme nga Ulqini\" \/>\n<meta property=\"og:description\" content=\"NOT IMAGE\" \/>\n<meta property=\"og:url\" content=\"https:\/\/www.visit-ulcinj.com\/blog\/2008\/01\/02\/pavaresia-e-kosoves-eshte-e-pashmangshme-tha-ambasadori-malazez-ne-kroaci\/\" \/>\n<meta property=\"og:site_name\" content=\"Lajme nga Ulqini\" \/>\n<meta property=\"article:published_time\" content=\"2008-01-02T18:10:27+00:00\" \/>\n<meta property=\"article:modified_time\" content=\"2008-02-12T23:00:44+00:00\" \/>\n<meta name=\"twitter:label1\" content=\"Written by\" \/>\n\t<meta name=\"twitter:data1\" content=\"ulqini\" \/>\n\t<meta name=\"twitter:label2\" content=\"Est. reading time\" \/>\n\t<meta name=\"twitter:data2\" content=\"1 minute\" \/>\n<script type=\"application\/ld+json\" class=\"yoast-schema-graph\">{\"@context\":\"https:\/\/schema.org\",\"@graph\":[{\"@type\":\"WebSite\",\"@id\":\"https:\/\/www.visit-ulcinj.com\/blog\/#website\",\"url\":\"https:\/\/www.visit-ulcinj.com\/blog\/\",\"name\":\"Lajme nga Ulqini\",\"description\":\"Lajme,Vijesti,Ulqini,Ulqin,Crna Gora,Mali i Zi\",\"potentialAction\":[{\"@type\":\"SearchAction\",\"target\":{\"@type\":\"EntryPoint\",\"urlTemplate\":\"https:\/\/www.visit-ulcinj.com\/blog\/?s={search_term_string}\"},\"query-input\":\"required name=search_term_string\"}],\"inLanguage\":\"en-US\"},{\"@type\":\"WebPage\",\"@id\":\"https:\/\/www.visit-ulcinj.com\/blog\/2008\/01\/02\/pavaresia-e-kosoves-eshte-e-pashmangshme-tha-ambasadori-malazez-ne-kroaci\/#webpage\",\"url\":\"https:\/\/www.visit-ulcinj.com\/blog\/2008\/01\/02\/pavaresia-e-kosoves-eshte-e-pashmangshme-tha-ambasadori-malazez-ne-kroaci\/\",\"name\":\"Pavar\u00ebsia e Kosov\u00ebs \u00ebsht\u00eb e pashmangshme, tha ambasadori malazez n\u00eb Kroaci - Lajme nga Ulqini\",\"isPartOf\":{\"@id\":\"https:\/\/www.visit-ulcinj.com\/blog\/#website\"},\"datePublished\":\"2008-01-02T18:10:27+00:00\",\"dateModified\":\"2008-02-12T23:00:44+00:00\",\"author\":{\"@id\":\"https:\/\/www.visit-ulcinj.com\/blog\/#\/schema\/person\/dcab619c614d3038751c63bc2aadc06d\"},\"description\":\"NOT IMAGE\",\"breadcrumb\":{\"@id\":\"https:\/\/www.visit-ulcinj.com\/blog\/2008\/01\/02\/pavaresia-e-kosoves-eshte-e-pashmangshme-tha-ambasadori-malazez-ne-kroaci\/#breadcrumb\"},\"inLanguage\":\"en-US\",\"potentialAction\":[{\"@type\":\"ReadAction\",\"target\":[\"https:\/\/www.visit-ulcinj.com\/blog\/2008\/01\/02\/pavaresia-e-kosoves-eshte-e-pashmangshme-tha-ambasadori-malazez-ne-kroaci\/\"]}]},{\"@type\":\"BreadcrumbList\",\"@id\":\"https:\/\/www.visit-ulcinj.com\/blog\/2008\/01\/02\/pavaresia-e-kosoves-eshte-e-pashmangshme-tha-ambasadori-malazez-ne-kroaci\/#breadcrumb\",\"itemListElement\":[{\"@type\":\"ListItem\",\"position\":1,\"name\":\"Pavar\u00ebsia e Kosov\u00ebs \u00ebsht\u00eb e pashmangshme, tha ambasadori malazez n\u00eb Kroaci\"}]},{\"@type\":\"Person\",\"@id\":\"https:\/\/www.visit-ulcinj.com\/blog\/#\/schema\/person\/dcab619c614d3038751c63bc2aadc06d\",\"name\":\"ulqini\",\"sameAs\":[\"http:\/\/www.visit-ulcinj.com\"],\"url\":\"https:\/\/www.visit-ulcinj.com\/blog\/author\/admin\/\"}]}<\/script>\n<!-- \/ Yoast SEO plugin. -->","yoast_head_json":{"title":"Pavar\u00ebsia e Kosov\u00ebs \u00ebsht\u00eb e pashmangshme, tha ambasadori malazez n\u00eb Kroaci - Lajme nga Ulqini","description":"NOT IMAGE","robots":{"index":"index","follow":"follow","max-snippet":"max-snippet:-1","max-image-preview":"max-image-preview:large","max-video-preview":"max-video-preview:-1"},"canonical":"https:\/\/www.visit-ulcinj.com\/blog\/2008\/01\/02\/pavaresia-e-kosoves-eshte-e-pashmangshme-tha-ambasadori-malazez-ne-kroaci\/","og_locale":"en_US","og_type":"article","og_title":"Pavar\u00ebsia e Kosov\u00ebs \u00ebsht\u00eb e pashmangshme, tha ambasadori malazez n\u00eb Kroaci - Lajme nga Ulqini","og_description":"NOT IMAGE","og_url":"https:\/\/www.visit-ulcinj.com\/blog\/2008\/01\/02\/pavaresia-e-kosoves-eshte-e-pashmangshme-tha-ambasadori-malazez-ne-kroaci\/","og_site_name":"Lajme nga Ulqini","article_published_time":"2008-01-02T18:10:27+00:00","article_modified_time":"2008-02-12T23:00:44+00:00","twitter_misc":{"Written by":"ulqini","Est. reading time":"1 minute"},"schema":{"@context":"https:\/\/schema.org","@graph":[{"@type":"WebSite","@id":"https:\/\/www.visit-ulcinj.com\/blog\/#website","url":"https:\/\/www.visit-ulcinj.com\/blog\/","name":"Lajme nga Ulqini","description":"Lajme,Vijesti,Ulqini,Ulqin,Crna Gora,Mali i Zi","potentialAction":[{"@type":"SearchAction","target":{"@type":"EntryPoint","urlTemplate":"https:\/\/www.visit-ulcinj.com\/blog\/?s={search_term_string}"},"query-input":"required name=search_term_string"}],"inLanguage":"en-US"},{"@type":"WebPage","@id":"https:\/\/www.visit-ulcinj.com\/blog\/2008\/01\/02\/pavaresia-e-kosoves-eshte-e-pashmangshme-tha-ambasadori-malazez-ne-kroaci\/#webpage","url":"https:\/\/www.visit-ulcinj.com\/blog\/2008\/01\/02\/pavaresia-e-kosoves-eshte-e-pashmangshme-tha-ambasadori-malazez-ne-kroaci\/","name":"Pavar\u00ebsia e Kosov\u00ebs \u00ebsht\u00eb e pashmangshme, tha ambasadori malazez n\u00eb Kroaci - Lajme nga Ulqini","isPartOf":{"@id":"https:\/\/www.visit-ulcinj.com\/blog\/#website"},"datePublished":"2008-01-02T18:10:27+00:00","dateModified":"2008-02-12T23:00:44+00:00","author":{"@id":"https:\/\/www.visit-ulcinj.com\/blog\/#\/schema\/person\/dcab619c614d3038751c63bc2aadc06d"},"description":"NOT IMAGE","breadcrumb":{"@id":"https:\/\/www.visit-ulcinj.com\/blog\/2008\/01\/02\/pavaresia-e-kosoves-eshte-e-pashmangshme-tha-ambasadori-malazez-ne-kroaci\/#breadcrumb"},"inLanguage":"en-US","potentialAction":[{"@type":"ReadAction","target":["https:\/\/www.visit-ulcinj.com\/blog\/2008\/01\/02\/pavaresia-e-kosoves-eshte-e-pashmangshme-tha-ambasadori-malazez-ne-kroaci\/"]}]},{"@type":"BreadcrumbList","@id":"https:\/\/www.visit-ulcinj.com\/blog\/2008\/01\/02\/pavaresia-e-kosoves-eshte-e-pashmangshme-tha-ambasadori-malazez-ne-kroaci\/#breadcrumb","itemListElement":[{"@type":"ListItem","position":1,"name":"Pavar\u00ebsia e Kosov\u00ebs \u00ebsht\u00eb e pashmangshme, tha ambasadori malazez n\u00eb Kroaci"}]},{"@type":"Person","@id":"https:\/\/www.visit-ulcinj.com\/blog\/#\/schema\/person\/dcab619c614d3038751c63bc2aadc06d","name":"ulqini","sameAs":["http:\/\/www.visit-ulcinj.com"],"url":"https:\/\/www.visit-ulcinj.com\/blog\/author\/admin\/"}]}},"jetpack_featured_media_url":"","jetpack_sharing_enabled":true,"jetpack_shortlink":"https:\/\/wp.me\/pe6lTn-g","_links":{"self":[{"href":"https:\/\/www.visit-ulcinj.com\/blog\/wp-json\/wp\/v2\/posts\/16"}],"collection":[{"href":"https:\/\/www.visit-ulcinj.com\/blog\/wp-json\/wp\/v2\/posts"}],"about":[{"href":"https:\/\/www.visit-ulcinj.com\/blog\/wp-json\/wp\/v2\/types\/post"}],"author":[{"embeddable":true,"href":"https:\/\/www.visit-ulcinj.com\/blog\/wp-json\/wp\/v2\/users\/1"}],"replies":[{"embeddable":true,"href":"https:\/\/www.visit-ulcinj.com\/blog\/wp-json\/wp\/v2\/comments?post=16"}],"version-history":[{"count":0,"href":"https:\/\/www.visit-ulcinj.com\/blog\/wp-json\/wp\/v2\/posts\/16\/revisions"}],"wp:attachment":[{"href":"https:\/\/www.visit-ulcinj.com\/blog\/wp-json\/wp\/v2\/media?parent=16"}],"wp:term":[{"taxonomy":"category","embeddable":true,"href":"https:\/\/www.visit-ulcinj.com\/blog\/wp-json\/wp\/v2\/categories?post=16"},{"taxonomy":"post_tag","embeddable":true,"href":"https:\/\/www.visit-ulcinj.com\/blog\/wp-json\/wp\/v2\/tags?post=16"}],"curies":[{"name":"wp","href":"https:\/\/api.w.org\/{rel}","templated":true}]}}