{"id":16002,"date":"2009-03-28T20:06:24","date_gmt":"2009-03-28T19:06:24","guid":{"rendered":"http:\/\/www.visit-ulcinj.com\/blog\/?p=16002"},"modified":"2009-03-29T11:12:03","modified_gmt":"2009-03-29T10:12:03","slug":"gvozdenovic-od-zakupca-velike-plaze-trazimo-da-kompleks-radi-cijele-godine","status":"publish","type":"post","link":"https:\/\/www.visit-ulcinj.com\/blog\/2009\/03\/28\/gvozdenovic-od-zakupca-velike-plaze-trazimo-da-kompleks-radi-cijele-godine\/","title":{"rendered":"Gvozdenovi?: Od zakupca Velike pla\u017ee tra\u017eimo da kompleks radi cijele godine"},"content":{"rendered":"<p><a href=\"http:\/\/www.visit-ulcinj.com\/blog\/wp-content\/uploads\/2009\/03\/izjava-ministra-za-ekonomski-razvoj-branimira-gvozdenovica.jpg\"><img loading=\"lazy\" class=\"alignleft size-full wp-image-16129\" title=\"izjava-ministra-za-ekonomski-razvoj-branimira-gvozdenovica\" src=\"http:\/\/www.visit-ulcinj.com\/blog\/wp-content\/uploads\/2009\/03\/izjava-ministra-za-ekonomski-razvoj-branimira-gvozdenovica.jpg\" alt=\"izjava-ministra-za-ekonomski-razvoj-branimira-gvozdenovica\" width=\"570\" height=\"400\" \/><\/a>PODGORICA &#8211; Crnogorska Vlada usvojila je danas tendersku dokumentaciju za realizaciju projekta turisti?ke valorizacije Velike pla\u017ee.<\/p>\n<p>Ministar za ekonomski razvoj, Branimir Gvozdenovi?, saop\u0161tio je da je cilj tendera, koji ?e biti objavljen u subotu, izgradnja ekskluzivnog dugoro?no odr\u017eivog kompleksa visokog kvaliteta koji bi sadr\u017eao hotelske i objekte za odmor i sport, stambene jedinice kao i obrazovne, zdravstvene i kulturne centre.<\/p>\n<p>\u00bbOd ponu?a?a zahtijevamo da kompleks funkcioni\u0161e tokom cijele godine i pru\u017ei brojne povoljnosti lokalnoj zajednici\u00ab, kazao je Gvozdenovi? nakon sjednice Vlade.<\/p>\n<p>U dugoro?ni zakup na 90 godina, kako je propisano tenderskom dokumentacijom, daje se 903 hektara dr\u017eavnog zemlji\u0161ta, dok se na lokaciji nalazi i 316 hektara u privatnom vlasni\u0161tvu.<\/p>\n<p>\u00bbZemlji\u0161te u privatnom vlasni\u0161tvu ne daje se u zakup, a njegovo mogu?e uklju?enje u valorizaciju zavisi?e od anga\u017emana sklopljenih izme?u vlasnika i investitora\u00ab, objasnio je Gvozdenovi?.<\/p>\n<p>On je rekao da minimalna godi\u0161nja zakupnina, koja ?e se uskla?ivati sa godi\u0161njom stopom inflacijom u Crnoj Gori, iznosi 15 centi po metru kvadratnom, dok ?e dodatnu predlagati ponu?a?.<\/p>\n<p>\u00bbDodatna zakupnina bi?e iskazana kao ukupan iznos, periodi?na pla?anja, procenat godi\u0161njeg prometa i prodate ili imovine date u zakup\u00ab, naveo je Gvozdenovi?.<\/p>\n<p>On tvrdi da osnovni koncept nije visina zakupa ve? stvaranje poslovnih aktivnosti i podsticaj investicija u Crnoj Gori, i dodaje da se od zakupnine 17 miliona metara kvadratnih na Adi Bojani i Velikoj pla\u017ei mo\u017ee godi\u0161nje dobiti oko dva miliona EUR. Ponu?a? ?e, kako je precizirao, tri godine od zaklju?enja ugovora morati da realizuje inicijalni investicioni program vrijedan najmanje milijardu EUR, dok naknadna ulaganja moraju iznositi bar tri milijarde. Gvozdenovi? o?ekuje da bi projekat trebalo da bude realizovan u periodu do 20 godina.<\/p>\n<p>\u00bbZa realizaciju je neophodno pripremiti unutra\u0161nje infrastrukturne preduslove, kao i nove puteve, a razmi\u0161lja se i o izgradnji internih aerodroma i pove?anju kapaciteta Luke Bar\u00ab, saop\u0161tio je Gvozdenovi?.<\/p>\n<p>Da bi u?estvovale na Javnom pozivu za dostavljanje ponuda za razvoj, izgradnju, funkcionisanje i upravljanje ekskluzivnim turisti?kim kompleksom kompanije moraju imati iskustvo u razvoju nekretnina, hotelskom menad\u017ementu i marketingu, izgradnji, upravljanju, kao i da su prisutne u tri i vi\u0161e zemalja.<\/p>\n<p>Minimalni godi\u0161nji promet kompanije mora biti ve?i od 400 miliona EUR. Gvozdenovi? je objasnio da se u roku od 60 dana dostavlja kvalifikaciona dokumentacija, dok bi kompletna ponuda trebalo da bude dostavljena do 1. septembra.<\/p>\n<p>\u00bbPonu?a? treba da dostavi koncept, aspekte \u017eivotne sredine i uklopljenost u zajednicu, \u0161to je klju?no za projekat\u00ab, rekao je Gvozdenovi?.<\/p>\n<p>On je dodao da ?e kriterijumu za vrjednovanje ponude biti i datum zavr\u0161etka investicije i predlo\u017eena godi\u0161nja zakupnina. Gvozdenovi? je ponovio da je valorizacija Velike pla\u017ee jedan od najve?ih evropskih projekata i dodao da je siguran u njegovu realizaciju.<\/p>\n<p>\u00bbKadrovski potencijali i ljudski resursi neophodni su da bi projekat za\u017eivio, zbog ?ega prijektni tim razvija program za povratak ljudi iz inostranstva u Crnu Goru\u00ab, naveo je Gvozdenovi?.<\/p>\n<p>On je dodao da je projekt samoodr\u017eiv ako ljudi iz Crne Gore budu menad\u017eeri u njegovim dijelovima.<\/p>\n<p>Prema rije?ima Gvozdenovi?a, ?etiri plus jedna kompanija su i formalno iskazale svoju zainteresovanost prema projektu valorizacije Velike pla\u017ee u okviru informativnog obrasca.<\/p>\n<p><strong>Izvor \/ Mina-business <\/strong><\/p>\n<!-- vimeo error: not a vimeo video -->\n","protected":false},"excerpt":{"rendered":"<p>PODGORICA &#8211; Crnogorska Vlada usvojila je danas tendersku dokumentaciju za realizaciju projekta turisti?ke valorizacije Velike pla\u017ee. Ministar za ekonomski razvoj, Branimir Gvozdenovi?, saop\u0161tio je da je cilj tendera, koji ?e biti objavljen u subotu, izgradnja ekskluzivnog dugoro?no odr\u017eivog kompleksa visokog kvaliteta koji bi sadr\u017eao hotelske i objekte za odmor i sport, stambene jedinice kao i [&hellip;]<\/p>\n","protected":false},"author":1,"featured_media":0,"comment_status":"open","ping_status":"closed","sticky":false,"template":"","format":"standard","meta":{"spay_email":"","jetpack_publicize_message":"","jetpack_is_tweetstorm":false,"jetpack_publicize_feature_enabled":true},"categories":[8337],"tags":[8441,2708,19,136,8442,265],"jetpack_publicize_connections":[],"yoast_head":"<!-- This site is optimized with the Yoast SEO plugin v19.1 - https:\/\/yoast.com\/wordpress\/plugins\/seo\/ -->\n<title>Gvozdenovi?: Od zakupca Velike pla\u017ee tra\u017eimo da kompleks radi cijele godine - Lajme nga Ulqini<\/title>\n<meta name=\"description\" content=\"PODGORICA - Crnogorska Vlada usvojila je danas tendersku dokumentaciju za realizaciju projekta turisti?ke valorizacije Velike pla\u017ee. Ministar za ekonomski\" \/>\n<meta name=\"robots\" content=\"index, follow, max-snippet:-1, max-image-preview:large, max-video-preview:-1\" \/>\n<link rel=\"canonical\" href=\"https:\/\/www.visit-ulcinj.com\/blog\/2009\/03\/28\/gvozdenovic-od-zakupca-velike-plaze-trazimo-da-kompleks-radi-cijele-godine\/\" \/>\n<meta property=\"og:locale\" content=\"en_US\" \/>\n<meta property=\"og:type\" content=\"article\" \/>\n<meta property=\"og:title\" content=\"Gvozdenovi?: Od zakupca Velike pla\u017ee tra\u017eimo da kompleks radi cijele godine - Lajme nga Ulqini\" \/>\n<meta property=\"og:description\" content=\"PODGORICA - Crnogorska Vlada usvojila je danas tendersku dokumentaciju za realizaciju projekta turisti?ke valorizacije Velike pla\u017ee. Ministar za ekonomski\" \/>\n<meta property=\"og:url\" content=\"https:\/\/www.visit-ulcinj.com\/blog\/2009\/03\/28\/gvozdenovic-od-zakupca-velike-plaze-trazimo-da-kompleks-radi-cijele-godine\/\" \/>\n<meta property=\"og:site_name\" content=\"Lajme nga Ulqini\" \/>\n<meta property=\"article:published_time\" content=\"2009-03-28T19:06:24+00:00\" \/>\n<meta property=\"article:modified_time\" content=\"2009-03-29T10:12:03+00:00\" \/>\n<meta property=\"og:image\" content=\"http:\/\/www.visit-ulcinj.com\/blog\/wp-content\/uploads\/2009\/03\/izjava-ministra-za-ekonomski-razvoj-branimira-gvozdenovica.jpg\" \/>\n<meta name=\"twitter:label1\" content=\"Written by\" \/>\n\t<meta name=\"twitter:data1\" content=\"ulqini\" \/>\n\t<meta name=\"twitter:label2\" content=\"Est. reading time\" \/>\n\t<meta name=\"twitter:data2\" content=\"3 minutes\" \/>\n<script type=\"application\/ld+json\" class=\"yoast-schema-graph\">{\"@context\":\"https:\/\/schema.org\",\"@graph\":[{\"@type\":\"WebSite\",\"@id\":\"https:\/\/www.visit-ulcinj.com\/blog\/#website\",\"url\":\"https:\/\/www.visit-ulcinj.com\/blog\/\",\"name\":\"Lajme nga Ulqini\",\"description\":\"Lajme,Vijesti,Ulqini,Ulqin,Crna Gora,Mali i Zi\",\"potentialAction\":[{\"@type\":\"SearchAction\",\"target\":{\"@type\":\"EntryPoint\",\"urlTemplate\":\"https:\/\/www.visit-ulcinj.com\/blog\/?s={search_term_string}\"},\"query-input\":\"required name=search_term_string\"}],\"inLanguage\":\"en-US\"},{\"@type\":\"ImageObject\",\"inLanguage\":\"en-US\",\"@id\":\"https:\/\/www.visit-ulcinj.com\/blog\/2009\/03\/28\/gvozdenovic-od-zakupca-velike-plaze-trazimo-da-kompleks-radi-cijele-godine\/#primaryimage\",\"url\":\"https:\/\/www.visit-ulcinj.com\/blog\/wp-content\/uploads\/2009\/03\/izjava-ministra-za-ekonomski-razvoj-branimira-gvozdenovica.jpg\",\"contentUrl\":\"https:\/\/www.visit-ulcinj.com\/blog\/wp-content\/uploads\/2009\/03\/izjava-ministra-za-ekonomski-razvoj-branimira-gvozdenovica.jpg\",\"width\":\"640\",\"height\":\"427\"},{\"@type\":\"WebPage\",\"@id\":\"https:\/\/www.visit-ulcinj.com\/blog\/2009\/03\/28\/gvozdenovic-od-zakupca-velike-plaze-trazimo-da-kompleks-radi-cijele-godine\/#webpage\",\"url\":\"https:\/\/www.visit-ulcinj.com\/blog\/2009\/03\/28\/gvozdenovic-od-zakupca-velike-plaze-trazimo-da-kompleks-radi-cijele-godine\/\",\"name\":\"Gvozdenovi?: Od zakupca Velike pla\u017ee tra\u017eimo da kompleks radi cijele godine - Lajme nga Ulqini\",\"isPartOf\":{\"@id\":\"https:\/\/www.visit-ulcinj.com\/blog\/#website\"},\"primaryImageOfPage\":{\"@id\":\"https:\/\/www.visit-ulcinj.com\/blog\/2009\/03\/28\/gvozdenovic-od-zakupca-velike-plaze-trazimo-da-kompleks-radi-cijele-godine\/#primaryimage\"},\"datePublished\":\"2009-03-28T19:06:24+00:00\",\"dateModified\":\"2009-03-29T10:12:03+00:00\",\"author\":{\"@id\":\"https:\/\/www.visit-ulcinj.com\/blog\/#\/schema\/person\/dcab619c614d3038751c63bc2aadc06d\"},\"description\":\"PODGORICA - Crnogorska Vlada usvojila je danas tendersku dokumentaciju za realizaciju projekta turisti?ke valorizacije Velike pla\u017ee. Ministar za ekonomski\",\"breadcrumb\":{\"@id\":\"https:\/\/www.visit-ulcinj.com\/blog\/2009\/03\/28\/gvozdenovic-od-zakupca-velike-plaze-trazimo-da-kompleks-radi-cijele-godine\/#breadcrumb\"},\"inLanguage\":\"en-US\",\"potentialAction\":[{\"@type\":\"ReadAction\",\"target\":[\"https:\/\/www.visit-ulcinj.com\/blog\/2009\/03\/28\/gvozdenovic-od-zakupca-velike-plaze-trazimo-da-kompleks-radi-cijele-godine\/\"]}]},{\"@type\":\"BreadcrumbList\",\"@id\":\"https:\/\/www.visit-ulcinj.com\/blog\/2009\/03\/28\/gvozdenovic-od-zakupca-velike-plaze-trazimo-da-kompleks-radi-cijele-godine\/#breadcrumb\",\"itemListElement\":[{\"@type\":\"ListItem\",\"position\":1,\"name\":\"Gvozdenovi?: Od zakupca Velike pla\u017ee tra\u017eimo da kompleks radi cijele godine\"}]},{\"@type\":\"Person\",\"@id\":\"https:\/\/www.visit-ulcinj.com\/blog\/#\/schema\/person\/dcab619c614d3038751c63bc2aadc06d\",\"name\":\"ulqini\",\"sameAs\":[\"http:\/\/www.visit-ulcinj.com\"],\"url\":\"https:\/\/www.visit-ulcinj.com\/blog\/author\/admin\/\"}]}<\/script>\n<!-- \/ Yoast SEO plugin. -->","yoast_head_json":{"title":"Gvozdenovi?: Od zakupca Velike pla\u017ee tra\u017eimo da kompleks radi cijele godine - Lajme nga Ulqini","description":"PODGORICA - Crnogorska Vlada usvojila je danas tendersku dokumentaciju za realizaciju projekta turisti?ke valorizacije Velike pla\u017ee. Ministar za ekonomski","robots":{"index":"index","follow":"follow","max-snippet":"max-snippet:-1","max-image-preview":"max-image-preview:large","max-video-preview":"max-video-preview:-1"},"canonical":"https:\/\/www.visit-ulcinj.com\/blog\/2009\/03\/28\/gvozdenovic-od-zakupca-velike-plaze-trazimo-da-kompleks-radi-cijele-godine\/","og_locale":"en_US","og_type":"article","og_title":"Gvozdenovi?: Od zakupca Velike pla\u017ee tra\u017eimo da kompleks radi cijele godine - Lajme nga Ulqini","og_description":"PODGORICA - Crnogorska Vlada usvojila je danas tendersku dokumentaciju za realizaciju projekta turisti?ke valorizacije Velike pla\u017ee. Ministar za ekonomski","og_url":"https:\/\/www.visit-ulcinj.com\/blog\/2009\/03\/28\/gvozdenovic-od-zakupca-velike-plaze-trazimo-da-kompleks-radi-cijele-godine\/","og_site_name":"Lajme nga Ulqini","article_published_time":"2009-03-28T19:06:24+00:00","article_modified_time":"2009-03-29T10:12:03+00:00","og_image":[{"url":"http:\/\/www.visit-ulcinj.com\/blog\/wp-content\/uploads\/2009\/03\/izjava-ministra-za-ekonomski-razvoj-branimira-gvozdenovica.jpg"}],"twitter_misc":{"Written by":"ulqini","Est. reading time":"3 minutes"},"schema":{"@context":"https:\/\/schema.org","@graph":[{"@type":"WebSite","@id":"https:\/\/www.visit-ulcinj.com\/blog\/#website","url":"https:\/\/www.visit-ulcinj.com\/blog\/","name":"Lajme nga Ulqini","description":"Lajme,Vijesti,Ulqini,Ulqin,Crna Gora,Mali i Zi","potentialAction":[{"@type":"SearchAction","target":{"@type":"EntryPoint","urlTemplate":"https:\/\/www.visit-ulcinj.com\/blog\/?s={search_term_string}"},"query-input":"required name=search_term_string"}],"inLanguage":"en-US"},{"@type":"ImageObject","inLanguage":"en-US","@id":"https:\/\/www.visit-ulcinj.com\/blog\/2009\/03\/28\/gvozdenovic-od-zakupca-velike-plaze-trazimo-da-kompleks-radi-cijele-godine\/#primaryimage","url":"https:\/\/www.visit-ulcinj.com\/blog\/wp-content\/uploads\/2009\/03\/izjava-ministra-za-ekonomski-razvoj-branimira-gvozdenovica.jpg","contentUrl":"https:\/\/www.visit-ulcinj.com\/blog\/wp-content\/uploads\/2009\/03\/izjava-ministra-za-ekonomski-razvoj-branimira-gvozdenovica.jpg","width":"640","height":"427"},{"@type":"WebPage","@id":"https:\/\/www.visit-ulcinj.com\/blog\/2009\/03\/28\/gvozdenovic-od-zakupca-velike-plaze-trazimo-da-kompleks-radi-cijele-godine\/#webpage","url":"https:\/\/www.visit-ulcinj.com\/blog\/2009\/03\/28\/gvozdenovic-od-zakupca-velike-plaze-trazimo-da-kompleks-radi-cijele-godine\/","name":"Gvozdenovi?: Od zakupca Velike pla\u017ee tra\u017eimo da kompleks radi cijele godine - Lajme nga Ulqini","isPartOf":{"@id":"https:\/\/www.visit-ulcinj.com\/blog\/#website"},"primaryImageOfPage":{"@id":"https:\/\/www.visit-ulcinj.com\/blog\/2009\/03\/28\/gvozdenovic-od-zakupca-velike-plaze-trazimo-da-kompleks-radi-cijele-godine\/#primaryimage"},"datePublished":"2009-03-28T19:06:24+00:00","dateModified":"2009-03-29T10:12:03+00:00","author":{"@id":"https:\/\/www.visit-ulcinj.com\/blog\/#\/schema\/person\/dcab619c614d3038751c63bc2aadc06d"},"description":"PODGORICA - Crnogorska Vlada usvojila je danas tendersku dokumentaciju za realizaciju projekta turisti?ke valorizacije Velike pla\u017ee. Ministar za ekonomski","breadcrumb":{"@id":"https:\/\/www.visit-ulcinj.com\/blog\/2009\/03\/28\/gvozdenovic-od-zakupca-velike-plaze-trazimo-da-kompleks-radi-cijele-godine\/#breadcrumb"},"inLanguage":"en-US","potentialAction":[{"@type":"ReadAction","target":["https:\/\/www.visit-ulcinj.com\/blog\/2009\/03\/28\/gvozdenovic-od-zakupca-velike-plaze-trazimo-da-kompleks-radi-cijele-godine\/"]}]},{"@type":"BreadcrumbList","@id":"https:\/\/www.visit-ulcinj.com\/blog\/2009\/03\/28\/gvozdenovic-od-zakupca-velike-plaze-trazimo-da-kompleks-radi-cijele-godine\/#breadcrumb","itemListElement":[{"@type":"ListItem","position":1,"name":"Gvozdenovi?: Od zakupca Velike pla\u017ee tra\u017eimo da kompleks radi cijele godine"}]},{"@type":"Person","@id":"https:\/\/www.visit-ulcinj.com\/blog\/#\/schema\/person\/dcab619c614d3038751c63bc2aadc06d","name":"ulqini","sameAs":["http:\/\/www.visit-ulcinj.com"],"url":"https:\/\/www.visit-ulcinj.com\/blog\/author\/admin\/"}]}},"jetpack_featured_media_url":"","jetpack_sharing_enabled":true,"jetpack_shortlink":"https:\/\/wp.me\/pe6lTn-4a6","_links":{"self":[{"href":"https:\/\/www.visit-ulcinj.com\/blog\/wp-json\/wp\/v2\/posts\/16002"}],"collection":[{"href":"https:\/\/www.visit-ulcinj.com\/blog\/wp-json\/wp\/v2\/posts"}],"about":[{"href":"https:\/\/www.visit-ulcinj.com\/blog\/wp-json\/wp\/v2\/types\/post"}],"author":[{"embeddable":true,"href":"https:\/\/www.visit-ulcinj.com\/blog\/wp-json\/wp\/v2\/users\/1"}],"replies":[{"embeddable":true,"href":"https:\/\/www.visit-ulcinj.com\/blog\/wp-json\/wp\/v2\/comments?post=16002"}],"version-history":[{"count":0,"href":"https:\/\/www.visit-ulcinj.com\/blog\/wp-json\/wp\/v2\/posts\/16002\/revisions"}],"wp:attachment":[{"href":"https:\/\/www.visit-ulcinj.com\/blog\/wp-json\/wp\/v2\/media?parent=16002"}],"wp:term":[{"taxonomy":"category","embeddable":true,"href":"https:\/\/www.visit-ulcinj.com\/blog\/wp-json\/wp\/v2\/categories?post=16002"},{"taxonomy":"post_tag","embeddable":true,"href":"https:\/\/www.visit-ulcinj.com\/blog\/wp-json\/wp\/v2\/tags?post=16002"}],"curies":[{"name":"wp","href":"https:\/\/api.w.org\/{rel}","templated":true}]}}