{"id":16005,"date":"2009-03-28T20:43:06","date_gmt":"2009-03-28T19:43:06","guid":{"rendered":"http:\/\/www.visit-ulcinj.com\/blog\/?p=16005"},"modified":"2009-03-28T20:43:06","modified_gmt":"2009-03-28T19:43:06","slug":"prijave-za-ucesce-na-tenderu-za-adu-bojanu-do-28-maja","status":"publish","type":"post","link":"https:\/\/www.visit-ulcinj.com\/blog\/2009\/03\/28\/prijave-za-ucesce-na-tenderu-za-adu-bojanu-do-28-maja\/","title":{"rendered":"Prijave za u?e\u0161?e na tenderu za Adu Bojanu do 28. maja"},"content":{"rendered":"<p><a href=\"http:\/\/www.visit-ulcinj.com\/blog\/wp-content\/uploads\/2009\/03\/ada-bojana_ulcinj_montenegro.jpg\"><img loading=\"lazy\" class=\"alignleft size-full wp-image-16006\" title=\"ada-bojana_ulcinj_montenegro\" src=\"http:\/\/www.visit-ulcinj.com\/blog\/wp-content\/uploads\/2009\/03\/ada-bojana_ulcinj_montenegro.jpg\" alt=\"ada-bojana_ulcinj_montenegro\" width=\"570\" height=\"400\" \/><\/a>PODGORICA &#8211; Crnogorska Vlada pozvala je danas me?unarodne investitore da dostave ponude za zakup ostrva Ada Bojana na period od 90 godina sa obavezom izgradnje i upravljanja ekskluzivnim turisti?kim kompleksom.<br \/>\nNa tenderu mogu u?estvovati firme ili konzorcijumi koji otkupe tendersku dokumentaciju po cijeni od 50 hiljada EUR i potpi\u0161u izjavu o povjerljivosti. Ponude ?e biti prihva?ene od u?esnika koji imaju od 2000. do pro\u0161le godine iskustvo u velikim projektima razvoja nekretnina mje\u0161ovite namjene i izgradnji hotelskih i turisti?kih, rekreativnih, kulturnih, obrazovnih, stambenih, poslovnih objekata ili trgovinskih centara, ukupne povr\u0161ine minimum 750 hiljada metara kvadratnih i vrijednosti investicije najmanje milijardu EUR.<br \/>\nU?esnik na tenderu mora u posljednjih osam godina bar tri upravljati hotelskim i turisti?kim, rekreativnim, kulturnim, obrazovnim i poslovnim objektima, povr\u0161ine 200 hiljada metara kvadratnih i vrijednosti najmanje 300 miliona EUR. Iskustvo, kako se navodi u pozivu, treba da uklju?i i upravljanje objektima marine.<br \/>\nPonu?a? mora biti ne manje od pet godina kontinuirano prisutan na tr\u017ei\u0161tu razvoja i izgradnje nekretnina u najmanje tri zemlje i imati dokazano me?unarodno iskustvo u uspje\u0161nom marketingu i prodaji stambenih jedinica koje se nalaze u velikim turisti?kim kompleksima visokog nivoa.<br \/>\n\u00bbU?esnik na tenderu ili nosilac konzorcijuma mora imati godi\u0161nji promet od najmanje 400 miliona EUR u posljednje tri godine\u00ab, navodi se u pozivu.<br \/>\nNeophodno je da ponu?a? dostavi pismo o namjeri me?unarodne kompanije koja se bavi hotelskim ili resort menad\u017ementom i poznata je ciljnom tr\u017ei\u0161tu. Ukoliko je u?esnik na tenderu konzorcijum kvalifikacione uslove moraju ispunjavati svi njegovi ?lanovi zajedno.<br \/>\nPrijave za u?e\u0161?e na tenderu i kvalifikaciona dokumentacija mogu se dostavljati do 28. maja, u 17 sati. Tenderska komisija obavijesti?e u?esnike na tenderu o rezultatima kvalifikacije 15 radnih dana nakon isticanja roka za podno\u0161enje prijava.<br \/>\nIz Vlade je saop\u0161teno da se od ponu?a?a o?ekuje da dostavi idejni projekat za kompleks Ade Bojane, koji uklju?uje arhitekturu, projekat i gradnju najvi\u0161eg me?unarodnog standarda, a odra\u017eava stil i estetski senzibilitet uskla?en sa lokalnom zajednicom.<br \/>\n\u00bbPonu?a? je du\u017ean da predlo\u017ei strukturu i nivo godi\u0161nje zakupnine i dodatnog pla?anja, s tim \u0161to minimalna godi\u0161nja zakupnina ne?e biti manja od 15 centi po metru kvadratnom\u00ab, obajsnili su iz Vlade.<br \/>\nObaveza ponu?a?a je i da razvije i upravlja infrastrukturom i uslugama u toj oblasti, kao i da predlo\u017ei investicioni program sa njihovom prirodom i dinamikom i predvi?enim izvorima potrebnog kapitala. U Vladi o?ekuju da ?e minimalno ulaganje koje je potrebno tokom prve tri godine investicionog ciklusa da bi se postigao predvi?eni razvoj iznositi 200 miliona EUR. Kona?ne obavezuju?e ponude podnose se do 1. septembra u 17 sati.<br \/>\n\u00bbUz ponudu, ponu?a? ?e morati da podnese garanciju za nju, vrijednu 500 hiljada EUR, u obliku bezuslovne bankarske garancije plative na prvi poziv i izdate od renomirane me?unarodne banke, ili u obliku depozita\u00ab, precizirali su iz Vlade.<br \/>\nOstrvo Ada nalazi se na u\u0161?u rijeke Bojane, ima pla\u017eu dugu 2,7 hiljada kilometara i \u0161iroku 30 metara. U okviru kompleksa predvi?ena je izgradnja do 2,5 hiljada hotelskih kreveta, kao i bar jedan hotel koji je projektovan i funkcionisa?e po me?unarodnim standardima ?etiri plus i pet zvjezdica, a njime ?e upravljati dobro poznati, brand-name turisti?ki operater. Pored toga, razmotri?e se mogu?nost gradnje vila i drugog rezidencijalnog smje\u0161taja za dugoro?ni zakup.<\/p>\n<p><strong>Izvor \/ Mina-business <\/strong><\/p>\n<!--YouTube Error: bad URL entered-->\n","protected":false},"excerpt":{"rendered":"<p>PODGORICA &#8211; Crnogorska Vlada pozvala je danas me?unarodne investitore da dostave ponude za zakup ostrva Ada Bojana na period od 90 godina sa obavezom izgradnje i upravljanja ekskluzivnim turisti?kim kompleksom. Na tenderu mogu u?estvovati firme ili konzorcijumi koji otkupe tendersku dokumentaciju po cijeni od 50 hiljada EUR i potpi\u0161u izjavu o povjerljivosti. Ponude ?e biti [&hellip;]<\/p>\n","protected":false},"author":1,"featured_media":0,"comment_status":"open","ping_status":"closed","sticky":false,"template":"","format":"standard","meta":{"spay_email":"","jetpack_publicize_message":"","jetpack_is_tweetstorm":false,"jetpack_publicize_feature_enabled":true},"categories":[10],"tags":[138,20,3408,79,19,434],"jetpack_publicize_connections":[],"yoast_head":"<!-- This site is optimized with the Yoast SEO plugin v19.1 - https:\/\/yoast.com\/wordpress\/plugins\/seo\/ -->\n<title>Prijave za u?e\u0161?e na tenderu za Adu Bojanu do 28. maja - Lajme nga Ulqini<\/title>\n<meta name=\"description\" content=\"PODGORICA - Crnogorska Vlada pozvala je danas me?unarodne investitore da dostave ponude za zakup ostrva Ada Bojana na period od 90 godina sa obavezom\" \/>\n<meta name=\"robots\" content=\"index, follow, max-snippet:-1, max-image-preview:large, max-video-preview:-1\" \/>\n<link rel=\"canonical\" href=\"https:\/\/www.visit-ulcinj.com\/blog\/2009\/03\/28\/prijave-za-ucesce-na-tenderu-za-adu-bojanu-do-28-maja\/\" \/>\n<meta property=\"og:locale\" content=\"en_US\" \/>\n<meta property=\"og:type\" content=\"article\" \/>\n<meta property=\"og:title\" content=\"Prijave za u?e\u0161?e na tenderu za Adu Bojanu do 28. maja - Lajme nga Ulqini\" \/>\n<meta property=\"og:description\" content=\"PODGORICA - Crnogorska Vlada pozvala je danas me?unarodne investitore da dostave ponude za zakup ostrva Ada Bojana na period od 90 godina sa obavezom\" \/>\n<meta property=\"og:url\" content=\"https:\/\/www.visit-ulcinj.com\/blog\/2009\/03\/28\/prijave-za-ucesce-na-tenderu-za-adu-bojanu-do-28-maja\/\" \/>\n<meta property=\"og:site_name\" content=\"Lajme nga Ulqini\" \/>\n<meta property=\"article:published_time\" content=\"2009-03-28T19:43:06+00:00\" \/>\n<meta property=\"og:image\" content=\"http:\/\/www.visit-ulcinj.com\/blog\/wp-content\/uploads\/2009\/03\/ada-bojana_ulcinj_montenegro.jpg\" \/>\n<meta name=\"twitter:label1\" content=\"Written by\" \/>\n\t<meta name=\"twitter:data1\" content=\"ulqini\" \/>\n\t<meta name=\"twitter:label2\" content=\"Est. reading time\" \/>\n\t<meta name=\"twitter:data2\" content=\"3 minutes\" \/>\n<script type=\"application\/ld+json\" class=\"yoast-schema-graph\">{\"@context\":\"https:\/\/schema.org\",\"@graph\":[{\"@type\":\"WebSite\",\"@id\":\"https:\/\/www.visit-ulcinj.com\/blog\/#website\",\"url\":\"https:\/\/www.visit-ulcinj.com\/blog\/\",\"name\":\"Lajme nga Ulqini\",\"description\":\"Lajme,Vijesti,Ulqini,Ulqin,Crna Gora,Mali i Zi\",\"potentialAction\":[{\"@type\":\"SearchAction\",\"target\":{\"@type\":\"EntryPoint\",\"urlTemplate\":\"https:\/\/www.visit-ulcinj.com\/blog\/?s={search_term_string}\"},\"query-input\":\"required name=search_term_string\"}],\"inLanguage\":\"en-US\"},{\"@type\":\"ImageObject\",\"inLanguage\":\"en-US\",\"@id\":\"https:\/\/www.visit-ulcinj.com\/blog\/2009\/03\/28\/prijave-za-ucesce-na-tenderu-za-adu-bojanu-do-28-maja\/#primaryimage\",\"url\":\"https:\/\/www.visit-ulcinj.com\/blog\/wp-content\/uploads\/2009\/03\/ada-bojana_ulcinj_montenegro.jpg\",\"contentUrl\":\"https:\/\/www.visit-ulcinj.com\/blog\/wp-content\/uploads\/2009\/03\/ada-bojana_ulcinj_montenegro.jpg\",\"width\":\"1024\",\"height\":\"639\"},{\"@type\":\"WebPage\",\"@id\":\"https:\/\/www.visit-ulcinj.com\/blog\/2009\/03\/28\/prijave-za-ucesce-na-tenderu-za-adu-bojanu-do-28-maja\/#webpage\",\"url\":\"https:\/\/www.visit-ulcinj.com\/blog\/2009\/03\/28\/prijave-za-ucesce-na-tenderu-za-adu-bojanu-do-28-maja\/\",\"name\":\"Prijave za u?e\u0161?e na tenderu za Adu Bojanu do 28. maja - Lajme nga Ulqini\",\"isPartOf\":{\"@id\":\"https:\/\/www.visit-ulcinj.com\/blog\/#website\"},\"primaryImageOfPage\":{\"@id\":\"https:\/\/www.visit-ulcinj.com\/blog\/2009\/03\/28\/prijave-za-ucesce-na-tenderu-za-adu-bojanu-do-28-maja\/#primaryimage\"},\"datePublished\":\"2009-03-28T19:43:06+00:00\",\"dateModified\":\"2009-03-28T19:43:06+00:00\",\"author\":{\"@id\":\"https:\/\/www.visit-ulcinj.com\/blog\/#\/schema\/person\/dcab619c614d3038751c63bc2aadc06d\"},\"description\":\"PODGORICA - Crnogorska Vlada pozvala je danas me?unarodne investitore da dostave ponude za zakup ostrva Ada Bojana na period od 90 godina sa obavezom\",\"breadcrumb\":{\"@id\":\"https:\/\/www.visit-ulcinj.com\/blog\/2009\/03\/28\/prijave-za-ucesce-na-tenderu-za-adu-bojanu-do-28-maja\/#breadcrumb\"},\"inLanguage\":\"en-US\",\"potentialAction\":[{\"@type\":\"ReadAction\",\"target\":[\"https:\/\/www.visit-ulcinj.com\/blog\/2009\/03\/28\/prijave-za-ucesce-na-tenderu-za-adu-bojanu-do-28-maja\/\"]}]},{\"@type\":\"BreadcrumbList\",\"@id\":\"https:\/\/www.visit-ulcinj.com\/blog\/2009\/03\/28\/prijave-za-ucesce-na-tenderu-za-adu-bojanu-do-28-maja\/#breadcrumb\",\"itemListElement\":[{\"@type\":\"ListItem\",\"position\":1,\"name\":\"Prijave za u?e\u0161?e na tenderu za Adu Bojanu do 28. maja\"}]},{\"@type\":\"Person\",\"@id\":\"https:\/\/www.visit-ulcinj.com\/blog\/#\/schema\/person\/dcab619c614d3038751c63bc2aadc06d\",\"name\":\"ulqini\",\"sameAs\":[\"http:\/\/www.visit-ulcinj.com\"],\"url\":\"https:\/\/www.visit-ulcinj.com\/blog\/author\/admin\/\"}]}<\/script>\n<!-- \/ Yoast SEO plugin. -->","yoast_head_json":{"title":"Prijave za u?e\u0161?e na tenderu za Adu Bojanu do 28. maja - Lajme nga Ulqini","description":"PODGORICA - Crnogorska Vlada pozvala je danas me?unarodne investitore da dostave ponude za zakup ostrva Ada Bojana na period od 90 godina sa obavezom","robots":{"index":"index","follow":"follow","max-snippet":"max-snippet:-1","max-image-preview":"max-image-preview:large","max-video-preview":"max-video-preview:-1"},"canonical":"https:\/\/www.visit-ulcinj.com\/blog\/2009\/03\/28\/prijave-za-ucesce-na-tenderu-za-adu-bojanu-do-28-maja\/","og_locale":"en_US","og_type":"article","og_title":"Prijave za u?e\u0161?e na tenderu za Adu Bojanu do 28. maja - Lajme nga Ulqini","og_description":"PODGORICA - Crnogorska Vlada pozvala je danas me?unarodne investitore da dostave ponude za zakup ostrva Ada Bojana na period od 90 godina sa obavezom","og_url":"https:\/\/www.visit-ulcinj.com\/blog\/2009\/03\/28\/prijave-za-ucesce-na-tenderu-za-adu-bojanu-do-28-maja\/","og_site_name":"Lajme nga Ulqini","article_published_time":"2009-03-28T19:43:06+00:00","og_image":[{"url":"http:\/\/www.visit-ulcinj.com\/blog\/wp-content\/uploads\/2009\/03\/ada-bojana_ulcinj_montenegro.jpg"}],"twitter_misc":{"Written by":"ulqini","Est. reading time":"3 minutes"},"schema":{"@context":"https:\/\/schema.org","@graph":[{"@type":"WebSite","@id":"https:\/\/www.visit-ulcinj.com\/blog\/#website","url":"https:\/\/www.visit-ulcinj.com\/blog\/","name":"Lajme nga Ulqini","description":"Lajme,Vijesti,Ulqini,Ulqin,Crna Gora,Mali i Zi","potentialAction":[{"@type":"SearchAction","target":{"@type":"EntryPoint","urlTemplate":"https:\/\/www.visit-ulcinj.com\/blog\/?s={search_term_string}"},"query-input":"required name=search_term_string"}],"inLanguage":"en-US"},{"@type":"ImageObject","inLanguage":"en-US","@id":"https:\/\/www.visit-ulcinj.com\/blog\/2009\/03\/28\/prijave-za-ucesce-na-tenderu-za-adu-bojanu-do-28-maja\/#primaryimage","url":"https:\/\/www.visit-ulcinj.com\/blog\/wp-content\/uploads\/2009\/03\/ada-bojana_ulcinj_montenegro.jpg","contentUrl":"https:\/\/www.visit-ulcinj.com\/blog\/wp-content\/uploads\/2009\/03\/ada-bojana_ulcinj_montenegro.jpg","width":"1024","height":"639"},{"@type":"WebPage","@id":"https:\/\/www.visit-ulcinj.com\/blog\/2009\/03\/28\/prijave-za-ucesce-na-tenderu-za-adu-bojanu-do-28-maja\/#webpage","url":"https:\/\/www.visit-ulcinj.com\/blog\/2009\/03\/28\/prijave-za-ucesce-na-tenderu-za-adu-bojanu-do-28-maja\/","name":"Prijave za u?e\u0161?e na tenderu za Adu Bojanu do 28. maja - Lajme nga Ulqini","isPartOf":{"@id":"https:\/\/www.visit-ulcinj.com\/blog\/#website"},"primaryImageOfPage":{"@id":"https:\/\/www.visit-ulcinj.com\/blog\/2009\/03\/28\/prijave-za-ucesce-na-tenderu-za-adu-bojanu-do-28-maja\/#primaryimage"},"datePublished":"2009-03-28T19:43:06+00:00","dateModified":"2009-03-28T19:43:06+00:00","author":{"@id":"https:\/\/www.visit-ulcinj.com\/blog\/#\/schema\/person\/dcab619c614d3038751c63bc2aadc06d"},"description":"PODGORICA - Crnogorska Vlada pozvala je danas me?unarodne investitore da dostave ponude za zakup ostrva Ada Bojana na period od 90 godina sa obavezom","breadcrumb":{"@id":"https:\/\/www.visit-ulcinj.com\/blog\/2009\/03\/28\/prijave-za-ucesce-na-tenderu-za-adu-bojanu-do-28-maja\/#breadcrumb"},"inLanguage":"en-US","potentialAction":[{"@type":"ReadAction","target":["https:\/\/www.visit-ulcinj.com\/blog\/2009\/03\/28\/prijave-za-ucesce-na-tenderu-za-adu-bojanu-do-28-maja\/"]}]},{"@type":"BreadcrumbList","@id":"https:\/\/www.visit-ulcinj.com\/blog\/2009\/03\/28\/prijave-za-ucesce-na-tenderu-za-adu-bojanu-do-28-maja\/#breadcrumb","itemListElement":[{"@type":"ListItem","position":1,"name":"Prijave za u?e\u0161?e na tenderu za Adu Bojanu do 28. maja"}]},{"@type":"Person","@id":"https:\/\/www.visit-ulcinj.com\/blog\/#\/schema\/person\/dcab619c614d3038751c63bc2aadc06d","name":"ulqini","sameAs":["http:\/\/www.visit-ulcinj.com"],"url":"https:\/\/www.visit-ulcinj.com\/blog\/author\/admin\/"}]}},"jetpack_featured_media_url":"","jetpack_sharing_enabled":true,"jetpack_shortlink":"https:\/\/wp.me\/pe6lTn-4a9","_links":{"self":[{"href":"https:\/\/www.visit-ulcinj.com\/blog\/wp-json\/wp\/v2\/posts\/16005"}],"collection":[{"href":"https:\/\/www.visit-ulcinj.com\/blog\/wp-json\/wp\/v2\/posts"}],"about":[{"href":"https:\/\/www.visit-ulcinj.com\/blog\/wp-json\/wp\/v2\/types\/post"}],"author":[{"embeddable":true,"href":"https:\/\/www.visit-ulcinj.com\/blog\/wp-json\/wp\/v2\/users\/1"}],"replies":[{"embeddable":true,"href":"https:\/\/www.visit-ulcinj.com\/blog\/wp-json\/wp\/v2\/comments?post=16005"}],"version-history":[{"count":0,"href":"https:\/\/www.visit-ulcinj.com\/blog\/wp-json\/wp\/v2\/posts\/16005\/revisions"}],"wp:attachment":[{"href":"https:\/\/www.visit-ulcinj.com\/blog\/wp-json\/wp\/v2\/media?parent=16005"}],"wp:term":[{"taxonomy":"category","embeddable":true,"href":"https:\/\/www.visit-ulcinj.com\/blog\/wp-json\/wp\/v2\/categories?post=16005"},{"taxonomy":"post_tag","embeddable":true,"href":"https:\/\/www.visit-ulcinj.com\/blog\/wp-json\/wp\/v2\/tags?post=16005"}],"curies":[{"name":"wp","href":"https:\/\/api.w.org\/{rel}","templated":true}]}}