{"id":16012,"date":"2009-03-28T21:14:04","date_gmt":"2009-03-28T20:14:04","guid":{"rendered":"http:\/\/www.visit-ulcinj.com\/blog\/?p=16012"},"modified":"2009-03-28T21:14:04","modified_gmt":"2009-03-28T20:14:04","slug":"mimoza-dhe-aida-dy-me-te-votuarat-per-te-lene-shtepine","status":"publish","type":"post","link":"https:\/\/www.visit-ulcinj.com\/blog\/2009\/03\/28\/mimoza-dhe-aida-dy-me-te-votuarat-per-te-lene-shtepine\/","title":{"rendered":"Mimoza dhe Aida, dy m\u00eb t\u00eb votuarat p\u00ebr t\u00eb l\u00ebn\u00eb sht\u00ebpin\u00eb"},"content":{"rendered":"<p><em><strong>Mimoza dhe Aida, dy m\u00eb t\u00eb votuarat p\u00ebr t\u00eb l\u00ebn\u00eb sht\u00ebpin\u00eb<br \/>\n<\/strong><\/em><\/p>\n<p><a href=\"http:\/\/www.visit-ulcinj.com\/blog\/wp-content\/uploads\/2009\/03\/aida-big-brother-albania11.jpg\"><img loading=\"lazy\" class=\"alignleft size-thumbnail wp-image-16014\" title=\"aida-big-brother-albania11\" src=\"http:\/\/www.visit-ulcinj.com\/blog\/wp-content\/uploads\/2009\/03\/aida-big-brother-albania11-150x150.jpg\" alt=\"aida-big-brother-albania11\" width=\"150\" height=\"150\" \/><\/a><a href=\"http:\/\/www.visit-ulcinj.com\/blog\/wp-content\/uploads\/2009\/03\/mimoza-sexy.jpg\"><img loading=\"lazy\" class=\"alignleft size-thumbnail wp-image-16013\" title=\"mimoza-sexy\" src=\"http:\/\/www.visit-ulcinj.com\/blog\/wp-content\/uploads\/2009\/03\/mimoza-sexy-150x150.jpg\" alt=\"mimoza-sexy\" width=\"150\" height=\"150\" \/><\/a><\/p>\n<p>Edhe opinionist\u00ebt jav\u00ebn e shkuar u pozicionuan qartazi teksa pohuan se sht\u00ebpin\u00eb e \u201cBig Brother\u201d duhet ta l\u00ebr\u00eb Mimoza, pasi dihet, n\u00eb k\u00ebto raste ka m\u00eb shum\u00eb shansse p\u00ebr t\u00eb ndenjur ai q\u00eb \u00ebsht\u00eb m\u00eb aktiv dhe dhuron m\u00eb shum\u00eb spektak\u00ebl.Deri tani banor\u00ebt kan\u00eb k\u00ebrkuar t\u00eb eliminojn\u00eb m\u00eb t\u00eb fort\u00ebt dhe me siguri kjo ka qen\u00eb arsyeja q\u00eb k\u00ebsaj here n\u00eb nominim shkuan gjasht\u00eb veta n\u00eb m\u00ebnyr\u00eb q\u00eb t\u2019i jepej mund\u00ebsi publikut t\u00eb vendos\u00eb, jo aq banor\u00ebve. N\u00ebse Mimoza thuhet se nuk ka qen\u00eb aq aktive prandaj dhe votohet, Aida n\u00eb fakt ka b\u00ebr\u00eb t\u00eb kund\u00ebrt\u00ebn, ka qen\u00eb e till\u00eb, ka krijuar shum\u00eb konflikte ku m\u00eb i spikaturi \u00ebsht\u00eb ai me Adelajd\u00ebn dhe n\u00eb ndryshim nga kjo e fundit, nuk ka shum\u00eb mb\u00ebshtetje brenda sht\u00ebpis\u00eb, me p\u00ebrjashtim t\u00eb Lirit\u00ebs. Duket se k\u00ebsaj rradhe Lirita nuk rrezikon edhe pse shum\u00eb mendonin se ishte m\u00eb e favorizuara p\u00ebr t\u00eb l\u00ebn\u00eb sht\u00ebpin\u00eb.<br \/>\nN\u00ebse nga Kosova do ket\u00eb shum\u00eb sms q\u00eb k\u00ebrkojn\u00eb largimin e Aid\u00ebs p\u00ebr t\u00eb shp\u00ebtuar Mimoz\u00ebn, ka t\u00eb ngjar\u00eb q\u00eb Aida ta l\u00ebr\u00eb sonte sht\u00ebpin\u00eb, megjith\u00ebse duket m\u00eb logjike q\u00eb e eliminuara e radh\u00ebs t\u00eb jet\u00eb Mimoza.<\/p>\n","protected":false},"excerpt":{"rendered":"<p>Mimoza dhe Aida, dy m\u00eb t\u00eb votuarat p\u00ebr t\u00eb l\u00ebn\u00eb sht\u00ebpin\u00eb Edhe opinionist\u00ebt jav\u00ebn e shkuar u pozicionuan qartazi teksa pohuan se sht\u00ebpin\u00eb e \u201cBig Brother\u201d duhet ta l\u00ebr\u00eb Mimoza, pasi dihet, n\u00eb k\u00ebto raste ka m\u00eb shum\u00eb shansse p\u00ebr t\u00eb ndenjur ai q\u00eb \u00ebsht\u00eb m\u00eb aktiv dhe dhuron m\u00eb shum\u00eb spektak\u00ebl.Deri tani banor\u00ebt kan\u00eb [&hellip;]<\/p>\n","protected":false},"author":1,"featured_media":0,"comment_status":"open","ping_status":"closed","sticky":false,"template":"","format":"standard","meta":{"spay_email":"","jetpack_publicize_message":"","jetpack_is_tweetstorm":false,"jetpack_publicize_feature_enabled":true},"categories":[6502],"tags":[6537,5057,6506,6516,6712,7129,6544,7199,6757,6891,6693,6887,8446],"jetpack_publicize_connections":[],"yoast_head":"<!-- This site is optimized with the Yoast SEO plugin v19.1 - https:\/\/yoast.com\/wordpress\/plugins\/seo\/ -->\n<title>Mimoza dhe Aida, dy m\u00c3\u00ab t\u00c3\u00ab votuarat p\u00c3\u00abr t\u00c3\u00ab l\u00c3\u00abn\u00c3\u00ab sht\u00c3\u00abpin\u00c3\u00ab | Big Brother Albania 2<\/title>\n<meta name=\"description\" content=\"Big Brother Albania 2 - Jan\u00c3\u00ab votimet on line ata t\u00c3\u00ab cilat na krijojn\u00c3\u00ab nj\u00c3\u00ab ide se si mund t\u00c3\u00ab jen\u00c3\u00ab votimet e v\u00c3\u00abrteta, ato q\u00c3\u00ab b\u00c3\u00abhen vet\u00c3\u00abm me sms. Deri tani m\u00c3\u00ab t\u00c3\u00ab votuarat p\u00c3\u00abr t\u00c3\u00ab l\u00c3\u00abn\u00c3\u00ab sht\u00c3\u00abpin\u00c3\u00ab e \u00e2\u20ac\u0153Big Brother\u00e2\u20ac\u009d jan\u00c3\u00ab Mimoza dhe Aida.\" \/>\n<meta name=\"robots\" content=\"index, follow, max-snippet:-1, max-image-preview:large, max-video-preview:-1\" \/>\n<link rel=\"canonical\" href=\"https:\/\/www.visit-ulcinj.com\/blog\/2009\/03\/28\/mimoza-dhe-aida-dy-me-te-votuarat-per-te-lene-shtepine\/\" \/>\n<meta property=\"og:locale\" content=\"en_US\" \/>\n<meta property=\"og:type\" content=\"article\" \/>\n<meta property=\"og:title\" content=\"Mimoza dhe Aida, dy m\u00c3\u00ab t\u00c3\u00ab votuarat p\u00c3\u00abr t\u00c3\u00ab l\u00c3\u00abn\u00c3\u00ab sht\u00c3\u00abpin\u00c3\u00ab | Big Brother Albania 2\" \/>\n<meta property=\"og:description\" content=\"Big Brother Albania 2 - Jan\u00c3\u00ab votimet on line ata t\u00c3\u00ab cilat na krijojn\u00c3\u00ab nj\u00c3\u00ab ide se si mund t\u00c3\u00ab jen\u00c3\u00ab votimet e v\u00c3\u00abrteta, ato q\u00c3\u00ab b\u00c3\u00abhen vet\u00c3\u00abm me sms. Deri tani m\u00c3\u00ab t\u00c3\u00ab votuarat p\u00c3\u00abr t\u00c3\u00ab l\u00c3\u00abn\u00c3\u00ab sht\u00c3\u00abpin\u00c3\u00ab e \u00e2\u20ac\u0153Big Brother\u00e2\u20ac\u009d jan\u00c3\u00ab Mimoza dhe Aida.\" \/>\n<meta property=\"og:url\" content=\"https:\/\/www.visit-ulcinj.com\/blog\/2009\/03\/28\/mimoza-dhe-aida-dy-me-te-votuarat-per-te-lene-shtepine\/\" \/>\n<meta property=\"og:site_name\" content=\"Lajme nga Ulqini\" \/>\n<meta property=\"article:published_time\" content=\"2009-03-28T20:14:04+00:00\" \/>\n<meta property=\"og:image\" content=\"http:\/\/www.visit-ulcinj.com\/blog\/wp-content\/uploads\/2009\/03\/aida-big-brother-albania11-150x150.jpg\" \/>\n<meta name=\"twitter:label1\" content=\"Written by\" \/>\n\t<meta name=\"twitter:data1\" content=\"ulqini\" \/>\n\t<meta name=\"twitter:label2\" content=\"Est. reading time\" \/>\n\t<meta name=\"twitter:data2\" content=\"1 minute\" \/>\n<script type=\"application\/ld+json\" class=\"yoast-schema-graph\">{\"@context\":\"https:\/\/schema.org\",\"@graph\":[{\"@type\":\"WebSite\",\"@id\":\"https:\/\/www.visit-ulcinj.com\/blog\/#website\",\"url\":\"https:\/\/www.visit-ulcinj.com\/blog\/\",\"name\":\"Lajme nga Ulqini\",\"description\":\"Lajme,Vijesti,Ulqini,Ulqin,Crna Gora,Mali i Zi\",\"potentialAction\":[{\"@type\":\"SearchAction\",\"target\":{\"@type\":\"EntryPoint\",\"urlTemplate\":\"https:\/\/www.visit-ulcinj.com\/blog\/?s={search_term_string}\"},\"query-input\":\"required name=search_term_string\"}],\"inLanguage\":\"en-US\"},{\"@type\":\"ImageObject\",\"inLanguage\":\"en-US\",\"@id\":\"https:\/\/www.visit-ulcinj.com\/blog\/2009\/03\/28\/mimoza-dhe-aida-dy-me-te-votuarat-per-te-lene-shtepine\/#primaryimage\",\"url\":\"http:\/\/www.visit-ulcinj.com\/blog\/wp-content\/uploads\/2009\/03\/aida-big-brother-albania11-150x150.jpg\",\"contentUrl\":\"http:\/\/www.visit-ulcinj.com\/blog\/wp-content\/uploads\/2009\/03\/aida-big-brother-albania11-150x150.jpg\"},{\"@type\":\"WebPage\",\"@id\":\"https:\/\/www.visit-ulcinj.com\/blog\/2009\/03\/28\/mimoza-dhe-aida-dy-me-te-votuarat-per-te-lene-shtepine\/#webpage\",\"url\":\"https:\/\/www.visit-ulcinj.com\/blog\/2009\/03\/28\/mimoza-dhe-aida-dy-me-te-votuarat-per-te-lene-shtepine\/\",\"name\":\"Mimoza dhe Aida, dy m\u00c3\u00ab t\u00c3\u00ab votuarat p\u00c3\u00abr t\u00c3\u00ab l\u00c3\u00abn\u00c3\u00ab sht\u00c3\u00abpin\u00c3\u00ab | Big Brother Albania 2\",\"isPartOf\":{\"@id\":\"https:\/\/www.visit-ulcinj.com\/blog\/#website\"},\"primaryImageOfPage\":{\"@id\":\"https:\/\/www.visit-ulcinj.com\/blog\/2009\/03\/28\/mimoza-dhe-aida-dy-me-te-votuarat-per-te-lene-shtepine\/#primaryimage\"},\"datePublished\":\"2009-03-28T20:14:04+00:00\",\"dateModified\":\"2009-03-28T20:14:04+00:00\",\"author\":{\"@id\":\"https:\/\/www.visit-ulcinj.com\/blog\/#\/schema\/person\/dcab619c614d3038751c63bc2aadc06d\"},\"description\":\"Big Brother Albania 2 - Jan\u00c3\u00ab votimet on line ata t\u00c3\u00ab cilat na krijojn\u00c3\u00ab nj\u00c3\u00ab ide se si mund t\u00c3\u00ab jen\u00c3\u00ab votimet e v\u00c3\u00abrteta, ato q\u00c3\u00ab b\u00c3\u00abhen vet\u00c3\u00abm me sms. Deri tani m\u00c3\u00ab t\u00c3\u00ab votuarat p\u00c3\u00abr t\u00c3\u00ab l\u00c3\u00abn\u00c3\u00ab sht\u00c3\u00abpin\u00c3\u00ab e \u00e2\u20ac\u0153Big Brother\u00e2\u20ac\u009d jan\u00c3\u00ab Mimoza dhe Aida.\",\"breadcrumb\":{\"@id\":\"https:\/\/www.visit-ulcinj.com\/blog\/2009\/03\/28\/mimoza-dhe-aida-dy-me-te-votuarat-per-te-lene-shtepine\/#breadcrumb\"},\"inLanguage\":\"en-US\",\"potentialAction\":[{\"@type\":\"ReadAction\",\"target\":[\"https:\/\/www.visit-ulcinj.com\/blog\/2009\/03\/28\/mimoza-dhe-aida-dy-me-te-votuarat-per-te-lene-shtepine\/\"]}]},{\"@type\":\"BreadcrumbList\",\"@id\":\"https:\/\/www.visit-ulcinj.com\/blog\/2009\/03\/28\/mimoza-dhe-aida-dy-me-te-votuarat-per-te-lene-shtepine\/#breadcrumb\",\"itemListElement\":[{\"@type\":\"ListItem\",\"position\":1,\"name\":\"Mimoza dhe Aida, dy m\u00eb t\u00eb votuarat p\u00ebr t\u00eb l\u00ebn\u00eb sht\u00ebpin\u00eb\"}]},{\"@type\":\"Person\",\"@id\":\"https:\/\/www.visit-ulcinj.com\/blog\/#\/schema\/person\/dcab619c614d3038751c63bc2aadc06d\",\"name\":\"ulqini\",\"sameAs\":[\"http:\/\/www.visit-ulcinj.com\"],\"url\":\"https:\/\/www.visit-ulcinj.com\/blog\/author\/admin\/\"}]}<\/script>\n<!-- \/ Yoast SEO plugin. -->","yoast_head_json":{"title":"Mimoza dhe Aida, dy m\u00c3\u00ab t\u00c3\u00ab votuarat p\u00c3\u00abr t\u00c3\u00ab l\u00c3\u00abn\u00c3\u00ab sht\u00c3\u00abpin\u00c3\u00ab | Big Brother Albania 2","description":"Big Brother Albania 2 - Jan\u00c3\u00ab votimet on line ata t\u00c3\u00ab cilat na krijojn\u00c3\u00ab nj\u00c3\u00ab ide se si mund t\u00c3\u00ab jen\u00c3\u00ab votimet e v\u00c3\u00abrteta, ato q\u00c3\u00ab b\u00c3\u00abhen vet\u00c3\u00abm me sms. Deri tani m\u00c3\u00ab t\u00c3\u00ab votuarat p\u00c3\u00abr t\u00c3\u00ab l\u00c3\u00abn\u00c3\u00ab sht\u00c3\u00abpin\u00c3\u00ab e \u00e2\u20ac\u0153Big Brother\u00e2\u20ac\u009d jan\u00c3\u00ab Mimoza dhe Aida.","robots":{"index":"index","follow":"follow","max-snippet":"max-snippet:-1","max-image-preview":"max-image-preview:large","max-video-preview":"max-video-preview:-1"},"canonical":"https:\/\/www.visit-ulcinj.com\/blog\/2009\/03\/28\/mimoza-dhe-aida-dy-me-te-votuarat-per-te-lene-shtepine\/","og_locale":"en_US","og_type":"article","og_title":"Mimoza dhe Aida, dy m\u00c3\u00ab t\u00c3\u00ab votuarat p\u00c3\u00abr t\u00c3\u00ab l\u00c3\u00abn\u00c3\u00ab sht\u00c3\u00abpin\u00c3\u00ab | Big Brother Albania 2","og_description":"Big Brother Albania 2 - Jan\u00c3\u00ab votimet on line ata t\u00c3\u00ab cilat na krijojn\u00c3\u00ab nj\u00c3\u00ab ide se si mund t\u00c3\u00ab jen\u00c3\u00ab votimet e v\u00c3\u00abrteta, ato q\u00c3\u00ab b\u00c3\u00abhen vet\u00c3\u00abm me sms. Deri tani m\u00c3\u00ab t\u00c3\u00ab votuarat p\u00c3\u00abr t\u00c3\u00ab l\u00c3\u00abn\u00c3\u00ab sht\u00c3\u00abpin\u00c3\u00ab e \u00e2\u20ac\u0153Big Brother\u00e2\u20ac\u009d jan\u00c3\u00ab Mimoza dhe Aida.","og_url":"https:\/\/www.visit-ulcinj.com\/blog\/2009\/03\/28\/mimoza-dhe-aida-dy-me-te-votuarat-per-te-lene-shtepine\/","og_site_name":"Lajme nga Ulqini","article_published_time":"2009-03-28T20:14:04+00:00","og_image":[{"url":"http:\/\/www.visit-ulcinj.com\/blog\/wp-content\/uploads\/2009\/03\/aida-big-brother-albania11-150x150.jpg"}],"twitter_misc":{"Written by":"ulqini","Est. reading time":"1 minute"},"schema":{"@context":"https:\/\/schema.org","@graph":[{"@type":"WebSite","@id":"https:\/\/www.visit-ulcinj.com\/blog\/#website","url":"https:\/\/www.visit-ulcinj.com\/blog\/","name":"Lajme nga Ulqini","description":"Lajme,Vijesti,Ulqini,Ulqin,Crna Gora,Mali i Zi","potentialAction":[{"@type":"SearchAction","target":{"@type":"EntryPoint","urlTemplate":"https:\/\/www.visit-ulcinj.com\/blog\/?s={search_term_string}"},"query-input":"required name=search_term_string"}],"inLanguage":"en-US"},{"@type":"ImageObject","inLanguage":"en-US","@id":"https:\/\/www.visit-ulcinj.com\/blog\/2009\/03\/28\/mimoza-dhe-aida-dy-me-te-votuarat-per-te-lene-shtepine\/#primaryimage","url":"http:\/\/www.visit-ulcinj.com\/blog\/wp-content\/uploads\/2009\/03\/aida-big-brother-albania11-150x150.jpg","contentUrl":"http:\/\/www.visit-ulcinj.com\/blog\/wp-content\/uploads\/2009\/03\/aida-big-brother-albania11-150x150.jpg"},{"@type":"WebPage","@id":"https:\/\/www.visit-ulcinj.com\/blog\/2009\/03\/28\/mimoza-dhe-aida-dy-me-te-votuarat-per-te-lene-shtepine\/#webpage","url":"https:\/\/www.visit-ulcinj.com\/blog\/2009\/03\/28\/mimoza-dhe-aida-dy-me-te-votuarat-per-te-lene-shtepine\/","name":"Mimoza dhe Aida, dy m\u00c3\u00ab t\u00c3\u00ab votuarat p\u00c3\u00abr t\u00c3\u00ab l\u00c3\u00abn\u00c3\u00ab sht\u00c3\u00abpin\u00c3\u00ab | Big Brother Albania 2","isPartOf":{"@id":"https:\/\/www.visit-ulcinj.com\/blog\/#website"},"primaryImageOfPage":{"@id":"https:\/\/www.visit-ulcinj.com\/blog\/2009\/03\/28\/mimoza-dhe-aida-dy-me-te-votuarat-per-te-lene-shtepine\/#primaryimage"},"datePublished":"2009-03-28T20:14:04+00:00","dateModified":"2009-03-28T20:14:04+00:00","author":{"@id":"https:\/\/www.visit-ulcinj.com\/blog\/#\/schema\/person\/dcab619c614d3038751c63bc2aadc06d"},"description":"Big Brother Albania 2 - Jan\u00c3\u00ab votimet on line ata t\u00c3\u00ab cilat na krijojn\u00c3\u00ab nj\u00c3\u00ab ide se si mund t\u00c3\u00ab jen\u00c3\u00ab votimet e v\u00c3\u00abrteta, ato q\u00c3\u00ab b\u00c3\u00abhen vet\u00c3\u00abm me sms. Deri tani m\u00c3\u00ab t\u00c3\u00ab votuarat p\u00c3\u00abr t\u00c3\u00ab l\u00c3\u00abn\u00c3\u00ab sht\u00c3\u00abpin\u00c3\u00ab e \u00e2\u20ac\u0153Big Brother\u00e2\u20ac\u009d jan\u00c3\u00ab Mimoza dhe Aida.","breadcrumb":{"@id":"https:\/\/www.visit-ulcinj.com\/blog\/2009\/03\/28\/mimoza-dhe-aida-dy-me-te-votuarat-per-te-lene-shtepine\/#breadcrumb"},"inLanguage":"en-US","potentialAction":[{"@type":"ReadAction","target":["https:\/\/www.visit-ulcinj.com\/blog\/2009\/03\/28\/mimoza-dhe-aida-dy-me-te-votuarat-per-te-lene-shtepine\/"]}]},{"@type":"BreadcrumbList","@id":"https:\/\/www.visit-ulcinj.com\/blog\/2009\/03\/28\/mimoza-dhe-aida-dy-me-te-votuarat-per-te-lene-shtepine\/#breadcrumb","itemListElement":[{"@type":"ListItem","position":1,"name":"Mimoza dhe Aida, dy m\u00eb t\u00eb votuarat p\u00ebr t\u00eb l\u00ebn\u00eb sht\u00ebpin\u00eb"}]},{"@type":"Person","@id":"https:\/\/www.visit-ulcinj.com\/blog\/#\/schema\/person\/dcab619c614d3038751c63bc2aadc06d","name":"ulqini","sameAs":["http:\/\/www.visit-ulcinj.com"],"url":"https:\/\/www.visit-ulcinj.com\/blog\/author\/admin\/"}]}},"jetpack_featured_media_url":"","jetpack_sharing_enabled":true,"jetpack_shortlink":"https:\/\/wp.me\/pe6lTn-4ag","_links":{"self":[{"href":"https:\/\/www.visit-ulcinj.com\/blog\/wp-json\/wp\/v2\/posts\/16012"}],"collection":[{"href":"https:\/\/www.visit-ulcinj.com\/blog\/wp-json\/wp\/v2\/posts"}],"about":[{"href":"https:\/\/www.visit-ulcinj.com\/blog\/wp-json\/wp\/v2\/types\/post"}],"author":[{"embeddable":true,"href":"https:\/\/www.visit-ulcinj.com\/blog\/wp-json\/wp\/v2\/users\/1"}],"replies":[{"embeddable":true,"href":"https:\/\/www.visit-ulcinj.com\/blog\/wp-json\/wp\/v2\/comments?post=16012"}],"version-history":[{"count":0,"href":"https:\/\/www.visit-ulcinj.com\/blog\/wp-json\/wp\/v2\/posts\/16012\/revisions"}],"wp:attachment":[{"href":"https:\/\/www.visit-ulcinj.com\/blog\/wp-json\/wp\/v2\/media?parent=16012"}],"wp:term":[{"taxonomy":"category","embeddable":true,"href":"https:\/\/www.visit-ulcinj.com\/blog\/wp-json\/wp\/v2\/categories?post=16012"},{"taxonomy":"post_tag","embeddable":true,"href":"https:\/\/www.visit-ulcinj.com\/blog\/wp-json\/wp\/v2\/tags?post=16012"}],"curies":[{"name":"wp","href":"https:\/\/api.w.org\/{rel}","templated":true}]}}