{"id":16024,"date":"2009-03-28T22:18:28","date_gmt":"2009-03-28T21:18:28","guid":{"rendered":"http:\/\/www.visit-ulcinj.com\/blog\/?p=16024"},"modified":"2009-03-28T22:18:28","modified_gmt":"2009-03-28T21:18:28","slug":"fansat-tifo-per-ciftin-mimoza-arjon","status":"publish","type":"post","link":"https:\/\/www.visit-ulcinj.com\/blog\/2009\/03\/28\/fansat-tifo-per-ciftin-mimoza-arjon\/","title":{"rendered":"Fansat tifo p\u00ebr \u00e7iftin Mimoza &#8211; Arjon"},"content":{"rendered":"<p><em><strong>Fansat tifo p\u00ebr \u00e7iftin Mimoza &#8211; Arjon<br \/>\n<\/strong><\/em><a href=\"http:\/\/www.visit-ulcinj.com\/blog\/wp-content\/uploads\/2009\/03\/mimoza-arjon.jpg\"><img loading=\"lazy\" class=\"alignleft size-full wp-image-16025\" title=\"mimoza-arjon-big-brother-albania-2\" src=\"http:\/\/www.visit-ulcinj.com\/blog\/wp-content\/uploads\/2009\/03\/mimoza-arjon.jpg\" alt=\"mimoza-arjon-big-brother-albania-2\" width=\"585\" height=\"294\" \/><\/a><br \/>\nT\u00eb gjih\u00eb ata q\u00eb ndjekin \u201cBig Brother\u201d jan\u00eb t\u00eb mendimit se mbase ka ardhur momenti t\u00eb shohim m\u00eb shum\u00eb spektak\u00ebl. K\u00ebt\u00eb jav\u00eb q\u00eb Mimoza \u00ebsht\u00eb n\u00eb nominim, kuptoi se duhet t\u00eb jap\u00eb shum\u00eb m\u00eb tep\u00ebr brenda asaj sht\u00ebpie nga \u00e7\u2019kishte b\u00ebr\u00eb deri tani. T\u00eb jesh e bukur dhe t\u00eb refuzosh meshkujt, mesa duket nuk mjafton. Mimoza e cila q\u00eb n\u00eb fillim tregoi q\u00eb jo vet\u00ebm nuk e p\u00eblqen Arjonin por disa her\u00eb edhe e ka nominuar me pretekstin se \u201cai do t\u00eb dij\u00eb shum\u00eb rreth jet\u00ebs time\u201d. K\u00ebt\u00eb jav\u00eb Mimoza jo vet\u00ebm q\u00eb nuk ka shfaqur shenja refuzimi dhe antipatie ndaj Arjonit, por ka q\u00ebndruar n\u00eb loj\u00ebn e tij. Arjoni ka th\u00ebn\u00eb se me Moz\u00ebn do fejohej menj\u00ebher\u00eb pasi e p\u00eblqen. Mesa duket Arjoni nuk d\u00ebshiron q\u00eb Mimoza t\u00eb dal\u00eb, madje edhe vet\u00eb ai ka th\u00ebn\u00eb se k\u00ebt\u00eb jav\u00eb duhet t\u00eb dal\u00eb Lirita, dhe me zgjuarsin\u00eb e tij po mundohet q\u00eb Mimon ta ingranoj\u00eb n\u00eb loj\u00eb, me nj\u00eb fjal\u00eb po e ndihmon.<\/p>\n","protected":false},"excerpt":{"rendered":"<p>Fansat tifo p\u00ebr \u00e7iftin Mimoza &#8211; Arjon T\u00eb gjih\u00eb ata q\u00eb ndjekin \u201cBig Brother\u201d jan\u00eb t\u00eb mendimit se mbase ka ardhur momenti t\u00eb shohim m\u00eb shum\u00eb spektak\u00ebl. K\u00ebt\u00eb jav\u00eb q\u00eb Mimoza \u00ebsht\u00eb n\u00eb nominim, kuptoi se duhet t\u00eb jap\u00eb shum\u00eb m\u00eb tep\u00ebr brenda asaj sht\u00ebpie nga \u00e7\u2019kishte b\u00ebr\u00eb deri tani. T\u00eb jesh e bukur dhe [&hellip;]<\/p>\n","protected":false},"author":1,"featured_media":0,"comment_status":"open","ping_status":"closed","sticky":false,"template":"","format":"standard","meta":{"spay_email":"","jetpack_publicize_message":"","jetpack_is_tweetstorm":false,"jetpack_publicize_feature_enabled":true},"categories":[6502],"tags":[6529,6525,5057,6506,6516,6712,7129,6522,6542,6544,6891,6693,6887],"jetpack_publicize_connections":[],"yoast_head":"<!-- This site is optimized with the Yoast SEO plugin v19.1 - https:\/\/yoast.com\/wordpress\/plugins\/seo\/ -->\n<title>Fansat tifo p\u00c3\u00abr \u00c3\u00a7iftin Mimoza - Arjon | Big Brother Albania 2<\/title>\n<meta name=\"description\" content=\"Big Brother Albania 2 - T\u00c3\u00ab gjih\u00c3\u00ab ata q\u00c3\u00ab ndjekin \u00e2\u20ac\u0153Big Brother\u00e2\u20ac\u009d jan\u00c3\u00ab t\u00c3\u00ab mendimit se mbase ka ardhur momenti t\u00c3\u00ab shohim m\u00c3\u00ab shum\u00c3\u00ab spektak\u00c3\u00abl. K\u00c3\u00abt\u00c3\u00ab jav\u00c3\u00ab q\u00c3\u00ab Mimoza \u00c3\u00absht\u00c3\u00ab n\u00c3\u00ab nominim\" \/>\n<meta name=\"robots\" content=\"index, follow, max-snippet:-1, max-image-preview:large, max-video-preview:-1\" \/>\n<link rel=\"canonical\" href=\"https:\/\/www.visit-ulcinj.com\/blog\/2009\/03\/28\/fansat-tifo-per-ciftin-mimoza-arjon\/\" \/>\n<meta property=\"og:locale\" content=\"en_US\" \/>\n<meta property=\"og:type\" content=\"article\" \/>\n<meta property=\"og:title\" content=\"Fansat tifo p\u00c3\u00abr \u00c3\u00a7iftin Mimoza - Arjon | Big Brother Albania 2\" \/>\n<meta property=\"og:description\" content=\"Big Brother Albania 2 - T\u00c3\u00ab gjih\u00c3\u00ab ata q\u00c3\u00ab ndjekin \u00e2\u20ac\u0153Big Brother\u00e2\u20ac\u009d jan\u00c3\u00ab t\u00c3\u00ab mendimit se mbase ka ardhur momenti t\u00c3\u00ab shohim m\u00c3\u00ab shum\u00c3\u00ab spektak\u00c3\u00abl. K\u00c3\u00abt\u00c3\u00ab jav\u00c3\u00ab q\u00c3\u00ab Mimoza \u00c3\u00absht\u00c3\u00ab n\u00c3\u00ab nominim\" \/>\n<meta property=\"og:url\" content=\"https:\/\/www.visit-ulcinj.com\/blog\/2009\/03\/28\/fansat-tifo-per-ciftin-mimoza-arjon\/\" \/>\n<meta property=\"og:site_name\" content=\"Lajme nga Ulqini\" \/>\n<meta property=\"article:published_time\" content=\"2009-03-28T21:18:28+00:00\" \/>\n<meta property=\"og:image\" content=\"http:\/\/www.visit-ulcinj.com\/blog\/wp-content\/uploads\/2009\/03\/mimoza-arjon.jpg\" \/>\n<meta name=\"twitter:label1\" content=\"Written by\" \/>\n\t<meta name=\"twitter:data1\" content=\"ulqini\" \/>\n\t<meta name=\"twitter:label2\" content=\"Est. reading time\" \/>\n\t<meta name=\"twitter:data2\" content=\"1 minute\" \/>\n<script type=\"application\/ld+json\" class=\"yoast-schema-graph\">{\"@context\":\"https:\/\/schema.org\",\"@graph\":[{\"@type\":\"WebSite\",\"@id\":\"https:\/\/www.visit-ulcinj.com\/blog\/#website\",\"url\":\"https:\/\/www.visit-ulcinj.com\/blog\/\",\"name\":\"Lajme nga Ulqini\",\"description\":\"Lajme,Vijesti,Ulqini,Ulqin,Crna Gora,Mali i Zi\",\"potentialAction\":[{\"@type\":\"SearchAction\",\"target\":{\"@type\":\"EntryPoint\",\"urlTemplate\":\"https:\/\/www.visit-ulcinj.com\/blog\/?s={search_term_string}\"},\"query-input\":\"required name=search_term_string\"}],\"inLanguage\":\"en-US\"},{\"@type\":\"ImageObject\",\"inLanguage\":\"en-US\",\"@id\":\"https:\/\/www.visit-ulcinj.com\/blog\/2009\/03\/28\/fansat-tifo-per-ciftin-mimoza-arjon\/#primaryimage\",\"url\":\"http:\/\/www.visit-ulcinj.com\/blog\/wp-content\/uploads\/2009\/03\/mimoza-arjon.jpg\",\"contentUrl\":\"http:\/\/www.visit-ulcinj.com\/blog\/wp-content\/uploads\/2009\/03\/mimoza-arjon.jpg\"},{\"@type\":\"WebPage\",\"@id\":\"https:\/\/www.visit-ulcinj.com\/blog\/2009\/03\/28\/fansat-tifo-per-ciftin-mimoza-arjon\/#webpage\",\"url\":\"https:\/\/www.visit-ulcinj.com\/blog\/2009\/03\/28\/fansat-tifo-per-ciftin-mimoza-arjon\/\",\"name\":\"Fansat tifo p\u00c3\u00abr \u00c3\u00a7iftin Mimoza - Arjon | Big Brother Albania 2\",\"isPartOf\":{\"@id\":\"https:\/\/www.visit-ulcinj.com\/blog\/#website\"},\"primaryImageOfPage\":{\"@id\":\"https:\/\/www.visit-ulcinj.com\/blog\/2009\/03\/28\/fansat-tifo-per-ciftin-mimoza-arjon\/#primaryimage\"},\"datePublished\":\"2009-03-28T21:18:28+00:00\",\"dateModified\":\"2009-03-28T21:18:28+00:00\",\"author\":{\"@id\":\"https:\/\/www.visit-ulcinj.com\/blog\/#\/schema\/person\/dcab619c614d3038751c63bc2aadc06d\"},\"description\":\"Big Brother Albania 2 - T\u00c3\u00ab gjih\u00c3\u00ab ata q\u00c3\u00ab ndjekin \u00e2\u20ac\u0153Big Brother\u00e2\u20ac\u009d jan\u00c3\u00ab t\u00c3\u00ab mendimit se mbase ka ardhur momenti t\u00c3\u00ab shohim m\u00c3\u00ab shum\u00c3\u00ab spektak\u00c3\u00abl. K\u00c3\u00abt\u00c3\u00ab jav\u00c3\u00ab q\u00c3\u00ab Mimoza \u00c3\u00absht\u00c3\u00ab n\u00c3\u00ab nominim\",\"breadcrumb\":{\"@id\":\"https:\/\/www.visit-ulcinj.com\/blog\/2009\/03\/28\/fansat-tifo-per-ciftin-mimoza-arjon\/#breadcrumb\"},\"inLanguage\":\"en-US\",\"potentialAction\":[{\"@type\":\"ReadAction\",\"target\":[\"https:\/\/www.visit-ulcinj.com\/blog\/2009\/03\/28\/fansat-tifo-per-ciftin-mimoza-arjon\/\"]}]},{\"@type\":\"BreadcrumbList\",\"@id\":\"https:\/\/www.visit-ulcinj.com\/blog\/2009\/03\/28\/fansat-tifo-per-ciftin-mimoza-arjon\/#breadcrumb\",\"itemListElement\":[{\"@type\":\"ListItem\",\"position\":1,\"name\":\"Fansat tifo p\u00ebr \u00e7iftin Mimoza &#8211; Arjon\"}]},{\"@type\":\"Person\",\"@id\":\"https:\/\/www.visit-ulcinj.com\/blog\/#\/schema\/person\/dcab619c614d3038751c63bc2aadc06d\",\"name\":\"ulqini\",\"sameAs\":[\"http:\/\/www.visit-ulcinj.com\"],\"url\":\"https:\/\/www.visit-ulcinj.com\/blog\/author\/admin\/\"}]}<\/script>\n<!-- \/ Yoast SEO plugin. -->","yoast_head_json":{"title":"Fansat tifo p\u00c3\u00abr \u00c3\u00a7iftin Mimoza - Arjon | Big Brother Albania 2","description":"Big Brother Albania 2 - T\u00c3\u00ab gjih\u00c3\u00ab ata q\u00c3\u00ab ndjekin \u00e2\u20ac\u0153Big Brother\u00e2\u20ac\u009d jan\u00c3\u00ab t\u00c3\u00ab mendimit se mbase ka ardhur momenti t\u00c3\u00ab shohim m\u00c3\u00ab shum\u00c3\u00ab spektak\u00c3\u00abl. K\u00c3\u00abt\u00c3\u00ab jav\u00c3\u00ab q\u00c3\u00ab Mimoza \u00c3\u00absht\u00c3\u00ab n\u00c3\u00ab nominim","robots":{"index":"index","follow":"follow","max-snippet":"max-snippet:-1","max-image-preview":"max-image-preview:large","max-video-preview":"max-video-preview:-1"},"canonical":"https:\/\/www.visit-ulcinj.com\/blog\/2009\/03\/28\/fansat-tifo-per-ciftin-mimoza-arjon\/","og_locale":"en_US","og_type":"article","og_title":"Fansat tifo p\u00c3\u00abr \u00c3\u00a7iftin Mimoza - Arjon | Big Brother Albania 2","og_description":"Big Brother Albania 2 - T\u00c3\u00ab gjih\u00c3\u00ab ata q\u00c3\u00ab ndjekin \u00e2\u20ac\u0153Big Brother\u00e2\u20ac\u009d jan\u00c3\u00ab t\u00c3\u00ab mendimit se mbase ka ardhur momenti t\u00c3\u00ab shohim m\u00c3\u00ab shum\u00c3\u00ab spektak\u00c3\u00abl. K\u00c3\u00abt\u00c3\u00ab jav\u00c3\u00ab q\u00c3\u00ab Mimoza \u00c3\u00absht\u00c3\u00ab n\u00c3\u00ab nominim","og_url":"https:\/\/www.visit-ulcinj.com\/blog\/2009\/03\/28\/fansat-tifo-per-ciftin-mimoza-arjon\/","og_site_name":"Lajme nga Ulqini","article_published_time":"2009-03-28T21:18:28+00:00","og_image":[{"url":"http:\/\/www.visit-ulcinj.com\/blog\/wp-content\/uploads\/2009\/03\/mimoza-arjon.jpg"}],"twitter_misc":{"Written by":"ulqini","Est. reading time":"1 minute"},"schema":{"@context":"https:\/\/schema.org","@graph":[{"@type":"WebSite","@id":"https:\/\/www.visit-ulcinj.com\/blog\/#website","url":"https:\/\/www.visit-ulcinj.com\/blog\/","name":"Lajme nga Ulqini","description":"Lajme,Vijesti,Ulqini,Ulqin,Crna Gora,Mali i Zi","potentialAction":[{"@type":"SearchAction","target":{"@type":"EntryPoint","urlTemplate":"https:\/\/www.visit-ulcinj.com\/blog\/?s={search_term_string}"},"query-input":"required name=search_term_string"}],"inLanguage":"en-US"},{"@type":"ImageObject","inLanguage":"en-US","@id":"https:\/\/www.visit-ulcinj.com\/blog\/2009\/03\/28\/fansat-tifo-per-ciftin-mimoza-arjon\/#primaryimage","url":"http:\/\/www.visit-ulcinj.com\/blog\/wp-content\/uploads\/2009\/03\/mimoza-arjon.jpg","contentUrl":"http:\/\/www.visit-ulcinj.com\/blog\/wp-content\/uploads\/2009\/03\/mimoza-arjon.jpg"},{"@type":"WebPage","@id":"https:\/\/www.visit-ulcinj.com\/blog\/2009\/03\/28\/fansat-tifo-per-ciftin-mimoza-arjon\/#webpage","url":"https:\/\/www.visit-ulcinj.com\/blog\/2009\/03\/28\/fansat-tifo-per-ciftin-mimoza-arjon\/","name":"Fansat tifo p\u00c3\u00abr \u00c3\u00a7iftin Mimoza - Arjon | Big Brother Albania 2","isPartOf":{"@id":"https:\/\/www.visit-ulcinj.com\/blog\/#website"},"primaryImageOfPage":{"@id":"https:\/\/www.visit-ulcinj.com\/blog\/2009\/03\/28\/fansat-tifo-per-ciftin-mimoza-arjon\/#primaryimage"},"datePublished":"2009-03-28T21:18:28+00:00","dateModified":"2009-03-28T21:18:28+00:00","author":{"@id":"https:\/\/www.visit-ulcinj.com\/blog\/#\/schema\/person\/dcab619c614d3038751c63bc2aadc06d"},"description":"Big Brother Albania 2 - T\u00c3\u00ab gjih\u00c3\u00ab ata q\u00c3\u00ab ndjekin \u00e2\u20ac\u0153Big Brother\u00e2\u20ac\u009d jan\u00c3\u00ab t\u00c3\u00ab mendimit se mbase ka ardhur momenti t\u00c3\u00ab shohim m\u00c3\u00ab shum\u00c3\u00ab spektak\u00c3\u00abl. K\u00c3\u00abt\u00c3\u00ab jav\u00c3\u00ab q\u00c3\u00ab Mimoza \u00c3\u00absht\u00c3\u00ab n\u00c3\u00ab nominim","breadcrumb":{"@id":"https:\/\/www.visit-ulcinj.com\/blog\/2009\/03\/28\/fansat-tifo-per-ciftin-mimoza-arjon\/#breadcrumb"},"inLanguage":"en-US","potentialAction":[{"@type":"ReadAction","target":["https:\/\/www.visit-ulcinj.com\/blog\/2009\/03\/28\/fansat-tifo-per-ciftin-mimoza-arjon\/"]}]},{"@type":"BreadcrumbList","@id":"https:\/\/www.visit-ulcinj.com\/blog\/2009\/03\/28\/fansat-tifo-per-ciftin-mimoza-arjon\/#breadcrumb","itemListElement":[{"@type":"ListItem","position":1,"name":"Fansat tifo p\u00ebr \u00e7iftin Mimoza &#8211; Arjon"}]},{"@type":"Person","@id":"https:\/\/www.visit-ulcinj.com\/blog\/#\/schema\/person\/dcab619c614d3038751c63bc2aadc06d","name":"ulqini","sameAs":["http:\/\/www.visit-ulcinj.com"],"url":"https:\/\/www.visit-ulcinj.com\/blog\/author\/admin\/"}]}},"jetpack_featured_media_url":"","jetpack_sharing_enabled":true,"jetpack_shortlink":"https:\/\/wp.me\/pe6lTn-4as","_links":{"self":[{"href":"https:\/\/www.visit-ulcinj.com\/blog\/wp-json\/wp\/v2\/posts\/16024"}],"collection":[{"href":"https:\/\/www.visit-ulcinj.com\/blog\/wp-json\/wp\/v2\/posts"}],"about":[{"href":"https:\/\/www.visit-ulcinj.com\/blog\/wp-json\/wp\/v2\/types\/post"}],"author":[{"embeddable":true,"href":"https:\/\/www.visit-ulcinj.com\/blog\/wp-json\/wp\/v2\/users\/1"}],"replies":[{"embeddable":true,"href":"https:\/\/www.visit-ulcinj.com\/blog\/wp-json\/wp\/v2\/comments?post=16024"}],"version-history":[{"count":0,"href":"https:\/\/www.visit-ulcinj.com\/blog\/wp-json\/wp\/v2\/posts\/16024\/revisions"}],"wp:attachment":[{"href":"https:\/\/www.visit-ulcinj.com\/blog\/wp-json\/wp\/v2\/media?parent=16024"}],"wp:term":[{"taxonomy":"category","embeddable":true,"href":"https:\/\/www.visit-ulcinj.com\/blog\/wp-json\/wp\/v2\/categories?post=16024"},{"taxonomy":"post_tag","embeddable":true,"href":"https:\/\/www.visit-ulcinj.com\/blog\/wp-json\/wp\/v2\/tags?post=16024"}],"curies":[{"name":"wp","href":"https:\/\/api.w.org\/{rel}","templated":true}]}}