{"id":16034,"date":"2009-03-28T22:56:46","date_gmt":"2009-03-28T21:56:46","guid":{"rendered":"http:\/\/www.visit-ulcinj.com\/blog\/?p=16034"},"modified":"2009-03-28T22:56:46","modified_gmt":"2009-03-28T21:56:46","slug":"publikohen-fotot-e-nxehta-te-genta-ismajlit","status":"publish","type":"post","link":"https:\/\/www.visit-ulcinj.com\/blog\/2009\/03\/28\/publikohen-fotot-e-nxehta-te-genta-ismajlit\/","title":{"rendered":"Publikohen fotot e nxehta t\u00eb Genta Ismajlit"},"content":{"rendered":"<p><a href=\"http:\/\/www.visit-ulcinj.com\/blog\/wp-content\/uploads\/2009\/03\/genta-ismajli.jpg\"><img loading=\"lazy\" class=\"alignleft size-full wp-image-16043\" title=\"genta-ismajli\" src=\"http:\/\/www.visit-ulcinj.com\/blog\/wp-content\/uploads\/2009\/03\/genta-ismajli.jpg\" alt=\"genta-ismajli\" width=\"570\" height=\"347\" \/><\/a>Pranvera sivjet e cila si duket do t\u00eb jet\u00eb akoma e ftoht\u00eb, sol li risi t\u00eb shumta nga Genta. Fotot e realizuara s\u00eb fundi nga ajo flasin qart\u00eb se v\u00ebrtet\u00eb do t\u00eb jet\u00eb nxeht\u00eb. Genta Ismajli ka publikuar videoklipin e balad\u00ebs \u201cE pamundur\u201d, premiera e t\u00eb cilit u dha n\u00eb RTV21. \u00cbsht\u00eb balada e saj e par\u00eb e realizuar me videoklip. Ilir Berani \u00ebsht\u00eb autor i k\u00ebng\u00ebs, nd\u00ebrkaq regjin\u00eb e ka b\u00ebr\u00eb Arta Kallaba. Pamjet e videoklipit korrespondojn\u00eb shum\u00eb me tekstin, i cili flet p\u00ebr nj\u00eb tradhti t\u00eb djalit q\u00eb i b\u00ebn vajz\u00ebs, dhe k\u00ebt\u00eb Genta nuk mund ta besoj\u00eb dot. Videoklipi nis me pamje nga filmi me Ri\u00e7ard Girin dhe Xhulia Roberts. Vet\u00eb Genta \u00ebsht\u00eb protagoniste, e cila aktron n\u00eb krah me nj\u00eb djalosh. Ndon\u00ebse balada nuk \u00ebsht\u00eb n\u00eb stilin e saj, pasi at\u00eb e shohim \u00e7doher\u00eb shum\u00eb atraktive n\u00eb sken\u00eb, me k\u00ebng\u00eb \u00e7doher\u00eb ritmike, por n\u00eb k\u00ebt\u00eb rast ajo \u00ebsht\u00eb k\u00ebnaqur pasi i \u00ebsht\u00eb dh\u00ebn\u00eb mund\u00ebsia t\u00eb aktroj\u00eb.<br \/>\n\u201dBalad\u00ebn e ndjej me shpirt dhe m\u00eb ka ndodhur q\u00eb t\u00eb qaj tri apo kat\u00ebr her\u00eb kur e kam k\u00ebnduar n\u00ebp\u00ebr koncerte\u201d, \u00ebsht\u00eb shprehur ajo. Sepse, sado q\u00eb duket se \u00ebsht\u00eb nj\u00eb karakter e fort\u00eb dhe e pathyeshme, ajo pranon se \u00ebsht\u00eb tip i ndjesh\u00ebm, e but\u00eb dhe e prekshme. \u201cJam temperamente, reagoj shum\u00eb shpejt, por jam e kthyeshme. Ndoshta reflektoj shum\u00eb agresivitet, por e kam shpirtin shum\u00eb t\u00eb but\u00eb\u201d, ka theksuar k\u00ebng\u00ebtarja n\u00eb emisionin \u201cRelax\u201d. Nd\u00ebrkaq, \u00ebsht\u00eb shum\u00eb e hareshme, sidomos me njer\u00ebzit familjar\u00eb dhe shoq\u00ebrin\u00eb. \u201cKam shum\u00eb d\u00ebshir\u00eb q\u00eb njer\u00ebzit e mi t\u2019i shoh t\u00eb lumtur, k\u00ebshtu q\u00eb shpesh i b\u00ebj p\u00ebr t\u00eb qeshur\u201d, tregon ajo. Kur dikujt ia l\u00eb p\u00ebrgjegj\u00ebsin\u00eb e t\u00eb b\u00ebrit tekst apo regji, ajo i beson plot\u00ebsisht dhe nuk d\u00ebshiron t\u00eb p\u00ebrzihet. Nd\u00ebrkoh\u00eb q\u00eb tashm\u00eb \u00ebsht\u00eb duke punuar rreth nj\u00eb k\u00ebnge t\u00eb re, e cila padyshim do t\u00eb jet\u00eb ritmike. N\u00eb fillimet e pranver\u00ebs do t\u00eb vij\u00eb me videoklipin e ri. Pos muzik\u00ebs thot\u00eb se nuk ka koh\u00eb t\u00eb merret shum\u00eb me gj\u00ebra t\u00eb tjera. I p\u00eblqen q\u00eb at\u00eb koh\u00eb t\u00eb lir\u00eb q\u00eb e ka t\u00eb shkoj\u00eb p\u00ebr \u2018boulling\u2019 apo t\u00eb luaj\u00eb kik-boks. Tashm\u00eb \u00ebsht\u00eb 24 vje\u00e7e dhe ka mjaft koh\u00eb p\u00ebr t\u00eb b\u00ebr\u00eb gj\u00ebra t\u00eb tjera t\u00eb bukura, shum\u00eb k\u00ebng\u00eb dhe videoklipe. M\u00eb 12 prill Genta mbush 25 vje\u00e7.<\/p>\n<p><strong>PanoramaPlus<\/strong><\/p>\n\n<!--YouTube Error: bad URL entered-->\n","protected":false},"excerpt":{"rendered":"<p>Pranvera sivjet e cila si duket do t\u00eb jet\u00eb akoma e ftoht\u00eb, sol li risi t\u00eb shumta nga Genta. Fotot e realizuara s\u00eb fundi nga ajo flasin qart\u00eb se v\u00ebrtet\u00eb do t\u00eb jet\u00eb nxeht\u00eb. Genta Ismajli ka publikuar videoklipin e balad\u00ebs \u201cE pamundur\u201d, premiera e t\u00eb cilit u dha n\u00eb RTV21. \u00cbsht\u00eb balada e saj [&hellip;]<\/p>\n","protected":false},"author":1,"featured_media":0,"comment_status":"open","ping_status":"closed","sticky":false,"template":"","format":"standard","meta":{"spay_email":"","jetpack_publicize_message":"","jetpack_is_tweetstorm":false,"jetpack_publicize_feature_enabled":true},"categories":[1],"tags":[323,8452],"jetpack_publicize_connections":[],"yoast_head":"<!-- This site is optimized with the Yoast SEO plugin v19.1 - https:\/\/yoast.com\/wordpress\/plugins\/seo\/ -->\n<title>Publikohen fotot e nxehta t\u00eb Genta Ismajlit - Lajme nga Ulqini<\/title>\n<meta name=\"description\" content=\"Pranvera sivjet e cila si duket do t\u00eb jet\u00eb akoma e ftoht\u00eb, sol li risi t\u00eb shumta nga Genta. Fotot e realizuara s\u00eb fundi nga ajo flasin qart\u00eb se v\u00ebrtet\u00eb do\" \/>\n<meta name=\"robots\" content=\"index, follow, max-snippet:-1, max-image-preview:large, max-video-preview:-1\" \/>\n<link rel=\"canonical\" href=\"https:\/\/www.visit-ulcinj.com\/blog\/2009\/03\/28\/publikohen-fotot-e-nxehta-te-genta-ismajlit\/\" \/>\n<meta property=\"og:locale\" content=\"en_US\" \/>\n<meta property=\"og:type\" content=\"article\" \/>\n<meta property=\"og:title\" content=\"Publikohen fotot e nxehta t\u00eb Genta Ismajlit - Lajme nga Ulqini\" \/>\n<meta property=\"og:description\" content=\"Pranvera sivjet e cila si duket do t\u00eb jet\u00eb akoma e ftoht\u00eb, sol li risi t\u00eb shumta nga Genta. Fotot e realizuara s\u00eb fundi nga ajo flasin qart\u00eb se v\u00ebrtet\u00eb do\" \/>\n<meta property=\"og:url\" content=\"https:\/\/www.visit-ulcinj.com\/blog\/2009\/03\/28\/publikohen-fotot-e-nxehta-te-genta-ismajlit\/\" \/>\n<meta property=\"og:site_name\" content=\"Lajme nga Ulqini\" \/>\n<meta property=\"article:published_time\" content=\"2009-03-28T21:56:46+00:00\" \/>\n<meta property=\"og:image\" content=\"https:\/\/www.visit-ulcinj.com\/blog\/wp-content\/uploads\/2009\/03\/genta-ismajli1-150x150.jpg\" \/>\n<meta name=\"twitter:label1\" content=\"Written by\" \/>\n\t<meta name=\"twitter:data1\" content=\"ulqini\" \/>\n\t<meta name=\"twitter:label2\" content=\"Est. reading time\" \/>\n\t<meta name=\"twitter:data2\" content=\"2 minutes\" \/>\n<script type=\"application\/ld+json\" class=\"yoast-schema-graph\">{\"@context\":\"https:\/\/schema.org\",\"@graph\":[{\"@type\":\"WebSite\",\"@id\":\"https:\/\/www.visit-ulcinj.com\/blog\/#website\",\"url\":\"https:\/\/www.visit-ulcinj.com\/blog\/\",\"name\":\"Lajme nga Ulqini\",\"description\":\"Lajme,Vijesti,Ulqini,Ulqin,Crna Gora,Mali i Zi\",\"potentialAction\":[{\"@type\":\"SearchAction\",\"target\":{\"@type\":\"EntryPoint\",\"urlTemplate\":\"https:\/\/www.visit-ulcinj.com\/blog\/?s={search_term_string}\"},\"query-input\":\"required name=search_term_string\"}],\"inLanguage\":\"en-US\"},{\"@type\":\"ImageObject\",\"inLanguage\":\"en-US\",\"@id\":\"https:\/\/www.visit-ulcinj.com\/blog\/2009\/03\/28\/publikohen-fotot-e-nxehta-te-genta-ismajlit\/#primaryimage\",\"url\":\"http:\/\/www.visit-ulcinj.com\/blog\/wp-content\/uploads\/2009\/03\/genta-ismajli.jpg\",\"contentUrl\":\"http:\/\/www.visit-ulcinj.com\/blog\/wp-content\/uploads\/2009\/03\/genta-ismajli.jpg\"},{\"@type\":\"WebPage\",\"@id\":\"https:\/\/www.visit-ulcinj.com\/blog\/2009\/03\/28\/publikohen-fotot-e-nxehta-te-genta-ismajlit\/#webpage\",\"url\":\"https:\/\/www.visit-ulcinj.com\/blog\/2009\/03\/28\/publikohen-fotot-e-nxehta-te-genta-ismajlit\/\",\"name\":\"Publikohen fotot e nxehta t\u00eb Genta Ismajlit - Lajme nga Ulqini\",\"isPartOf\":{\"@id\":\"https:\/\/www.visit-ulcinj.com\/blog\/#website\"},\"primaryImageOfPage\":{\"@id\":\"https:\/\/www.visit-ulcinj.com\/blog\/2009\/03\/28\/publikohen-fotot-e-nxehta-te-genta-ismajlit\/#primaryimage\"},\"datePublished\":\"2009-03-28T21:56:46+00:00\",\"dateModified\":\"2009-03-28T21:56:46+00:00\",\"author\":{\"@id\":\"https:\/\/www.visit-ulcinj.com\/blog\/#\/schema\/person\/dcab619c614d3038751c63bc2aadc06d\"},\"description\":\"Pranvera sivjet e cila si duket do t\u00eb jet\u00eb akoma e ftoht\u00eb, sol li risi t\u00eb shumta nga Genta. Fotot e realizuara s\u00eb fundi nga ajo flasin qart\u00eb se v\u00ebrtet\u00eb do\",\"breadcrumb\":{\"@id\":\"https:\/\/www.visit-ulcinj.com\/blog\/2009\/03\/28\/publikohen-fotot-e-nxehta-te-genta-ismajlit\/#breadcrumb\"},\"inLanguage\":\"en-US\",\"potentialAction\":[{\"@type\":\"ReadAction\",\"target\":[\"https:\/\/www.visit-ulcinj.com\/blog\/2009\/03\/28\/publikohen-fotot-e-nxehta-te-genta-ismajlit\/\"]}]},{\"@type\":\"BreadcrumbList\",\"@id\":\"https:\/\/www.visit-ulcinj.com\/blog\/2009\/03\/28\/publikohen-fotot-e-nxehta-te-genta-ismajlit\/#breadcrumb\",\"itemListElement\":[{\"@type\":\"ListItem\",\"position\":1,\"name\":\"Publikohen fotot e nxehta t\u00eb Genta Ismajlit\"}]},{\"@type\":\"Person\",\"@id\":\"https:\/\/www.visit-ulcinj.com\/blog\/#\/schema\/person\/dcab619c614d3038751c63bc2aadc06d\",\"name\":\"ulqini\",\"sameAs\":[\"http:\/\/www.visit-ulcinj.com\"],\"url\":\"https:\/\/www.visit-ulcinj.com\/blog\/author\/admin\/\"}]}<\/script>\n<!-- \/ Yoast SEO plugin. -->","yoast_head_json":{"title":"Publikohen fotot e nxehta t\u00eb Genta Ismajlit - Lajme nga Ulqini","description":"Pranvera sivjet e cila si duket do t\u00eb jet\u00eb akoma e ftoht\u00eb, sol li risi t\u00eb shumta nga Genta. Fotot e realizuara s\u00eb fundi nga ajo flasin qart\u00eb se v\u00ebrtet\u00eb do","robots":{"index":"index","follow":"follow","max-snippet":"max-snippet:-1","max-image-preview":"max-image-preview:large","max-video-preview":"max-video-preview:-1"},"canonical":"https:\/\/www.visit-ulcinj.com\/blog\/2009\/03\/28\/publikohen-fotot-e-nxehta-te-genta-ismajlit\/","og_locale":"en_US","og_type":"article","og_title":"Publikohen fotot e nxehta t\u00eb Genta Ismajlit - Lajme nga Ulqini","og_description":"Pranvera sivjet e cila si duket do t\u00eb jet\u00eb akoma e ftoht\u00eb, sol li risi t\u00eb shumta nga Genta. Fotot e realizuara s\u00eb fundi nga ajo flasin qart\u00eb se v\u00ebrtet\u00eb do","og_url":"https:\/\/www.visit-ulcinj.com\/blog\/2009\/03\/28\/publikohen-fotot-e-nxehta-te-genta-ismajlit\/","og_site_name":"Lajme nga Ulqini","article_published_time":"2009-03-28T21:56:46+00:00","og_image":[{"url":"https:\/\/www.visit-ulcinj.com\/blog\/wp-content\/uploads\/2009\/03\/genta-ismajli1-150x150.jpg"}],"twitter_misc":{"Written by":"ulqini","Est. reading time":"2 minutes"},"schema":{"@context":"https:\/\/schema.org","@graph":[{"@type":"WebSite","@id":"https:\/\/www.visit-ulcinj.com\/blog\/#website","url":"https:\/\/www.visit-ulcinj.com\/blog\/","name":"Lajme nga Ulqini","description":"Lajme,Vijesti,Ulqini,Ulqin,Crna Gora,Mali i Zi","potentialAction":[{"@type":"SearchAction","target":{"@type":"EntryPoint","urlTemplate":"https:\/\/www.visit-ulcinj.com\/blog\/?s={search_term_string}"},"query-input":"required name=search_term_string"}],"inLanguage":"en-US"},{"@type":"ImageObject","inLanguage":"en-US","@id":"https:\/\/www.visit-ulcinj.com\/blog\/2009\/03\/28\/publikohen-fotot-e-nxehta-te-genta-ismajlit\/#primaryimage","url":"http:\/\/www.visit-ulcinj.com\/blog\/wp-content\/uploads\/2009\/03\/genta-ismajli.jpg","contentUrl":"http:\/\/www.visit-ulcinj.com\/blog\/wp-content\/uploads\/2009\/03\/genta-ismajli.jpg"},{"@type":"WebPage","@id":"https:\/\/www.visit-ulcinj.com\/blog\/2009\/03\/28\/publikohen-fotot-e-nxehta-te-genta-ismajlit\/#webpage","url":"https:\/\/www.visit-ulcinj.com\/blog\/2009\/03\/28\/publikohen-fotot-e-nxehta-te-genta-ismajlit\/","name":"Publikohen fotot e nxehta t\u00eb Genta Ismajlit - Lajme nga Ulqini","isPartOf":{"@id":"https:\/\/www.visit-ulcinj.com\/blog\/#website"},"primaryImageOfPage":{"@id":"https:\/\/www.visit-ulcinj.com\/blog\/2009\/03\/28\/publikohen-fotot-e-nxehta-te-genta-ismajlit\/#primaryimage"},"datePublished":"2009-03-28T21:56:46+00:00","dateModified":"2009-03-28T21:56:46+00:00","author":{"@id":"https:\/\/www.visit-ulcinj.com\/blog\/#\/schema\/person\/dcab619c614d3038751c63bc2aadc06d"},"description":"Pranvera sivjet e cila si duket do t\u00eb jet\u00eb akoma e ftoht\u00eb, sol li risi t\u00eb shumta nga Genta. Fotot e realizuara s\u00eb fundi nga ajo flasin qart\u00eb se v\u00ebrtet\u00eb do","breadcrumb":{"@id":"https:\/\/www.visit-ulcinj.com\/blog\/2009\/03\/28\/publikohen-fotot-e-nxehta-te-genta-ismajlit\/#breadcrumb"},"inLanguage":"en-US","potentialAction":[{"@type":"ReadAction","target":["https:\/\/www.visit-ulcinj.com\/blog\/2009\/03\/28\/publikohen-fotot-e-nxehta-te-genta-ismajlit\/"]}]},{"@type":"BreadcrumbList","@id":"https:\/\/www.visit-ulcinj.com\/blog\/2009\/03\/28\/publikohen-fotot-e-nxehta-te-genta-ismajlit\/#breadcrumb","itemListElement":[{"@type":"ListItem","position":1,"name":"Publikohen fotot e nxehta t\u00eb Genta Ismajlit"}]},{"@type":"Person","@id":"https:\/\/www.visit-ulcinj.com\/blog\/#\/schema\/person\/dcab619c614d3038751c63bc2aadc06d","name":"ulqini","sameAs":["http:\/\/www.visit-ulcinj.com"],"url":"https:\/\/www.visit-ulcinj.com\/blog\/author\/admin\/"}]}},"jetpack_featured_media_url":"","jetpack_sharing_enabled":true,"jetpack_shortlink":"https:\/\/wp.me\/pe6lTn-4aC","_links":{"self":[{"href":"https:\/\/www.visit-ulcinj.com\/blog\/wp-json\/wp\/v2\/posts\/16034"}],"collection":[{"href":"https:\/\/www.visit-ulcinj.com\/blog\/wp-json\/wp\/v2\/posts"}],"about":[{"href":"https:\/\/www.visit-ulcinj.com\/blog\/wp-json\/wp\/v2\/types\/post"}],"author":[{"embeddable":true,"href":"https:\/\/www.visit-ulcinj.com\/blog\/wp-json\/wp\/v2\/users\/1"}],"replies":[{"embeddable":true,"href":"https:\/\/www.visit-ulcinj.com\/blog\/wp-json\/wp\/v2\/comments?post=16034"}],"version-history":[{"count":0,"href":"https:\/\/www.visit-ulcinj.com\/blog\/wp-json\/wp\/v2\/posts\/16034\/revisions"}],"wp:attachment":[{"href":"https:\/\/www.visit-ulcinj.com\/blog\/wp-json\/wp\/v2\/media?parent=16034"}],"wp:term":[{"taxonomy":"category","embeddable":true,"href":"https:\/\/www.visit-ulcinj.com\/blog\/wp-json\/wp\/v2\/categories?post=16034"},{"taxonomy":"post_tag","embeddable":true,"href":"https:\/\/www.visit-ulcinj.com\/blog\/wp-json\/wp\/v2\/tags?post=16034"}],"curies":[{"name":"wp","href":"https:\/\/api.w.org\/{rel}","templated":true}]}}