{"id":16044,"date":"2009-03-28T22:56:48","date_gmt":"2009-03-28T21:56:48","guid":{"rendered":"http:\/\/www.visit-ulcinj.com\/blog\/?p=16044"},"modified":"2009-03-28T22:56:48","modified_gmt":"2009-03-28T21:56:48","slug":"aida-eshte-dasht-me-dal-ket-jave","status":"publish","type":"post","link":"https:\/\/www.visit-ulcinj.com\/blog\/2009\/03\/28\/aida-eshte-dasht-me-dal-ket-jave\/","title":{"rendered":"Aida \u00ebsht\u00eb dasht m\u00eb dal k\u00ebt jave"},"content":{"rendered":"<p><a href=\"http:\/\/www.visit-ulcinj.com\/blog\/wp-content\/uploads\/2009\/03\/lirita-dhe-aida-puth.jpg\"><img loading=\"lazy\" src=\"http:\/\/www.visit-ulcinj.com\/blog\/wp-content\/uploads\/2009\/03\/lirita-dhe-aida-puth.jpg\" alt=\"lirita-dhe-aida-puth-big-brother-albania-2\" title=\"lirita-dhe-aida-puth-big-brother-albania-2\" width=\"398\" height=\"330\" class=\"alignleft size-full wp-image-15949\" \/><\/a><br \/>\nDoli Lirita ! Banorja me pak e votuar ne te gjitha sondazhet dhe forumet shqiptare ku flitet per Big Brother Albania. Sondazhi yne rendit vajzen nga Kosova si nder me pak te votuarat, ajo ka marr vetem 5% te numrit total te votave. Ne pothuajse te gjitha sondazhet kryesonte Aida dhe ne vendin e dyte Mimoza, por prej te dyjave asnjera nuk doli nga shtepia e Big Brother Albania edhe kete jave. Ndoshta Vellai i Madh preferon te mbaj ne loje  Aiden dhe Mozen sepse jane nder konkurentet me te shikuara dhe me te komentuara, por kete asnjeri nuk mund ta di. Ju takon juve, fansave te Big Brother te komentoni dhe te gjykoni kete eleminim. Sa i vertet ishte ky eliminim? Mos valle Big Brother po luan piset?<\/p>\n<p>Si u votua n\u00eb &#8220;Lajme Nga Ulqini&#8221;<br \/>\n<script type=\"text\/javascript\" charset=\"utf-8\" language=\"javascript\" src=\"http:\/\/static.polldaddy.com\/p\/1475824.js\"><\/script><noscript> <a href =\"http:\/\/answers.polldaddy.com\/poll\/1475824\/\" >Cili Banor Deshironi te Dali Nga Shtepia \u00eb Big Brother Albania ? JAVA 6<\/a>  <br \/> <span style=\"font-size:9px;\"> (<a href =\"http:\/\/www.polldaddy.com\">  online surveys<\/a>)<\/span><\/noscript><\/p>\n","protected":false},"excerpt":{"rendered":"<p>Doli Lirita ! Banorja me pak e votuar ne te gjitha sondazhet dhe forumet shqiptare ku flitet per Big Brother Albania. Sondazhi yne rendit vajzen nga Kosova si nder me pak te votuarat, ajo ka marr vetem 5% te numrit total te votave. Ne pothuajse te gjitha sondazhet kryesonte Aida dhe ne vendin e dyte [&hellip;]<\/p>\n","protected":false},"author":1,"featured_media":0,"comment_status":"open","ping_status":"closed","sticky":false,"template":"","format":"standard","meta":{"spay_email":"","jetpack_publicize_message":"","jetpack_is_tweetstorm":false,"jetpack_publicize_feature_enabled":true},"categories":[6502],"tags":[6529,6537,5057,6506,6516,6712,7129,8450,8451,8449,6542,6544,7199,6891,6693,6887],"jetpack_publicize_connections":[],"yoast_head":"<!-- This site is optimized with the Yoast SEO plugin v19.1 - https:\/\/yoast.com\/wordpress\/plugins\/seo\/ -->\n<title>Aida \u00c3\u00absht\u00c3\u00ab dasht m\u00c3\u00ab dal k\u00c3\u00abt jave | Big Brother Albania 2<\/title>\n<meta name=\"description\" content=\"Big Brother Albania 2 - Doli Lirita ! Banorja me pak e votuar ne te gjitha sondazhet dhe forumet shqiptare ku flitet per Big Brother Albania. Sondazhi yne rendit vajzen nga Kosova si nder me pak te votuarat\" \/>\n<meta name=\"robots\" content=\"index, follow, max-snippet:-1, max-image-preview:large, max-video-preview:-1\" \/>\n<link rel=\"canonical\" href=\"https:\/\/www.visit-ulcinj.com\/blog\/2009\/03\/28\/aida-eshte-dasht-me-dal-ket-jave\/\" \/>\n<meta property=\"og:locale\" content=\"en_US\" \/>\n<meta property=\"og:type\" content=\"article\" \/>\n<meta property=\"og:title\" content=\"Aida \u00c3\u00absht\u00c3\u00ab dasht m\u00c3\u00ab dal k\u00c3\u00abt jave | Big Brother Albania 2\" \/>\n<meta property=\"og:description\" content=\"Big Brother Albania 2 - Doli Lirita ! Banorja me pak e votuar ne te gjitha sondazhet dhe forumet shqiptare ku flitet per Big Brother Albania. Sondazhi yne rendit vajzen nga Kosova si nder me pak te votuarat\" \/>\n<meta property=\"og:url\" content=\"https:\/\/www.visit-ulcinj.com\/blog\/2009\/03\/28\/aida-eshte-dasht-me-dal-ket-jave\/\" \/>\n<meta property=\"og:site_name\" content=\"Lajme nga Ulqini\" \/>\n<meta property=\"article:published_time\" content=\"2009-03-28T21:56:48+00:00\" \/>\n<meta property=\"og:image\" content=\"http:\/\/www.visit-ulcinj.com\/blog\/wp-content\/uploads\/2009\/03\/lirita-dhe-aida-puth.jpg\" \/>\n<meta name=\"twitter:label1\" content=\"Written by\" \/>\n\t<meta name=\"twitter:data1\" content=\"ulqini\" \/>\n\t<meta name=\"twitter:label2\" content=\"Est. reading time\" \/>\n\t<meta name=\"twitter:data2\" content=\"1 minute\" \/>\n<script type=\"application\/ld+json\" class=\"yoast-schema-graph\">{\"@context\":\"https:\/\/schema.org\",\"@graph\":[{\"@type\":\"WebSite\",\"@id\":\"https:\/\/www.visit-ulcinj.com\/blog\/#website\",\"url\":\"https:\/\/www.visit-ulcinj.com\/blog\/\",\"name\":\"Lajme nga Ulqini\",\"description\":\"Lajme,Vijesti,Ulqini,Ulqin,Crna Gora,Mali i Zi\",\"potentialAction\":[{\"@type\":\"SearchAction\",\"target\":{\"@type\":\"EntryPoint\",\"urlTemplate\":\"https:\/\/www.visit-ulcinj.com\/blog\/?s={search_term_string}\"},\"query-input\":\"required name=search_term_string\"}],\"inLanguage\":\"en-US\"},{\"@type\":\"ImageObject\",\"inLanguage\":\"en-US\",\"@id\":\"https:\/\/www.visit-ulcinj.com\/blog\/2009\/03\/28\/aida-eshte-dasht-me-dal-ket-jave\/#primaryimage\",\"url\":\"http:\/\/www.visit-ulcinj.com\/blog\/wp-content\/uploads\/2009\/03\/lirita-dhe-aida-puth.jpg\",\"contentUrl\":\"http:\/\/www.visit-ulcinj.com\/blog\/wp-content\/uploads\/2009\/03\/lirita-dhe-aida-puth.jpg\"},{\"@type\":\"WebPage\",\"@id\":\"https:\/\/www.visit-ulcinj.com\/blog\/2009\/03\/28\/aida-eshte-dasht-me-dal-ket-jave\/#webpage\",\"url\":\"https:\/\/www.visit-ulcinj.com\/blog\/2009\/03\/28\/aida-eshte-dasht-me-dal-ket-jave\/\",\"name\":\"Aida \u00c3\u00absht\u00c3\u00ab dasht m\u00c3\u00ab dal k\u00c3\u00abt jave | Big Brother Albania 2\",\"isPartOf\":{\"@id\":\"https:\/\/www.visit-ulcinj.com\/blog\/#website\"},\"primaryImageOfPage\":{\"@id\":\"https:\/\/www.visit-ulcinj.com\/blog\/2009\/03\/28\/aida-eshte-dasht-me-dal-ket-jave\/#primaryimage\"},\"datePublished\":\"2009-03-28T21:56:48+00:00\",\"dateModified\":\"2009-03-28T21:56:48+00:00\",\"author\":{\"@id\":\"https:\/\/www.visit-ulcinj.com\/blog\/#\/schema\/person\/dcab619c614d3038751c63bc2aadc06d\"},\"description\":\"Big Brother Albania 2 - Doli Lirita ! Banorja me pak e votuar ne te gjitha sondazhet dhe forumet shqiptare ku flitet per Big Brother Albania. Sondazhi yne rendit vajzen nga Kosova si nder me pak te votuarat\",\"breadcrumb\":{\"@id\":\"https:\/\/www.visit-ulcinj.com\/blog\/2009\/03\/28\/aida-eshte-dasht-me-dal-ket-jave\/#breadcrumb\"},\"inLanguage\":\"en-US\",\"potentialAction\":[{\"@type\":\"ReadAction\",\"target\":[\"https:\/\/www.visit-ulcinj.com\/blog\/2009\/03\/28\/aida-eshte-dasht-me-dal-ket-jave\/\"]}]},{\"@type\":\"BreadcrumbList\",\"@id\":\"https:\/\/www.visit-ulcinj.com\/blog\/2009\/03\/28\/aida-eshte-dasht-me-dal-ket-jave\/#breadcrumb\",\"itemListElement\":[{\"@type\":\"ListItem\",\"position\":1,\"name\":\"Aida \u00ebsht\u00eb dasht m\u00eb dal k\u00ebt jave\"}]},{\"@type\":\"Person\",\"@id\":\"https:\/\/www.visit-ulcinj.com\/blog\/#\/schema\/person\/dcab619c614d3038751c63bc2aadc06d\",\"name\":\"ulqini\",\"sameAs\":[\"http:\/\/www.visit-ulcinj.com\"],\"url\":\"https:\/\/www.visit-ulcinj.com\/blog\/author\/admin\/\"}]}<\/script>\n<!-- \/ Yoast SEO plugin. -->","yoast_head_json":{"title":"Aida \u00c3\u00absht\u00c3\u00ab dasht m\u00c3\u00ab dal k\u00c3\u00abt jave | Big Brother Albania 2","description":"Big Brother Albania 2 - Doli Lirita ! Banorja me pak e votuar ne te gjitha sondazhet dhe forumet shqiptare ku flitet per Big Brother Albania. Sondazhi yne rendit vajzen nga Kosova si nder me pak te votuarat","robots":{"index":"index","follow":"follow","max-snippet":"max-snippet:-1","max-image-preview":"max-image-preview:large","max-video-preview":"max-video-preview:-1"},"canonical":"https:\/\/www.visit-ulcinj.com\/blog\/2009\/03\/28\/aida-eshte-dasht-me-dal-ket-jave\/","og_locale":"en_US","og_type":"article","og_title":"Aida \u00c3\u00absht\u00c3\u00ab dasht m\u00c3\u00ab dal k\u00c3\u00abt jave | Big Brother Albania 2","og_description":"Big Brother Albania 2 - Doli Lirita ! Banorja me pak e votuar ne te gjitha sondazhet dhe forumet shqiptare ku flitet per Big Brother Albania. Sondazhi yne rendit vajzen nga Kosova si nder me pak te votuarat","og_url":"https:\/\/www.visit-ulcinj.com\/blog\/2009\/03\/28\/aida-eshte-dasht-me-dal-ket-jave\/","og_site_name":"Lajme nga Ulqini","article_published_time":"2009-03-28T21:56:48+00:00","og_image":[{"url":"http:\/\/www.visit-ulcinj.com\/blog\/wp-content\/uploads\/2009\/03\/lirita-dhe-aida-puth.jpg"}],"twitter_misc":{"Written by":"ulqini","Est. reading time":"1 minute"},"schema":{"@context":"https:\/\/schema.org","@graph":[{"@type":"WebSite","@id":"https:\/\/www.visit-ulcinj.com\/blog\/#website","url":"https:\/\/www.visit-ulcinj.com\/blog\/","name":"Lajme nga Ulqini","description":"Lajme,Vijesti,Ulqini,Ulqin,Crna Gora,Mali i Zi","potentialAction":[{"@type":"SearchAction","target":{"@type":"EntryPoint","urlTemplate":"https:\/\/www.visit-ulcinj.com\/blog\/?s={search_term_string}"},"query-input":"required name=search_term_string"}],"inLanguage":"en-US"},{"@type":"ImageObject","inLanguage":"en-US","@id":"https:\/\/www.visit-ulcinj.com\/blog\/2009\/03\/28\/aida-eshte-dasht-me-dal-ket-jave\/#primaryimage","url":"http:\/\/www.visit-ulcinj.com\/blog\/wp-content\/uploads\/2009\/03\/lirita-dhe-aida-puth.jpg","contentUrl":"http:\/\/www.visit-ulcinj.com\/blog\/wp-content\/uploads\/2009\/03\/lirita-dhe-aida-puth.jpg"},{"@type":"WebPage","@id":"https:\/\/www.visit-ulcinj.com\/blog\/2009\/03\/28\/aida-eshte-dasht-me-dal-ket-jave\/#webpage","url":"https:\/\/www.visit-ulcinj.com\/blog\/2009\/03\/28\/aida-eshte-dasht-me-dal-ket-jave\/","name":"Aida \u00c3\u00absht\u00c3\u00ab dasht m\u00c3\u00ab dal k\u00c3\u00abt jave | Big Brother Albania 2","isPartOf":{"@id":"https:\/\/www.visit-ulcinj.com\/blog\/#website"},"primaryImageOfPage":{"@id":"https:\/\/www.visit-ulcinj.com\/blog\/2009\/03\/28\/aida-eshte-dasht-me-dal-ket-jave\/#primaryimage"},"datePublished":"2009-03-28T21:56:48+00:00","dateModified":"2009-03-28T21:56:48+00:00","author":{"@id":"https:\/\/www.visit-ulcinj.com\/blog\/#\/schema\/person\/dcab619c614d3038751c63bc2aadc06d"},"description":"Big Brother Albania 2 - Doli Lirita ! Banorja me pak e votuar ne te gjitha sondazhet dhe forumet shqiptare ku flitet per Big Brother Albania. Sondazhi yne rendit vajzen nga Kosova si nder me pak te votuarat","breadcrumb":{"@id":"https:\/\/www.visit-ulcinj.com\/blog\/2009\/03\/28\/aida-eshte-dasht-me-dal-ket-jave\/#breadcrumb"},"inLanguage":"en-US","potentialAction":[{"@type":"ReadAction","target":["https:\/\/www.visit-ulcinj.com\/blog\/2009\/03\/28\/aida-eshte-dasht-me-dal-ket-jave\/"]}]},{"@type":"BreadcrumbList","@id":"https:\/\/www.visit-ulcinj.com\/blog\/2009\/03\/28\/aida-eshte-dasht-me-dal-ket-jave\/#breadcrumb","itemListElement":[{"@type":"ListItem","position":1,"name":"Aida \u00ebsht\u00eb dasht m\u00eb dal k\u00ebt jave"}]},{"@type":"Person","@id":"https:\/\/www.visit-ulcinj.com\/blog\/#\/schema\/person\/dcab619c614d3038751c63bc2aadc06d","name":"ulqini","sameAs":["http:\/\/www.visit-ulcinj.com"],"url":"https:\/\/www.visit-ulcinj.com\/blog\/author\/admin\/"}]}},"jetpack_featured_media_url":"","jetpack_sharing_enabled":true,"jetpack_shortlink":"https:\/\/wp.me\/pe6lTn-4aM","_links":{"self":[{"href":"https:\/\/www.visit-ulcinj.com\/blog\/wp-json\/wp\/v2\/posts\/16044"}],"collection":[{"href":"https:\/\/www.visit-ulcinj.com\/blog\/wp-json\/wp\/v2\/posts"}],"about":[{"href":"https:\/\/www.visit-ulcinj.com\/blog\/wp-json\/wp\/v2\/types\/post"}],"author":[{"embeddable":true,"href":"https:\/\/www.visit-ulcinj.com\/blog\/wp-json\/wp\/v2\/users\/1"}],"replies":[{"embeddable":true,"href":"https:\/\/www.visit-ulcinj.com\/blog\/wp-json\/wp\/v2\/comments?post=16044"}],"version-history":[{"count":0,"href":"https:\/\/www.visit-ulcinj.com\/blog\/wp-json\/wp\/v2\/posts\/16044\/revisions"}],"wp:attachment":[{"href":"https:\/\/www.visit-ulcinj.com\/blog\/wp-json\/wp\/v2\/media?parent=16044"}],"wp:term":[{"taxonomy":"category","embeddable":true,"href":"https:\/\/www.visit-ulcinj.com\/blog\/wp-json\/wp\/v2\/categories?post=16044"},{"taxonomy":"post_tag","embeddable":true,"href":"https:\/\/www.visit-ulcinj.com\/blog\/wp-json\/wp\/v2\/tags?post=16044"}],"curies":[{"name":"wp","href":"https:\/\/api.w.org\/{rel}","templated":true}]}}