{"id":16048,"date":"2009-03-28T23:17:57","date_gmt":"2009-03-28T22:17:57","guid":{"rendered":"http:\/\/www.visit-ulcinj.com\/blog\/?p=16048"},"modified":"2009-03-28T23:17:57","modified_gmt":"2009-03-28T22:17:57","slug":"ciljeta-surprizat-e-mia-look-dhe-partner-te-ri","status":"publish","type":"post","link":"https:\/\/www.visit-ulcinj.com\/blog\/2009\/03\/28\/ciljeta-surprizat-e-mia-look-dhe-partner-te-ri\/","title":{"rendered":"\u00c7iljeta: Surprizat e mia, look dhe partner t\u00eb ri"},"content":{"rendered":"<p><a href=\"http:\/\/www.visit-ulcinj.com\/blog\/wp-content\/uploads\/2009\/03\/ciljeta2.jpg\"><img loading=\"lazy\" class=\"alignleft size-full wp-image-16050\" title=\"ciljeta2\" src=\"http:\/\/www.visit-ulcinj.com\/blog\/wp-content\/uploads\/2009\/03\/ciljeta2.jpg\" alt=\"ciljeta2\" width=\"570\" height=\"808\" \/><\/a>Fakti q\u00eb i ka munguar ekraneve me nj\u00eb klip t\u00eb ri (ka vet\u00ebm tre t\u00eb till\u00eb) nuk tregon se \u00c7iljeta nuk po punon p\u00ebr t\u00eb sjell\u00eb k\u00ebng\u00eb dhe klipe t\u00eb reja n\u00eb repertorin e saj, aq m\u00eb tep\u00ebr q\u00eb ajo e di mir\u00eb se duke qen\u00eb n\u00eb qend\u00ebr t\u00eb v\u00ebmendjes dhe shum\u00eb e k\u00ebrkuar, e ka k\u00ebt\u00eb detyrim karshi publikut dhe fansave q\u00eb e p\u00eblqejn\u00eb.<br \/>\nKa preferuar t\u00eb mos i ndahet bashk\u00ebpunimit me Flori Mumajesin, kantautorin e njohur dhe djalin q\u00eb ka sjell\u00eb nj\u00eb frym\u00eb shum\u00eb rinore n\u00eb muzik\u00eb. N\u00eb fillim nj\u00eb balad\u00eb e m\u00eb pas nj\u00eb k\u00ebng\u00eb shum\u00eb ritmike t\u00eb firmosura nga Flori, duket se do t\u00eb pasohen nga dy krijime t\u00eb reja t\u00eb cilat do t\u00eb vijn\u00eb n\u00ebn interpretimin e \u00c7iljeta Xhilag\u00ebs.<br \/>\nK\u00ebng\u00ebtarja ka mbaruar regjistrimin e k\u00ebng\u00ebve t\u00eb cilat jan\u00eb t\u00eb rrym\u00ebs R&amp;B dhe po p\u00ebrgatitet p\u00ebr klipet t\u00eb cilat do t\u2019i realizoj\u00eb n\u00eb Kosov\u00eb s\u00eb bashku me nj\u00eb set t\u00eb ri fotografish. N\u00eb k\u00ebng\u00ebn e par\u00eb \u00c7iljeta do t\u00eb bashk\u00ebpunoj\u00eb me Big Bast\u00ebn, ku ky i fundit njihet tashm\u00eb si i preferuar i Florit dhe gjithashtu i preferuari i shum\u00eb k\u00ebng\u00ebtareve t\u00eb reja p\u00ebr faktin se ka futur nj\u00eb lloj tendence t\u00eb re n\u00eb muzik\u00ebn e leht\u00eb. N\u00eb klipin e k\u00ebsaj k\u00ebnge, \u00c7iljeta do t\u00eb paraqitet me t\u00eb nj\u00ebjtin look, me flok\u00eb t\u00eb shkurtra dhe ngjyr\u00eb platini. Nd\u00ebrsa n\u00eb klipin e dyt\u00eb do t\u00eb b\u00ebj\u00eb nj\u00eb ndryshim rr\u00ebnj\u00ebsor pasi do t\u2019i b\u00ebj\u00eb flok\u00ebt pis t\u00eb zeza.<br \/>\n\u00c7iljeta tregon se edhe look-u i ri me siguri do t\u00eb p\u00eblqehet shum\u00eb madje ajo ka shum\u00eb nostalgji p\u00ebr flok\u00ebt e zeza dhe t\u00eb prera shkurt pasi n\u00eb ver\u00eb kur nxihet ngjan shum\u00eb mir\u00eb. Nj\u00eb fakt tjet\u00ebr q\u00eb e b\u00ebn \u00c7iljet\u00ebn t\u2019i rikthehet atij look-u \u00ebsht\u00eb se pik\u00ebrisht me flok\u00eb t\u00eb shkurtra dhe t\u00eb zeza, ajo ka njohur Romeon dhe ai e ka p\u00eblyqer me at\u00eb model, k\u00ebshtu jo vet\u00ebm b\u00ebn nj\u00eb ndryshim p\u00ebr qejfin e saj, por me siguri do t\u2019i b\u00ebj\u00eb nj\u00eb surpriz\u00eb edhe djaloshit me t\u00eb cilin \u00ebsht\u00eb e dashuruar dhe e fejuar.<\/p>\n\n<!--YouTube Error: bad URL entered-->\n","protected":false},"excerpt":{"rendered":"<p>Fakti q\u00eb i ka munguar ekraneve me nj\u00eb klip t\u00eb ri (ka vet\u00ebm tre t\u00eb till\u00eb) nuk tregon se \u00c7iljeta nuk po punon p\u00ebr t\u00eb sjell\u00eb k\u00ebng\u00eb dhe klipe t\u00eb reja n\u00eb repertorin e saj, aq m\u00eb tep\u00ebr q\u00eb ajo e di mir\u00eb se duke qen\u00eb n\u00eb qend\u00ebr t\u00eb v\u00ebmendjes dhe shum\u00eb e k\u00ebrkuar, e [&hellip;]<\/p>\n","protected":false},"author":1,"featured_media":0,"comment_status":"open","ping_status":"closed","sticky":false,"template":"","format":"standard","meta":{"spay_email":"","jetpack_publicize_message":"","jetpack_is_tweetstorm":false,"jetpack_publicize_feature_enabled":true},"categories":[1],"tags":[5456],"jetpack_publicize_connections":[],"yoast_head":"<!-- This site is optimized with the Yoast SEO plugin v19.1 - https:\/\/yoast.com\/wordpress\/plugins\/seo\/ -->\n<title>\u00c7iljeta: Surprizat e mia, look dhe partner t\u00eb ri - Lajme nga Ulqini<\/title>\n<meta name=\"description\" content=\"Fakti q\u00eb i ka munguar ekraneve me nj\u00eb klip t\u00eb ri (ka vet\u00ebm tre t\u00eb till\u00eb) nuk tregon se \u00c7iljeta nuk po punon p\u00ebr t\u00eb sjell\u00eb k\u00ebng\u00eb dhe klipe t\u00eb reja n\u00eb\" \/>\n<meta name=\"robots\" content=\"index, follow, max-snippet:-1, max-image-preview:large, max-video-preview:-1\" \/>\n<link rel=\"canonical\" href=\"https:\/\/www.visit-ulcinj.com\/blog\/2009\/03\/28\/ciljeta-surprizat-e-mia-look-dhe-partner-te-ri\/\" \/>\n<meta property=\"og:locale\" content=\"en_US\" \/>\n<meta property=\"og:type\" content=\"article\" \/>\n<meta property=\"og:title\" content=\"\u00c7iljeta: Surprizat e mia, look dhe partner t\u00eb ri - Lajme nga Ulqini\" \/>\n<meta property=\"og:description\" content=\"Fakti q\u00eb i ka munguar ekraneve me nj\u00eb klip t\u00eb ri (ka vet\u00ebm tre t\u00eb till\u00eb) nuk tregon se \u00c7iljeta nuk po punon p\u00ebr t\u00eb sjell\u00eb k\u00ebng\u00eb dhe klipe t\u00eb reja n\u00eb\" \/>\n<meta property=\"og:url\" content=\"https:\/\/www.visit-ulcinj.com\/blog\/2009\/03\/28\/ciljeta-surprizat-e-mia-look-dhe-partner-te-ri\/\" \/>\n<meta property=\"og:site_name\" content=\"Lajme nga Ulqini\" \/>\n<meta property=\"article:published_time\" content=\"2009-03-28T22:17:57+00:00\" \/>\n<meta property=\"og:image\" content=\"https:\/\/www.visit-ulcinj.com\/blog\/wp-content\/uploads\/2009\/03\/ciljeta1-150x150.jpg\" \/>\n<meta name=\"twitter:label1\" content=\"Written by\" \/>\n\t<meta name=\"twitter:data1\" content=\"ulqini\" \/>\n\t<meta name=\"twitter:label2\" content=\"Est. reading time\" \/>\n\t<meta name=\"twitter:data2\" content=\"2 minutes\" \/>\n<script type=\"application\/ld+json\" class=\"yoast-schema-graph\">{\"@context\":\"https:\/\/schema.org\",\"@graph\":[{\"@type\":\"WebSite\",\"@id\":\"https:\/\/www.visit-ulcinj.com\/blog\/#website\",\"url\":\"https:\/\/www.visit-ulcinj.com\/blog\/\",\"name\":\"Lajme nga Ulqini\",\"description\":\"Lajme,Vijesti,Ulqini,Ulqin,Crna Gora,Mali i Zi\",\"potentialAction\":[{\"@type\":\"SearchAction\",\"target\":{\"@type\":\"EntryPoint\",\"urlTemplate\":\"https:\/\/www.visit-ulcinj.com\/blog\/?s={search_term_string}\"},\"query-input\":\"required name=search_term_string\"}],\"inLanguage\":\"en-US\"},{\"@type\":\"ImageObject\",\"inLanguage\":\"en-US\",\"@id\":\"https:\/\/www.visit-ulcinj.com\/blog\/2009\/03\/28\/ciljeta-surprizat-e-mia-look-dhe-partner-te-ri\/#primaryimage\",\"url\":\"http:\/\/www.visit-ulcinj.com\/blog\/wp-content\/uploads\/2009\/03\/ciljeta2.jpg\",\"contentUrl\":\"http:\/\/www.visit-ulcinj.com\/blog\/wp-content\/uploads\/2009\/03\/ciljeta2.jpg\"},{\"@type\":\"WebPage\",\"@id\":\"https:\/\/www.visit-ulcinj.com\/blog\/2009\/03\/28\/ciljeta-surprizat-e-mia-look-dhe-partner-te-ri\/#webpage\",\"url\":\"https:\/\/www.visit-ulcinj.com\/blog\/2009\/03\/28\/ciljeta-surprizat-e-mia-look-dhe-partner-te-ri\/\",\"name\":\"\u00c7iljeta: Surprizat e mia, look dhe partner t\u00eb ri - Lajme nga Ulqini\",\"isPartOf\":{\"@id\":\"https:\/\/www.visit-ulcinj.com\/blog\/#website\"},\"primaryImageOfPage\":{\"@id\":\"https:\/\/www.visit-ulcinj.com\/blog\/2009\/03\/28\/ciljeta-surprizat-e-mia-look-dhe-partner-te-ri\/#primaryimage\"},\"datePublished\":\"2009-03-28T22:17:57+00:00\",\"dateModified\":\"2009-03-28T22:17:57+00:00\",\"author\":{\"@id\":\"https:\/\/www.visit-ulcinj.com\/blog\/#\/schema\/person\/dcab619c614d3038751c63bc2aadc06d\"},\"description\":\"Fakti q\u00eb i ka munguar ekraneve me nj\u00eb klip t\u00eb ri (ka vet\u00ebm tre t\u00eb till\u00eb) nuk tregon se \u00c7iljeta nuk po punon p\u00ebr t\u00eb sjell\u00eb k\u00ebng\u00eb dhe klipe t\u00eb reja n\u00eb\",\"breadcrumb\":{\"@id\":\"https:\/\/www.visit-ulcinj.com\/blog\/2009\/03\/28\/ciljeta-surprizat-e-mia-look-dhe-partner-te-ri\/#breadcrumb\"},\"inLanguage\":\"en-US\",\"potentialAction\":[{\"@type\":\"ReadAction\",\"target\":[\"https:\/\/www.visit-ulcinj.com\/blog\/2009\/03\/28\/ciljeta-surprizat-e-mia-look-dhe-partner-te-ri\/\"]}]},{\"@type\":\"BreadcrumbList\",\"@id\":\"https:\/\/www.visit-ulcinj.com\/blog\/2009\/03\/28\/ciljeta-surprizat-e-mia-look-dhe-partner-te-ri\/#breadcrumb\",\"itemListElement\":[{\"@type\":\"ListItem\",\"position\":1,\"name\":\"\u00c7iljeta: Surprizat e mia, look dhe partner t\u00eb ri\"}]},{\"@type\":\"Person\",\"@id\":\"https:\/\/www.visit-ulcinj.com\/blog\/#\/schema\/person\/dcab619c614d3038751c63bc2aadc06d\",\"name\":\"ulqini\",\"sameAs\":[\"http:\/\/www.visit-ulcinj.com\"],\"url\":\"https:\/\/www.visit-ulcinj.com\/blog\/author\/admin\/\"}]}<\/script>\n<!-- \/ Yoast SEO plugin. -->","yoast_head_json":{"title":"\u00c7iljeta: Surprizat e mia, look dhe partner t\u00eb ri - Lajme nga Ulqini","description":"Fakti q\u00eb i ka munguar ekraneve me nj\u00eb klip t\u00eb ri (ka vet\u00ebm tre t\u00eb till\u00eb) nuk tregon se \u00c7iljeta nuk po punon p\u00ebr t\u00eb sjell\u00eb k\u00ebng\u00eb dhe klipe t\u00eb reja n\u00eb","robots":{"index":"index","follow":"follow","max-snippet":"max-snippet:-1","max-image-preview":"max-image-preview:large","max-video-preview":"max-video-preview:-1"},"canonical":"https:\/\/www.visit-ulcinj.com\/blog\/2009\/03\/28\/ciljeta-surprizat-e-mia-look-dhe-partner-te-ri\/","og_locale":"en_US","og_type":"article","og_title":"\u00c7iljeta: Surprizat e mia, look dhe partner t\u00eb ri - Lajme nga Ulqini","og_description":"Fakti q\u00eb i ka munguar ekraneve me nj\u00eb klip t\u00eb ri (ka vet\u00ebm tre t\u00eb till\u00eb) nuk tregon se \u00c7iljeta nuk po punon p\u00ebr t\u00eb sjell\u00eb k\u00ebng\u00eb dhe klipe t\u00eb reja n\u00eb","og_url":"https:\/\/www.visit-ulcinj.com\/blog\/2009\/03\/28\/ciljeta-surprizat-e-mia-look-dhe-partner-te-ri\/","og_site_name":"Lajme nga Ulqini","article_published_time":"2009-03-28T22:17:57+00:00","og_image":[{"url":"https:\/\/www.visit-ulcinj.com\/blog\/wp-content\/uploads\/2009\/03\/ciljeta1-150x150.jpg"}],"twitter_misc":{"Written by":"ulqini","Est. reading time":"2 minutes"},"schema":{"@context":"https:\/\/schema.org","@graph":[{"@type":"WebSite","@id":"https:\/\/www.visit-ulcinj.com\/blog\/#website","url":"https:\/\/www.visit-ulcinj.com\/blog\/","name":"Lajme nga Ulqini","description":"Lajme,Vijesti,Ulqini,Ulqin,Crna Gora,Mali i Zi","potentialAction":[{"@type":"SearchAction","target":{"@type":"EntryPoint","urlTemplate":"https:\/\/www.visit-ulcinj.com\/blog\/?s={search_term_string}"},"query-input":"required name=search_term_string"}],"inLanguage":"en-US"},{"@type":"ImageObject","inLanguage":"en-US","@id":"https:\/\/www.visit-ulcinj.com\/blog\/2009\/03\/28\/ciljeta-surprizat-e-mia-look-dhe-partner-te-ri\/#primaryimage","url":"http:\/\/www.visit-ulcinj.com\/blog\/wp-content\/uploads\/2009\/03\/ciljeta2.jpg","contentUrl":"http:\/\/www.visit-ulcinj.com\/blog\/wp-content\/uploads\/2009\/03\/ciljeta2.jpg"},{"@type":"WebPage","@id":"https:\/\/www.visit-ulcinj.com\/blog\/2009\/03\/28\/ciljeta-surprizat-e-mia-look-dhe-partner-te-ri\/#webpage","url":"https:\/\/www.visit-ulcinj.com\/blog\/2009\/03\/28\/ciljeta-surprizat-e-mia-look-dhe-partner-te-ri\/","name":"\u00c7iljeta: Surprizat e mia, look dhe partner t\u00eb ri - Lajme nga Ulqini","isPartOf":{"@id":"https:\/\/www.visit-ulcinj.com\/blog\/#website"},"primaryImageOfPage":{"@id":"https:\/\/www.visit-ulcinj.com\/blog\/2009\/03\/28\/ciljeta-surprizat-e-mia-look-dhe-partner-te-ri\/#primaryimage"},"datePublished":"2009-03-28T22:17:57+00:00","dateModified":"2009-03-28T22:17:57+00:00","author":{"@id":"https:\/\/www.visit-ulcinj.com\/blog\/#\/schema\/person\/dcab619c614d3038751c63bc2aadc06d"},"description":"Fakti q\u00eb i ka munguar ekraneve me nj\u00eb klip t\u00eb ri (ka vet\u00ebm tre t\u00eb till\u00eb) nuk tregon se \u00c7iljeta nuk po punon p\u00ebr t\u00eb sjell\u00eb k\u00ebng\u00eb dhe klipe t\u00eb reja n\u00eb","breadcrumb":{"@id":"https:\/\/www.visit-ulcinj.com\/blog\/2009\/03\/28\/ciljeta-surprizat-e-mia-look-dhe-partner-te-ri\/#breadcrumb"},"inLanguage":"en-US","potentialAction":[{"@type":"ReadAction","target":["https:\/\/www.visit-ulcinj.com\/blog\/2009\/03\/28\/ciljeta-surprizat-e-mia-look-dhe-partner-te-ri\/"]}]},{"@type":"BreadcrumbList","@id":"https:\/\/www.visit-ulcinj.com\/blog\/2009\/03\/28\/ciljeta-surprizat-e-mia-look-dhe-partner-te-ri\/#breadcrumb","itemListElement":[{"@type":"ListItem","position":1,"name":"\u00c7iljeta: Surprizat e mia, look dhe partner t\u00eb ri"}]},{"@type":"Person","@id":"https:\/\/www.visit-ulcinj.com\/blog\/#\/schema\/person\/dcab619c614d3038751c63bc2aadc06d","name":"ulqini","sameAs":["http:\/\/www.visit-ulcinj.com"],"url":"https:\/\/www.visit-ulcinj.com\/blog\/author\/admin\/"}]}},"jetpack_featured_media_url":"","jetpack_sharing_enabled":true,"jetpack_shortlink":"https:\/\/wp.me\/pe6lTn-4aQ","_links":{"self":[{"href":"https:\/\/www.visit-ulcinj.com\/blog\/wp-json\/wp\/v2\/posts\/16048"}],"collection":[{"href":"https:\/\/www.visit-ulcinj.com\/blog\/wp-json\/wp\/v2\/posts"}],"about":[{"href":"https:\/\/www.visit-ulcinj.com\/blog\/wp-json\/wp\/v2\/types\/post"}],"author":[{"embeddable":true,"href":"https:\/\/www.visit-ulcinj.com\/blog\/wp-json\/wp\/v2\/users\/1"}],"replies":[{"embeddable":true,"href":"https:\/\/www.visit-ulcinj.com\/blog\/wp-json\/wp\/v2\/comments?post=16048"}],"version-history":[{"count":0,"href":"https:\/\/www.visit-ulcinj.com\/blog\/wp-json\/wp\/v2\/posts\/16048\/revisions"}],"wp:attachment":[{"href":"https:\/\/www.visit-ulcinj.com\/blog\/wp-json\/wp\/v2\/media?parent=16048"}],"wp:term":[{"taxonomy":"category","embeddable":true,"href":"https:\/\/www.visit-ulcinj.com\/blog\/wp-json\/wp\/v2\/categories?post=16048"},{"taxonomy":"post_tag","embeddable":true,"href":"https:\/\/www.visit-ulcinj.com\/blog\/wp-json\/wp\/v2\/tags?post=16048"}],"curies":[{"name":"wp","href":"https:\/\/api.w.org\/{rel}","templated":true}]}}