{"id":161,"date":"2008-01-15T13:34:01","date_gmt":"2008-01-15T18:34:01","guid":{"rendered":"http:\/\/www.visit-ulcinj.com\/blog\/2008\/01\/15\/vershohen-disa-lagje-ne-ulqindhe-shume-fshatra-te-ulqinit\/"},"modified":"2008-02-12T18:41:48","modified_gmt":"2008-02-12T23:41:48","slug":"vershohen-disa-lagje-ne-ulqindhe-shume-fshatra-te-ulqinit","status":"publish","type":"post","link":"https:\/\/www.visit-ulcinj.com\/blog\/2008\/01\/15\/vershohen-disa-lagje-ne-ulqindhe-shume-fshatra-te-ulqinit\/","title":{"rendered":"V\u00ebrshohen disa lagje n\u00eb Ulqin,dhe shum? fshatra t\u00eb Ulqinit"},"content":{"rendered":"<p><a href=\"http:\/\/www.visit-ulcinj.com\/blog\/2008\/01\/15\/obilna-kisa-juce-u-ulcinju-prouzrokovala-poplave\/uji-ne-ruge-te-ulqinit\/\" rel=\"attachment wp-att-159\" title=\"uji-ne-ruge.jpg\"><img loading=\"lazy\" src=\"http:\/\/www.visit-ulcinj.com\/blog\/wp-content\/uploads\/2008\/01\/uji-ne-ruge.jpg\" alt=\"uji-ne-ruge.jpg\" align=\"left\" height=\"98\" width=\"167\" \/><\/a>Lagjja Totoshi, ajo e Gjeranave dhe Lagjja e Shtojit n\u00eb Ulqin jan\u00eb v\u00ebrshuar nga uji. T\u00eb reshurat e fundit t\u00eb shiut kan\u00eb b\u00ebr\u00eb q\u00eb shum\u00eb<!--more--> banor\u00eb t\u00eb k\u00ebtyre pjes\u00ebve t\u00eb qytetit t\u00eb mbesin t\u00eb mbyllur n\u00ebp\u00ebr sht\u00ebpit\u00eb e tyre. Pos k\u00ebtyre tri lagjeve t\u00eb Ulqinit, t\u00eb prekura nga v\u00ebrshimet jan\u00eb edhe banor\u00ebt e lagjes s\u00eb rrug\u00ebs &#8220;Totoshi&#8221;, ku uji ka filluar t\u00eb dep\u00ebrtoj\u00eb edhe brenda n\u00ebp\u00ebr sht\u00ebpi. Nd\u00ebrsa n\u00eb lagjen Gjerana n\u00eb rrug\u00ebn q\u00eb \u00e7on p\u00ebr plazhin e madhe \u00ebsht\u00eb   d\u00ebmtuar nj\u00eb pjes e disa shtepijave,ku uji ka filluar t\u00eb dep\u00ebrtoj\u00eb edhe ktu brenda n\u00ebp\u00ebr sht\u00ebpi t\u00eb njajtin problem e kan pasur edhe disa sht\u00ebpi n\u00eb lagjen Shtoj uji ka filluar t\u00eb dep\u00ebrtoj\u00eb edhe brenda n\u00ebp\u00ebr sht\u00ebpi. Gjendje alarmante \u00ebsht\u00eb edhe n\u00eb fshatrat e komun\u00ebs s\u00eb Ulqinit. Nd\u00ebrkoh\u00eb zyrtar\u00ebt e Sh\u00ebrbimit Policor t\u00eb Ulqinit njoftojn\u00eb se, pos d\u00ebmeve materiale n\u00eb zonat e   prekura, nuk ka pasoja n\u00eb njer\u00ebz.<\/p>\n","protected":false},"excerpt":{"rendered":"<p><img loading=\"lazy\" src=\"http:\/\/www.visit-ulcinj.com\/blog\/wp-content\/uploads\/2008\/01\/uji-ne-ruge.jpg\" alt=\"uji-ne-ruge.jpg\" height=\"140\" width=\"140\" \/><\/p>\n","protected":false},"author":1,"featured_media":0,"comment_status":"open","ping_status":"closed","sticky":false,"template":"","format":"standard","meta":{"spay_email":"","jetpack_publicize_message":"","jetpack_is_tweetstorm":false,"jetpack_publicize_feature_enabled":true},"categories":[1],"tags":[1208,482,483,481,484,200,18,485],"jetpack_publicize_connections":[],"yoast_head":"<!-- This site is optimized with the Yoast SEO plugin v19.1 - https:\/\/yoast.com\/wordpress\/plugins\/seo\/ -->\n<title>V\u00ebrshohen disa lagje n\u00eb Ulqin,dhe shum? fshatra t\u00eb Ulqinit - Lajme nga Ulqini<\/title>\n<meta name=\"robots\" content=\"index, follow, max-snippet:-1, max-image-preview:large, max-video-preview:-1\" \/>\n<link rel=\"canonical\" href=\"https:\/\/www.visit-ulcinj.com\/blog\/2008\/01\/15\/vershohen-disa-lagje-ne-ulqindhe-shume-fshatra-te-ulqinit\/\" \/>\n<meta property=\"og:locale\" content=\"en_US\" \/>\n<meta property=\"og:type\" content=\"article\" \/>\n<meta property=\"og:title\" content=\"V\u00ebrshohen disa lagje n\u00eb Ulqin,dhe shum? fshatra t\u00eb Ulqinit - Lajme nga Ulqini\" \/>\n<meta property=\"og:url\" content=\"https:\/\/www.visit-ulcinj.com\/blog\/2008\/01\/15\/vershohen-disa-lagje-ne-ulqindhe-shume-fshatra-te-ulqinit\/\" \/>\n<meta property=\"og:site_name\" content=\"Lajme nga Ulqini\" \/>\n<meta property=\"article:published_time\" content=\"2008-01-15T18:34:01+00:00\" \/>\n<meta property=\"article:modified_time\" content=\"2008-02-12T23:41:48+00:00\" \/>\n<meta property=\"og:image\" content=\"http:\/\/www.visit-ulcinj.com\/blog\/wp-content\/uploads\/2008\/01\/uji-ne-ruge.jpg\" \/>\n<meta name=\"twitter:label1\" content=\"Written by\" \/>\n\t<meta name=\"twitter:data1\" content=\"ulqini\" \/>\n\t<meta name=\"twitter:label2\" content=\"Est. reading time\" \/>\n\t<meta name=\"twitter:data2\" content=\"1 minute\" \/>\n<script type=\"application\/ld+json\" class=\"yoast-schema-graph\">{\"@context\":\"https:\/\/schema.org\",\"@graph\":[{\"@type\":\"WebSite\",\"@id\":\"https:\/\/www.visit-ulcinj.com\/blog\/#website\",\"url\":\"https:\/\/www.visit-ulcinj.com\/blog\/\",\"name\":\"Lajme nga Ulqini\",\"description\":\"Lajme,Vijesti,Ulqini,Ulqin,Crna Gora,Mali i Zi\",\"potentialAction\":[{\"@type\":\"SearchAction\",\"target\":{\"@type\":\"EntryPoint\",\"urlTemplate\":\"https:\/\/www.visit-ulcinj.com\/blog\/?s={search_term_string}\"},\"query-input\":\"required name=search_term_string\"}],\"inLanguage\":\"en-US\"},{\"@type\":\"ImageObject\",\"inLanguage\":\"en-US\",\"@id\":\"https:\/\/www.visit-ulcinj.com\/blog\/2008\/01\/15\/vershohen-disa-lagje-ne-ulqindhe-shume-fshatra-te-ulqinit\/#primaryimage\",\"url\":\"http:\/\/www.visit-ulcinj.com\/blog\/wp-content\/uploads\/2008\/01\/uji-ne-ruge.jpg\",\"contentUrl\":\"http:\/\/www.visit-ulcinj.com\/blog\/wp-content\/uploads\/2008\/01\/uji-ne-ruge.jpg\"},{\"@type\":\"WebPage\",\"@id\":\"https:\/\/www.visit-ulcinj.com\/blog\/2008\/01\/15\/vershohen-disa-lagje-ne-ulqindhe-shume-fshatra-te-ulqinit\/#webpage\",\"url\":\"https:\/\/www.visit-ulcinj.com\/blog\/2008\/01\/15\/vershohen-disa-lagje-ne-ulqindhe-shume-fshatra-te-ulqinit\/\",\"name\":\"V\u00ebrshohen disa lagje n\u00eb Ulqin,dhe shum? fshatra t\u00eb Ulqinit - Lajme nga Ulqini\",\"isPartOf\":{\"@id\":\"https:\/\/www.visit-ulcinj.com\/blog\/#website\"},\"primaryImageOfPage\":{\"@id\":\"https:\/\/www.visit-ulcinj.com\/blog\/2008\/01\/15\/vershohen-disa-lagje-ne-ulqindhe-shume-fshatra-te-ulqinit\/#primaryimage\"},\"datePublished\":\"2008-01-15T18:34:01+00:00\",\"dateModified\":\"2008-02-12T23:41:48+00:00\",\"author\":{\"@id\":\"https:\/\/www.visit-ulcinj.com\/blog\/#\/schema\/person\/dcab619c614d3038751c63bc2aadc06d\"},\"breadcrumb\":{\"@id\":\"https:\/\/www.visit-ulcinj.com\/blog\/2008\/01\/15\/vershohen-disa-lagje-ne-ulqindhe-shume-fshatra-te-ulqinit\/#breadcrumb\"},\"inLanguage\":\"en-US\",\"potentialAction\":[{\"@type\":\"ReadAction\",\"target\":[\"https:\/\/www.visit-ulcinj.com\/blog\/2008\/01\/15\/vershohen-disa-lagje-ne-ulqindhe-shume-fshatra-te-ulqinit\/\"]}]},{\"@type\":\"BreadcrumbList\",\"@id\":\"https:\/\/www.visit-ulcinj.com\/blog\/2008\/01\/15\/vershohen-disa-lagje-ne-ulqindhe-shume-fshatra-te-ulqinit\/#breadcrumb\",\"itemListElement\":[{\"@type\":\"ListItem\",\"position\":1,\"name\":\"V\u00ebrshohen disa lagje n\u00eb Ulqin,dhe shum? fshatra t\u00eb Ulqinit\"}]},{\"@type\":\"Person\",\"@id\":\"https:\/\/www.visit-ulcinj.com\/blog\/#\/schema\/person\/dcab619c614d3038751c63bc2aadc06d\",\"name\":\"ulqini\",\"sameAs\":[\"http:\/\/www.visit-ulcinj.com\"],\"url\":\"https:\/\/www.visit-ulcinj.com\/blog\/author\/admin\/\"}]}<\/script>\n<!-- \/ Yoast SEO plugin. -->","yoast_head_json":{"title":"V\u00ebrshohen disa lagje n\u00eb Ulqin,dhe shum? fshatra t\u00eb Ulqinit - Lajme nga Ulqini","robots":{"index":"index","follow":"follow","max-snippet":"max-snippet:-1","max-image-preview":"max-image-preview:large","max-video-preview":"max-video-preview:-1"},"canonical":"https:\/\/www.visit-ulcinj.com\/blog\/2008\/01\/15\/vershohen-disa-lagje-ne-ulqindhe-shume-fshatra-te-ulqinit\/","og_locale":"en_US","og_type":"article","og_title":"V\u00ebrshohen disa lagje n\u00eb Ulqin,dhe shum? fshatra t\u00eb Ulqinit - Lajme nga Ulqini","og_url":"https:\/\/www.visit-ulcinj.com\/blog\/2008\/01\/15\/vershohen-disa-lagje-ne-ulqindhe-shume-fshatra-te-ulqinit\/","og_site_name":"Lajme nga Ulqini","article_published_time":"2008-01-15T18:34:01+00:00","article_modified_time":"2008-02-12T23:41:48+00:00","og_image":[{"url":"http:\/\/www.visit-ulcinj.com\/blog\/wp-content\/uploads\/2008\/01\/uji-ne-ruge.jpg"}],"twitter_misc":{"Written by":"ulqini","Est. reading time":"1 minute"},"schema":{"@context":"https:\/\/schema.org","@graph":[{"@type":"WebSite","@id":"https:\/\/www.visit-ulcinj.com\/blog\/#website","url":"https:\/\/www.visit-ulcinj.com\/blog\/","name":"Lajme nga Ulqini","description":"Lajme,Vijesti,Ulqini,Ulqin,Crna Gora,Mali i Zi","potentialAction":[{"@type":"SearchAction","target":{"@type":"EntryPoint","urlTemplate":"https:\/\/www.visit-ulcinj.com\/blog\/?s={search_term_string}"},"query-input":"required name=search_term_string"}],"inLanguage":"en-US"},{"@type":"ImageObject","inLanguage":"en-US","@id":"https:\/\/www.visit-ulcinj.com\/blog\/2008\/01\/15\/vershohen-disa-lagje-ne-ulqindhe-shume-fshatra-te-ulqinit\/#primaryimage","url":"http:\/\/www.visit-ulcinj.com\/blog\/wp-content\/uploads\/2008\/01\/uji-ne-ruge.jpg","contentUrl":"http:\/\/www.visit-ulcinj.com\/blog\/wp-content\/uploads\/2008\/01\/uji-ne-ruge.jpg"},{"@type":"WebPage","@id":"https:\/\/www.visit-ulcinj.com\/blog\/2008\/01\/15\/vershohen-disa-lagje-ne-ulqindhe-shume-fshatra-te-ulqinit\/#webpage","url":"https:\/\/www.visit-ulcinj.com\/blog\/2008\/01\/15\/vershohen-disa-lagje-ne-ulqindhe-shume-fshatra-te-ulqinit\/","name":"V\u00ebrshohen disa lagje n\u00eb Ulqin,dhe shum? fshatra t\u00eb Ulqinit - Lajme nga Ulqini","isPartOf":{"@id":"https:\/\/www.visit-ulcinj.com\/blog\/#website"},"primaryImageOfPage":{"@id":"https:\/\/www.visit-ulcinj.com\/blog\/2008\/01\/15\/vershohen-disa-lagje-ne-ulqindhe-shume-fshatra-te-ulqinit\/#primaryimage"},"datePublished":"2008-01-15T18:34:01+00:00","dateModified":"2008-02-12T23:41:48+00:00","author":{"@id":"https:\/\/www.visit-ulcinj.com\/blog\/#\/schema\/person\/dcab619c614d3038751c63bc2aadc06d"},"breadcrumb":{"@id":"https:\/\/www.visit-ulcinj.com\/blog\/2008\/01\/15\/vershohen-disa-lagje-ne-ulqindhe-shume-fshatra-te-ulqinit\/#breadcrumb"},"inLanguage":"en-US","potentialAction":[{"@type":"ReadAction","target":["https:\/\/www.visit-ulcinj.com\/blog\/2008\/01\/15\/vershohen-disa-lagje-ne-ulqindhe-shume-fshatra-te-ulqinit\/"]}]},{"@type":"BreadcrumbList","@id":"https:\/\/www.visit-ulcinj.com\/blog\/2008\/01\/15\/vershohen-disa-lagje-ne-ulqindhe-shume-fshatra-te-ulqinit\/#breadcrumb","itemListElement":[{"@type":"ListItem","position":1,"name":"V\u00ebrshohen disa lagje n\u00eb Ulqin,dhe shum? fshatra t\u00eb Ulqinit"}]},{"@type":"Person","@id":"https:\/\/www.visit-ulcinj.com\/blog\/#\/schema\/person\/dcab619c614d3038751c63bc2aadc06d","name":"ulqini","sameAs":["http:\/\/www.visit-ulcinj.com"],"url":"https:\/\/www.visit-ulcinj.com\/blog\/author\/admin\/"}]}},"jetpack_featured_media_url":"","jetpack_sharing_enabled":true,"jetpack_shortlink":"https:\/\/wp.me\/pe6lTn-2B","_links":{"self":[{"href":"https:\/\/www.visit-ulcinj.com\/blog\/wp-json\/wp\/v2\/posts\/161"}],"collection":[{"href":"https:\/\/www.visit-ulcinj.com\/blog\/wp-json\/wp\/v2\/posts"}],"about":[{"href":"https:\/\/www.visit-ulcinj.com\/blog\/wp-json\/wp\/v2\/types\/post"}],"author":[{"embeddable":true,"href":"https:\/\/www.visit-ulcinj.com\/blog\/wp-json\/wp\/v2\/users\/1"}],"replies":[{"embeddable":true,"href":"https:\/\/www.visit-ulcinj.com\/blog\/wp-json\/wp\/v2\/comments?post=161"}],"version-history":[{"count":0,"href":"https:\/\/www.visit-ulcinj.com\/blog\/wp-json\/wp\/v2\/posts\/161\/revisions"}],"wp:attachment":[{"href":"https:\/\/www.visit-ulcinj.com\/blog\/wp-json\/wp\/v2\/media?parent=161"}],"wp:term":[{"taxonomy":"category","embeddable":true,"href":"https:\/\/www.visit-ulcinj.com\/blog\/wp-json\/wp\/v2\/categories?post=161"},{"taxonomy":"post_tag","embeddable":true,"href":"https:\/\/www.visit-ulcinj.com\/blog\/wp-json\/wp\/v2\/tags?post=161"}],"curies":[{"name":"wp","href":"https:\/\/api.w.org\/{rel}","templated":true}]}}