{"id":1610,"date":"2008-05-16T14:21:31","date_gmt":"2008-05-16T19:21:31","guid":{"rendered":"http:\/\/www.visit-ulcinj.com\/blog\/?p=1610"},"modified":"2008-05-16T14:21:31","modified_gmt":"2008-05-16T19:21:31","slug":"nesreca-u-krugu-ulcinjske-solane","status":"publish","type":"post","link":"https:\/\/www.visit-ulcinj.com\/blog\/2008\/05\/16\/nesreca-u-krugu-ulcinjske-solane\/","title":{"rendered":"Nesre?a u krugu ulcinjske solane"},"content":{"rendered":"<p><img loading=\"lazy\" class=\"alignleft\" style=\"float: left;\" src=\"http:\/\/www.vijesti.cg.yu\/_slike\/1210892738.jpg\" alt=\"\" width=\"290\" height=\"190\" \/><strong>Radnik na\u0161ao le\u0161 djevoj?ice<\/strong><br \/>\nUlcinj \u2013 Be\u017eivotno tijelo djevo?ice, ?iji identitet nije poznat, na?eno je sino? oko 18.45 ?asova u solanskom kanalu, u krugu fabri?kog postrojenja Solane u Ulcinju.<br \/>\nLe\u0161 djevoj?ice, za koju se pretpostavlja da je stara oko osam godina, prvi je primijetio radnik obezbje?enja Solane, koji je o slu?aju obavijestio policiju.<br \/>\nPrema preliminarnoj istrazi, policija sumnja da se djevoj?ica utopila u kanalu, ali ?e ta?an uzrok njene smrti biti utvr?en obdukcijom, koja ?e biti obavljena danas u Klini?kom centru u Podgorici.<br \/>\nPrema rije?ima o?evidaca, djevoj?ica je na sebi imala crvenu majicu i bermude, a njen le\u0161 bio je zaka?en nogama za podvodnu metalnu \u0161ipku, sa ispru\u017eenim rukama i licem okrenutim ka gore.<a href=\"http:\/\/www.visit-ulcinj.com\/blog\/wp-content\/uploads\/2008\/05\/solana-bajo-sekulic.jpg\"><img loading=\"lazy\" class=\"alignright attachment wp-att-1611\" style=\"float: right;\" src=\"http:\/\/www.visit-ulcinj.com\/blog\/wp-content\/uploads\/2008\/05\/solana-bajo-sekulic.thumbnail.jpg\" alt=\"solana bajo sekulic\" width=\"200\" height=\"133\" \/><\/a><br \/>\nPolicija je odmah blokirala lice mjesta. Nekoliko sagovornika \u201eVijesti\u201c kazalo je da se pretpostavlja da je nesre?na djevoj?ica stradala u gornjem dijelu kanala, koji ne pripada krugu fabrike. Sagovornici \u201cVijesti\u201d isklju?ili su mogu?nost da se ona utopila u krugu fabrike, jer je svima, osim zaposlenih, ulaz strogo zabranjen.<br \/>\n&#8211; Kanal kojim Solana vu?e morsku vodu za svoje bazene u gornjem dijelu je potpuno neobezbije?en i kada pumpe rade punim kapacitetom, izuzetno je opasan za nepliva?e \u2013 tvrdi izvor \u201cVijesti\u201d.<br \/>\nPolicija je sino? bezuspje\u0161no poku\u0161ala da utvrdi identitet djevoj?ice. \u201eVijestima\u201c je u policiji re?eno da sino? do 22 sata niko nije prijavio nestanak djeteta.<br \/>\nUvi?aj je izvr\u0161io de\u017eurni istra\u017eni sudija Vi\u0161eg suda Miroslav Ba\u0161ovi? u Podgorici u saradnji sa ulcinjskom policijom.<br \/>\n<strong>S.A.<br \/>\nIzvor \/ Vijesti<\/strong><\/p>\n","protected":false},"excerpt":{"rendered":"<p><img loading=\"lazy\" class=\"alignleft\" style=\"float: left;\" src=\"http:\/\/www.vijesti.cg.yu\/_slike\/1210892738.jpg\" alt=\"\" width=\"140\" height=\"140\" \/><\/p>\n","protected":false},"author":1,"featured_media":0,"comment_status":"open","ping_status":"closed","sticky":false,"template":"","format":"standard","meta":{"spay_email":"","jetpack_publicize_message":"","jetpack_is_tweetstorm":false,"jetpack_publicize_feature_enabled":true},"categories":[1,12],"tags":[3236,3233,3234,3235,19,1968],"jetpack_publicize_connections":[],"yoast_head":"<!-- This site is optimized with the Yoast SEO plugin v19.1 - https:\/\/yoast.com\/wordpress\/plugins\/seo\/ -->\n<title>Nesre?a u krugu ulcinjske solane - Lajme nga Ulqini<\/title>\n<meta name=\"robots\" content=\"index, follow, max-snippet:-1, max-image-preview:large, max-video-preview:-1\" \/>\n<link rel=\"canonical\" href=\"https:\/\/www.visit-ulcinj.com\/blog\/2008\/05\/16\/nesreca-u-krugu-ulcinjske-solane\/\" \/>\n<meta property=\"og:locale\" content=\"en_US\" \/>\n<meta property=\"og:type\" content=\"article\" \/>\n<meta property=\"og:title\" content=\"Nesre?a u krugu ulcinjske solane - Lajme nga Ulqini\" \/>\n<meta property=\"og:url\" content=\"https:\/\/www.visit-ulcinj.com\/blog\/2008\/05\/16\/nesreca-u-krugu-ulcinjske-solane\/\" \/>\n<meta property=\"og:site_name\" content=\"Lajme nga Ulqini\" \/>\n<meta property=\"article:published_time\" content=\"2008-05-16T19:21:31+00:00\" \/>\n<meta property=\"og:image\" content=\"http:\/\/www.vijesti.cg.yu\/_slike\/1210892738.jpg\" \/>\n<meta name=\"twitter:label1\" content=\"Written by\" \/>\n\t<meta name=\"twitter:data1\" content=\"ulqini\" \/>\n\t<meta name=\"twitter:label2\" content=\"Est. reading time\" \/>\n\t<meta name=\"twitter:data2\" content=\"1 minute\" \/>\n<script type=\"application\/ld+json\" class=\"yoast-schema-graph\">{\"@context\":\"https:\/\/schema.org\",\"@graph\":[{\"@type\":\"WebSite\",\"@id\":\"https:\/\/www.visit-ulcinj.com\/blog\/#website\",\"url\":\"https:\/\/www.visit-ulcinj.com\/blog\/\",\"name\":\"Lajme nga Ulqini\",\"description\":\"Lajme,Vijesti,Ulqini,Ulqin,Crna Gora,Mali i Zi\",\"potentialAction\":[{\"@type\":\"SearchAction\",\"target\":{\"@type\":\"EntryPoint\",\"urlTemplate\":\"https:\/\/www.visit-ulcinj.com\/blog\/?s={search_term_string}\"},\"query-input\":\"required name=search_term_string\"}],\"inLanguage\":\"en-US\"},{\"@type\":\"ImageObject\",\"inLanguage\":\"en-US\",\"@id\":\"https:\/\/www.visit-ulcinj.com\/blog\/2008\/05\/16\/nesreca-u-krugu-ulcinjske-solane\/#primaryimage\",\"url\":\"http:\/\/www.vijesti.cg.yu\/_slike\/1210892738.jpg\",\"contentUrl\":\"http:\/\/www.vijesti.cg.yu\/_slike\/1210892738.jpg\"},{\"@type\":\"WebPage\",\"@id\":\"https:\/\/www.visit-ulcinj.com\/blog\/2008\/05\/16\/nesreca-u-krugu-ulcinjske-solane\/#webpage\",\"url\":\"https:\/\/www.visit-ulcinj.com\/blog\/2008\/05\/16\/nesreca-u-krugu-ulcinjske-solane\/\",\"name\":\"Nesre?a u krugu ulcinjske solane - Lajme nga Ulqini\",\"isPartOf\":{\"@id\":\"https:\/\/www.visit-ulcinj.com\/blog\/#website\"},\"primaryImageOfPage\":{\"@id\":\"https:\/\/www.visit-ulcinj.com\/blog\/2008\/05\/16\/nesreca-u-krugu-ulcinjske-solane\/#primaryimage\"},\"datePublished\":\"2008-05-16T19:21:31+00:00\",\"dateModified\":\"2008-05-16T19:21:31+00:00\",\"author\":{\"@id\":\"https:\/\/www.visit-ulcinj.com\/blog\/#\/schema\/person\/dcab619c614d3038751c63bc2aadc06d\"},\"breadcrumb\":{\"@id\":\"https:\/\/www.visit-ulcinj.com\/blog\/2008\/05\/16\/nesreca-u-krugu-ulcinjske-solane\/#breadcrumb\"},\"inLanguage\":\"en-US\",\"potentialAction\":[{\"@type\":\"ReadAction\",\"target\":[\"https:\/\/www.visit-ulcinj.com\/blog\/2008\/05\/16\/nesreca-u-krugu-ulcinjske-solane\/\"]}]},{\"@type\":\"BreadcrumbList\",\"@id\":\"https:\/\/www.visit-ulcinj.com\/blog\/2008\/05\/16\/nesreca-u-krugu-ulcinjske-solane\/#breadcrumb\",\"itemListElement\":[{\"@type\":\"ListItem\",\"position\":1,\"name\":\"Nesre?a u krugu ulcinjske solane\"}]},{\"@type\":\"Person\",\"@id\":\"https:\/\/www.visit-ulcinj.com\/blog\/#\/schema\/person\/dcab619c614d3038751c63bc2aadc06d\",\"name\":\"ulqini\",\"sameAs\":[\"http:\/\/www.visit-ulcinj.com\"],\"url\":\"https:\/\/www.visit-ulcinj.com\/blog\/author\/admin\/\"}]}<\/script>\n<!-- \/ Yoast SEO plugin. -->","yoast_head_json":{"title":"Nesre?a u krugu ulcinjske solane - Lajme nga Ulqini","robots":{"index":"index","follow":"follow","max-snippet":"max-snippet:-1","max-image-preview":"max-image-preview:large","max-video-preview":"max-video-preview:-1"},"canonical":"https:\/\/www.visit-ulcinj.com\/blog\/2008\/05\/16\/nesreca-u-krugu-ulcinjske-solane\/","og_locale":"en_US","og_type":"article","og_title":"Nesre?a u krugu ulcinjske solane - Lajme nga Ulqini","og_url":"https:\/\/www.visit-ulcinj.com\/blog\/2008\/05\/16\/nesreca-u-krugu-ulcinjske-solane\/","og_site_name":"Lajme nga Ulqini","article_published_time":"2008-05-16T19:21:31+00:00","og_image":[{"url":"http:\/\/www.vijesti.cg.yu\/_slike\/1210892738.jpg"}],"twitter_misc":{"Written by":"ulqini","Est. reading time":"1 minute"},"schema":{"@context":"https:\/\/schema.org","@graph":[{"@type":"WebSite","@id":"https:\/\/www.visit-ulcinj.com\/blog\/#website","url":"https:\/\/www.visit-ulcinj.com\/blog\/","name":"Lajme nga Ulqini","description":"Lajme,Vijesti,Ulqini,Ulqin,Crna Gora,Mali i Zi","potentialAction":[{"@type":"SearchAction","target":{"@type":"EntryPoint","urlTemplate":"https:\/\/www.visit-ulcinj.com\/blog\/?s={search_term_string}"},"query-input":"required name=search_term_string"}],"inLanguage":"en-US"},{"@type":"ImageObject","inLanguage":"en-US","@id":"https:\/\/www.visit-ulcinj.com\/blog\/2008\/05\/16\/nesreca-u-krugu-ulcinjske-solane\/#primaryimage","url":"http:\/\/www.vijesti.cg.yu\/_slike\/1210892738.jpg","contentUrl":"http:\/\/www.vijesti.cg.yu\/_slike\/1210892738.jpg"},{"@type":"WebPage","@id":"https:\/\/www.visit-ulcinj.com\/blog\/2008\/05\/16\/nesreca-u-krugu-ulcinjske-solane\/#webpage","url":"https:\/\/www.visit-ulcinj.com\/blog\/2008\/05\/16\/nesreca-u-krugu-ulcinjske-solane\/","name":"Nesre?a u krugu ulcinjske solane - Lajme nga Ulqini","isPartOf":{"@id":"https:\/\/www.visit-ulcinj.com\/blog\/#website"},"primaryImageOfPage":{"@id":"https:\/\/www.visit-ulcinj.com\/blog\/2008\/05\/16\/nesreca-u-krugu-ulcinjske-solane\/#primaryimage"},"datePublished":"2008-05-16T19:21:31+00:00","dateModified":"2008-05-16T19:21:31+00:00","author":{"@id":"https:\/\/www.visit-ulcinj.com\/blog\/#\/schema\/person\/dcab619c614d3038751c63bc2aadc06d"},"breadcrumb":{"@id":"https:\/\/www.visit-ulcinj.com\/blog\/2008\/05\/16\/nesreca-u-krugu-ulcinjske-solane\/#breadcrumb"},"inLanguage":"en-US","potentialAction":[{"@type":"ReadAction","target":["https:\/\/www.visit-ulcinj.com\/blog\/2008\/05\/16\/nesreca-u-krugu-ulcinjske-solane\/"]}]},{"@type":"BreadcrumbList","@id":"https:\/\/www.visit-ulcinj.com\/blog\/2008\/05\/16\/nesreca-u-krugu-ulcinjske-solane\/#breadcrumb","itemListElement":[{"@type":"ListItem","position":1,"name":"Nesre?a u krugu ulcinjske solane"}]},{"@type":"Person","@id":"https:\/\/www.visit-ulcinj.com\/blog\/#\/schema\/person\/dcab619c614d3038751c63bc2aadc06d","name":"ulqini","sameAs":["http:\/\/www.visit-ulcinj.com"],"url":"https:\/\/www.visit-ulcinj.com\/blog\/author\/admin\/"}]}},"jetpack_featured_media_url":"","jetpack_sharing_enabled":true,"jetpack_shortlink":"https:\/\/wp.me\/pe6lTn-pY","_links":{"self":[{"href":"https:\/\/www.visit-ulcinj.com\/blog\/wp-json\/wp\/v2\/posts\/1610"}],"collection":[{"href":"https:\/\/www.visit-ulcinj.com\/blog\/wp-json\/wp\/v2\/posts"}],"about":[{"href":"https:\/\/www.visit-ulcinj.com\/blog\/wp-json\/wp\/v2\/types\/post"}],"author":[{"embeddable":true,"href":"https:\/\/www.visit-ulcinj.com\/blog\/wp-json\/wp\/v2\/users\/1"}],"replies":[{"embeddable":true,"href":"https:\/\/www.visit-ulcinj.com\/blog\/wp-json\/wp\/v2\/comments?post=1610"}],"version-history":[{"count":0,"href":"https:\/\/www.visit-ulcinj.com\/blog\/wp-json\/wp\/v2\/posts\/1610\/revisions"}],"wp:attachment":[{"href":"https:\/\/www.visit-ulcinj.com\/blog\/wp-json\/wp\/v2\/media?parent=1610"}],"wp:term":[{"taxonomy":"category","embeddable":true,"href":"https:\/\/www.visit-ulcinj.com\/blog\/wp-json\/wp\/v2\/categories?post=1610"},{"taxonomy":"post_tag","embeddable":true,"href":"https:\/\/www.visit-ulcinj.com\/blog\/wp-json\/wp\/v2\/tags?post=1610"}],"curies":[{"name":"wp","href":"https:\/\/api.w.org\/{rel}","templated":true}]}}