{"id":16132,"date":"2009-03-29T11:26:12","date_gmt":"2009-03-29T10:26:12","guid":{"rendered":"http:\/\/www.visit-ulcinj.com\/blog\/?p=16132"},"modified":"2009-03-29T11:28:11","modified_gmt":"2009-03-29T10:28:11","slug":"per-pranin-e-skender-hysenit-ne-ceki-zannieri-qeteson-serbine","status":"publish","type":"post","link":"https:\/\/www.visit-ulcinj.com\/blog\/2009\/03\/29\/per-pranin-e-skender-hysenit-ne-ceki-zannieri-qeteson-serbine\/","title":{"rendered":"P\u00ebr pranin e Sk\u00ebnder Hysenit n\u00eb \u00c7eki, Zannieri qet\u00ebson Serbin\u00eb"},"content":{"rendered":"<p><a href=\"http:\/\/www.visit-ulcinj.com\/blog\/wp-content\/uploads\/2009\/03\/skender-hyseni-ne-takimin-joformal-te-ministrave-te-jashtem-te-be-se-ne-ceki.jpg\"><img loading=\"lazy\" class=\"alignleft size-full wp-image-16133\" title=\"skender-hyseni-ne-takimin-joformal-te-ministrave-te-jashtem-te-be-se-ne-ceki\" src=\"http:\/\/www.visit-ulcinj.com\/blog\/wp-content\/uploads\/2009\/03\/skender-hyseni-ne-takimin-joformal-te-ministrave-te-jashtem-te-be-se-ne-ceki.jpg\" alt=\"skender-hyseni-ne-takimin-joformal-te-ministrave-te-jashtem-te-be-se-ne-ceki\" width=\"570\" height=\"370\" \/><\/a>Serbia nuk ka reaguar ndaj pranis\u00eb s\u00eb ministrit t\u00eb Jasht\u00ebm t\u00eb Kosov\u00ebs n\u00eb takimin joformal t\u00eb ministrave t\u00eb jasht\u00ebm t\u00eb BE-s\u00eb n\u00eb \u00c7eki. Vuk Jeremic ka th\u00ebn\u00eb se Hyseni ishte pjes\u00eb e delegacionit t\u00eb UNMIK-ut t\u00eb udh\u00ebhequr nga Lamberto Zannieri. Zyrtar\u00eb t\u00eb UNMIK-ut, megjithat\u00eb, thon\u00eb se Zannieri ka marr\u00eb ftes\u00eb t\u00eb ve\u00e7ant\u00eb. N\u00eb k\u00ebt\u00eb samit, drejtuesit e BE-s\u00eb p\u00ebrs\u00ebrit\u00ebn se Ballkani e ka vendin n\u00eb k\u00ebt\u00eb bllok.<\/p>\n<p>Prania e ministrit t\u00eb Jasht\u00ebm t\u00eb Kosov\u00ebs, Sk\u00ebnder Hyseni n\u00eb takimin joformal t\u00eb ministrave t\u00eb Jasht\u00ebm t\u00eb BE-s\u00eb n\u00eb \u00c7eki, nuk ka nxitur reagimin e Serbis\u00eb, pasi sipas zyrtar\u00ebve t\u00eb k\u00ebtij shteti, Hyseni ka qen\u00eb pjes\u00eb p\u00ebrb\u00ebr\u00ebse e delegacionit t\u00eb UNMIK-ut.<\/p>\n<p>Zyrtar\u00ebt serb\u00eb kan\u00eb k\u00ebrkuar vazhdimisht q\u00eb zyrtar\u00ebt kosovar\u00eb t\u00eb shoq\u00ebrohen nga ata t\u00eb UNMIK-ut n\u00ebp\u00ebr forume t\u00eb ndryshme nd\u00ebrkomb\u00ebtare. K\u00ebt\u00eb k\u00ebrkes\u00eb n\u00eb m\u00ebnyr\u00eb eksplicite e ka b\u00ebr\u00eb presidenti i Serbis\u00eb, Boris Tadic n\u00eb seanc\u00ebn e fundit t\u00eb KS t\u00eb OKB-s\u00eb kushtuar Kosov\u00ebs.<\/p>\n<p>Por zyrtar\u00eb t\u00eb UNMIK-ut kan\u00eb deklaruar p\u00ebr gazet\u00ebn se Zannieri ka marr\u00eb ftes\u00eb t\u00eb ve\u00e7ant\u00eb p\u00ebr t\u00eb udh\u00ebtuar n\u00eb \u00c7eki, sikurse edhe Hyseni. N\u00eb k\u00ebt\u00eb m\u00ebnyr\u00eb ata kan\u00eb p\u00ebrjashtuar mund\u00ebsin\u00eb q\u00eb Hyseni t\u00eb ket\u00eb qen\u00eb pjes\u00eb e delegacionit t\u00eb UNMIK-ut.<\/p>\n<p>Sidoqoft\u00eb, edhe pse kan\u00eb marr\u00eb ftesa t\u00eb ve\u00e7anta, prania e shefit t\u00eb UNMIK-ut n\u00eb k\u00ebt\u00eb takim ka relaksuar p\u00ebrfaq\u00ebsuesin e Serbis\u00eb, Vuk Jeremic, i cili Zannierin e ka prezantuar si shef t\u00eb Hysenit n\u00eb k\u00ebt\u00eb takim.<\/p>\n<p>N\u00eb nj\u00eb prononcim p\u00ebr media, Jeremic ka th\u00ebn\u00eb se Serbia nuk do t\u00eb heq\u00eb dor\u00eb nga Kosova, e as nga rruga e integrimit n\u00eb BE. \u201cN\u00eb Ballkanin Per\u00ebndimor ka nj\u00eb seri t\u00eb \u00e7\u00ebshtjeve t\u00eb pazgjidhura. Duhet t\u00eb gjejm\u00eb m\u00ebnyra p\u00ebr t\u2019i zgjidhur n\u00eb ecje ato. Disa \u00e7\u00ebshtje t\u00eb tilla p\u00ebr Serbin\u00eb jan\u00eb delikate dhe t\u00eb nd\u00ebrlikuara. K\u00ebtu b\u00ebhet fjal\u00eb para s\u00eb gjithash p\u00ebr statusin e ardhsh\u00ebm t\u00eb krahin\u00ebs jugore, Kosov\u00ebs dhe Metohis\u00eb. N\u00eb lidhje me k\u00ebt\u00eb, Serbia nuk do t\u00eb heq\u00eb dor\u00eb kurrsesi nga imperativi kushtetues\u201d, ka th\u00ebn\u00eb Jeremic.<\/p>\n<p>Sidoqoft\u00eb, ministri i Jasht\u00ebm i Kosov\u00ebs, Sk\u00ebnder Hyseni, i cili n\u00eb \u00c7eki ka udh\u00ebtuar pas q\u00ebndrimit n\u00eb New York, ka deklaruar se prania e tij \u00ebsht\u00eb mir\u00ebpritur nga shefat e diplomacive europiane \u201cduke pasur parasysh t\u00eb arriturat q\u00eb Kosova ka b\u00ebr\u00eb n\u00eb t\u00eb gjitha planet q\u00eb nga shpallja e pavar\u00ebsis\u00eb\u201d.<\/p>\n<p><strong><\/p>\n<p>Shkrimin e plot\u00eb mund ta lexoni n\u00eb numrin e sotsh\u00ebm t\u00eb Gazet\u00ebs Express.<\/strong><\/p>\n<p><a href=\"http:\/\/www.gazetaexpress.com\/index.php\/artikujt\/lexo\/5192\/C4\/C13\/\" target=\"_blank\"><strong>Gazeta Express<\/strong><\/a><\/p>\n","protected":false},"excerpt":{"rendered":"<p>Serbia nuk ka reaguar ndaj pranis\u00eb s\u00eb ministrit t\u00eb Jasht\u00ebm t\u00eb Kosov\u00ebs n\u00eb takimin joformal t\u00eb ministrave t\u00eb jasht\u00ebm t\u00eb BE-s\u00eb n\u00eb \u00c7eki. Vuk Jeremic ka th\u00ebn\u00eb se Hyseni ishte pjes\u00eb e delegacionit t\u00eb UNMIK-ut t\u00eb udh\u00ebhequr nga Lamberto Zannieri. Zyrtar\u00eb t\u00eb UNMIK-ut, megjithat\u00eb, thon\u00eb se Zannieri ka marr\u00eb ftes\u00eb t\u00eb ve\u00e7ant\u00eb. N\u00eb k\u00ebt\u00eb samit, [&hellip;]<\/p>\n","protected":false},"author":1,"featured_media":0,"comment_status":"open","ping_status":"closed","sticky":false,"template":"","format":"standard","meta":{"spay_email":"","jetpack_publicize_message":"","jetpack_is_tweetstorm":false,"jetpack_publicize_feature_enabled":true},"categories":[14],"tags":[731,49,8459,242,8460],"jetpack_publicize_connections":[],"yoast_head":"<!-- This site is optimized with the Yoast SEO plugin v19.1 - https:\/\/yoast.com\/wordpress\/plugins\/seo\/ -->\n<title>P\u00ebr pranin e Sk\u00ebnder Hysenit n\u00eb \u00c7eki, Zannieri qet\u00ebson Serbin\u00eb - Lajme nga Ulqini<\/title>\n<meta name=\"description\" content=\"Serbia nuk ka reaguar ndaj pranis\u00eb s\u00eb ministrit t\u00eb Jasht\u00ebm t\u00eb Kosov\u00ebs n\u00eb takimin joformal t\u00eb ministrave t\u00eb jasht\u00ebm t\u00eb BE-s\u00eb n\u00eb \u00c7eki. Vuk Jeremic ka th\u00ebn\u00eb\" \/>\n<meta name=\"robots\" content=\"index, follow, max-snippet:-1, max-image-preview:large, max-video-preview:-1\" \/>\n<link rel=\"canonical\" href=\"https:\/\/www.visit-ulcinj.com\/blog\/2009\/03\/29\/per-pranin-e-skender-hysenit-ne-ceki-zannieri-qeteson-serbine\/\" \/>\n<meta property=\"og:locale\" content=\"en_US\" \/>\n<meta property=\"og:type\" content=\"article\" \/>\n<meta property=\"og:title\" content=\"P\u00ebr pranin e Sk\u00ebnder Hysenit n\u00eb \u00c7eki, Zannieri qet\u00ebson Serbin\u00eb - Lajme nga Ulqini\" \/>\n<meta property=\"og:description\" content=\"Serbia nuk ka reaguar ndaj pranis\u00eb s\u00eb ministrit t\u00eb Jasht\u00ebm t\u00eb Kosov\u00ebs n\u00eb takimin joformal t\u00eb ministrave t\u00eb jasht\u00ebm t\u00eb BE-s\u00eb n\u00eb \u00c7eki. Vuk Jeremic ka th\u00ebn\u00eb\" \/>\n<meta property=\"og:url\" content=\"https:\/\/www.visit-ulcinj.com\/blog\/2009\/03\/29\/per-pranin-e-skender-hysenit-ne-ceki-zannieri-qeteson-serbine\/\" \/>\n<meta property=\"og:site_name\" content=\"Lajme nga Ulqini\" \/>\n<meta property=\"article:published_time\" content=\"2009-03-29T10:26:12+00:00\" \/>\n<meta property=\"article:modified_time\" content=\"2009-03-29T10:28:11+00:00\" \/>\n<meta property=\"og:image\" content=\"http:\/\/www.visit-ulcinj.com\/blog\/wp-content\/uploads\/2009\/03\/skender-hyseni-ne-takimin-joformal-te-ministrave-te-jashtem-te-be-se-ne-ceki.jpg\" \/>\n<meta name=\"twitter:label1\" content=\"Written by\" \/>\n\t<meta name=\"twitter:data1\" content=\"ulqini\" \/>\n\t<meta name=\"twitter:label2\" content=\"Est. reading time\" \/>\n\t<meta name=\"twitter:data2\" content=\"2 minutes\" \/>\n<script type=\"application\/ld+json\" class=\"yoast-schema-graph\">{\"@context\":\"https:\/\/schema.org\",\"@graph\":[{\"@type\":\"WebSite\",\"@id\":\"https:\/\/www.visit-ulcinj.com\/blog\/#website\",\"url\":\"https:\/\/www.visit-ulcinj.com\/blog\/\",\"name\":\"Lajme nga Ulqini\",\"description\":\"Lajme,Vijesti,Ulqini,Ulqin,Crna Gora,Mali i Zi\",\"potentialAction\":[{\"@type\":\"SearchAction\",\"target\":{\"@type\":\"EntryPoint\",\"urlTemplate\":\"https:\/\/www.visit-ulcinj.com\/blog\/?s={search_term_string}\"},\"query-input\":\"required name=search_term_string\"}],\"inLanguage\":\"en-US\"},{\"@type\":\"ImageObject\",\"inLanguage\":\"en-US\",\"@id\":\"https:\/\/www.visit-ulcinj.com\/blog\/2009\/03\/29\/per-pranin-e-skender-hysenit-ne-ceki-zannieri-qeteson-serbine\/#primaryimage\",\"url\":\"https:\/\/www.visit-ulcinj.com\/blog\/wp-content\/uploads\/2009\/03\/skender-hyseni-ne-takimin-joformal-te-ministrave-te-jashtem-te-be-se-ne-ceki.jpg\",\"contentUrl\":\"https:\/\/www.visit-ulcinj.com\/blog\/wp-content\/uploads\/2009\/03\/skender-hyseni-ne-takimin-joformal-te-ministrave-te-jashtem-te-be-se-ne-ceki.jpg\",\"width\":\"490\",\"height\":\"320\"},{\"@type\":\"WebPage\",\"@id\":\"https:\/\/www.visit-ulcinj.com\/blog\/2009\/03\/29\/per-pranin-e-skender-hysenit-ne-ceki-zannieri-qeteson-serbine\/#webpage\",\"url\":\"https:\/\/www.visit-ulcinj.com\/blog\/2009\/03\/29\/per-pranin-e-skender-hysenit-ne-ceki-zannieri-qeteson-serbine\/\",\"name\":\"P\u00ebr pranin e Sk\u00ebnder Hysenit n\u00eb \u00c7eki, Zannieri qet\u00ebson Serbin\u00eb - Lajme nga Ulqini\",\"isPartOf\":{\"@id\":\"https:\/\/www.visit-ulcinj.com\/blog\/#website\"},\"primaryImageOfPage\":{\"@id\":\"https:\/\/www.visit-ulcinj.com\/blog\/2009\/03\/29\/per-pranin-e-skender-hysenit-ne-ceki-zannieri-qeteson-serbine\/#primaryimage\"},\"datePublished\":\"2009-03-29T10:26:12+00:00\",\"dateModified\":\"2009-03-29T10:28:11+00:00\",\"author\":{\"@id\":\"https:\/\/www.visit-ulcinj.com\/blog\/#\/schema\/person\/dcab619c614d3038751c63bc2aadc06d\"},\"description\":\"Serbia nuk ka reaguar ndaj pranis\u00eb s\u00eb ministrit t\u00eb Jasht\u00ebm t\u00eb Kosov\u00ebs n\u00eb takimin joformal t\u00eb ministrave t\u00eb jasht\u00ebm t\u00eb BE-s\u00eb n\u00eb \u00c7eki. Vuk Jeremic ka th\u00ebn\u00eb\",\"breadcrumb\":{\"@id\":\"https:\/\/www.visit-ulcinj.com\/blog\/2009\/03\/29\/per-pranin-e-skender-hysenit-ne-ceki-zannieri-qeteson-serbine\/#breadcrumb\"},\"inLanguage\":\"en-US\",\"potentialAction\":[{\"@type\":\"ReadAction\",\"target\":[\"https:\/\/www.visit-ulcinj.com\/blog\/2009\/03\/29\/per-pranin-e-skender-hysenit-ne-ceki-zannieri-qeteson-serbine\/\"]}]},{\"@type\":\"BreadcrumbList\",\"@id\":\"https:\/\/www.visit-ulcinj.com\/blog\/2009\/03\/29\/per-pranin-e-skender-hysenit-ne-ceki-zannieri-qeteson-serbine\/#breadcrumb\",\"itemListElement\":[{\"@type\":\"ListItem\",\"position\":1,\"name\":\"P\u00ebr pranin e Sk\u00ebnder Hysenit n\u00eb \u00c7eki, Zannieri qet\u00ebson Serbin\u00eb\"}]},{\"@type\":\"Person\",\"@id\":\"https:\/\/www.visit-ulcinj.com\/blog\/#\/schema\/person\/dcab619c614d3038751c63bc2aadc06d\",\"name\":\"ulqini\",\"sameAs\":[\"http:\/\/www.visit-ulcinj.com\"],\"url\":\"https:\/\/www.visit-ulcinj.com\/blog\/author\/admin\/\"}]}<\/script>\n<!-- \/ Yoast SEO plugin. -->","yoast_head_json":{"title":"P\u00ebr pranin e Sk\u00ebnder Hysenit n\u00eb \u00c7eki, Zannieri qet\u00ebson Serbin\u00eb - Lajme nga Ulqini","description":"Serbia nuk ka reaguar ndaj pranis\u00eb s\u00eb ministrit t\u00eb Jasht\u00ebm t\u00eb Kosov\u00ebs n\u00eb takimin joformal t\u00eb ministrave t\u00eb jasht\u00ebm t\u00eb BE-s\u00eb n\u00eb \u00c7eki. Vuk Jeremic ka th\u00ebn\u00eb","robots":{"index":"index","follow":"follow","max-snippet":"max-snippet:-1","max-image-preview":"max-image-preview:large","max-video-preview":"max-video-preview:-1"},"canonical":"https:\/\/www.visit-ulcinj.com\/blog\/2009\/03\/29\/per-pranin-e-skender-hysenit-ne-ceki-zannieri-qeteson-serbine\/","og_locale":"en_US","og_type":"article","og_title":"P\u00ebr pranin e Sk\u00ebnder Hysenit n\u00eb \u00c7eki, Zannieri qet\u00ebson Serbin\u00eb - Lajme nga Ulqini","og_description":"Serbia nuk ka reaguar ndaj pranis\u00eb s\u00eb ministrit t\u00eb Jasht\u00ebm t\u00eb Kosov\u00ebs n\u00eb takimin joformal t\u00eb ministrave t\u00eb jasht\u00ebm t\u00eb BE-s\u00eb n\u00eb \u00c7eki. Vuk Jeremic ka th\u00ebn\u00eb","og_url":"https:\/\/www.visit-ulcinj.com\/blog\/2009\/03\/29\/per-pranin-e-skender-hysenit-ne-ceki-zannieri-qeteson-serbine\/","og_site_name":"Lajme nga Ulqini","article_published_time":"2009-03-29T10:26:12+00:00","article_modified_time":"2009-03-29T10:28:11+00:00","og_image":[{"url":"http:\/\/www.visit-ulcinj.com\/blog\/wp-content\/uploads\/2009\/03\/skender-hyseni-ne-takimin-joformal-te-ministrave-te-jashtem-te-be-se-ne-ceki.jpg"}],"twitter_misc":{"Written by":"ulqini","Est. reading time":"2 minutes"},"schema":{"@context":"https:\/\/schema.org","@graph":[{"@type":"WebSite","@id":"https:\/\/www.visit-ulcinj.com\/blog\/#website","url":"https:\/\/www.visit-ulcinj.com\/blog\/","name":"Lajme nga Ulqini","description":"Lajme,Vijesti,Ulqini,Ulqin,Crna Gora,Mali i Zi","potentialAction":[{"@type":"SearchAction","target":{"@type":"EntryPoint","urlTemplate":"https:\/\/www.visit-ulcinj.com\/blog\/?s={search_term_string}"},"query-input":"required name=search_term_string"}],"inLanguage":"en-US"},{"@type":"ImageObject","inLanguage":"en-US","@id":"https:\/\/www.visit-ulcinj.com\/blog\/2009\/03\/29\/per-pranin-e-skender-hysenit-ne-ceki-zannieri-qeteson-serbine\/#primaryimage","url":"https:\/\/www.visit-ulcinj.com\/blog\/wp-content\/uploads\/2009\/03\/skender-hyseni-ne-takimin-joformal-te-ministrave-te-jashtem-te-be-se-ne-ceki.jpg","contentUrl":"https:\/\/www.visit-ulcinj.com\/blog\/wp-content\/uploads\/2009\/03\/skender-hyseni-ne-takimin-joformal-te-ministrave-te-jashtem-te-be-se-ne-ceki.jpg","width":"490","height":"320"},{"@type":"WebPage","@id":"https:\/\/www.visit-ulcinj.com\/blog\/2009\/03\/29\/per-pranin-e-skender-hysenit-ne-ceki-zannieri-qeteson-serbine\/#webpage","url":"https:\/\/www.visit-ulcinj.com\/blog\/2009\/03\/29\/per-pranin-e-skender-hysenit-ne-ceki-zannieri-qeteson-serbine\/","name":"P\u00ebr pranin e Sk\u00ebnder Hysenit n\u00eb \u00c7eki, Zannieri qet\u00ebson Serbin\u00eb - Lajme nga Ulqini","isPartOf":{"@id":"https:\/\/www.visit-ulcinj.com\/blog\/#website"},"primaryImageOfPage":{"@id":"https:\/\/www.visit-ulcinj.com\/blog\/2009\/03\/29\/per-pranin-e-skender-hysenit-ne-ceki-zannieri-qeteson-serbine\/#primaryimage"},"datePublished":"2009-03-29T10:26:12+00:00","dateModified":"2009-03-29T10:28:11+00:00","author":{"@id":"https:\/\/www.visit-ulcinj.com\/blog\/#\/schema\/person\/dcab619c614d3038751c63bc2aadc06d"},"description":"Serbia nuk ka reaguar ndaj pranis\u00eb s\u00eb ministrit t\u00eb Jasht\u00ebm t\u00eb Kosov\u00ebs n\u00eb takimin joformal t\u00eb ministrave t\u00eb jasht\u00ebm t\u00eb BE-s\u00eb n\u00eb \u00c7eki. Vuk Jeremic ka th\u00ebn\u00eb","breadcrumb":{"@id":"https:\/\/www.visit-ulcinj.com\/blog\/2009\/03\/29\/per-pranin-e-skender-hysenit-ne-ceki-zannieri-qeteson-serbine\/#breadcrumb"},"inLanguage":"en-US","potentialAction":[{"@type":"ReadAction","target":["https:\/\/www.visit-ulcinj.com\/blog\/2009\/03\/29\/per-pranin-e-skender-hysenit-ne-ceki-zannieri-qeteson-serbine\/"]}]},{"@type":"BreadcrumbList","@id":"https:\/\/www.visit-ulcinj.com\/blog\/2009\/03\/29\/per-pranin-e-skender-hysenit-ne-ceki-zannieri-qeteson-serbine\/#breadcrumb","itemListElement":[{"@type":"ListItem","position":1,"name":"P\u00ebr pranin e Sk\u00ebnder Hysenit n\u00eb \u00c7eki, Zannieri qet\u00ebson Serbin\u00eb"}]},{"@type":"Person","@id":"https:\/\/www.visit-ulcinj.com\/blog\/#\/schema\/person\/dcab619c614d3038751c63bc2aadc06d","name":"ulqini","sameAs":["http:\/\/www.visit-ulcinj.com"],"url":"https:\/\/www.visit-ulcinj.com\/blog\/author\/admin\/"}]}},"jetpack_featured_media_url":"","jetpack_sharing_enabled":true,"jetpack_shortlink":"https:\/\/wp.me\/pe6lTn-4cc","_links":{"self":[{"href":"https:\/\/www.visit-ulcinj.com\/blog\/wp-json\/wp\/v2\/posts\/16132"}],"collection":[{"href":"https:\/\/www.visit-ulcinj.com\/blog\/wp-json\/wp\/v2\/posts"}],"about":[{"href":"https:\/\/www.visit-ulcinj.com\/blog\/wp-json\/wp\/v2\/types\/post"}],"author":[{"embeddable":true,"href":"https:\/\/www.visit-ulcinj.com\/blog\/wp-json\/wp\/v2\/users\/1"}],"replies":[{"embeddable":true,"href":"https:\/\/www.visit-ulcinj.com\/blog\/wp-json\/wp\/v2\/comments?post=16132"}],"version-history":[{"count":0,"href":"https:\/\/www.visit-ulcinj.com\/blog\/wp-json\/wp\/v2\/posts\/16132\/revisions"}],"wp:attachment":[{"href":"https:\/\/www.visit-ulcinj.com\/blog\/wp-json\/wp\/v2\/media?parent=16132"}],"wp:term":[{"taxonomy":"category","embeddable":true,"href":"https:\/\/www.visit-ulcinj.com\/blog\/wp-json\/wp\/v2\/categories?post=16132"},{"taxonomy":"post_tag","embeddable":true,"href":"https:\/\/www.visit-ulcinj.com\/blog\/wp-json\/wp\/v2\/tags?post=16132"}],"curies":[{"name":"wp","href":"https:\/\/api.w.org\/{rel}","templated":true}]}}