{"id":16139,"date":"2009-03-29T12:28:37","date_gmt":"2009-03-29T11:28:37","guid":{"rendered":"http:\/\/www.visit-ulcinj.com\/blog\/?p=16139"},"modified":"2009-03-29T12:37:33","modified_gmt":"2009-03-29T11:37:33","slug":"mali-i-zi-zhvillon-sot-zgjedhjet-parlamentare","status":"publish","type":"post","link":"https:\/\/www.visit-ulcinj.com\/blog\/2009\/03\/29\/mali-i-zi-zhvillon-sot-zgjedhjet-parlamentare\/","title":{"rendered":"Mali i zi, zhvillon sot zgjedhjet parlamentare"},"content":{"rendered":"<p><a href=\"http:\/\/www.visit-ulcinj.com\/blog\/wp-content\/uploads\/2009\/03\/karta-votuese-ne-mal-te-zi.jpg\"><img loading=\"lazy\" class=\"alignleft size-full wp-image-16141\" title=\"karta-votuese-ne-mal-te-zi\" src=\"http:\/\/www.visit-ulcinj.com\/blog\/wp-content\/uploads\/2009\/03\/karta-votuese-ne-mal-te-zi.jpg\" alt=\"karta-votuese-ne-mal-te-zi\" width=\"570\" height=\"350\" \/><\/a>P\u00ebr\u00e7arja e spektrit politik shqiptar pritet t\u00eb ndikoj\u00eb negativisht n\u00eb p\u00ebrfaq\u00ebsimin e tyre n\u00eb parlament. Analist\u00ebt thon\u00eb se fitoren pritet t\u00eb siguroj\u00eb s\u00ebrish koalicioni i udh\u00ebhequr nga Gjukanovic.<br \/>\nPODGORICE- Mbahen sot ne Mal t\u00eb Zi zgjedhjet e parakohshme parlamentare, ku partit\u00eb shqiptare paraqiten t\u00eb p\u00ebr\u00e7ar\u00eb me pes\u00eb lista zgjedhore. P\u00ebr\u00e7arja e spektrit politik shqiptar pritet t\u00eb ndikoj\u00eb negativisht n\u00eb p\u00ebrfaq\u00ebsimin e tyre n\u00eb p\u00ebrb\u00ebrjen e ardhshme t\u00eb parlamentit. Analist\u00ebt thon\u00eb se megjithat\u00eb, k\u00ebto zgjedhje jan\u00eb mund\u00ebsi p\u00ebr rikonfigurimin e sken\u00ebs politike shqiptare n\u00eb Mal t\u00eb Zi.<br \/>\nMali i Zi zhvillon k\u00ebt\u00eb t\u00eb diel\u00eb zgjedhjet parlamentare, p\u00ebr her\u00eb t\u00eb par\u00eb si shtet i pavarur. Edhe pse t\u00eb parakohshme sipas analist\u00ebve shqiptar\u00eb atje, k\u00ebto votime nuk do t\u00eb sjellin ndonj\u00eb ndryshim rr\u00ebnj\u00ebsor n\u00eb nivel shtet\u00ebror.<br \/>\nN\u00eb trevat shqiptare n\u00eb Mal t\u00eb Zi do t\u00eb hapen 59 vendvotime, dhe do t\u00eb garojn\u00eb edhe subjekte jo shqiptare. Sipas Kushtetut\u00ebs, shqiptar\u00ebt mund t\u00eb siguronin deri n\u00eb pes\u00eb deputet\u00eb, por me zbatimin e sistemit proporcional dhe me ndasit\u00eb e tyre ata maksimalisht mund t\u00eb sigurojn\u00eb tre deputet\u00eb. Trupi zgjedhor n\u00eb Mal t\u00eb Zi \u00ebsht\u00eb rreth 500 mij\u00eb votues.<br \/>\nSipas analist\u00ebve fitore pritet t\u00eb siguroj\u00eb s\u00ebrish koalicioni i udh\u00ebhequr nga kryeministri aktual Millo Gjukanovic dhe i cili pavar\u00ebsisht nga ndryshimet e m\u00ebdha t\u00eb politik\u00ebs s\u00eb brendshme t\u00eb vendit, ka arritur t\u00eb q\u00ebndroj\u00eb n\u00eb pushtet mbi nj\u00eb dekad\u00eb.<br \/>\n<strong><br \/>\n(s.g\/BalkanWeb)<\/strong><\/p>\n<p><strong>Sipas sondazhit n\u00eb faqen ton t\u00eb internetit dalim me kto shifra momentale:<\/strong><br \/>\n<script type=\"text\/javascript\" language=\"javascript\" src=\"http:\/\/s3.polldaddy.com\/p\/1332209\"><\/script><\/p>\n","protected":false},"excerpt":{"rendered":"<p>P\u00ebr\u00e7arja e spektrit politik shqiptar pritet t\u00eb ndikoj\u00eb negativisht n\u00eb p\u00ebrfaq\u00ebsimin e tyre n\u00eb parlament. Analist\u00ebt thon\u00eb se fitoren pritet t\u00eb siguroj\u00eb s\u00ebrish koalicioni i udh\u00ebhequr nga Gjukanovic. PODGORICE- Mbahen sot ne Mal t\u00eb Zi zgjedhjet e parakohshme parlamentare, ku partit\u00eb shqiptare paraqiten t\u00eb p\u00ebr\u00e7ar\u00eb me pes\u00eb lista zgjedhore. P\u00ebr\u00e7arja e spektrit politik shqiptar pritet [&hellip;]<\/p>\n","protected":false},"author":1,"featured_media":0,"comment_status":"open","ping_status":"closed","sticky":false,"template":"","format":"standard","meta":{"spay_email":"","jetpack_publicize_message":"","jetpack_is_tweetstorm":false,"jetpack_publicize_feature_enabled":true},"categories":[13],"tags":[501,95,5710,8463,201,200,18,8462],"jetpack_publicize_connections":[],"yoast_head":"<!-- This site is optimized with the Yoast SEO plugin v19.1 - https:\/\/yoast.com\/wordpress\/plugins\/seo\/ -->\n<title>Mali i zi, zhvillon sot zgjedhjet parlamentare - Lajme nga Ulqini<\/title>\n<meta name=\"description\" content=\"P\u00ebr\u00e7arja e spektrit politik shqiptar pritet t\u00eb ndikoj\u00eb negativisht n\u00eb p\u00ebrfaq\u00ebsimin e tyre n\u00eb parlament. Analist\u00ebt thon\u00eb se fitoren pritet t\u00eb siguroj\u00eb\" \/>\n<meta name=\"robots\" content=\"index, follow, max-snippet:-1, max-image-preview:large, max-video-preview:-1\" \/>\n<link rel=\"canonical\" href=\"https:\/\/www.visit-ulcinj.com\/blog\/2009\/03\/29\/mali-i-zi-zhvillon-sot-zgjedhjet-parlamentare\/\" \/>\n<meta property=\"og:locale\" content=\"en_US\" \/>\n<meta property=\"og:type\" content=\"article\" \/>\n<meta property=\"og:title\" content=\"Mali i zi, zhvillon sot zgjedhjet parlamentare - Lajme nga Ulqini\" \/>\n<meta property=\"og:description\" content=\"P\u00ebr\u00e7arja e spektrit politik shqiptar pritet t\u00eb ndikoj\u00eb negativisht n\u00eb p\u00ebrfaq\u00ebsimin e tyre n\u00eb parlament. Analist\u00ebt thon\u00eb se fitoren pritet t\u00eb siguroj\u00eb\" \/>\n<meta property=\"og:url\" content=\"https:\/\/www.visit-ulcinj.com\/blog\/2009\/03\/29\/mali-i-zi-zhvillon-sot-zgjedhjet-parlamentare\/\" \/>\n<meta property=\"og:site_name\" content=\"Lajme nga Ulqini\" \/>\n<meta property=\"article:published_time\" content=\"2009-03-29T11:28:37+00:00\" \/>\n<meta property=\"article:modified_time\" content=\"2009-03-29T11:37:33+00:00\" \/>\n<meta property=\"og:image\" content=\"http:\/\/www.visit-ulcinj.com\/blog\/wp-content\/uploads\/2009\/03\/karta-votuese-ne-mal-te-zi.jpg\" \/>\n<meta name=\"twitter:label1\" content=\"Written by\" \/>\n\t<meta name=\"twitter:data1\" content=\"ulqini\" \/>\n\t<meta name=\"twitter:label2\" content=\"Est. reading time\" \/>\n\t<meta name=\"twitter:data2\" content=\"1 minute\" \/>\n<script type=\"application\/ld+json\" class=\"yoast-schema-graph\">{\"@context\":\"https:\/\/schema.org\",\"@graph\":[{\"@type\":\"WebSite\",\"@id\":\"https:\/\/www.visit-ulcinj.com\/blog\/#website\",\"url\":\"https:\/\/www.visit-ulcinj.com\/blog\/\",\"name\":\"Lajme nga Ulqini\",\"description\":\"Lajme,Vijesti,Ulqini,Ulqin,Crna Gora,Mali i Zi\",\"potentialAction\":[{\"@type\":\"SearchAction\",\"target\":{\"@type\":\"EntryPoint\",\"urlTemplate\":\"https:\/\/www.visit-ulcinj.com\/blog\/?s={search_term_string}\"},\"query-input\":\"required name=search_term_string\"}],\"inLanguage\":\"en-US\"},{\"@type\":\"ImageObject\",\"inLanguage\":\"en-US\",\"@id\":\"https:\/\/www.visit-ulcinj.com\/blog\/2009\/03\/29\/mali-i-zi-zhvillon-sot-zgjedhjet-parlamentare\/#primaryimage\",\"url\":\"https:\/\/www.visit-ulcinj.com\/blog\/wp-content\/uploads\/2009\/03\/karta-votuese-ne-mal-te-zi.jpg\",\"contentUrl\":\"https:\/\/www.visit-ulcinj.com\/blog\/wp-content\/uploads\/2009\/03\/karta-votuese-ne-mal-te-zi.jpg\",\"width\":\"500\",\"height\":\"343\"},{\"@type\":\"WebPage\",\"@id\":\"https:\/\/www.visit-ulcinj.com\/blog\/2009\/03\/29\/mali-i-zi-zhvillon-sot-zgjedhjet-parlamentare\/#webpage\",\"url\":\"https:\/\/www.visit-ulcinj.com\/blog\/2009\/03\/29\/mali-i-zi-zhvillon-sot-zgjedhjet-parlamentare\/\",\"name\":\"Mali i zi, zhvillon sot zgjedhjet parlamentare - Lajme nga Ulqini\",\"isPartOf\":{\"@id\":\"https:\/\/www.visit-ulcinj.com\/blog\/#website\"},\"primaryImageOfPage\":{\"@id\":\"https:\/\/www.visit-ulcinj.com\/blog\/2009\/03\/29\/mali-i-zi-zhvillon-sot-zgjedhjet-parlamentare\/#primaryimage\"},\"datePublished\":\"2009-03-29T11:28:37+00:00\",\"dateModified\":\"2009-03-29T11:37:33+00:00\",\"author\":{\"@id\":\"https:\/\/www.visit-ulcinj.com\/blog\/#\/schema\/person\/dcab619c614d3038751c63bc2aadc06d\"},\"description\":\"P\u00ebr\u00e7arja e spektrit politik shqiptar pritet t\u00eb ndikoj\u00eb negativisht n\u00eb p\u00ebrfaq\u00ebsimin e tyre n\u00eb parlament. Analist\u00ebt thon\u00eb se fitoren pritet t\u00eb siguroj\u00eb\",\"breadcrumb\":{\"@id\":\"https:\/\/www.visit-ulcinj.com\/blog\/2009\/03\/29\/mali-i-zi-zhvillon-sot-zgjedhjet-parlamentare\/#breadcrumb\"},\"inLanguage\":\"en-US\",\"potentialAction\":[{\"@type\":\"ReadAction\",\"target\":[\"https:\/\/www.visit-ulcinj.com\/blog\/2009\/03\/29\/mali-i-zi-zhvillon-sot-zgjedhjet-parlamentare\/\"]}]},{\"@type\":\"BreadcrumbList\",\"@id\":\"https:\/\/www.visit-ulcinj.com\/blog\/2009\/03\/29\/mali-i-zi-zhvillon-sot-zgjedhjet-parlamentare\/#breadcrumb\",\"itemListElement\":[{\"@type\":\"ListItem\",\"position\":1,\"name\":\"Mali i zi, zhvillon sot zgjedhjet parlamentare\"}]},{\"@type\":\"Person\",\"@id\":\"https:\/\/www.visit-ulcinj.com\/blog\/#\/schema\/person\/dcab619c614d3038751c63bc2aadc06d\",\"name\":\"ulqini\",\"sameAs\":[\"http:\/\/www.visit-ulcinj.com\"],\"url\":\"https:\/\/www.visit-ulcinj.com\/blog\/author\/admin\/\"}]}<\/script>\n<!-- \/ Yoast SEO plugin. -->","yoast_head_json":{"title":"Mali i zi, zhvillon sot zgjedhjet parlamentare - Lajme nga Ulqini","description":"P\u00ebr\u00e7arja e spektrit politik shqiptar pritet t\u00eb ndikoj\u00eb negativisht n\u00eb p\u00ebrfaq\u00ebsimin e tyre n\u00eb parlament. Analist\u00ebt thon\u00eb se fitoren pritet t\u00eb siguroj\u00eb","robots":{"index":"index","follow":"follow","max-snippet":"max-snippet:-1","max-image-preview":"max-image-preview:large","max-video-preview":"max-video-preview:-1"},"canonical":"https:\/\/www.visit-ulcinj.com\/blog\/2009\/03\/29\/mali-i-zi-zhvillon-sot-zgjedhjet-parlamentare\/","og_locale":"en_US","og_type":"article","og_title":"Mali i zi, zhvillon sot zgjedhjet parlamentare - Lajme nga Ulqini","og_description":"P\u00ebr\u00e7arja e spektrit politik shqiptar pritet t\u00eb ndikoj\u00eb negativisht n\u00eb p\u00ebrfaq\u00ebsimin e tyre n\u00eb parlament. Analist\u00ebt thon\u00eb se fitoren pritet t\u00eb siguroj\u00eb","og_url":"https:\/\/www.visit-ulcinj.com\/blog\/2009\/03\/29\/mali-i-zi-zhvillon-sot-zgjedhjet-parlamentare\/","og_site_name":"Lajme nga Ulqini","article_published_time":"2009-03-29T11:28:37+00:00","article_modified_time":"2009-03-29T11:37:33+00:00","og_image":[{"url":"http:\/\/www.visit-ulcinj.com\/blog\/wp-content\/uploads\/2009\/03\/karta-votuese-ne-mal-te-zi.jpg"}],"twitter_misc":{"Written by":"ulqini","Est. reading time":"1 minute"},"schema":{"@context":"https:\/\/schema.org","@graph":[{"@type":"WebSite","@id":"https:\/\/www.visit-ulcinj.com\/blog\/#website","url":"https:\/\/www.visit-ulcinj.com\/blog\/","name":"Lajme nga Ulqini","description":"Lajme,Vijesti,Ulqini,Ulqin,Crna Gora,Mali i Zi","potentialAction":[{"@type":"SearchAction","target":{"@type":"EntryPoint","urlTemplate":"https:\/\/www.visit-ulcinj.com\/blog\/?s={search_term_string}"},"query-input":"required name=search_term_string"}],"inLanguage":"en-US"},{"@type":"ImageObject","inLanguage":"en-US","@id":"https:\/\/www.visit-ulcinj.com\/blog\/2009\/03\/29\/mali-i-zi-zhvillon-sot-zgjedhjet-parlamentare\/#primaryimage","url":"https:\/\/www.visit-ulcinj.com\/blog\/wp-content\/uploads\/2009\/03\/karta-votuese-ne-mal-te-zi.jpg","contentUrl":"https:\/\/www.visit-ulcinj.com\/blog\/wp-content\/uploads\/2009\/03\/karta-votuese-ne-mal-te-zi.jpg","width":"500","height":"343"},{"@type":"WebPage","@id":"https:\/\/www.visit-ulcinj.com\/blog\/2009\/03\/29\/mali-i-zi-zhvillon-sot-zgjedhjet-parlamentare\/#webpage","url":"https:\/\/www.visit-ulcinj.com\/blog\/2009\/03\/29\/mali-i-zi-zhvillon-sot-zgjedhjet-parlamentare\/","name":"Mali i zi, zhvillon sot zgjedhjet parlamentare - Lajme nga Ulqini","isPartOf":{"@id":"https:\/\/www.visit-ulcinj.com\/blog\/#website"},"primaryImageOfPage":{"@id":"https:\/\/www.visit-ulcinj.com\/blog\/2009\/03\/29\/mali-i-zi-zhvillon-sot-zgjedhjet-parlamentare\/#primaryimage"},"datePublished":"2009-03-29T11:28:37+00:00","dateModified":"2009-03-29T11:37:33+00:00","author":{"@id":"https:\/\/www.visit-ulcinj.com\/blog\/#\/schema\/person\/dcab619c614d3038751c63bc2aadc06d"},"description":"P\u00ebr\u00e7arja e spektrit politik shqiptar pritet t\u00eb ndikoj\u00eb negativisht n\u00eb p\u00ebrfaq\u00ebsimin e tyre n\u00eb parlament. Analist\u00ebt thon\u00eb se fitoren pritet t\u00eb siguroj\u00eb","breadcrumb":{"@id":"https:\/\/www.visit-ulcinj.com\/blog\/2009\/03\/29\/mali-i-zi-zhvillon-sot-zgjedhjet-parlamentare\/#breadcrumb"},"inLanguage":"en-US","potentialAction":[{"@type":"ReadAction","target":["https:\/\/www.visit-ulcinj.com\/blog\/2009\/03\/29\/mali-i-zi-zhvillon-sot-zgjedhjet-parlamentare\/"]}]},{"@type":"BreadcrumbList","@id":"https:\/\/www.visit-ulcinj.com\/blog\/2009\/03\/29\/mali-i-zi-zhvillon-sot-zgjedhjet-parlamentare\/#breadcrumb","itemListElement":[{"@type":"ListItem","position":1,"name":"Mali i zi, zhvillon sot zgjedhjet parlamentare"}]},{"@type":"Person","@id":"https:\/\/www.visit-ulcinj.com\/blog\/#\/schema\/person\/dcab619c614d3038751c63bc2aadc06d","name":"ulqini","sameAs":["http:\/\/www.visit-ulcinj.com"],"url":"https:\/\/www.visit-ulcinj.com\/blog\/author\/admin\/"}]}},"jetpack_featured_media_url":"","jetpack_sharing_enabled":true,"jetpack_shortlink":"https:\/\/wp.me\/pe6lTn-4cj","_links":{"self":[{"href":"https:\/\/www.visit-ulcinj.com\/blog\/wp-json\/wp\/v2\/posts\/16139"}],"collection":[{"href":"https:\/\/www.visit-ulcinj.com\/blog\/wp-json\/wp\/v2\/posts"}],"about":[{"href":"https:\/\/www.visit-ulcinj.com\/blog\/wp-json\/wp\/v2\/types\/post"}],"author":[{"embeddable":true,"href":"https:\/\/www.visit-ulcinj.com\/blog\/wp-json\/wp\/v2\/users\/1"}],"replies":[{"embeddable":true,"href":"https:\/\/www.visit-ulcinj.com\/blog\/wp-json\/wp\/v2\/comments?post=16139"}],"version-history":[{"count":0,"href":"https:\/\/www.visit-ulcinj.com\/blog\/wp-json\/wp\/v2\/posts\/16139\/revisions"}],"wp:attachment":[{"href":"https:\/\/www.visit-ulcinj.com\/blog\/wp-json\/wp\/v2\/media?parent=16139"}],"wp:term":[{"taxonomy":"category","embeddable":true,"href":"https:\/\/www.visit-ulcinj.com\/blog\/wp-json\/wp\/v2\/categories?post=16139"},{"taxonomy":"post_tag","embeddable":true,"href":"https:\/\/www.visit-ulcinj.com\/blog\/wp-json\/wp\/v2\/tags?post=16139"}],"curies":[{"name":"wp","href":"https:\/\/api.w.org\/{rel}","templated":true}]}}