{"id":16166,"date":"2009-03-29T14:44:43","date_gmt":"2009-03-29T13:44:43","guid":{"rendered":"http:\/\/www.visit-ulcinj.com\/blog\/?p=16166"},"modified":"2009-03-29T14:47:58","modified_gmt":"2009-03-29T13:47:58","slug":"ani-i-big-brother-dashuria-e-ndaluar-dhe-lidhja-me-ciljeten","status":"publish","type":"post","link":"https:\/\/www.visit-ulcinj.com\/blog\/2009\/03\/29\/ani-i-big-brother-dashuria-e-ndaluar-dhe-lidhja-me-ciljeten\/","title":{"rendered":"Ani i Big Brother, dashuria e ndaluar dhe lidhja me \u00c7iljet\u00ebn"},"content":{"rendered":"<p>\u00a0<a href=\"http:\/\/www.visit-ulcinj.com\/blog\/wp-content\/uploads\/2009\/03\/ciljata-dhe-ani-i-bb.jpg\"><img loading=\"lazy\" class=\"alignleft size-full wp-image-16165\" title=\"ciljata-dhe-ani-i-bb-big-brotjer-albania-2-live\" src=\"http:\/\/www.visit-ulcinj.com\/blog\/wp-content\/uploads\/2009\/03\/ciljata-dhe-ani-i-bb.jpg\" alt=\"ciljata-dhe-ani-i-bb-big-brotjer-albania-2-live\" width=\"585\" height=\"400\" \/><\/a>ELBASAN &#8211; Antonini, banori m\u00eb i ri i Big Brother-it, ka t\u00ebrhequr v\u00ebmendjen jo vet\u00ebm me statur\u00ebn e tij t\u00eb shkurt\u00ebr, defekt qysh n\u00eb lindje, pas s\u00ebmundjes s\u00eb rubeol\u00ebs q\u00eb n\u00ebna e tij ka kaluar n\u00eb shtatz\u00ebni, por edhe p\u00ebr faktin se vjen nga nj\u00eb fshat i larg\u00ebt, i quajtur Xibrak\u00eb, disa kilometra larg fshatit Shal\u00ebs. Q\u00eb t\u00eb shkosh n\u00eb sht\u00ebpin\u00eb e Anit, si\u00e7 edhe t\u00eb gjith\u00eb e th\u00ebrrasin shkurt, do t\u00eb duhet nj\u00eb mjet i fuqish\u00ebm, pasi gropat dhe balta e madhe jan\u00eb t\u00eb pap\u00ebrballueshme nga \u00e7do lloj mjeti. Rruga e keqe sfumohet nga dashamir\u00ebsia e banor\u00ebve, t\u00eb cil\u00ebt sapo e marrin vesh se jemi duke k\u00ebrkuar sht\u00ebpin\u00eb e banorit m\u00eb t\u00eb ri t\u00eb show-t televiziv. Ata thon\u00eb se jan\u00eb shum\u00eb t\u00eb k\u00ebnaqur q\u00eb Ani ka hyr\u00eb atje dhe q\u00eb i p\u00ebrfaq\u00ebson si zon\u00eb. T\u00eb gjith\u00eb e ndjekin dhe jan\u00eb b\u00ebr\u00eb tifoz\u00eb t\u00eb zjarrt\u00eb t\u00eb tij. Ata thon\u00eb se fshati i tyre do t\u00eb b\u00ebhet i famsh\u00ebm dhe ndoshta do t\u2019i b\u00ebjn\u00eb edhe rrug\u00ebn, e cila \u00ebsht\u00eb nj\u00eb problem i madh p\u00ebr ta.<br \/>\nMikpritja \u00ebsht\u00eb edhe cil\u00ebsia kryesore e familjes s\u00eb Anit. Babai, Bashkimi, megjith\u00ebse ka kaluar probleme sh\u00ebndet\u00ebsore dhe paraqet nj\u00eb gjendje delikate, nxiton t\u00eb tregoj\u00eb gjith\u00e7ka p\u00ebr t\u00eb birin, qysh nga lindja e deri n\u00eb momentin e hyrjes n\u00eb Big Brother.<br \/>\n\u201cDjali im nuk e ka t\u00eb trash\u00ebguar t\u00eb qen\u00ebt xhuxh, por, n\u00eb shtatz\u00ebni, gruaja ime, Han\u00e7ja, u s\u00ebmur nga rubeola dhe nuk kishte asnj\u00eb mund\u00ebsi p\u00ebr abort, pasi ishte von\u00eb. Ne prit\u00ebm derisa lindi dhe madje i b\u00ebm\u00eb t\u00eb gjith\u00eb analizat, sepse na than\u00eb se mund t\u00eb kishte probleme t\u00eb shkaktuara nga s\u00ebmundja gjat\u00eb shtatz\u00ebnis\u00eb. Lindi i shkurt\u00ebr fare, me pesh\u00eb 1.700 gram. M\u00eb ka ndihmuar Asqeri Kuqja, mjek n\u00eb Belsh, nga ku e mor\u00ebm f\u00ebmij\u00ebn dhe e \u00e7uam tek specialist\u00ebt m\u00eb t\u00eb mir\u00eb n\u00eb Tiran\u00eb. Nj\u00eb mjek i njohur, q\u00eb nuk ia mbaj mend emrin, m\u00eb tha se djali do t\u00eb kishte vet\u00ebm probleme n\u00eb rritje dhe nuk do t\u00eb kishte asnj\u00eb problem sh\u00ebndet\u00ebsor apo mendor. Kockat e gjymtyr\u00ebve, sipas mjekut, nuk do t\u00eb zhvilloheshin. Kur ka qen\u00eb i vog\u00ebl, Ani ka pasur probleme sh\u00ebndet\u00ebsore. M\u00eb pas gjith\u00e7ka shkoi mir\u00eb nga ana e sh\u00ebndetit por gjymtyr\u00ebt nuk iu rrit\u00ebn. Un\u00eb e kam mbajtur af\u00ebr gjithmon\u00eb. Shpesh, kur dilnim n\u00eb qytet apo edhe n\u00eb vende t\u00eb tjera, njer\u00ebzit e shikonin dhe ai e kishte mjaft problem k\u00ebt\u00eb. Ndihej n\u00eb siklet, por m\u00eb pas filloi t\u00eb m\u00ebsohej. E mb\u00ebshtet\u00ebm p\u00ebr t\u00eb vazhduar shkoll\u00ebn e mesme n\u00eb Belsh dhe fillimisht e kishte t\u00eb v\u00ebshtir\u00eb. Fal\u00ebnderoj t\u00eb gjith\u00eb m\u00ebsuesit dhe nx\u00ebn\u00ebsit e shkoll\u00ebs s\u00eb mesme, pasi u kujdes\u00ebn mjaft dhe e afruan, duke e b\u00ebr\u00eb t\u00eb ndihet nj\u00ebri prej tyre. Ani ka shum\u00eb shoq\u00ebri dhe \u00ebsht\u00eb nj\u00eb prej njer\u00ebzve m\u00eb t\u00eb dashur dhe t\u00eb sinqert\u00eb q\u00eb mund t\u00eb njihni. M\u00eb pas, Bashkim Hysa, njeriu tek i cili punon Ani, duke shitur kaseta e disqe, e ka marr\u00eb dhe i ka dh\u00ebn\u00eb shum\u00eb besim, duke e pun\u00ebsuar si dixhej n\u00ebp\u00ebr dasma. Ikte n\u00eb 6 nga sht\u00ebpia dhe vinte n\u00eb mbr\u00ebmje.<br \/>\nKa d\u00ebshir\u00eb t\u00eb b\u00ebj\u00eb sht\u00ebpi t\u00eb reja. Na ka ndihmuar shum\u00eb. Parat\u00eb e rrog\u00ebs q\u00eb fitonte Ani, i dor\u00ebzonte n\u00eb sht\u00ebpi dhe babai i jepte pjes\u00ebn q\u00eb i duhej p\u00ebr t\u00eb shkuar n\u00eb pun\u00eb, p\u00ebr ushqim e p\u00ebr kafe\u201d.<\/p>\n<p><strong>Lidhja me Ol\u00ebn dhe m\u00eb pas ndarja<\/strong><\/p>\n<p>Kunata e tij, Bukuria, tregon mbi lidhjen e Anit. Ajo thot\u00eb se ai hapej shum\u00eb me t\u00eb. \u201cOl\u00ebn e kishte njohur n\u00eb nj\u00eb dasm\u00eb n\u00eb Lushnj\u00eb, tek gjyshja e saj, ku Ani kishte shkuar si dixhej. Flisnin bashk\u00eb, kishin nd\u00ebrruar numrat e telefonit. Ani e kishte ftuar vajz\u00ebn, e cila vjet ishte n\u00eb vitin e dyt\u00eb gjimnaz, n\u00eb nj\u00eb mbr\u00ebmje mature n\u00eb Belsh, ku ai ishte i ftuar si dixhej. Ola ka ardhur n\u00eb Belsh, ka festuar me Anin at\u00eb nat\u00eb dhe, n\u00eb m\u00ebngjes, Ani e ka sjell\u00eb n\u00eb sht\u00ebpi, ku ajo ka takuar prind\u00ebrit. Vajza ishte normale dhe dukej mjaft e mir\u00eb. Madje, ajo thoshte se e donte Anin dhe se nuk e kishte problem se ai ishte me k\u00ebt\u00eb lloj gjat\u00ebsie. Ne i tham\u00eb sesi kishte ardhur problemi i Anit me s\u00ebmundjen nga lindja dhe se kjo nuk ishte e trash\u00ebgueshme. Familja e ka mir\u00ebpritur k\u00ebt\u00eb lidhje dhe ne e kemi mb\u00ebshtetur, por me kalimin e dit\u00ebve, kontaktet u rralluan dhe komunikimi mes Ol\u00ebs dhe Anit u zbeh. Deri n\u00eb tetor vazhdoi kjo situat\u00eb, por vajza vjen e takon Anin n\u00eb Elbasan dhe kalon tek sht\u00ebpia e nj\u00ebr\u00ebs prej motrave t\u00eb tij. Ajo i kishte th\u00ebn\u00eb se nuk e kan\u00eb l\u00ebn\u00eb prind\u00ebrit dhe se i kishin marr\u00eb telefonin. At\u00ebher\u00eb, ai i blen nj\u00eb celular dhe nj\u00eb kart\u00eb, q\u00eb ajo ta p\u00ebrdorte p\u00ebr t\u00eb folur me t\u00eb. Pas k\u00ebtij momenti, vazhduan telefonatat deri n\u00eb 24 dhjetor t\u00eb vitit t\u00eb kaluar, kur Ani kishte dit\u00eblindjen, mbushte 23 vje\u00e7. E priti at\u00eb dit\u00eb q\u00eb t\u00eb binte telefoni, por ai nuk ra asnj\u00ebher\u00eb dhe, nga ai moment, ai vendosi t\u00eb mos kontaktoj\u00eb m\u00eb me Ol\u00ebn.<\/p>\n<p><strong>Historia me \u00c7iljet\u00ebn<\/strong><\/p>\n<p>Jo shum\u00eb koh\u00eb m\u00eb par\u00eb, n\u00eb Belsh vjen \u00c7iljeta bashk\u00eb me k\u00ebng\u00ebtar\u00eb dhe humorist\u00eb t\u00eb tjer\u00eb. Ani nuk i humbiste leht\u00eb k\u00ebto gj\u00ebra. Shkoi n\u00eb k\u00ebt\u00eb koncert dhe atje, duke k\u00ebrcyer, \u00c7iljeta e shikon dhe e fton n\u00eb sken\u00eb. M\u00eb pas e merr dhe e sh\u00ebtit me makin\u00eb n\u00eb qytet. Aty shk\u00ebmbejn\u00eb edhe numrat e celular\u00ebve dhe Ani b\u00ebhet pjes\u00eb e nj\u00eb videoklipi t\u00eb k\u00ebng\u00ebtares. Prind\u00ebrit thon\u00eb se \u00c7iljeta e ka ndihmuar q\u00eb Ani t\u00eb shkonte n\u00eb Big Brother. Ajo e kishte numrin e telefonit t\u00eb Anit dhe ia kishte dh\u00ebn\u00eb gazetarit q\u00eb ka komunikuar me Anin. Babai i tij, Bashkimi, tregon se kur at\u00eb nat\u00eb Ani \u00ebsht\u00eb kthyer n\u00eb sht\u00ebpi, pasi i kishin propozuar t\u00eb hynte n\u00eb Big Brother, i ka th\u00ebn\u00eb se kishte nj\u00eb surpriz\u00eb. \u201cPa marr\u00eb pohimin n\u00eb sht\u00ebpi, s\u2019mund t\u00eb them asgj\u00eb\u201d,- u kishte th\u00ebn\u00eb atyre t\u00eb emisionit. \u201cVjen n\u00eb sht\u00ebpi dhe m\u00eb zgjon, pasi un\u00eb isha n\u00eb gjum\u00eb. M\u00eb thoshte se kishte nj\u00eb surpriz\u00eb. Un\u00eb ta jap\u00eb lejen q\u00eb t\u00eb hysh, por ti vendos me mendjen t\u00ebnde\u201d. T\u00eb gjith\u00eb n\u00eb sht\u00ebpin\u00eb e tij e kan\u00eb mb\u00ebshtetur dhe jan\u00eb duke e ndjekur 24 or\u00eb n\u00eb 24. Babai thot\u00eb se, deri tani, t\u00eb gjith\u00eb banor\u00ebt po sillen mir\u00eb me t\u00eb. Ai shqet\u00ebsohet se mos i b\u00ebjn\u00eb keq, pasi ai \u00ebsht\u00eb edhe mjaft i ndjesh\u00ebm dhe do t\u00eb ndihej keq n\u00ebse do t\u00eb fillojn\u00eb t\u00eb tallen e ta shajn\u00eb. Ani p\u00eblqen shum\u00eb pic\u00ebn. I p\u00eblqejn\u00eb shum\u00eb gjell\u00ebt e ndryshme dhe pasioni i tij i madh \u00ebsht\u00eb muzika dhe k\u00ebrcimi.<br \/>\nFamilja e Anit p\u00ebrb\u00ebhet nga babai Bashkimi, n\u00ebna Han\u00e7ja, v\u00ebllai Shk\u00eblqimi, kunata Bukuria dhe motrat e martuara Dhurata, Shegushi, Anila dhe Mirela. Kjo familje ka 9 nip\u00ebr e mbesa. Ani \u00ebsht\u00eb f\u00ebmija i vog\u00ebl i sht\u00ebpis\u00eb. Emrin ia ka ngjitur v\u00ebllai, Shk\u00eblqimi, pasi e kishte d\u00ebgjuar n\u00eb televizor, si personazh i nj\u00eb filmi.<\/p>\n<p><strong><em>Gazeta Shekulli<\/em><\/strong><\/p>\n","protected":false},"excerpt":{"rendered":"<p>\u00a0ELBASAN &#8211; Antonini, banori m\u00eb i ri i Big Brother-it, ka t\u00ebrhequr v\u00ebmendjen jo vet\u00ebm me statur\u00ebn e tij t\u00eb shkurt\u00ebr, defekt qysh n\u00eb lindje, pas s\u00ebmundjes s\u00eb rubeol\u00ebs q\u00eb n\u00ebna e tij ka kaluar n\u00eb shtatz\u00ebni, por edhe p\u00ebr faktin se vjen nga nj\u00eb fshat i larg\u00ebt, i quajtur Xibrak\u00eb, disa kilometra larg fshatit [&hellip;]<\/p>\n","protected":false},"author":1,"featured_media":0,"comment_status":"open","ping_status":"closed","sticky":false,"template":"","format":"standard","meta":{"spay_email":"","jetpack_publicize_message":"","jetpack_is_tweetstorm":false,"jetpack_publicize_feature_enabled":true},"categories":[6502],"tags":[8471,5057,6506,6516,6712,7129,5191,5456,8472,8470,6891,6693,6887],"jetpack_publicize_connections":[],"yoast_head":"<!-- This site is optimized with the Yoast SEO plugin v19.1 - https:\/\/yoast.com\/wordpress\/plugins\/seo\/ -->\n<title>Ani i Big Brother, dashuria e ndaluar dhe lidhja me \u00c3\u2021iljet\u00c3\u00abn | Big Brother Albania 2<\/title>\n<meta name=\"description\" content=\"Big Brother Albania 2 - ELBASAN - Antonini, banori m\u00c3\u00ab i ri i Big Brother-it, ka t\u00c3\u00abrhequr v\u00c3\u00abmendjen jo vet\u00c3\u00abm me statur\u00c3\u00abn e tij t\u00c3\u00ab shkurt\u00c3\u00abr, defekt qysh n\u00c3\u00ab lindje, pas s\u00c3\u00abmundjes s\u00c3\u00ab rubeol\u00c3\u00abs q\u00c3\u00ab n\u00c3\u00abna e tij ka kaluar n\u00c3\u00ab shtatz\u00c3\u00abni, por edhe p\u00c3\u00abr faktin se vjen nga nj\u00c3\u00ab fshat i larg\u00c3\u00abt, i quajtur Xibrak\u00c3\u00ab, disa kilometra larg fshatit Shal\u00c3\u00abs. Q\u00c3\u00ab t\u00c3\u00ab shkosh n\u00c3\u00ab sht\u00c3\u00abpin\u00c3\u00ab e Anit, si\u00c3\u00a7 edhe t\u00c3\u00ab gjith\u00c3\u00ab e th\u00c3\u00abrrasin shkurt, do t\u00c3\u00ab duhet nj\u00c3\u00ab mjet i fuqish\u00c3\u00abm, pasi gropat dhe balta e madhe jan\u00c3\u00ab t\u00c3\u00ab pap\u00c3\u00abrballueshme nga \u00c3\u00a7do lloj mjeti.\" \/>\n<meta name=\"robots\" content=\"index, follow, max-snippet:-1, max-image-preview:large, max-video-preview:-1\" \/>\n<link rel=\"canonical\" href=\"https:\/\/www.visit-ulcinj.com\/blog\/2009\/03\/29\/ani-i-big-brother-dashuria-e-ndaluar-dhe-lidhja-me-ciljeten\/\" \/>\n<meta property=\"og:locale\" content=\"en_US\" \/>\n<meta property=\"og:type\" content=\"article\" \/>\n<meta property=\"og:title\" content=\"Ani i Big Brother, dashuria e ndaluar dhe lidhja me \u00c3\u2021iljet\u00c3\u00abn | Big Brother Albania 2\" \/>\n<meta property=\"og:description\" content=\"Big Brother Albania 2 - ELBASAN - Antonini, banori m\u00c3\u00ab i ri i Big Brother-it, ka t\u00c3\u00abrhequr v\u00c3\u00abmendjen jo vet\u00c3\u00abm me statur\u00c3\u00abn e tij t\u00c3\u00ab shkurt\u00c3\u00abr, defekt qysh n\u00c3\u00ab lindje, pas s\u00c3\u00abmundjes s\u00c3\u00ab rubeol\u00c3\u00abs q\u00c3\u00ab n\u00c3\u00abna e tij ka kaluar n\u00c3\u00ab shtatz\u00c3\u00abni, por edhe p\u00c3\u00abr faktin se vjen nga nj\u00c3\u00ab fshat i larg\u00c3\u00abt, i quajtur Xibrak\u00c3\u00ab, disa kilometra larg fshatit Shal\u00c3\u00abs. Q\u00c3\u00ab t\u00c3\u00ab shkosh n\u00c3\u00ab sht\u00c3\u00abpin\u00c3\u00ab e Anit, si\u00c3\u00a7 edhe t\u00c3\u00ab gjith\u00c3\u00ab e th\u00c3\u00abrrasin shkurt, do t\u00c3\u00ab duhet nj\u00c3\u00ab mjet i fuqish\u00c3\u00abm, pasi gropat dhe balta e madhe jan\u00c3\u00ab t\u00c3\u00ab pap\u00c3\u00abrballueshme nga \u00c3\u00a7do lloj mjeti.\" \/>\n<meta property=\"og:url\" content=\"https:\/\/www.visit-ulcinj.com\/blog\/2009\/03\/29\/ani-i-big-brother-dashuria-e-ndaluar-dhe-lidhja-me-ciljeten\/\" \/>\n<meta property=\"og:site_name\" content=\"Lajme nga Ulqini\" \/>\n<meta property=\"article:published_time\" content=\"2009-03-29T13:44:43+00:00\" \/>\n<meta property=\"article:modified_time\" content=\"2009-03-29T13:47:58+00:00\" \/>\n<meta property=\"og:image\" content=\"http:\/\/www.visit-ulcinj.com\/blog\/wp-content\/uploads\/2009\/03\/ciljata-dhe-ani-i-bb.jpg\" \/>\n<meta name=\"twitter:label1\" content=\"Written by\" \/>\n\t<meta name=\"twitter:data1\" content=\"ulqini\" \/>\n\t<meta name=\"twitter:label2\" content=\"Est. reading time\" \/>\n\t<meta name=\"twitter:data2\" content=\"6 minutes\" \/>\n<script type=\"application\/ld+json\" class=\"yoast-schema-graph\">{\"@context\":\"https:\/\/schema.org\",\"@graph\":[{\"@type\":\"WebSite\",\"@id\":\"https:\/\/www.visit-ulcinj.com\/blog\/#website\",\"url\":\"https:\/\/www.visit-ulcinj.com\/blog\/\",\"name\":\"Lajme nga Ulqini\",\"description\":\"Lajme,Vijesti,Ulqini,Ulqin,Crna Gora,Mali i Zi\",\"potentialAction\":[{\"@type\":\"SearchAction\",\"target\":{\"@type\":\"EntryPoint\",\"urlTemplate\":\"https:\/\/www.visit-ulcinj.com\/blog\/?s={search_term_string}\"},\"query-input\":\"required name=search_term_string\"}],\"inLanguage\":\"en-US\"},{\"@type\":\"ImageObject\",\"inLanguage\":\"en-US\",\"@id\":\"https:\/\/www.visit-ulcinj.com\/blog\/2009\/03\/29\/ani-i-big-brother-dashuria-e-ndaluar-dhe-lidhja-me-ciljeten\/#primaryimage\",\"url\":\"http:\/\/www.visit-ulcinj.com\/blog\/wp-content\/uploads\/2009\/03\/ciljata-dhe-ani-i-bb.jpg\",\"contentUrl\":\"http:\/\/www.visit-ulcinj.com\/blog\/wp-content\/uploads\/2009\/03\/ciljata-dhe-ani-i-bb.jpg\"},{\"@type\":\"WebPage\",\"@id\":\"https:\/\/www.visit-ulcinj.com\/blog\/2009\/03\/29\/ani-i-big-brother-dashuria-e-ndaluar-dhe-lidhja-me-ciljeten\/#webpage\",\"url\":\"https:\/\/www.visit-ulcinj.com\/blog\/2009\/03\/29\/ani-i-big-brother-dashuria-e-ndaluar-dhe-lidhja-me-ciljeten\/\",\"name\":\"Ani i Big Brother, dashuria e ndaluar dhe lidhja me \u00c3\u2021iljet\u00c3\u00abn | Big Brother Albania 2\",\"isPartOf\":{\"@id\":\"https:\/\/www.visit-ulcinj.com\/blog\/#website\"},\"primaryImageOfPage\":{\"@id\":\"https:\/\/www.visit-ulcinj.com\/blog\/2009\/03\/29\/ani-i-big-brother-dashuria-e-ndaluar-dhe-lidhja-me-ciljeten\/#primaryimage\"},\"datePublished\":\"2009-03-29T13:44:43+00:00\",\"dateModified\":\"2009-03-29T13:47:58+00:00\",\"author\":{\"@id\":\"https:\/\/www.visit-ulcinj.com\/blog\/#\/schema\/person\/dcab619c614d3038751c63bc2aadc06d\"},\"description\":\"Big Brother Albania 2 - ELBASAN - Antonini, banori m\u00c3\u00ab i ri i Big Brother-it, ka t\u00c3\u00abrhequr v\u00c3\u00abmendjen jo vet\u00c3\u00abm me statur\u00c3\u00abn e tij t\u00c3\u00ab shkurt\u00c3\u00abr, defekt qysh n\u00c3\u00ab lindje, pas s\u00c3\u00abmundjes s\u00c3\u00ab rubeol\u00c3\u00abs q\u00c3\u00ab n\u00c3\u00abna e tij ka kaluar n\u00c3\u00ab shtatz\u00c3\u00abni, por edhe p\u00c3\u00abr faktin se vjen nga nj\u00c3\u00ab fshat i larg\u00c3\u00abt, i quajtur Xibrak\u00c3\u00ab, disa kilometra larg fshatit Shal\u00c3\u00abs. Q\u00c3\u00ab t\u00c3\u00ab shkosh n\u00c3\u00ab sht\u00c3\u00abpin\u00c3\u00ab e Anit, si\u00c3\u00a7 edhe t\u00c3\u00ab gjith\u00c3\u00ab e th\u00c3\u00abrrasin shkurt, do t\u00c3\u00ab duhet nj\u00c3\u00ab mjet i fuqish\u00c3\u00abm, pasi gropat dhe balta e madhe jan\u00c3\u00ab t\u00c3\u00ab pap\u00c3\u00abrballueshme nga \u00c3\u00a7do lloj mjeti.\",\"breadcrumb\":{\"@id\":\"https:\/\/www.visit-ulcinj.com\/blog\/2009\/03\/29\/ani-i-big-brother-dashuria-e-ndaluar-dhe-lidhja-me-ciljeten\/#breadcrumb\"},\"inLanguage\":\"en-US\",\"potentialAction\":[{\"@type\":\"ReadAction\",\"target\":[\"https:\/\/www.visit-ulcinj.com\/blog\/2009\/03\/29\/ani-i-big-brother-dashuria-e-ndaluar-dhe-lidhja-me-ciljeten\/\"]}]},{\"@type\":\"BreadcrumbList\",\"@id\":\"https:\/\/www.visit-ulcinj.com\/blog\/2009\/03\/29\/ani-i-big-brother-dashuria-e-ndaluar-dhe-lidhja-me-ciljeten\/#breadcrumb\",\"itemListElement\":[{\"@type\":\"ListItem\",\"position\":1,\"name\":\"Ani i Big Brother, dashuria e ndaluar dhe lidhja me \u00c7iljet\u00ebn\"}]},{\"@type\":\"Person\",\"@id\":\"https:\/\/www.visit-ulcinj.com\/blog\/#\/schema\/person\/dcab619c614d3038751c63bc2aadc06d\",\"name\":\"ulqini\",\"sameAs\":[\"http:\/\/www.visit-ulcinj.com\"],\"url\":\"https:\/\/www.visit-ulcinj.com\/blog\/author\/admin\/\"}]}<\/script>\n<!-- \/ Yoast SEO plugin. -->","yoast_head_json":{"title":"Ani i Big Brother, dashuria e ndaluar dhe lidhja me \u00c3\u2021iljet\u00c3\u00abn | Big Brother Albania 2","description":"Big Brother Albania 2 - ELBASAN - Antonini, banori m\u00c3\u00ab i ri i Big Brother-it, ka t\u00c3\u00abrhequr v\u00c3\u00abmendjen jo vet\u00c3\u00abm me statur\u00c3\u00abn e tij t\u00c3\u00ab shkurt\u00c3\u00abr, defekt qysh n\u00c3\u00ab lindje, pas s\u00c3\u00abmundjes s\u00c3\u00ab rubeol\u00c3\u00abs q\u00c3\u00ab n\u00c3\u00abna e tij ka kaluar n\u00c3\u00ab shtatz\u00c3\u00abni, por edhe p\u00c3\u00abr faktin se vjen nga nj\u00c3\u00ab fshat i larg\u00c3\u00abt, i quajtur Xibrak\u00c3\u00ab, disa kilometra larg fshatit Shal\u00c3\u00abs. Q\u00c3\u00ab t\u00c3\u00ab shkosh n\u00c3\u00ab sht\u00c3\u00abpin\u00c3\u00ab e Anit, si\u00c3\u00a7 edhe t\u00c3\u00ab gjith\u00c3\u00ab e th\u00c3\u00abrrasin shkurt, do t\u00c3\u00ab duhet nj\u00c3\u00ab mjet i fuqish\u00c3\u00abm, pasi gropat dhe balta e madhe jan\u00c3\u00ab t\u00c3\u00ab pap\u00c3\u00abrballueshme nga \u00c3\u00a7do lloj mjeti.","robots":{"index":"index","follow":"follow","max-snippet":"max-snippet:-1","max-image-preview":"max-image-preview:large","max-video-preview":"max-video-preview:-1"},"canonical":"https:\/\/www.visit-ulcinj.com\/blog\/2009\/03\/29\/ani-i-big-brother-dashuria-e-ndaluar-dhe-lidhja-me-ciljeten\/","og_locale":"en_US","og_type":"article","og_title":"Ani i Big Brother, dashuria e ndaluar dhe lidhja me \u00c3\u2021iljet\u00c3\u00abn | Big Brother Albania 2","og_description":"Big Brother Albania 2 - ELBASAN - Antonini, banori m\u00c3\u00ab i ri i Big Brother-it, ka t\u00c3\u00abrhequr v\u00c3\u00abmendjen jo vet\u00c3\u00abm me statur\u00c3\u00abn e tij t\u00c3\u00ab shkurt\u00c3\u00abr, defekt qysh n\u00c3\u00ab lindje, pas s\u00c3\u00abmundjes s\u00c3\u00ab rubeol\u00c3\u00abs q\u00c3\u00ab n\u00c3\u00abna e tij ka kaluar n\u00c3\u00ab shtatz\u00c3\u00abni, por edhe p\u00c3\u00abr faktin se vjen nga nj\u00c3\u00ab fshat i larg\u00c3\u00abt, i quajtur Xibrak\u00c3\u00ab, disa kilometra larg fshatit Shal\u00c3\u00abs. Q\u00c3\u00ab t\u00c3\u00ab shkosh n\u00c3\u00ab sht\u00c3\u00abpin\u00c3\u00ab e Anit, si\u00c3\u00a7 edhe t\u00c3\u00ab gjith\u00c3\u00ab e th\u00c3\u00abrrasin shkurt, do t\u00c3\u00ab duhet nj\u00c3\u00ab mjet i fuqish\u00c3\u00abm, pasi gropat dhe balta e madhe jan\u00c3\u00ab t\u00c3\u00ab pap\u00c3\u00abrballueshme nga \u00c3\u00a7do lloj mjeti.","og_url":"https:\/\/www.visit-ulcinj.com\/blog\/2009\/03\/29\/ani-i-big-brother-dashuria-e-ndaluar-dhe-lidhja-me-ciljeten\/","og_site_name":"Lajme nga Ulqini","article_published_time":"2009-03-29T13:44:43+00:00","article_modified_time":"2009-03-29T13:47:58+00:00","og_image":[{"url":"http:\/\/www.visit-ulcinj.com\/blog\/wp-content\/uploads\/2009\/03\/ciljata-dhe-ani-i-bb.jpg"}],"twitter_misc":{"Written by":"ulqini","Est. reading time":"6 minutes"},"schema":{"@context":"https:\/\/schema.org","@graph":[{"@type":"WebSite","@id":"https:\/\/www.visit-ulcinj.com\/blog\/#website","url":"https:\/\/www.visit-ulcinj.com\/blog\/","name":"Lajme nga Ulqini","description":"Lajme,Vijesti,Ulqini,Ulqin,Crna Gora,Mali i Zi","potentialAction":[{"@type":"SearchAction","target":{"@type":"EntryPoint","urlTemplate":"https:\/\/www.visit-ulcinj.com\/blog\/?s={search_term_string}"},"query-input":"required name=search_term_string"}],"inLanguage":"en-US"},{"@type":"ImageObject","inLanguage":"en-US","@id":"https:\/\/www.visit-ulcinj.com\/blog\/2009\/03\/29\/ani-i-big-brother-dashuria-e-ndaluar-dhe-lidhja-me-ciljeten\/#primaryimage","url":"http:\/\/www.visit-ulcinj.com\/blog\/wp-content\/uploads\/2009\/03\/ciljata-dhe-ani-i-bb.jpg","contentUrl":"http:\/\/www.visit-ulcinj.com\/blog\/wp-content\/uploads\/2009\/03\/ciljata-dhe-ani-i-bb.jpg"},{"@type":"WebPage","@id":"https:\/\/www.visit-ulcinj.com\/blog\/2009\/03\/29\/ani-i-big-brother-dashuria-e-ndaluar-dhe-lidhja-me-ciljeten\/#webpage","url":"https:\/\/www.visit-ulcinj.com\/blog\/2009\/03\/29\/ani-i-big-brother-dashuria-e-ndaluar-dhe-lidhja-me-ciljeten\/","name":"Ani i Big Brother, dashuria e ndaluar dhe lidhja me \u00c3\u2021iljet\u00c3\u00abn | Big Brother Albania 2","isPartOf":{"@id":"https:\/\/www.visit-ulcinj.com\/blog\/#website"},"primaryImageOfPage":{"@id":"https:\/\/www.visit-ulcinj.com\/blog\/2009\/03\/29\/ani-i-big-brother-dashuria-e-ndaluar-dhe-lidhja-me-ciljeten\/#primaryimage"},"datePublished":"2009-03-29T13:44:43+00:00","dateModified":"2009-03-29T13:47:58+00:00","author":{"@id":"https:\/\/www.visit-ulcinj.com\/blog\/#\/schema\/person\/dcab619c614d3038751c63bc2aadc06d"},"description":"Big Brother Albania 2 - ELBASAN - Antonini, banori m\u00c3\u00ab i ri i Big Brother-it, ka t\u00c3\u00abrhequr v\u00c3\u00abmendjen jo vet\u00c3\u00abm me statur\u00c3\u00abn e tij t\u00c3\u00ab shkurt\u00c3\u00abr, defekt qysh n\u00c3\u00ab lindje, pas s\u00c3\u00abmundjes s\u00c3\u00ab rubeol\u00c3\u00abs q\u00c3\u00ab n\u00c3\u00abna e tij ka kaluar n\u00c3\u00ab shtatz\u00c3\u00abni, por edhe p\u00c3\u00abr faktin se vjen nga nj\u00c3\u00ab fshat i larg\u00c3\u00abt, i quajtur Xibrak\u00c3\u00ab, disa kilometra larg fshatit Shal\u00c3\u00abs. Q\u00c3\u00ab t\u00c3\u00ab shkosh n\u00c3\u00ab sht\u00c3\u00abpin\u00c3\u00ab e Anit, si\u00c3\u00a7 edhe t\u00c3\u00ab gjith\u00c3\u00ab e th\u00c3\u00abrrasin shkurt, do t\u00c3\u00ab duhet nj\u00c3\u00ab mjet i fuqish\u00c3\u00abm, pasi gropat dhe balta e madhe jan\u00c3\u00ab t\u00c3\u00ab pap\u00c3\u00abrballueshme nga \u00c3\u00a7do lloj mjeti.","breadcrumb":{"@id":"https:\/\/www.visit-ulcinj.com\/blog\/2009\/03\/29\/ani-i-big-brother-dashuria-e-ndaluar-dhe-lidhja-me-ciljeten\/#breadcrumb"},"inLanguage":"en-US","potentialAction":[{"@type":"ReadAction","target":["https:\/\/www.visit-ulcinj.com\/blog\/2009\/03\/29\/ani-i-big-brother-dashuria-e-ndaluar-dhe-lidhja-me-ciljeten\/"]}]},{"@type":"BreadcrumbList","@id":"https:\/\/www.visit-ulcinj.com\/blog\/2009\/03\/29\/ani-i-big-brother-dashuria-e-ndaluar-dhe-lidhja-me-ciljeten\/#breadcrumb","itemListElement":[{"@type":"ListItem","position":1,"name":"Ani i Big Brother, dashuria e ndaluar dhe lidhja me \u00c7iljet\u00ebn"}]},{"@type":"Person","@id":"https:\/\/www.visit-ulcinj.com\/blog\/#\/schema\/person\/dcab619c614d3038751c63bc2aadc06d","name":"ulqini","sameAs":["http:\/\/www.visit-ulcinj.com"],"url":"https:\/\/www.visit-ulcinj.com\/blog\/author\/admin\/"}]}},"jetpack_featured_media_url":"","jetpack_sharing_enabled":true,"jetpack_shortlink":"https:\/\/wp.me\/pe6lTn-4cK","_links":{"self":[{"href":"https:\/\/www.visit-ulcinj.com\/blog\/wp-json\/wp\/v2\/posts\/16166"}],"collection":[{"href":"https:\/\/www.visit-ulcinj.com\/blog\/wp-json\/wp\/v2\/posts"}],"about":[{"href":"https:\/\/www.visit-ulcinj.com\/blog\/wp-json\/wp\/v2\/types\/post"}],"author":[{"embeddable":true,"href":"https:\/\/www.visit-ulcinj.com\/blog\/wp-json\/wp\/v2\/users\/1"}],"replies":[{"embeddable":true,"href":"https:\/\/www.visit-ulcinj.com\/blog\/wp-json\/wp\/v2\/comments?post=16166"}],"version-history":[{"count":0,"href":"https:\/\/www.visit-ulcinj.com\/blog\/wp-json\/wp\/v2\/posts\/16166\/revisions"}],"wp:attachment":[{"href":"https:\/\/www.visit-ulcinj.com\/blog\/wp-json\/wp\/v2\/media?parent=16166"}],"wp:term":[{"taxonomy":"category","embeddable":true,"href":"https:\/\/www.visit-ulcinj.com\/blog\/wp-json\/wp\/v2\/categories?post=16166"},{"taxonomy":"post_tag","embeddable":true,"href":"https:\/\/www.visit-ulcinj.com\/blog\/wp-json\/wp\/v2\/tags?post=16166"}],"curies":[{"name":"wp","href":"https:\/\/api.w.org\/{rel}","templated":true}]}}