{"id":16170,"date":"2009-03-29T15:09:54","date_gmt":"2009-03-29T14:09:54","guid":{"rendered":"http:\/\/www.visit-ulcinj.com\/blog\/?p=16170"},"modified":"2009-03-29T15:11:48","modified_gmt":"2009-03-29T14:11:48","slug":"vanredno-obavjestenje-za-novinare-1415h","status":"publish","type":"post","link":"https:\/\/www.visit-ulcinj.com\/blog\/2009\/03\/29\/vanredno-obavjestenje-za-novinare-1415h\/","title":{"rendered":"Parlamentarnih izbori Crne Gore 2009 Online"},"content":{"rendered":"<p style=\"text-align: justify;\"><strong><a href=\"http:\/\/www.izbori2009.me\/\" target=\"_blank\"><img loading=\"lazy\" class=\"alignleft size-full wp-image-16171\" title=\"cemi_logo\" src=\"http:\/\/www.visit-ulcinj.com\/blog\/wp-content\/uploads\/2009\/03\/cemi_logo.jpg\" alt=\"cemi_logo\" width=\"570\" height=\"307\" \/><\/a><a href=\"http:\/\/www.izbori2009.me\/\" target=\"_blank\">Nepravilnosti<\/a><a href=\"http:\/\/www.izbori2009.me\/\" target=\"_blank\">: http:\/\/www.izbori2009.me\/<\/a><br \/>\n<\/strong><\/p>\n<p><strong>Podgorica, BM    br. 15. i 15a &#8211; 12:00 &#8211; Povreda bira?kog prava<\/strong> &#8211; Prema pritu\u017ebi    dostavljenoj od strane PzP-a na ovom bira?kom mjestu do\u0161lo je do incidenta.    Na predsjednika PzP-a, Neboj\u0161u Medojevi?a, u 12h na bira?kom mjestu <strong> 15 A &#8211; JU O\u0160 Maksim Gorki, <\/strong>prilikom glasanja<strong>,<\/strong> ?lan bira?kog    odbora sa bira?kog mjesta <strong>15 JU O\u0160 Maksim Gorki, Nikola Jovovi? <\/strong> je<strong> <\/strong>verbalno i fizi?ki nasrnuo na predsjednika PzP-a. Apelujemo na dr\u017eavne organe da urade sve kako bi se obezbijedila regularnost izbora i preduprijedili pritisci na strana?ke lidere i \u0161tabove i obezbijede im fizi?ku sigurnost..<\/p>\n<p style=\"text-align: justify;\">\n<p><strong>Podgorica, Tuzi,    BM br.129. &#8211; 13:47 &#8211;<\/strong> <strong>Kr\u0161enje procedure glasanja\u00a0 &#8211; <\/strong> Na ovom bira?kom mjestu do\u0161lo je do grubog kr\u0161enja procedure glasanja. Naime, vi\u0161e bira?a je pristupilo glasanju bez predhodne provjere opti?kim ?ita?em spreja. Istovremeno, prilikom glasanja nije kori\u0161teno nevidljivo mastilo &#8211; sprej. Sa istog bira?kog mjesta su stigle pritu\u017ebe, prene\u0161ene od posmatra?a CEMI-ja, da ?lanovima bira?kog odbora Nove srpske demokratije i SNP-a nije omogu?en uvid u bira?ki spisak.<\/p>\n<p style=\"text-align: justify;\">\n<p><strong>Ulcinj, BM br.<\/strong> <strong> 37. &#8211; 13:44 &#8211; Kr\u0161enje procedure glasanja\u00a0 &#8211; <\/strong> Na ovom bira?kom mjestu su se u vi\u0161e navrata koristili mobilni telefoni.<\/p>\n<p style=\"text-align: justify;\">\n<p>Ovim putem, pozivamo medije, koji su snimili nepravilnost na bira?kom mjestu br.15 i 15a, u 12.00h &#8211; Povreda bira?kog prava, u slu?aju predsjednika PzP-a Neboj\u0161e Medojevi?a, da istu objave neposredno nakon okon?anja perioda izborne \u0161utnje.<\/p>\n<p><strong>LINK ONLINE:<\/strong><\/p>\n<p><a href=\"http:\/\/www.izbori2009.me\/\" target=\"_blank\"><strong>http:\/\/www.izbori2009.me\/<\/strong><\/a><\/p>\n","protected":false},"excerpt":{"rendered":"<p>Nepravilnosti: http:\/\/www.izbori2009.me\/ Podgorica, BM br. 15. i 15a &#8211; 12:00 &#8211; Povreda bira?kog prava &#8211; Prema pritu\u017ebi dostavljenoj od strane PzP-a na ovom bira?kom mjestu do\u0161lo je do incidenta. Na predsjednika PzP-a, Neboj\u0161u Medojevi?a, u 12h na bira?kom mjestu 15 A &#8211; JU O\u0160 Maksim Gorki, prilikom glasanja, ?lan bira?kog odbora sa bira?kog mjesta 15 [&hellip;]<\/p>\n","protected":false},"author":1,"featured_media":0,"comment_status":"open","ping_status":"closed","sticky":false,"template":"","format":"standard","meta":{"spay_email":"","jetpack_publicize_message":"","jetpack_is_tweetstorm":false,"jetpack_publicize_feature_enabled":true},"categories":[8337],"tags":[8474,8473,20,8475,8476],"jetpack_publicize_connections":[],"yoast_head":"<!-- This site is optimized with the Yoast SEO plugin v19.1 - https:\/\/yoast.com\/wordpress\/plugins\/seo\/ -->\n<title>Parlamentarnih izbori Crne Gore 2009 Online - Lajme nga Ulqini<\/title>\n<meta name=\"description\" content=\"Nepravilnosti: http:\/\/www.izbori2009.me\/ Podgorica, BM br. 15. i 15a - 12:00 - Povreda bira?kog prava - Prema pritu\u017ebi dostavljenoj od strane PzP-a na\" \/>\n<meta name=\"robots\" content=\"index, follow, max-snippet:-1, max-image-preview:large, max-video-preview:-1\" \/>\n<link rel=\"canonical\" href=\"https:\/\/www.visit-ulcinj.com\/blog\/2009\/03\/29\/vanredno-obavjestenje-za-novinare-1415h\/\" \/>\n<meta property=\"og:locale\" content=\"en_US\" \/>\n<meta property=\"og:type\" content=\"article\" \/>\n<meta property=\"og:title\" content=\"Parlamentarnih izbori Crne Gore 2009 Online - Lajme nga Ulqini\" \/>\n<meta property=\"og:description\" content=\"Nepravilnosti: http:\/\/www.izbori2009.me\/ Podgorica, BM br. 15. i 15a - 12:00 - Povreda bira?kog prava - Prema pritu\u017ebi dostavljenoj od strane PzP-a na\" \/>\n<meta property=\"og:url\" content=\"https:\/\/www.visit-ulcinj.com\/blog\/2009\/03\/29\/vanredno-obavjestenje-za-novinare-1415h\/\" \/>\n<meta property=\"og:site_name\" content=\"Lajme nga Ulqini\" \/>\n<meta property=\"article:published_time\" content=\"2009-03-29T14:09:54+00:00\" \/>\n<meta property=\"article:modified_time\" content=\"2009-03-29T14:11:48+00:00\" \/>\n<meta property=\"og:image\" content=\"http:\/\/www.visit-ulcinj.com\/blog\/wp-content\/uploads\/2009\/03\/cemi_logo.jpg\" \/>\n<meta name=\"twitter:label1\" content=\"Written by\" \/>\n\t<meta name=\"twitter:data1\" content=\"ulqini\" \/>\n\t<meta name=\"twitter:label2\" content=\"Est. reading time\" \/>\n\t<meta name=\"twitter:data2\" content=\"1 minute\" \/>\n<script type=\"application\/ld+json\" class=\"yoast-schema-graph\">{\"@context\":\"https:\/\/schema.org\",\"@graph\":[{\"@type\":\"WebSite\",\"@id\":\"https:\/\/www.visit-ulcinj.com\/blog\/#website\",\"url\":\"https:\/\/www.visit-ulcinj.com\/blog\/\",\"name\":\"Lajme nga Ulqini\",\"description\":\"Lajme,Vijesti,Ulqini,Ulqin,Crna Gora,Mali i Zi\",\"potentialAction\":[{\"@type\":\"SearchAction\",\"target\":{\"@type\":\"EntryPoint\",\"urlTemplate\":\"https:\/\/www.visit-ulcinj.com\/blog\/?s={search_term_string}\"},\"query-input\":\"required name=search_term_string\"}],\"inLanguage\":\"en-US\"},{\"@type\":\"ImageObject\",\"inLanguage\":\"en-US\",\"@id\":\"https:\/\/www.visit-ulcinj.com\/blog\/2009\/03\/29\/vanredno-obavjestenje-za-novinare-1415h\/#primaryimage\",\"url\":\"http:\/\/www.visit-ulcinj.com\/blog\/wp-content\/uploads\/2009\/03\/cemi_logo.jpg\",\"contentUrl\":\"http:\/\/www.visit-ulcinj.com\/blog\/wp-content\/uploads\/2009\/03\/cemi_logo.jpg\"},{\"@type\":\"WebPage\",\"@id\":\"https:\/\/www.visit-ulcinj.com\/blog\/2009\/03\/29\/vanredno-obavjestenje-za-novinare-1415h\/#webpage\",\"url\":\"https:\/\/www.visit-ulcinj.com\/blog\/2009\/03\/29\/vanredno-obavjestenje-za-novinare-1415h\/\",\"name\":\"Parlamentarnih izbori Crne Gore 2009 Online - Lajme nga Ulqini\",\"isPartOf\":{\"@id\":\"https:\/\/www.visit-ulcinj.com\/blog\/#website\"},\"primaryImageOfPage\":{\"@id\":\"https:\/\/www.visit-ulcinj.com\/blog\/2009\/03\/29\/vanredno-obavjestenje-za-novinare-1415h\/#primaryimage\"},\"datePublished\":\"2009-03-29T14:09:54+00:00\",\"dateModified\":\"2009-03-29T14:11:48+00:00\",\"author\":{\"@id\":\"https:\/\/www.visit-ulcinj.com\/blog\/#\/schema\/person\/dcab619c614d3038751c63bc2aadc06d\"},\"description\":\"Nepravilnosti: http:\/\/www.izbori2009.me\/ Podgorica, BM br. 15. i 15a - 12:00 - Povreda bira?kog prava - Prema pritu\u017ebi dostavljenoj od strane PzP-a na\",\"breadcrumb\":{\"@id\":\"https:\/\/www.visit-ulcinj.com\/blog\/2009\/03\/29\/vanredno-obavjestenje-za-novinare-1415h\/#breadcrumb\"},\"inLanguage\":\"en-US\",\"potentialAction\":[{\"@type\":\"ReadAction\",\"target\":[\"https:\/\/www.visit-ulcinj.com\/blog\/2009\/03\/29\/vanredno-obavjestenje-za-novinare-1415h\/\"]}]},{\"@type\":\"BreadcrumbList\",\"@id\":\"https:\/\/www.visit-ulcinj.com\/blog\/2009\/03\/29\/vanredno-obavjestenje-za-novinare-1415h\/#breadcrumb\",\"itemListElement\":[{\"@type\":\"ListItem\",\"position\":1,\"name\":\"Parlamentarnih izbori Crne Gore 2009 Online\"}]},{\"@type\":\"Person\",\"@id\":\"https:\/\/www.visit-ulcinj.com\/blog\/#\/schema\/person\/dcab619c614d3038751c63bc2aadc06d\",\"name\":\"ulqini\",\"sameAs\":[\"http:\/\/www.visit-ulcinj.com\"],\"url\":\"https:\/\/www.visit-ulcinj.com\/blog\/author\/admin\/\"}]}<\/script>\n<!-- \/ Yoast SEO plugin. -->","yoast_head_json":{"title":"Parlamentarnih izbori Crne Gore 2009 Online - Lajme nga Ulqini","description":"Nepravilnosti: http:\/\/www.izbori2009.me\/ Podgorica, BM br. 15. i 15a - 12:00 - Povreda bira?kog prava - Prema pritu\u017ebi dostavljenoj od strane PzP-a na","robots":{"index":"index","follow":"follow","max-snippet":"max-snippet:-1","max-image-preview":"max-image-preview:large","max-video-preview":"max-video-preview:-1"},"canonical":"https:\/\/www.visit-ulcinj.com\/blog\/2009\/03\/29\/vanredno-obavjestenje-za-novinare-1415h\/","og_locale":"en_US","og_type":"article","og_title":"Parlamentarnih izbori Crne Gore 2009 Online - Lajme nga Ulqini","og_description":"Nepravilnosti: http:\/\/www.izbori2009.me\/ Podgorica, BM br. 15. i 15a - 12:00 - Povreda bira?kog prava - Prema pritu\u017ebi dostavljenoj od strane PzP-a na","og_url":"https:\/\/www.visit-ulcinj.com\/blog\/2009\/03\/29\/vanredno-obavjestenje-za-novinare-1415h\/","og_site_name":"Lajme nga Ulqini","article_published_time":"2009-03-29T14:09:54+00:00","article_modified_time":"2009-03-29T14:11:48+00:00","og_image":[{"url":"http:\/\/www.visit-ulcinj.com\/blog\/wp-content\/uploads\/2009\/03\/cemi_logo.jpg"}],"twitter_misc":{"Written by":"ulqini","Est. reading time":"1 minute"},"schema":{"@context":"https:\/\/schema.org","@graph":[{"@type":"WebSite","@id":"https:\/\/www.visit-ulcinj.com\/blog\/#website","url":"https:\/\/www.visit-ulcinj.com\/blog\/","name":"Lajme nga Ulqini","description":"Lajme,Vijesti,Ulqini,Ulqin,Crna Gora,Mali i Zi","potentialAction":[{"@type":"SearchAction","target":{"@type":"EntryPoint","urlTemplate":"https:\/\/www.visit-ulcinj.com\/blog\/?s={search_term_string}"},"query-input":"required name=search_term_string"}],"inLanguage":"en-US"},{"@type":"ImageObject","inLanguage":"en-US","@id":"https:\/\/www.visit-ulcinj.com\/blog\/2009\/03\/29\/vanredno-obavjestenje-za-novinare-1415h\/#primaryimage","url":"http:\/\/www.visit-ulcinj.com\/blog\/wp-content\/uploads\/2009\/03\/cemi_logo.jpg","contentUrl":"http:\/\/www.visit-ulcinj.com\/blog\/wp-content\/uploads\/2009\/03\/cemi_logo.jpg"},{"@type":"WebPage","@id":"https:\/\/www.visit-ulcinj.com\/blog\/2009\/03\/29\/vanredno-obavjestenje-za-novinare-1415h\/#webpage","url":"https:\/\/www.visit-ulcinj.com\/blog\/2009\/03\/29\/vanredno-obavjestenje-za-novinare-1415h\/","name":"Parlamentarnih izbori Crne Gore 2009 Online - Lajme nga Ulqini","isPartOf":{"@id":"https:\/\/www.visit-ulcinj.com\/blog\/#website"},"primaryImageOfPage":{"@id":"https:\/\/www.visit-ulcinj.com\/blog\/2009\/03\/29\/vanredno-obavjestenje-za-novinare-1415h\/#primaryimage"},"datePublished":"2009-03-29T14:09:54+00:00","dateModified":"2009-03-29T14:11:48+00:00","author":{"@id":"https:\/\/www.visit-ulcinj.com\/blog\/#\/schema\/person\/dcab619c614d3038751c63bc2aadc06d"},"description":"Nepravilnosti: http:\/\/www.izbori2009.me\/ Podgorica, BM br. 15. i 15a - 12:00 - Povreda bira?kog prava - Prema pritu\u017ebi dostavljenoj od strane PzP-a na","breadcrumb":{"@id":"https:\/\/www.visit-ulcinj.com\/blog\/2009\/03\/29\/vanredno-obavjestenje-za-novinare-1415h\/#breadcrumb"},"inLanguage":"en-US","potentialAction":[{"@type":"ReadAction","target":["https:\/\/www.visit-ulcinj.com\/blog\/2009\/03\/29\/vanredno-obavjestenje-za-novinare-1415h\/"]}]},{"@type":"BreadcrumbList","@id":"https:\/\/www.visit-ulcinj.com\/blog\/2009\/03\/29\/vanredno-obavjestenje-za-novinare-1415h\/#breadcrumb","itemListElement":[{"@type":"ListItem","position":1,"name":"Parlamentarnih izbori Crne Gore 2009 Online"}]},{"@type":"Person","@id":"https:\/\/www.visit-ulcinj.com\/blog\/#\/schema\/person\/dcab619c614d3038751c63bc2aadc06d","name":"ulqini","sameAs":["http:\/\/www.visit-ulcinj.com"],"url":"https:\/\/www.visit-ulcinj.com\/blog\/author\/admin\/"}]}},"jetpack_featured_media_url":"","jetpack_sharing_enabled":true,"jetpack_shortlink":"https:\/\/wp.me\/pe6lTn-4cO","_links":{"self":[{"href":"https:\/\/www.visit-ulcinj.com\/blog\/wp-json\/wp\/v2\/posts\/16170"}],"collection":[{"href":"https:\/\/www.visit-ulcinj.com\/blog\/wp-json\/wp\/v2\/posts"}],"about":[{"href":"https:\/\/www.visit-ulcinj.com\/blog\/wp-json\/wp\/v2\/types\/post"}],"author":[{"embeddable":true,"href":"https:\/\/www.visit-ulcinj.com\/blog\/wp-json\/wp\/v2\/users\/1"}],"replies":[{"embeddable":true,"href":"https:\/\/www.visit-ulcinj.com\/blog\/wp-json\/wp\/v2\/comments?post=16170"}],"version-history":[{"count":0,"href":"https:\/\/www.visit-ulcinj.com\/blog\/wp-json\/wp\/v2\/posts\/16170\/revisions"}],"wp:attachment":[{"href":"https:\/\/www.visit-ulcinj.com\/blog\/wp-json\/wp\/v2\/media?parent=16170"}],"wp:term":[{"taxonomy":"category","embeddable":true,"href":"https:\/\/www.visit-ulcinj.com\/blog\/wp-json\/wp\/v2\/categories?post=16170"},{"taxonomy":"post_tag","embeddable":true,"href":"https:\/\/www.visit-ulcinj.com\/blog\/wp-json\/wp\/v2\/tags?post=16170"}],"curies":[{"name":"wp","href":"https:\/\/api.w.org\/{rel}","templated":true}]}}