{"id":16208,"date":"2009-03-30T09:06:11","date_gmt":"2009-03-30T08:06:11","guid":{"rendered":"http:\/\/www.visit-ulcinj.com\/blog\/?p=16208"},"modified":"2009-03-30T09:06:11","modified_gmt":"2009-03-30T08:06:11","slug":"dhe-njeriu-u-genjye","status":"publish","type":"post","link":"https:\/\/www.visit-ulcinj.com\/blog\/2009\/03\/30\/dhe-njeriu-u-genjye\/","title":{"rendered":"Dhe njeriu u g\u00ebnjye"},"content":{"rendered":"<p><strong><a href=\"http:\/\/www.visit-ulcinj.com\/blog\/wp-content\/uploads\/2009\/03\/shaban-peraj_ulqin11.jpg\"><img loading=\"lazy\" class=\"alignleft size-full wp-image-16209\" title=\"shaban-peraj_ulqin11\" src=\"http:\/\/www.visit-ulcinj.com\/blog\/wp-content\/uploads\/2009\/03\/shaban-peraj_ulqin11.jpg\" alt=\"shaban-peraj_ulqin11\" width=\"318\" height=\"313\" srcset=\"https:\/\/www.visit-ulcinj.com\/blog\/wp-content\/uploads\/2009\/03\/shaban-peraj_ulqin11.jpg 318w, https:\/\/www.visit-ulcinj.com\/blog\/wp-content\/uploads\/2009\/03\/shaban-peraj_ulqin11-300x295.jpg 300w\" sizes=\"(max-width: 318px) 100vw, 318px\" \/><\/a>Po qe se un\u00eb do t\u00eb shkruaja nj\u00eb skenar, fjal\u00ebt e para t\u00eb tij do t\u00eb ishin: \u201cDhe njeriu u g\u00ebnjye!\u201d<\/strong><br \/>\nM\u00eb dat\u00eb 22.03.2009, m\u00eb cing\u00ebron telefoni nga nj\u00eb bashk\u00ebfshatar i imi, me q\u00eb isha n\u00eb Kosov\u00eb, dhe m\u00eb informon p\u00ebr t\u00eb rejat n\u00eb Ulqin tani n\u00eb prag t\u00eb zgjedhjeve t\u00eb parakohshme parlamentare n\u00eb Mal t\u00eb Zi. N\u00eb mes t\u00eb tjerave m\u00eb informon se n\u00eb nj\u00eb \u201cmedie prestigjioze\u201d pask\u00ebn qen\u00eb t\u00eb pranish\u00ebm kandidat\u00ebt p\u00ebr deputet\u00eb nga kjo komun\u00eb, ku gjithnj\u00eb sipas tij gjithcka \u00ebsht\u00eb debatuar, por jo ajo p\u00ebr \u00e7ka kan\u00eb kandiduar k\u00ebta, pra nuk pati k\u00ebtu shpalosje t\u00eb programeve, pati vet\u00ebm fyerje, sharje p\u00ebr nj\u00ebri-tjetrin, po edhe \u201cvet\u00ebk\u00ebnaq\u00ebsi\u201d p\u00ebr t\u00eb treguar se kush me k\u00eb bashk\u00ebpunon, sipas asaj q\u00eb m\u00eb tregon telefonuesi. Ajo q\u00eb m\u00eb b\u00ebri p\u00ebrshtypje m\u00eb s\u00eb shumti ishte nj\u00eb th\u00ebnie e z. Bardhi, gjoja se \u201canamalasit me pun\u00eb t\u00eb p\u00ebrkohshme n\u00eb bot\u00ebn e jashtme jan\u00eb \u201cfishfiriq\u00eb\u201d n\u00eb politik\u00eb dhe kjo n\u00ebse \u00ebsht\u00eb th\u00ebn\u00eb ashtu m\u00eb ka befasuar e fyer r\u00ebnd\u00eb! Ky prezentim i tij m\u00eb rr\u00ebnqethi aq shum\u00eb edhe pse koh\u00ebt e fundit rr\u00ebnqethjet m\u00eb kan\u00eb z\u00ebn\u00eb vend n\u00eb jet\u00ebn time. \u00c7do njeri q\u00eb punon edhe gabon, por th\u00ebnia e z. Bardhi p\u00ebr anamalasit \u00ebsht\u00eb di\u00e7ka tep\u00ebr banale dhe e pamenduar. Thash\u00eb me vete, asgj\u00eb e re p\u00ebr k\u00ebt\u00eb situat\u00eb parazgjedhore, k\u00ebta jan\u00eb njer\u00ebzit tan\u00eb t\u00eb profesionalizuar n\u00eb b\u00ebrjen e pun\u00ebve bizare e tejet t\u00eb ulta. Me joseriozitet e filloi pun\u00ebn z. Bardhi, por jo vet\u00ebm ky, dhe me t\u00eb nj\u00ebjt\u00ebn metod\u00eb si duket do ta p\u00ebrfundojn\u00eb.<br \/>\nNga e gjith\u00eb kjo nuk mbetet m\u00eb t\u2019i besohet as vetes se l\u00ebre m\u00eb mikut apo komshiut. P\u00ebr t\u00eb mos hyr\u00eb n\u00eb analiz\u00ebn e th\u00ebnies s\u00eb z. Bardhi, s\u00eb paku i nj\u00ebjti si person publik e me karrier\u00eb t\u00eb gjat\u00eb n\u00eb politik\u00eb do duhej t\u00eb kishte konsiderat\u00eb p\u00ebr njeriun dhe vlerat e tij q\u00eb t\u00eb mos lejoj\u00eb veten t\u00eb p\u00ebrdhosin t\u00eb tjer\u00ebt, dhe k\u00eb, ata q\u00eb mbajt\u00ebn gjall\u00eb subjektin e tij politik dhe vet at\u00eb, ndaj me gjuajtje nuk \u00ebsht\u00eb dashur t\u00eb l\u00ebndoj\u00eb shum\u00eb persona. Kungulli askujt nuk i shkon mbi uj\u00eb gjithmon\u00eb, nd\u00ebrsa n\u00eb katrahur\u00ebn e paraqitjes televizive m\u00eb duket se z. Bardhi ka humbur durimin, shpres\u00ebn, por sido q\u00eb t\u00eb jet\u00eb mund\u00ebsit\u00eb i ka pasur t\u00eb mos i l\u00ebndoj\u00eb miqt\u00eb dhe koleg\u00ebt e vet.<br \/>\nShqiptar\u00ebt n\u00eb Mal t\u00eb Zi nuk kan\u00eb qen\u00eb kurr\u00eb m\u00eb t\u00eb p\u00ebr\u00e7ar\u00eb e m\u00eb t\u00eb shkap\u00ebrderdhur n\u00ebp\u00ebr parti politike, ndaj jemi b\u00ebr\u00eb pik\u00eb e pes\u00eb pik\u00ebrisht me politik\u00ebn e tyre d\u00ebshtuese, dhe kjo pa zgjedhur mjete ka p\u00ebr t\u00eb na kushtuar shtrenjt\u00eb. Kjo si duket i ka trim\u00ebruar ata e i ka b\u00ebr\u00eb t\u00eb fort\u00eb p\u00ebr t\u00eb shar\u00eb e n\u00ebn\u00e7muar t\u00eb tjer\u00ebt e q\u00eb kur i analizon mir\u00eb pun\u00ebt e tyre t\u00eb kujtojn\u00eb th\u00ebnien: \u201cBesnik b\u00ebhu e bes\u00eb mos u z\u00eb\u201d, sepse k\u00ebt\u00eb th\u00ebnie \u00ebsht\u00eb dashur ta shtijm\u00eb n\u00eb p\u00ebrdorim kaher\u00eb, por prap\u00eb nuk \u00ebsht\u00eb von\u00eb.<br \/>\nFjal\u00ebt e th\u00ebna nga z. Bardhi do t\u00eb mbesin gjat\u00eb n\u00eb kujtes\u00ebn e anamalasve n\u00eb Amerik\u00eb, po edhe t\u00eb k\u00ebtyre q\u00eb jetojn\u00eb k\u00ebtu, sepse k\u00ebto fjal\u00eb vlejn\u00eb edhe p\u00ebr ta pasi ata t\u00eb atjeshmit k\u00ebtu kan\u00eb baballar\u00ebt, v\u00ebllez\u00ebrit, motrat e t\u00eb af\u00ebrmit e kjo \u00ebsht\u00eb nj\u00eb fyerje p\u00ebr ta, pavar\u00ebssht se n\u00eb \u00e7\u2019kuptim \u00ebsht\u00eb th\u00ebn\u00eb. Secili prej anamalasve n\u00eb k\u00ebto rrethana do t\u00eb jet\u00eb kund\u00ebr vet\u00ebs sepse tani e ka t\u00eb qart\u00eb se e ka humbur koh\u00ebn kot p\u00ebr k\u00ebto vite. Aty nuk \u00ebsht\u00eb th\u00ebn\u00eb asgj\u00eb q\u00eb nuk \u00ebsht\u00eb menduar, krejt ajo th\u00ebnie e z. Bardhi \u00ebsht\u00eb nj\u00eb th\u00ebnie akulturimi n\u00eb rast se mund ta quajm\u00eb politikan t\u00eb mir\u00ebfillt\u00eb. Kjo deklarat\u00eb e pamatur dhe e pagjykuar mir\u00eb \u00ebsht\u00eb e d\u00ebmshme p\u00ebr vet kuptimin e e fjal\u00ebs \u201cfishfiriqa\u201d, dhe gjithnj\u00eb sipas mendimit tim duket se z. Bardhi ka qen\u00eb i z\u00ebn\u00eb ngusht\u00eb duke mos pasur guximin t\u00eb ballafaqohet me t\u00eb v\u00ebrtet\u00ebn nga ku kjo patate e nxeht\u00eb do t\u2019i djeg\u00eb duart. Populli shqiptar n\u00eb Mal t\u00eb Zi nuk do t\u00eb pranoj\u00eb kompromise t\u00eb politikan\u00ebve t\u00eb cil\u00ebt n\u00eb propagand\u00ebn e tyre elektorale p\u00ebrdorin fal\u00eb p\u00ebrbuzjeje e n\u00ebn\u00e7mimi me \u00e7ka koha do t\u00eb tregojn\u00eb an\u00ebn tjet\u00ebr t\u00eb medaljes. Me plot arsye mund t\u00eb pohoj se deklaratat e tilla kan\u00eb shkaktur shqet\u00ebsim dhe indinjat\u00eb t\u00eb thell\u00eb te anamalasit p\u00ebr \u00e7ka z. Bardhi do t`i k\u00ebrkoja q\u00eb tu k\u00ebrkonte falje publike atyre, n\u00ebse jo p\u00ebr dicka tjet\u00ebr at\u00ebher\u00eb p\u00ebr hir\u00eb t\u00eb qet\u00ebsis\u00eb, mir\u00ebkupimit e toleranc\u00ebs, q\u00eb t\u2019u flitet atyre p\u00ebr d\u00ebshtimet dhe keq\u00ebsimet e raporteve p\u00ebr cka edhe ai vet\u00eb p\u00ebrsonalisht i ka kontribuar. Kjo \u00ebsht\u00eb e drejta e tij morale se si dhe me cilin do t\u00eb bisedoj\u00eb p\u00ebr \u201cmendimin e dh\u00ebn\u00eb p\u00ebr anamalasit\u201d gj\u00eb q\u00eb nuk ka qen\u00eb e menduar mir\u00eb, p\u00ebr t\u00eb shp\u00ebrlar\u00eb trurin e atyre q\u00eb jan\u00eb d\u00ebshmuar p\u00ebr mikpritje, bes\u00eb e burr\u00ebri, gj\u00eb q\u00eb n\u00eb k\u00ebt\u00eb situat\u00eb \u00ebsht\u00eb e d\u00ebnueshme dhe e d\u00ebmshme p\u00ebr vet\u00eb ata.<br \/>\nKy fjalor i z. Bardhi nuk \u00ebsht\u00eb i rast\u00ebsish\u00ebm ndaj \u00ebsht\u00eb i \u00e7uditsh\u00ebm fakti se me anamalasit komunikohet vet\u00ebm n\u00ebp\u00ebrmjet mediave, nuk e sheh t\u00eb arsyeshme q\u00eb k\u00ebt\u00eb ta b\u00ebj\u00eb drejtp\u00ebrdrejt ai vet\u00eb, apo p\u00ebrmes p\u00ebrfaq\u00ebsuesve t\u00eb tij, ndaj do t\u2019i propozoja q\u00eb t\u00eb gjej\u00eb kurajo dhe t\u00eb ballafaqohet me ta, me t\u00eb v\u00ebrtet\u00ebn, me k\u00ebrkesat e tyre. T\u00eb ket\u00eb guximin t\u00eb shikoj\u00eb nga lart\u00eb n\u00eb posht\u00eb at\u00eb popull t\u00eb past\u00ebr si loti, t\u00eb pafajsh\u00ebm n\u00eb tok\u00ebn e vet i cili vazhdon t\u00eb vuaj\u00eb t\u00eb zit\u00eb e ullirit pik\u00ebrisht me fajin e tij e t\u00eb tjer\u00ebve. K\u00ebshtu si\u00e7 veproi ai nuk b\u00ebhet marketing politik, bile jo tani kur ata i trajton si qytetar\u00eb lokal\u00eb duke futur \u201cn\u00eb xhepa frytin e tyre p\u00ebr ta ndar\u00eb pastaj at\u00eb me &#8230;<\/p>\n<p><strong>Shaban Peraj<br \/>\nKoha Javore<\/strong><\/p>\n","protected":false},"excerpt":{"rendered":"<p>Po qe se un\u00eb do t\u00eb shkruaja nj\u00eb skenar, fjal\u00ebt e para t\u00eb tij do t\u00eb ishin: \u201cDhe njeriu u g\u00ebnjye!\u201d M\u00eb dat\u00eb 22.03.2009, m\u00eb cing\u00ebron telefoni nga nj\u00eb bashk\u00ebfshatar i imi, me q\u00eb isha n\u00eb Kosov\u00eb, dhe m\u00eb informon p\u00ebr t\u00eb rejat n\u00eb Ulqin tani n\u00eb prag t\u00eb zgjedhjeve t\u00eb parakohshme parlamentare n\u00eb Mal [&hellip;]<\/p>\n","protected":false},"author":1,"featured_media":0,"comment_status":"open","ping_status":"closed","sticky":false,"template":"","format":"standard","meta":{"spay_email":"","jetpack_publicize_message":"","jetpack_is_tweetstorm":false,"jetpack_publicize_feature_enabled":true},"categories":[5],"tags":[212,95,3180,200,18],"jetpack_publicize_connections":[],"yoast_head":"<!-- This site is optimized with the Yoast SEO plugin v19.1 - https:\/\/yoast.com\/wordpress\/plugins\/seo\/ -->\n<title>Dhe njeriu u g\u00ebnjye - Lajme nga Ulqini<\/title>\n<meta name=\"description\" content=\"Po qe se un\u00eb do t\u00eb shkruaja nj\u00eb skenar, fjal\u00ebt e para t\u00eb tij do t\u00eb ishin: \u201cDhe njeriu u g\u00ebnjye!\u201d M\u00eb dat\u00eb 22.03.2009, m\u00eb cing\u00ebron telefoni nga nj\u00eb\" \/>\n<meta name=\"robots\" content=\"index, follow, max-snippet:-1, max-image-preview:large, max-video-preview:-1\" \/>\n<link rel=\"canonical\" href=\"https:\/\/www.visit-ulcinj.com\/blog\/2009\/03\/30\/dhe-njeriu-u-genjye\/\" \/>\n<meta property=\"og:locale\" content=\"en_US\" \/>\n<meta property=\"og:type\" content=\"article\" \/>\n<meta property=\"og:title\" content=\"Dhe njeriu u g\u00ebnjye - Lajme nga Ulqini\" \/>\n<meta property=\"og:description\" content=\"Po qe se un\u00eb do t\u00eb shkruaja nj\u00eb skenar, fjal\u00ebt e para t\u00eb tij do t\u00eb ishin: \u201cDhe njeriu u g\u00ebnjye!\u201d M\u00eb dat\u00eb 22.03.2009, m\u00eb cing\u00ebron telefoni nga nj\u00eb\" \/>\n<meta property=\"og:url\" content=\"https:\/\/www.visit-ulcinj.com\/blog\/2009\/03\/30\/dhe-njeriu-u-genjye\/\" \/>\n<meta property=\"og:site_name\" content=\"Lajme nga Ulqini\" \/>\n<meta property=\"article:published_time\" content=\"2009-03-30T08:06:11+00:00\" \/>\n<meta property=\"og:image\" content=\"http:\/\/www.visit-ulcinj.com\/blog\/wp-content\/uploads\/2009\/03\/shaban-peraj_ulqin11.jpg\" \/>\n<meta name=\"twitter:label1\" content=\"Written by\" \/>\n\t<meta name=\"twitter:data1\" content=\"ulqini\" \/>\n\t<meta name=\"twitter:label2\" content=\"Est. reading time\" \/>\n\t<meta name=\"twitter:data2\" content=\"6 minutes\" \/>\n<script type=\"application\/ld+json\" class=\"yoast-schema-graph\">{\"@context\":\"https:\/\/schema.org\",\"@graph\":[{\"@type\":\"WebSite\",\"@id\":\"https:\/\/www.visit-ulcinj.com\/blog\/#website\",\"url\":\"https:\/\/www.visit-ulcinj.com\/blog\/\",\"name\":\"Lajme nga Ulqini\",\"description\":\"Lajme,Vijesti,Ulqini,Ulqin,Crna Gora,Mali i Zi\",\"potentialAction\":[{\"@type\":\"SearchAction\",\"target\":{\"@type\":\"EntryPoint\",\"urlTemplate\":\"https:\/\/www.visit-ulcinj.com\/blog\/?s={search_term_string}\"},\"query-input\":\"required name=search_term_string\"}],\"inLanguage\":\"en-US\"},{\"@type\":\"ImageObject\",\"inLanguage\":\"en-US\",\"@id\":\"https:\/\/www.visit-ulcinj.com\/blog\/2009\/03\/30\/dhe-njeriu-u-genjye\/#primaryimage\",\"url\":\"https:\/\/www.visit-ulcinj.com\/blog\/wp-content\/uploads\/2009\/03\/shaban-peraj_ulqin11.jpg\",\"contentUrl\":\"https:\/\/www.visit-ulcinj.com\/blog\/wp-content\/uploads\/2009\/03\/shaban-peraj_ulqin11.jpg\",\"width\":\"318\",\"height\":\"313\"},{\"@type\":\"WebPage\",\"@id\":\"https:\/\/www.visit-ulcinj.com\/blog\/2009\/03\/30\/dhe-njeriu-u-genjye\/#webpage\",\"url\":\"https:\/\/www.visit-ulcinj.com\/blog\/2009\/03\/30\/dhe-njeriu-u-genjye\/\",\"name\":\"Dhe njeriu u g\u00ebnjye - Lajme nga Ulqini\",\"isPartOf\":{\"@id\":\"https:\/\/www.visit-ulcinj.com\/blog\/#website\"},\"primaryImageOfPage\":{\"@id\":\"https:\/\/www.visit-ulcinj.com\/blog\/2009\/03\/30\/dhe-njeriu-u-genjye\/#primaryimage\"},\"datePublished\":\"2009-03-30T08:06:11+00:00\",\"dateModified\":\"2009-03-30T08:06:11+00:00\",\"author\":{\"@id\":\"https:\/\/www.visit-ulcinj.com\/blog\/#\/schema\/person\/dcab619c614d3038751c63bc2aadc06d\"},\"description\":\"Po qe se un\u00eb do t\u00eb shkruaja nj\u00eb skenar, fjal\u00ebt e para t\u00eb tij do t\u00eb ishin: \u201cDhe njeriu u g\u00ebnjye!\u201d M\u00eb dat\u00eb 22.03.2009, m\u00eb cing\u00ebron telefoni nga nj\u00eb\",\"breadcrumb\":{\"@id\":\"https:\/\/www.visit-ulcinj.com\/blog\/2009\/03\/30\/dhe-njeriu-u-genjye\/#breadcrumb\"},\"inLanguage\":\"en-US\",\"potentialAction\":[{\"@type\":\"ReadAction\",\"target\":[\"https:\/\/www.visit-ulcinj.com\/blog\/2009\/03\/30\/dhe-njeriu-u-genjye\/\"]}]},{\"@type\":\"BreadcrumbList\",\"@id\":\"https:\/\/www.visit-ulcinj.com\/blog\/2009\/03\/30\/dhe-njeriu-u-genjye\/#breadcrumb\",\"itemListElement\":[{\"@type\":\"ListItem\",\"position\":1,\"name\":\"Dhe njeriu u g\u00ebnjye\"}]},{\"@type\":\"Person\",\"@id\":\"https:\/\/www.visit-ulcinj.com\/blog\/#\/schema\/person\/dcab619c614d3038751c63bc2aadc06d\",\"name\":\"ulqini\",\"sameAs\":[\"http:\/\/www.visit-ulcinj.com\"],\"url\":\"https:\/\/www.visit-ulcinj.com\/blog\/author\/admin\/\"}]}<\/script>\n<!-- \/ Yoast SEO plugin. -->","yoast_head_json":{"title":"Dhe njeriu u g\u00ebnjye - Lajme nga Ulqini","description":"Po qe se un\u00eb do t\u00eb shkruaja nj\u00eb skenar, fjal\u00ebt e para t\u00eb tij do t\u00eb ishin: \u201cDhe njeriu u g\u00ebnjye!\u201d M\u00eb dat\u00eb 22.03.2009, m\u00eb cing\u00ebron telefoni nga nj\u00eb","robots":{"index":"index","follow":"follow","max-snippet":"max-snippet:-1","max-image-preview":"max-image-preview:large","max-video-preview":"max-video-preview:-1"},"canonical":"https:\/\/www.visit-ulcinj.com\/blog\/2009\/03\/30\/dhe-njeriu-u-genjye\/","og_locale":"en_US","og_type":"article","og_title":"Dhe njeriu u g\u00ebnjye - Lajme nga Ulqini","og_description":"Po qe se un\u00eb do t\u00eb shkruaja nj\u00eb skenar, fjal\u00ebt e para t\u00eb tij do t\u00eb ishin: \u201cDhe njeriu u g\u00ebnjye!\u201d M\u00eb dat\u00eb 22.03.2009, m\u00eb cing\u00ebron telefoni nga nj\u00eb","og_url":"https:\/\/www.visit-ulcinj.com\/blog\/2009\/03\/30\/dhe-njeriu-u-genjye\/","og_site_name":"Lajme nga Ulqini","article_published_time":"2009-03-30T08:06:11+00:00","og_image":[{"url":"http:\/\/www.visit-ulcinj.com\/blog\/wp-content\/uploads\/2009\/03\/shaban-peraj_ulqin11.jpg"}],"twitter_misc":{"Written by":"ulqini","Est. reading time":"6 minutes"},"schema":{"@context":"https:\/\/schema.org","@graph":[{"@type":"WebSite","@id":"https:\/\/www.visit-ulcinj.com\/blog\/#website","url":"https:\/\/www.visit-ulcinj.com\/blog\/","name":"Lajme nga Ulqini","description":"Lajme,Vijesti,Ulqini,Ulqin,Crna Gora,Mali i Zi","potentialAction":[{"@type":"SearchAction","target":{"@type":"EntryPoint","urlTemplate":"https:\/\/www.visit-ulcinj.com\/blog\/?s={search_term_string}"},"query-input":"required name=search_term_string"}],"inLanguage":"en-US"},{"@type":"ImageObject","inLanguage":"en-US","@id":"https:\/\/www.visit-ulcinj.com\/blog\/2009\/03\/30\/dhe-njeriu-u-genjye\/#primaryimage","url":"https:\/\/www.visit-ulcinj.com\/blog\/wp-content\/uploads\/2009\/03\/shaban-peraj_ulqin11.jpg","contentUrl":"https:\/\/www.visit-ulcinj.com\/blog\/wp-content\/uploads\/2009\/03\/shaban-peraj_ulqin11.jpg","width":"318","height":"313"},{"@type":"WebPage","@id":"https:\/\/www.visit-ulcinj.com\/blog\/2009\/03\/30\/dhe-njeriu-u-genjye\/#webpage","url":"https:\/\/www.visit-ulcinj.com\/blog\/2009\/03\/30\/dhe-njeriu-u-genjye\/","name":"Dhe njeriu u g\u00ebnjye - Lajme nga Ulqini","isPartOf":{"@id":"https:\/\/www.visit-ulcinj.com\/blog\/#website"},"primaryImageOfPage":{"@id":"https:\/\/www.visit-ulcinj.com\/blog\/2009\/03\/30\/dhe-njeriu-u-genjye\/#primaryimage"},"datePublished":"2009-03-30T08:06:11+00:00","dateModified":"2009-03-30T08:06:11+00:00","author":{"@id":"https:\/\/www.visit-ulcinj.com\/blog\/#\/schema\/person\/dcab619c614d3038751c63bc2aadc06d"},"description":"Po qe se un\u00eb do t\u00eb shkruaja nj\u00eb skenar, fjal\u00ebt e para t\u00eb tij do t\u00eb ishin: \u201cDhe njeriu u g\u00ebnjye!\u201d M\u00eb dat\u00eb 22.03.2009, m\u00eb cing\u00ebron telefoni nga nj\u00eb","breadcrumb":{"@id":"https:\/\/www.visit-ulcinj.com\/blog\/2009\/03\/30\/dhe-njeriu-u-genjye\/#breadcrumb"},"inLanguage":"en-US","potentialAction":[{"@type":"ReadAction","target":["https:\/\/www.visit-ulcinj.com\/blog\/2009\/03\/30\/dhe-njeriu-u-genjye\/"]}]},{"@type":"BreadcrumbList","@id":"https:\/\/www.visit-ulcinj.com\/blog\/2009\/03\/30\/dhe-njeriu-u-genjye\/#breadcrumb","itemListElement":[{"@type":"ListItem","position":1,"name":"Dhe njeriu u g\u00ebnjye"}]},{"@type":"Person","@id":"https:\/\/www.visit-ulcinj.com\/blog\/#\/schema\/person\/dcab619c614d3038751c63bc2aadc06d","name":"ulqini","sameAs":["http:\/\/www.visit-ulcinj.com"],"url":"https:\/\/www.visit-ulcinj.com\/blog\/author\/admin\/"}]}},"jetpack_featured_media_url":"","jetpack_sharing_enabled":true,"jetpack_shortlink":"https:\/\/wp.me\/pe6lTn-4dq","_links":{"self":[{"href":"https:\/\/www.visit-ulcinj.com\/blog\/wp-json\/wp\/v2\/posts\/16208"}],"collection":[{"href":"https:\/\/www.visit-ulcinj.com\/blog\/wp-json\/wp\/v2\/posts"}],"about":[{"href":"https:\/\/www.visit-ulcinj.com\/blog\/wp-json\/wp\/v2\/types\/post"}],"author":[{"embeddable":true,"href":"https:\/\/www.visit-ulcinj.com\/blog\/wp-json\/wp\/v2\/users\/1"}],"replies":[{"embeddable":true,"href":"https:\/\/www.visit-ulcinj.com\/blog\/wp-json\/wp\/v2\/comments?post=16208"}],"version-history":[{"count":0,"href":"https:\/\/www.visit-ulcinj.com\/blog\/wp-json\/wp\/v2\/posts\/16208\/revisions"}],"wp:attachment":[{"href":"https:\/\/www.visit-ulcinj.com\/blog\/wp-json\/wp\/v2\/media?parent=16208"}],"wp:term":[{"taxonomy":"category","embeddable":true,"href":"https:\/\/www.visit-ulcinj.com\/blog\/wp-json\/wp\/v2\/categories?post=16208"},{"taxonomy":"post_tag","embeddable":true,"href":"https:\/\/www.visit-ulcinj.com\/blog\/wp-json\/wp\/v2\/tags?post=16208"}],"curies":[{"name":"wp","href":"https:\/\/api.w.org\/{rel}","templated":true}]}}