{"id":16211,"date":"2009-03-30T11:11:27","date_gmt":"2009-03-30T10:11:27","guid":{"rendered":"http:\/\/www.visit-ulcinj.com\/blog\/?p=16211"},"modified":"2009-03-30T11:11:27","modified_gmt":"2009-03-30T10:11:27","slug":"me-29-mars-kush-nuk-do-te-festoje","status":"publish","type":"post","link":"https:\/\/www.visit-ulcinj.com\/blog\/2009\/03\/30\/me-29-mars-kush-nuk-do-te-festoje\/","title":{"rendered":"M\u00eb 29 Mars: Kush (nuk) do t\u00eb festoj\u00eb?"},"content":{"rendered":"<p><a href=\"http:\/\/www.visit-ulcinj.com\/blog\/wp-content\/uploads\/2009\/03\/e2809clook-ute2809d.jpg\"><img loading=\"lazy\" class=\"alignleft size-full wp-image-16212\" title=\"e2809clook-ute2809d\" src=\"http:\/\/www.visit-ulcinj.com\/blog\/wp-content\/uploads\/2009\/03\/e2809clook-ute2809d.jpg\" alt=\"e2809clook-ute2809d\" width=\"326\" height=\"305\" \/><\/a>K\u00ebshtu gruaja n\u00eb k\u00ebt\u00eb fushat\u00eb parazgjedhore, mund t\u00eb ket\u00eb nj\u00eb vend n\u00eb fotografi! Edhe mund t\u00eb v\u00eb dor\u00ebn n\u00eb zjarr, q\u00eb ve\u00e7 hatri i \u201clook-ut\u201d, p\u00ebrve\u00e7 ndonj\u00ebr\u00ebs, ka pas\u00eb mund\u00ebsi t\u2019i nd\u00ebgjohet z\u00ebri p\u00ebr ndonj\u00eb minut\u00eb t\u00eb shpejtuar.<br \/>\nPo afrohet edhe nj\u00eb dit\u00eb feste. Dikush do t\u00eb festoj\u00eb dhe si gjithmon\u00eb ka nga ata t\u00eb cil\u00ebve nuk ju p\u00ebrket kjo fest\u00eb. Megjithat\u00eb, ne, shqiptar\u00ebt, ka mund\u00ebsi q\u00eb t\u00eb tregojm\u00eb shpirtin fisnik dhe t\u2019ju urojm\u00eb fest\u00ebn atyre q\u00eb festojn\u00eb, por ka mund\u00ebsi t`ju d\u00ebrgojm\u00eb edhe ndonj\u00eb t\u00eb shar\u00eb apo mallkim\u2026<br \/>\nDo t\u00eb jet\u00eb dit\u00eb pushimi. E kam parasysh, shumica e \u201cburrave\u201d do t\u00eb dalin n\u00eb \u00e7arshi dhe do t\u00eb bisedojn\u00eb p\u00ebr 5 pal\u00eb qejfe. Qoft\u00eb edhe t\u00eb padisponuar ata do t\u00eb festojn\u00eb, do t\u00eb pijn\u00eb kafe, do t\u00eb \u00e7ojn\u00eb ndonj\u00eb got\u00eb, do t\u00eb japin 1 milion propozime dhe po aq zgjidhje se si do t\u00eb duhej t\u00eb kishin shkuar pun\u00ebt. Po tani, kur mendoj m\u00eb mir\u00eb, e di se koh\u00ebt e fundit ky ka qen\u00eb edhe angazhimi kryesor i burrave! Bile, nga pamja e nj\u00ebjt\u00eb q\u00eb servohej \u00e7do dit\u00eb t\u00eb jav\u00ebs n\u00eb kafenet\u00eb e qytetit, mendoja mos kam &#8211; d\u00e9j\u00e0 vu &#8211; \u2026<br \/>\nNejse, ata q\u00eb patjet\u00ebr nuk do t\u00eb festojn\u00eb, do t\u00eb jen\u00eb grat\u00eb, dhe jo vet\u00ebm ato shqiptare, p\u00ebrve\u00e7 ndonj\u00ebr\u00ebs q\u00eb feston hatri i burrit, ose q\u00eb burri i k\u00ebrkon t\u00eb festoj\u00eb me t\u00eb ( me ndonj\u00eb p\u00ebrjashtim ). Bile mund t\u00eb mendoj se mu ato do t\u00eb jen\u00eb edhe t\u00eb trishtuara, sepse kjo dit\u00eb feste do t\u00eb thot\u00eb edhe 4 (apo disa) vite bashk\u00ebjetes\u00eb me \u2026<br \/>\nMir\u00ebpo tani, dua t\u00eb gjej dit\u00ebt kur gruaja feston . T\u00eb marrim festat si Bajrami, Krishtlindjet, Viti i Ri? Joo, n\u00eb at\u00eb koh\u00eb \u00ebsht\u00eb puna m\u00eb e madhe,ato jan\u00eb dit\u00eb t\u00eb ngjeshura me pastrim, larje, fshirje, rregullim, gatim dhe sh\u00ebrbim! Ndonj\u00eb fest\u00eb tjet\u00ebr q\u00eb ndryshon gjendjen s\u2019m\u00eb bjen nd\u00ebr mend, p\u00ebrve\u00e7 nj\u00ebr\u00ebs, 8 Marsit! Ata q\u00eb e shnd\u00ebrruan k\u00ebt\u00eb dat\u00eb n\u00eb dit\u00eb feste qofshin t\u00eb lavd\u00ebruar! Fatmir\u00ebsisht, 8 marsi q\u00eb kaloi i ra t\u00eb jet\u00eb dit\u00eb pushimi dhe k\u00ebshtu shum\u00eb gra pat\u00ebn rast t\u00eb festojn\u00eb. Do t\u00eb duhet t\u00eb kaloj\u00eb edhe 1 vit deri sa t\u2019i shohim grat\u00eb q\u00eb t\u00eb shk\u00eblqejn\u00eb si at\u00eb dit\u00eb.<br \/>\nMegjithat\u00eb, z\u00ebri i tyre nuk ndihet askund. Ata me qet\u00ebsin\u00eb, durimin dhe dashurin\u00eb p\u00ebrpijn\u00eb dit\u00ebt q\u00eb shpesh nuk kan\u00eb shije. Ky angazhim i burrave p\u00ebr t\u00eb ndryshuar realitetin ton\u00eb, p\u00ebr t\u00eb sjell\u00eb dit\u00eb m\u00eb t\u00eb mira p\u00ebr f\u00ebmij\u00ebt tan\u00eb , m\u00eb duket se synon \u2013 p\u00ebr t\u00eb sjell\u00eb dit\u00eb m\u00eb t\u00eb mira f\u00ebmij\u00ebve tan\u00eb meshkuj!- \u2026 sepse realiteti i till\u00eb \u00ebsht\u00eb, \u00e7do frym\u00eb t\u00eb re q\u00eb nj\u00eb grua mund t\u00eb sjell\u00eb , \u00ebsht\u00eb e pad\u00ebshirueshme sepse nuk p\u00ebrputhet n\u00eb mentalitetin mashkullor q\u00eb mbizot\u00ebron vendin. K\u00ebshtu q\u00eb, gruaja n\u00eb k\u00ebt\u00eb fushat\u00eb parazgjedhore, mund t\u00eb ket\u00eb nj\u00eb vend n\u00eb fotografi! Edhe mund t\u00eb v\u00eb dor\u00ebn n\u00eb zjarr, q\u00eb ve\u00e7 hatri i \u201clook-ut\u201d, p\u00ebrve\u00e7 ndonj\u00ebr\u00ebs, ka pas\u00eb mund\u00ebsi t\u2019i nd\u00ebgjohet z\u00ebri p\u00ebr ndonj\u00eb minut\u00eb t\u00eb shpejtuar. Sikur t\u00eb zgjedhurit tan\u00eb t\u00eb kishin menduar m\u00eb mir\u00eb, ndoshta ishin vet\u00ebdij\u00ebsuar se sa kuptim ka prania e gruas-bashk\u00ebshorte n\u00eb paraqitjet e tyre, por kjo \u00ebsht\u00eb \u00e7\u00ebshtje tjet\u00ebr \u2026<br \/>\nStudimet kan\u00eb treguar q\u00eb femrat dhe meshkujt nuk dallojn\u00eb n\u00eb inteligjenc\u00eb apo aft\u00ebsi.Mir\u00ebpo, q\u00eb femrat jan\u00eb edhe m\u00eb inteligjente, vlen p\u00ebr femrat tona, t\u00eb cilat me zgjuarsi, duke u bazuar n\u00eb at\u00eb shprehjen popullore \u201c burri \u00ebsht\u00eb burr\u00eb \u201c (apo ishte ndryshe kjo th\u00ebnie?!), me mir\u00ebsjellje dhe edukat\u00eb po ua l\u00ebshojn\u00eb udh\u00ebn, terenin, burrave t\u00eb merren me k\u00ebto pun\u00eb kaq impenjuese p\u00ebr t\u00eb ardhmen ton\u00eb t\u00eb ndritur.<br \/>\nDuke e ditur se shum\u00eb burra n\u00eb k\u00ebt\u00eb koh\u00eb marrin urime p\u00ebr t\u00eb ngadh\u00ebnjyer n\u00eb gar\u00eb, un\u00eb shfryt\u00ebzoj rastin t\u00eb uroj grat\u00eb (minimalisht ) q\u00eb t\u2019ju fal\u00eb Zoti durimin, dashurin\u00eb, t\u00eb p\u00ebrkujdesen p\u00ebr familjen dhe f\u00ebmijt\u00eb, t\u2019ju fal\u00eb Zoti fuqin\u00eb p\u00ebr t\u00eb arritur q\u00ebllimet q\u00eb i kan\u00eb si dhe t\u00eb presin shum\u00eb e shum\u00eb 8 marse dhe n\u00eb nj\u00eb num\u00ebr m\u00eb t\u00eb madh, ishalla, t\u00eb ken\u00eb rastin t\u00eb pakt\u00ebn nj\u00eb her\u00eb n\u00eb vit t\u00eb festojn\u00eb.<br \/>\n<strong>Ardita Kova\u00e7i<br \/>\nKoha Javore<\/strong><\/p>\n","protected":false},"excerpt":{"rendered":"<p>K\u00ebshtu gruaja n\u00eb k\u00ebt\u00eb fushat\u00eb parazgjedhore, mund t\u00eb ket\u00eb nj\u00eb vend n\u00eb fotografi! Edhe mund t\u00eb v\u00eb dor\u00ebn n\u00eb zjarr, q\u00eb ve\u00e7 hatri i \u201clook-ut\u201d, p\u00ebrve\u00e7 ndonj\u00ebr\u00ebs, ka pas\u00eb mund\u00ebsi t\u2019i nd\u00ebgjohet z\u00ebri p\u00ebr ndonj\u00eb minut\u00eb t\u00eb shpejtuar. Po afrohet edhe nj\u00eb dit\u00eb feste. Dikush do t\u00eb festoj\u00eb dhe si gjithmon\u00eb ka nga ata t\u00eb [&hellip;]<\/p>\n","protected":false},"author":1,"featured_media":0,"comment_status":"open","ping_status":"closed","sticky":false,"template":"","format":"standard","meta":{"spay_email":"","jetpack_publicize_message":"","jetpack_is_tweetstorm":false,"jetpack_publicize_feature_enabled":true},"categories":[11],"tags":[8539,216,8537,8538],"jetpack_publicize_connections":[],"yoast_head":"<!-- This site is optimized with the Yoast SEO plugin v19.1 - https:\/\/yoast.com\/wordpress\/plugins\/seo\/ -->\n<title>M\u00eb 29 Mars: Kush (nuk) do t\u00eb festoj\u00eb? - Lajme nga Ulqini<\/title>\n<meta name=\"description\" content=\"K\u00ebshtu gruaja n\u00eb k\u00ebt\u00eb fushat\u00eb parazgjedhore, mund t\u00eb ket\u00eb nj\u00eb vend n\u00eb fotografi! Edhe mund t\u00eb v\u00eb dor\u00ebn n\u00eb zjarr, q\u00eb ve\u00e7 hatri i \u201clook-ut\u201d, p\u00ebrve\u00e7\" \/>\n<meta name=\"robots\" content=\"index, follow, max-snippet:-1, max-image-preview:large, max-video-preview:-1\" \/>\n<link rel=\"canonical\" href=\"https:\/\/www.visit-ulcinj.com\/blog\/2009\/03\/30\/me-29-mars-kush-nuk-do-te-festoje\/\" \/>\n<meta property=\"og:locale\" content=\"en_US\" \/>\n<meta property=\"og:type\" content=\"article\" \/>\n<meta property=\"og:title\" content=\"M\u00eb 29 Mars: Kush (nuk) do t\u00eb festoj\u00eb? - Lajme nga Ulqini\" \/>\n<meta property=\"og:description\" content=\"K\u00ebshtu gruaja n\u00eb k\u00ebt\u00eb fushat\u00eb parazgjedhore, mund t\u00eb ket\u00eb nj\u00eb vend n\u00eb fotografi! Edhe mund t\u00eb v\u00eb dor\u00ebn n\u00eb zjarr, q\u00eb ve\u00e7 hatri i \u201clook-ut\u201d, p\u00ebrve\u00e7\" \/>\n<meta property=\"og:url\" content=\"https:\/\/www.visit-ulcinj.com\/blog\/2009\/03\/30\/me-29-mars-kush-nuk-do-te-festoje\/\" \/>\n<meta property=\"og:site_name\" content=\"Lajme nga Ulqini\" \/>\n<meta property=\"article:published_time\" content=\"2009-03-30T10:11:27+00:00\" \/>\n<meta property=\"og:image\" content=\"http:\/\/www.visit-ulcinj.com\/blog\/wp-content\/uploads\/2009\/03\/e2809clook-ute2809d.jpg\" \/>\n<meta name=\"twitter:label1\" content=\"Written by\" \/>\n\t<meta name=\"twitter:data1\" content=\"ulqini\" \/>\n\t<meta name=\"twitter:label2\" content=\"Est. reading time\" \/>\n\t<meta name=\"twitter:data2\" content=\"4 minutes\" \/>\n<script type=\"application\/ld+json\" class=\"yoast-schema-graph\">{\"@context\":\"https:\/\/schema.org\",\"@graph\":[{\"@type\":\"WebSite\",\"@id\":\"https:\/\/www.visit-ulcinj.com\/blog\/#website\",\"url\":\"https:\/\/www.visit-ulcinj.com\/blog\/\",\"name\":\"Lajme nga Ulqini\",\"description\":\"Lajme,Vijesti,Ulqini,Ulqin,Crna Gora,Mali i Zi\",\"potentialAction\":[{\"@type\":\"SearchAction\",\"target\":{\"@type\":\"EntryPoint\",\"urlTemplate\":\"https:\/\/www.visit-ulcinj.com\/blog\/?s={search_term_string}\"},\"query-input\":\"required name=search_term_string\"}],\"inLanguage\":\"en-US\"},{\"@type\":\"ImageObject\",\"inLanguage\":\"en-US\",\"@id\":\"https:\/\/www.visit-ulcinj.com\/blog\/2009\/03\/30\/me-29-mars-kush-nuk-do-te-festoje\/#primaryimage\",\"url\":\"http:\/\/www.visit-ulcinj.com\/blog\/wp-content\/uploads\/2009\/03\/e2809clook-ute2809d.jpg\",\"contentUrl\":\"http:\/\/www.visit-ulcinj.com\/blog\/wp-content\/uploads\/2009\/03\/e2809clook-ute2809d.jpg\"},{\"@type\":\"WebPage\",\"@id\":\"https:\/\/www.visit-ulcinj.com\/blog\/2009\/03\/30\/me-29-mars-kush-nuk-do-te-festoje\/#webpage\",\"url\":\"https:\/\/www.visit-ulcinj.com\/blog\/2009\/03\/30\/me-29-mars-kush-nuk-do-te-festoje\/\",\"name\":\"M\u00eb 29 Mars: Kush (nuk) do t\u00eb festoj\u00eb? - Lajme nga Ulqini\",\"isPartOf\":{\"@id\":\"https:\/\/www.visit-ulcinj.com\/blog\/#website\"},\"primaryImageOfPage\":{\"@id\":\"https:\/\/www.visit-ulcinj.com\/blog\/2009\/03\/30\/me-29-mars-kush-nuk-do-te-festoje\/#primaryimage\"},\"datePublished\":\"2009-03-30T10:11:27+00:00\",\"dateModified\":\"2009-03-30T10:11:27+00:00\",\"author\":{\"@id\":\"https:\/\/www.visit-ulcinj.com\/blog\/#\/schema\/person\/dcab619c614d3038751c63bc2aadc06d\"},\"description\":\"K\u00ebshtu gruaja n\u00eb k\u00ebt\u00eb fushat\u00eb parazgjedhore, mund t\u00eb ket\u00eb nj\u00eb vend n\u00eb fotografi! Edhe mund t\u00eb v\u00eb dor\u00ebn n\u00eb zjarr, q\u00eb ve\u00e7 hatri i \u201clook-ut\u201d, p\u00ebrve\u00e7\",\"breadcrumb\":{\"@id\":\"https:\/\/www.visit-ulcinj.com\/blog\/2009\/03\/30\/me-29-mars-kush-nuk-do-te-festoje\/#breadcrumb\"},\"inLanguage\":\"en-US\",\"potentialAction\":[{\"@type\":\"ReadAction\",\"target\":[\"https:\/\/www.visit-ulcinj.com\/blog\/2009\/03\/30\/me-29-mars-kush-nuk-do-te-festoje\/\"]}]},{\"@type\":\"BreadcrumbList\",\"@id\":\"https:\/\/www.visit-ulcinj.com\/blog\/2009\/03\/30\/me-29-mars-kush-nuk-do-te-festoje\/#breadcrumb\",\"itemListElement\":[{\"@type\":\"ListItem\",\"position\":1,\"name\":\"M\u00eb 29 Mars: Kush (nuk) do t\u00eb festoj\u00eb?\"}]},{\"@type\":\"Person\",\"@id\":\"https:\/\/www.visit-ulcinj.com\/blog\/#\/schema\/person\/dcab619c614d3038751c63bc2aadc06d\",\"name\":\"ulqini\",\"sameAs\":[\"http:\/\/www.visit-ulcinj.com\"],\"url\":\"https:\/\/www.visit-ulcinj.com\/blog\/author\/admin\/\"}]}<\/script>\n<!-- \/ Yoast SEO plugin. -->","yoast_head_json":{"title":"M\u00eb 29 Mars: Kush (nuk) do t\u00eb festoj\u00eb? - Lajme nga Ulqini","description":"K\u00ebshtu gruaja n\u00eb k\u00ebt\u00eb fushat\u00eb parazgjedhore, mund t\u00eb ket\u00eb nj\u00eb vend n\u00eb fotografi! Edhe mund t\u00eb v\u00eb dor\u00ebn n\u00eb zjarr, q\u00eb ve\u00e7 hatri i \u201clook-ut\u201d, p\u00ebrve\u00e7","robots":{"index":"index","follow":"follow","max-snippet":"max-snippet:-1","max-image-preview":"max-image-preview:large","max-video-preview":"max-video-preview:-1"},"canonical":"https:\/\/www.visit-ulcinj.com\/blog\/2009\/03\/30\/me-29-mars-kush-nuk-do-te-festoje\/","og_locale":"en_US","og_type":"article","og_title":"M\u00eb 29 Mars: Kush (nuk) do t\u00eb festoj\u00eb? - Lajme nga Ulqini","og_description":"K\u00ebshtu gruaja n\u00eb k\u00ebt\u00eb fushat\u00eb parazgjedhore, mund t\u00eb ket\u00eb nj\u00eb vend n\u00eb fotografi! Edhe mund t\u00eb v\u00eb dor\u00ebn n\u00eb zjarr, q\u00eb ve\u00e7 hatri i \u201clook-ut\u201d, p\u00ebrve\u00e7","og_url":"https:\/\/www.visit-ulcinj.com\/blog\/2009\/03\/30\/me-29-mars-kush-nuk-do-te-festoje\/","og_site_name":"Lajme nga Ulqini","article_published_time":"2009-03-30T10:11:27+00:00","og_image":[{"url":"http:\/\/www.visit-ulcinj.com\/blog\/wp-content\/uploads\/2009\/03\/e2809clook-ute2809d.jpg"}],"twitter_misc":{"Written by":"ulqini","Est. reading time":"4 minutes"},"schema":{"@context":"https:\/\/schema.org","@graph":[{"@type":"WebSite","@id":"https:\/\/www.visit-ulcinj.com\/blog\/#website","url":"https:\/\/www.visit-ulcinj.com\/blog\/","name":"Lajme nga Ulqini","description":"Lajme,Vijesti,Ulqini,Ulqin,Crna Gora,Mali i Zi","potentialAction":[{"@type":"SearchAction","target":{"@type":"EntryPoint","urlTemplate":"https:\/\/www.visit-ulcinj.com\/blog\/?s={search_term_string}"},"query-input":"required name=search_term_string"}],"inLanguage":"en-US"},{"@type":"ImageObject","inLanguage":"en-US","@id":"https:\/\/www.visit-ulcinj.com\/blog\/2009\/03\/30\/me-29-mars-kush-nuk-do-te-festoje\/#primaryimage","url":"http:\/\/www.visit-ulcinj.com\/blog\/wp-content\/uploads\/2009\/03\/e2809clook-ute2809d.jpg","contentUrl":"http:\/\/www.visit-ulcinj.com\/blog\/wp-content\/uploads\/2009\/03\/e2809clook-ute2809d.jpg"},{"@type":"WebPage","@id":"https:\/\/www.visit-ulcinj.com\/blog\/2009\/03\/30\/me-29-mars-kush-nuk-do-te-festoje\/#webpage","url":"https:\/\/www.visit-ulcinj.com\/blog\/2009\/03\/30\/me-29-mars-kush-nuk-do-te-festoje\/","name":"M\u00eb 29 Mars: Kush (nuk) do t\u00eb festoj\u00eb? - Lajme nga Ulqini","isPartOf":{"@id":"https:\/\/www.visit-ulcinj.com\/blog\/#website"},"primaryImageOfPage":{"@id":"https:\/\/www.visit-ulcinj.com\/blog\/2009\/03\/30\/me-29-mars-kush-nuk-do-te-festoje\/#primaryimage"},"datePublished":"2009-03-30T10:11:27+00:00","dateModified":"2009-03-30T10:11:27+00:00","author":{"@id":"https:\/\/www.visit-ulcinj.com\/blog\/#\/schema\/person\/dcab619c614d3038751c63bc2aadc06d"},"description":"K\u00ebshtu gruaja n\u00eb k\u00ebt\u00eb fushat\u00eb parazgjedhore, mund t\u00eb ket\u00eb nj\u00eb vend n\u00eb fotografi! Edhe mund t\u00eb v\u00eb dor\u00ebn n\u00eb zjarr, q\u00eb ve\u00e7 hatri i \u201clook-ut\u201d, p\u00ebrve\u00e7","breadcrumb":{"@id":"https:\/\/www.visit-ulcinj.com\/blog\/2009\/03\/30\/me-29-mars-kush-nuk-do-te-festoje\/#breadcrumb"},"inLanguage":"en-US","potentialAction":[{"@type":"ReadAction","target":["https:\/\/www.visit-ulcinj.com\/blog\/2009\/03\/30\/me-29-mars-kush-nuk-do-te-festoje\/"]}]},{"@type":"BreadcrumbList","@id":"https:\/\/www.visit-ulcinj.com\/blog\/2009\/03\/30\/me-29-mars-kush-nuk-do-te-festoje\/#breadcrumb","itemListElement":[{"@type":"ListItem","position":1,"name":"M\u00eb 29 Mars: Kush (nuk) do t\u00eb festoj\u00eb?"}]},{"@type":"Person","@id":"https:\/\/www.visit-ulcinj.com\/blog\/#\/schema\/person\/dcab619c614d3038751c63bc2aadc06d","name":"ulqini","sameAs":["http:\/\/www.visit-ulcinj.com"],"url":"https:\/\/www.visit-ulcinj.com\/blog\/author\/admin\/"}]}},"jetpack_featured_media_url":"","jetpack_sharing_enabled":true,"jetpack_shortlink":"https:\/\/wp.me\/pe6lTn-4dt","_links":{"self":[{"href":"https:\/\/www.visit-ulcinj.com\/blog\/wp-json\/wp\/v2\/posts\/16211"}],"collection":[{"href":"https:\/\/www.visit-ulcinj.com\/blog\/wp-json\/wp\/v2\/posts"}],"about":[{"href":"https:\/\/www.visit-ulcinj.com\/blog\/wp-json\/wp\/v2\/types\/post"}],"author":[{"embeddable":true,"href":"https:\/\/www.visit-ulcinj.com\/blog\/wp-json\/wp\/v2\/users\/1"}],"replies":[{"embeddable":true,"href":"https:\/\/www.visit-ulcinj.com\/blog\/wp-json\/wp\/v2\/comments?post=16211"}],"version-history":[{"count":0,"href":"https:\/\/www.visit-ulcinj.com\/blog\/wp-json\/wp\/v2\/posts\/16211\/revisions"}],"wp:attachment":[{"href":"https:\/\/www.visit-ulcinj.com\/blog\/wp-json\/wp\/v2\/media?parent=16211"}],"wp:term":[{"taxonomy":"category","embeddable":true,"href":"https:\/\/www.visit-ulcinj.com\/blog\/wp-json\/wp\/v2\/categories?post=16211"},{"taxonomy":"post_tag","embeddable":true,"href":"https:\/\/www.visit-ulcinj.com\/blog\/wp-json\/wp\/v2\/tags?post=16211"}],"curies":[{"name":"wp","href":"https:\/\/api.w.org\/{rel}","templated":true}]}}