{"id":16215,"date":"2009-03-30T11:23:22","date_gmt":"2009-03-30T10:23:22","guid":{"rendered":"http:\/\/www.visit-ulcinj.com\/blog\/?p=16215"},"modified":"2009-03-30T11:23:22","modified_gmt":"2009-03-30T10:23:22","slug":"definicioni-i-absurditetit-%e2%80%9c-vepro-njesoj-por-kerko-rezultate-te-ndryshme","status":"publish","type":"post","link":"https:\/\/www.visit-ulcinj.com\/blog\/2009\/03\/30\/definicioni-i-absurditetit-%e2%80%9c-vepro-njesoj-por-kerko-rezultate-te-ndryshme\/","title":{"rendered":"Definicioni i absurditetit, \u201c vepro nj\u00ebsoj por k\u00ebrko rezultate te ndryshme"},"content":{"rendered":"<p><a href=\"http:\/\/www.visit-ulcinj.com\/blog\/wp-content\/uploads\/2009\/03\/levizja-e2809catdheu-na-bashkone2809d.jpg\"><img loading=\"lazy\" class=\"alignleft size-full wp-image-16216\" title=\"levizja-e2809catdheu-na-bashkone2809d\" src=\"http:\/\/www.visit-ulcinj.com\/blog\/wp-content\/uploads\/2009\/03\/levizja-e2809catdheu-na-bashkone2809d.jpg\" alt=\"levizja-e2809catdheu-na-bashkone2809d\" width=\"370\" height=\"316\" srcset=\"https:\/\/www.visit-ulcinj.com\/blog\/wp-content\/uploads\/2009\/03\/levizja-e2809catdheu-na-bashkone2809d.jpg 318w, https:\/\/www.visit-ulcinj.com\/blog\/wp-content\/uploads\/2009\/03\/levizja-e2809catdheu-na-bashkone2809d-300x255.jpg 300w\" sizes=\"(max-width: 370px) 100vw, 370px\" \/><\/a>\u00cbsht\u00eb shqet\u00ebsuese, por jo e papritur, q\u00eb n\u00eb k\u00ebt\u00eb koh\u00eb parazgjedhore faqet elektronike te forumeve mbushen me zhurm\u00eb plote akuza, kund\u00ebr-akuza, fyerje dhe k\u00ebrc\u00ebnime nga individ\u00ebt qe gjejn\u00eb strehim dhe kamuflazh n\u00ebn pseudonime t\u00eb ndryshme. Nj\u00eb num\u00ebr i tyre p\u00ebrdorin k\u00ebto forume p\u00ebr t\u00eb lar\u00eb hesape personale t\u00eb cilat n\u00eb shum\u00eb raste p\u00ebrfundojn\u00eb edhe ne sharje dhe k\u00ebrc\u00ebnime. Por nuk mungojn\u00eb as postime plot g\u00ebnjeshtra me q\u00ebllim p\u00ebr t\u00eb krijuar kaos dhe p\u00ebr t\u00eb keq\u00ebsuar akoma m\u00eb shum\u00eb gjendjen e popullit shqiptar n\u00eb Mal t\u00eb Zi. Ne sh\u00ebnjest\u00ebr te k\u00ebsaj loje, ne ve\u00e7anti, \u00ebsht\u00eb vendosur Malesia. Q\u00ebndrojm\u00eb te bindur q\u00eb n\u00eb mes t\u00eb k\u00ebtyre personave anonim\u00eb, ekzistojn\u00eb protagonist\u00eb q\u00eb punojn\u00eb n\u00ebn direktivat e atyre q\u00eb ju intereson asimilimi i Mal\u00ebsis\u00eb dhe i popullit shqiptar n\u00eb Mal t\u00eb Zi.<br \/>\nKoh\u00ebt e fundit n\u00eb sh\u00ebnjest\u00ebr t\u00eb k\u00ebtyre sulmeve \u00ebsht\u00eb vendosur edhe L\u00ebvizja \u201cAtdheu na Bashkon\u201d, ndaj se cil\u00ebs jan\u00eb postuar dezinformacione dhe g\u00ebnjeshtra t\u00eb kulluara duke faj\u00ebsuar L\u00ebvizjen p\u00ebr kaosin q\u00eb \u00ebsht\u00eb krijuar, duke b\u00ebr\u00eb edhe k\u00ebrc\u00ebnime ndaj personaliteteve t\u00eb L\u00ebvizjes. K\u00ebta \u201cintelektual\u00eb\u201d q\u00eb postojn\u00eb k\u00ebso lloj k\u00ebrc\u00ebnimesh duhet ta kuptojn\u00eb se n\u00eb baz\u00eb t\u00eb ligjeve ata mund te zbulohen. Por fatmir\u00ebsisht, deri tani nuk kemi pasur nevoj\u00eb t\u00eb marrim ndonj\u00eb hap legal, sepse e kemi t\u00eb qart\u00eb se kush jan\u00eb k\u00ebta zot\u00ebrinj q\u00eb po lozin k\u00ebt\u00eb loje te ndyr\u00eb, q\u00eb p\u00ebrmes sulmeve ndaj L\u00ebvizjes t\u00eb fshehin realitetin e d\u00ebshtimit total t\u00eb veprimtaris\u00eb se tyre p\u00ebr popullin ton\u00eb.<br \/>\nSulmet ndaj L\u00ebvizjes, nga disa qarqe te caktuara, nuk \u00ebsht\u00eb nj\u00eb fenomen i ri, k\u00ebto kan\u00eb filluar mbi nj\u00eb vit m\u00eb par\u00eb.<br \/>\nPo ta b\u00ebjm\u00eb nj\u00eb analiz\u00eb t\u00eb zgjeruar pse L\u00ebvizja \u201cAtdheu na Bashkon\u201d sulmohet, an\u00ebtar\u00ebt e s\u00eb cil\u00ebs nuk kan\u00eb asnj\u00eb p\u00ebrfitim personal por p\u00ebrkundrazi, me L\u00ebvizjen shp\u00ebrndajn\u00eb djers\u00ebn e tyre, nuk \u00ebsht\u00eb v\u00ebshtir\u00eb t\u00eb arrihet ne nj\u00eb konkluzion logjik dhe faktual pse dikujt i pengon prezenca e LAB-it.<br \/>\nAktivitetet e L\u00ebvizjes p\u00ebrmes zyr\u00ebs ne Tuz jan\u00eb t\u00eb orientuara n\u00eb monitorimin dhe mbrojtjen e t\u00eb Drejtave t\u00eb njeriut dhe pakicave komb\u00ebtare. Kjo zyr\u00eb respektohet dhe p\u00ebrkrahet nga Shtetet e Bashkuara. Zyra \u00ebsht\u00eb e autorizuar nga shteti i Malit t\u00eb Zi.<br \/>\nSi shembull, gjate 60 dit\u00ebve t\u00eb fundit, kjo zyr\u00eb ka arritur t\u00eb ndihmoj\u00eb lirimin nga burgu t\u00eb dy shqiptar\u00ebve nga Shqip\u00ebria, ka intervenuar me sukses n\u00eb incidentin e Hanit t\u00eb Hotit ku autoritetet n\u00eb dogan\u00eb konfiskuan aparatur\u00ebn e gazetar\u00ebve t\u00eb Top Channel-it. Jan\u00eb b\u00ebr\u00eb vizita te t\u00eb burgosurit dhe me k\u00ebmb\u00ebngulje \u00ebsht\u00eb insistuar n\u00eb p\u00ebrmir\u00ebsimin e disa kushteve p\u00ebr mir\u00ebqenien e tyre, etj. Nd\u00ebrsa aktivitetet tona n\u00eb SH.B.A. vazhdojn\u00eb me konsolidimin e Diaspor\u00ebs. Si shembull ishte p\u00ebrkujtimi i P\u00ebrvjetorit t\u00eb Par\u00eb t\u00eb Pavar\u00ebsis\u00eb se Kosov\u00ebs dhe mir\u00ebnjohja Universitetit t\u00eb Prishtin\u00ebs p\u00ebr kontributin e dh\u00ebn\u00eb popullit shqiptar n\u00eb Mal t\u00eb Zi. Por nuk mungojn\u00eb as komunikimet e vazhdueshme me faktorin nd\u00ebrkomb\u00ebtar.<br \/>\nK\u00ebto jan\u00eb vet\u00ebm disa nga aktivitetet gjat\u00eb 60 dit\u00ebve t\u00eb fundit. Por, po t\u00eb b\u00ebjm\u00eb nj\u00eb v\u00ebzhgim mbrapa, angazhimi i L\u00ebvizjes nuk ka munguar n\u00eb tentimin e bashkimit t\u00eb forcave politike shqiptare, duke filluar nga viti 2006, ku u arrit nj\u00eb koalicion n\u00eb Ulqin mes kat\u00ebr partive politike shqiptare. P\u00ebr korrekt\u00ebsi duhet p\u00ebrmendur q\u00eb UDSH-ja refuzoi t\u00eb marr\u00eb pjes\u00eb n\u00eb k\u00ebt\u00eb takim t\u00eb organizuar nga L\u00ebvizja.<br \/>\nKy koalicion fitoi mazhoranc\u00ebn n\u00eb Ulqin, formoi nj\u00eb qeverisje t\u00eb mir\u00ebfillt\u00eb lokale e cila filloi t\u00eb funksionoj\u00eb n\u00eb nivel profesionist, duke k\u00ebrkuar t\u00eb drejtat legjitime t\u00eb banor\u00ebve t\u00eb k\u00ebsaj komune. Por fatkeq\u00ebsisht, nga interesat personale t\u00eb disa individ\u00ebve dhe nga disa f\u00ebrkime nd\u00ebrpartiake, opozita arriti t\u00eb ndaloj\u00eb hovin e asaj pune t\u00eb mir\u00ebfillt\u00eb q\u00eb kishte filluar.<br \/>\nVall\u00eb, mos k\u00ebto jan\u00eb arsye q\u00eb t\u00eb sulmohet L\u00ebvizja? Logjika dhe nd\u00ebrgjegjja njer\u00ebzore thot\u00eb jo!<br \/>\nPra, p\u00ebr \u00e7\u2019far arsyeje mund t\u00eb faj\u00ebsohet L\u00ebvizja?<br \/>\nMos \u00ebsht\u00eb faji i L\u00ebvizjes \u201cAtdheu na Bashkon\u201d q\u00eb nga nj\u00eb parti politike shqiptare q\u00eb n\u00eb nj\u00eb koh\u00eb fitonte mbi 12,000 vota, sot elektorati shqiptar \u00ebsht\u00eb i shp\u00ebrndar\u00eb n\u00eb 9 parti politike, gjasht\u00eb prej tyre shqiptare?<br \/>\nMos \u00ebsht\u00eb faji i L\u00ebvizjes qe mbi 40% t\u00eb popullat\u00ebs shqiptare votojn\u00eb p\u00ebr partit\u00eb malazeze?<br \/>\nMos \u00ebsht\u00eb faji i L\u00ebvizjes q\u00eb po uzurpohen tokat shqiptare n\u00eb bregdetin e Ulqinit, Valdanosi, Ada, Kriporja, pyjet e Plav\u00ebs dhe Gucis\u00eb, fushat pjellore te Mal\u00ebsis\u00eb, qe tani shfryt\u00ebzohen dhe nga k\u00ebto profite asnj\u00eb qindark\u00eb nuk shkon ne interesin e qytetar\u00ebve?<br \/>\nMos \u00ebsht\u00eb faji i L\u00ebvizjes q\u00eb papun\u00ebsia te shqiptar\u00ebt \u00ebsht\u00eb shum\u00eb m\u00eb e lart\u00eb n\u00eb krahasim me popujt e tjer\u00eb, q\u00eb pun\u00ebsimi proporcional n\u00eb sektorin qeveritar \u00ebsht\u00eb n\u00ebn 1%, q\u00eb shkollimi n\u00eb gjuh\u00ebn shqipe po degradohet dita-dit\u00ebs, q\u00eb n\u00eb t\u00ebr\u00eb Malin e Zi nuk ekziston asnj\u00eb gjykat\u00ebs dhe asnj\u00eb prokuror shqiptar?<br \/>\nMos \u00ebsht\u00eb faji i L\u00ebvizjes q\u00eb Mal\u00ebsia sot \u00ebsht\u00eb n\u00ebn l\u00ebmosh\u00ebn e Mugosh\u00ebs, ku asnj\u00eb kalem nuk mund t\u00eb blihet pa aprovimin e tij.<br \/>\nMos \u00ebsht\u00eb faji i L\u00ebvizjes q\u00eb edhe fshatrat puro shqiptare, q\u00eb kan\u00eb ekzistuar me shekuj, tani po b\u00ebhen tregti p\u00ebr ndryshimin demografik, pra asimilimin e shqiptar\u00ebve?<br \/>\nMos \u00ebsht\u00eb L\u00ebvizja p\u00ebr t\u2019u faj\u00ebsuar q\u00eb gjendja e popullit shqiptar n\u00eb Mal t\u00eb Zi po keq\u00ebsohet dita-dit\u00ebs? Q\u00eb shqiptar\u00ebt jan\u00eb m\u00eb keq sot se kan\u00eb q\u00ebn\u00eb gjat\u00eb 15 viteve t\u00eb fundit?<br \/>\nMe k\u00ebto pyetje mund t\u00eb vazhdojm\u00eb aq sa t\u00eb mbushen disa faqe!<br \/>\nJo, L\u00ebvizja nuk mund t\u00eb marr\u00eb asnj\u00eb p\u00ebrgjegj\u00ebsi, por p\u00ebrgjegj\u00ebsia e plot\u00eb e k\u00ebtij kaosi ngelet plot\u00ebsisht n\u00eb supet e lider\u00ebve dhe partive politike t\u00eb cilat, ose nuk jan\u00eb interesuar ose nuk posedojn\u00eb kompetenca p\u00ebr t\u00eb vepruar n\u00eb interes t\u00eb popullit ton\u00eb.<br \/>\nPse, gjat\u00eb vitit t\u00eb fundit, n\u00eb ve\u00e7anti n\u00eb k\u00ebto momente parazgjedhore, sulmohet L\u00ebvizja nga disa qarqe t\u00eb caktuara n\u00eb Mal t\u00eb Zi, por edhe nga disa apostuj t\u00eb tyre n\u00eb ShBA?<br \/>\nJam i bindur q\u00eb zanafilla e k\u00ebsaj p\u00ebrgjigje q\u00ebndron n\u00eb faktet se L\u00ebvizja ka refuzuar t\u00eb p\u00ebrkrah\u00eb ndonj\u00eb parti politike mbi baza \u201chistorike\u201d ose n\u00eb baz\u00eb t\u00eb personaliteteve t\u00eb k\u00ebtyre partive q\u00eb, p\u00ebr \u00e7udi, kan\u00eb arritur n\u00eb konkluzion se pozitat e tyre duhet t\u00eb jen\u00eb t\u00eb p\u00ebrjetshme.<br \/>\nDuke e par\u00eb se bashkimi i spektrit politik shqiptar n\u00eb Mal t\u00eb Zi, n\u00ebn lidershipin e tanish\u00ebm, \u00ebsht\u00eb i parealizuesh\u00ebm, L\u00ebvizja do t\u00eb p\u00ebrkrah\u00eb vet\u00ebm e vet\u00ebm sukseset e arritura p\u00ebr t\u00eb p\u00ebrmir\u00ebsuar gjendjen e popullit ton\u00eb, qoft\u00eb nga individ\u00ebt qoft\u00eb edhe nga partit\u00eb politike.<br \/>\nDisa zot\u00ebrinjve dhe partive politike ky vendim nuk ju p\u00eblqen sepse po t\u00eb b\u00ebhet nj\u00eb analiz\u00eb e thjesht\u00eb, t\u00eb themi gjat\u00eb tri viteve t\u00eb fundit, ne nuk gjejm\u00eb asnj\u00eb sukses t\u00eb p\u00ebrfaq\u00ebsuesve tan\u00eb politik\u00eb n\u00eb Parlamentin e Malit t\u00eb Zi, me p\u00ebrjashtim t\u00eb deputetit Vasel Sinishtaj i cili arriti t\u00eb realizoj\u00eb disa k\u00ebrkesa dhe amendamente me nj\u00eb angazhim energjik n\u00eb Komisionin e Venecis\u00eb. Zoti Sinishtaj arriti t\u00eb realizoj\u00eb edhe nj\u00eb marr\u00ebveshje politike q\u00eb do t\u00eb sillte referendumin p\u00ebr Komun\u00ebn e Mal\u00ebsis\u00eb, por fatkeq\u00ebsisht edhe ky angazhim u sabotua. Personalisht jam shume i impresionuar edhe me nivelin dhe kuadrot organizative dhe funksionale te Forc\u00ebs se Re Demokratike.<br \/>\nSulmet e drejtuara ndaj L\u00ebvizjes kan\u00eb p\u00ebr q\u00ebllim izolimin e saj q\u00eb t\u00eb mos ky\u00e7emi n\u00eb k\u00ebto diskutime, sepse paraqitja e realitetit n\u00eb shesh mund t\u00eb l\u00ebkund disa karrige goxha t\u00eb majme q\u00eb i siguron qeveria.<br \/>\nLidershipi dhe nacionalizmi i v\u00ebrtet\u00eb bazohet n\u00eb disa parime qe renditja e tyre, n\u00eb baz\u00eb t\u00eb prioriteteve, nuk ngat\u00ebrrohet. K\u00ebto parime rendit\u00ebn si vijon:<\/p>\n<ul>\n<li>1. Kombi.<\/li>\n<li>2. Populli (elektorati)<\/li>\n<li>3. Vizioni i qart\u00eb q\u00eb p\u00ebrputhet plot\u00ebsisht me aspiratat e popullit.<\/li>\n<li>4. Pasioni dhe p\u00ebrkushtimi p\u00ebr sukses.<\/li>\n<li>5. Partia politike<\/li>\n<li>6. Dhe ne fund mund t\u00eb jet\u00eb ndonj\u00eb karrige (pozit\u00eb)<\/li>\n<\/ul>\n<p>Fatkeq\u00ebsisht, tek shum\u00eb lider\u00eb, por k\u00ebtu duhet faj\u00ebsuar edhe elektoratin, evidentohen parimet e ngat\u00ebrruara dhe renditen si vijon:<\/p>\n<ul>\n<li>1. Karriga (pozita)<\/li>\n<li>2. Karriga (pozita, e vendosur dy her\u00eb me q\u00ebllim)<\/li>\n<li>3. Kompleksi fisnor dhe krahinor.<\/li>\n<li>4. Kompleksi princor (un\u00eb dhe asnj\u00eb tjet\u00ebr)<\/li>\n<li>5. Partia politike<\/li>\n<li>6. Dhe ndonj\u00eb karrige p\u00ebr ndonj\u00eb mik.<\/li>\n<\/ul>\n<p>M\u00eb 4 n\u00ebntor, 2008, populli amerikan zgjodhi presidentin e ri. N\u00ebse administrata e presidentit Obama nuk arrin t\u00eb p\u00ebrmir\u00ebsoj\u00eb situat\u00ebn brenda kat\u00ebr vitesh, populli amerikan do t\u00eb zgjedh\u00eb nj\u00eb administrat\u00eb t\u00eb re, deri n\u00eb at\u00eb koh\u00eb kur t\u00eb gjendet nj\u00eb Ronald Reagan, John F. Kennedy ose nj\u00eb Roosavelt i ri.<br \/>\nKy \u00ebsht\u00eb nj\u00eb proces q\u00eb ka funksionuar dhe akoma funksionon n\u00eb t\u00ebr\u00eb bot\u00ebn demokratike. Fatkeq\u00ebsisht, tek shqiptar\u00ebt n\u00eb Mal t\u00eb Zi ndoll e kund\u00ebrta. Premtimet b\u00ebhen por nuk mbahen, derisa gjendja keq\u00ebsohet dita-dites! Konsekuenca \u00ebsht\u00eb rizgjedhja e personave t\u00eb nj\u00ebjt\u00eb, dhe pik\u00ebrisht k\u00ebtu \u00ebsht\u00eb edhe zanafilla e sulmeve ndaj L\u00ebvizjes, sepse ne q\u00ebndrojm\u00eb me bindje, e cila p\u00ebrkrahet edhe nga logjika, q\u00eb n\u00ebse nuk ndryshon veprimi, por edhe individ\u00ebt q\u00eb veprojn\u00eb, pasojat do t\u00eb jen\u00eb t\u00eb nj\u00ebjta, q\u00eb \u00e7ojn\u00eb drejt asimilimit eminent t\u00eb popullit ton\u00eb.<\/p>\n<p><strong>Autori \u00ebsht\u00eb kryetar i L\u00ebvizjes \u201cAtdheu na Bashkon\u201d<br \/>\nGjon Lulgjuraj \/ Florid\u00eb<br \/>\nKoha Javore<\/strong><\/p>\n","protected":false},"excerpt":{"rendered":"<p>\u00cbsht\u00eb shqet\u00ebsuese, por jo e papritur, q\u00eb n\u00eb k\u00ebt\u00eb koh\u00eb parazgjedhore faqet elektronike te forumeve mbushen me zhurm\u00eb plote akuza, kund\u00ebr-akuza, fyerje dhe k\u00ebrc\u00ebnime nga individ\u00ebt qe gjejn\u00eb strehim dhe kamuflazh n\u00ebn pseudonime t\u00eb ndryshme. Nj\u00eb num\u00ebr i tyre p\u00ebrdorin k\u00ebto forume p\u00ebr t\u00eb lar\u00eb hesape personale t\u00eb cilat n\u00eb shum\u00eb raste p\u00ebrfundojn\u00eb edhe ne [&hellip;]<\/p>\n","protected":false},"author":1,"featured_media":0,"comment_status":"open","ping_status":"closed","sticky":false,"template":"","format":"standard","meta":{"spay_email":"","jetpack_publicize_message":"","jetpack_is_tweetstorm":false,"jetpack_publicize_feature_enabled":true},"categories":[11],"tags":[508,8547,8543,8546,8541,8540,8545,8542,8544,561],"jetpack_publicize_connections":[],"yoast_head":"<!-- This site is optimized with the Yoast SEO plugin v19.1 - https:\/\/yoast.com\/wordpress\/plugins\/seo\/ -->\n<title>Definicioni i absurditetit, \u201c vepro nj\u00ebsoj por k\u00ebrko rezultate te ndryshme - Lajme nga Ulqini<\/title>\n<meta name=\"description\" content=\"\u00cbsht\u00eb shqet\u00ebsuese, por jo e papritur, q\u00eb n\u00eb k\u00ebt\u00eb koh\u00eb parazgjedhore faqet elektronike te forumeve mbushen me zhurm\u00eb plote akuza, kund\u00ebr-akuza, fyerje dhe\" \/>\n<meta name=\"robots\" content=\"index, follow, max-snippet:-1, max-image-preview:large, max-video-preview:-1\" \/>\n<link rel=\"canonical\" href=\"https:\/\/www.visit-ulcinj.com\/blog\/2009\/03\/30\/definicioni-i-absurditetit-\u201c-vepro-njesoj-por-kerko-rezultate-te-ndryshme\/\" \/>\n<meta property=\"og:locale\" content=\"en_US\" \/>\n<meta property=\"og:type\" content=\"article\" \/>\n<meta property=\"og:title\" content=\"Definicioni i absurditetit, \u201c vepro nj\u00ebsoj por k\u00ebrko rezultate te ndryshme - Lajme nga Ulqini\" \/>\n<meta property=\"og:description\" content=\"\u00cbsht\u00eb shqet\u00ebsuese, por jo e papritur, q\u00eb n\u00eb k\u00ebt\u00eb koh\u00eb parazgjedhore faqet elektronike te forumeve mbushen me zhurm\u00eb plote akuza, kund\u00ebr-akuza, fyerje dhe\" \/>\n<meta property=\"og:url\" content=\"https:\/\/www.visit-ulcinj.com\/blog\/2009\/03\/30\/definicioni-i-absurditetit-\u201c-vepro-njesoj-por-kerko-rezultate-te-ndryshme\/\" \/>\n<meta property=\"og:site_name\" content=\"Lajme nga Ulqini\" \/>\n<meta property=\"article:published_time\" content=\"2009-03-30T10:23:22+00:00\" \/>\n<meta property=\"og:image\" content=\"http:\/\/www.visit-ulcinj.com\/blog\/wp-content\/uploads\/2009\/03\/levizja-e2809catdheu-na-bashkone2809d.jpg\" \/>\n<meta name=\"twitter:label1\" content=\"Written by\" \/>\n\t<meta name=\"twitter:data1\" content=\"ulqini\" \/>\n\t<meta name=\"twitter:label2\" content=\"Est. reading time\" \/>\n\t<meta name=\"twitter:data2\" content=\"8 minutes\" \/>\n<script type=\"application\/ld+json\" class=\"yoast-schema-graph\">{\"@context\":\"https:\/\/schema.org\",\"@graph\":[{\"@type\":\"WebSite\",\"@id\":\"https:\/\/www.visit-ulcinj.com\/blog\/#website\",\"url\":\"https:\/\/www.visit-ulcinj.com\/blog\/\",\"name\":\"Lajme nga Ulqini\",\"description\":\"Lajme,Vijesti,Ulqini,Ulqin,Crna Gora,Mali i Zi\",\"potentialAction\":[{\"@type\":\"SearchAction\",\"target\":{\"@type\":\"EntryPoint\",\"urlTemplate\":\"https:\/\/www.visit-ulcinj.com\/blog\/?s={search_term_string}\"},\"query-input\":\"required name=search_term_string\"}],\"inLanguage\":\"en-US\"},{\"@type\":\"ImageObject\",\"inLanguage\":\"en-US\",\"@id\":\"https:\/\/www.visit-ulcinj.com\/blog\/2009\/03\/30\/definicioni-i-absurditetit-%e2%80%9c-vepro-njesoj-por-kerko-rezultate-te-ndryshme\/#primaryimage\",\"url\":\"https:\/\/www.visit-ulcinj.com\/blog\/wp-content\/uploads\/2009\/03\/levizja-e2809catdheu-na-bashkone2809d.jpg\",\"contentUrl\":\"https:\/\/www.visit-ulcinj.com\/blog\/wp-content\/uploads\/2009\/03\/levizja-e2809catdheu-na-bashkone2809d.jpg\",\"width\":\"318\",\"height\":\"271\"},{\"@type\":\"WebPage\",\"@id\":\"https:\/\/www.visit-ulcinj.com\/blog\/2009\/03\/30\/definicioni-i-absurditetit-%e2%80%9c-vepro-njesoj-por-kerko-rezultate-te-ndryshme\/#webpage\",\"url\":\"https:\/\/www.visit-ulcinj.com\/blog\/2009\/03\/30\/definicioni-i-absurditetit-%e2%80%9c-vepro-njesoj-por-kerko-rezultate-te-ndryshme\/\",\"name\":\"Definicioni i absurditetit, \u201c vepro nj\u00ebsoj por k\u00ebrko rezultate te ndryshme - Lajme nga Ulqini\",\"isPartOf\":{\"@id\":\"https:\/\/www.visit-ulcinj.com\/blog\/#website\"},\"primaryImageOfPage\":{\"@id\":\"https:\/\/www.visit-ulcinj.com\/blog\/2009\/03\/30\/definicioni-i-absurditetit-%e2%80%9c-vepro-njesoj-por-kerko-rezultate-te-ndryshme\/#primaryimage\"},\"datePublished\":\"2009-03-30T10:23:22+00:00\",\"dateModified\":\"2009-03-30T10:23:22+00:00\",\"author\":{\"@id\":\"https:\/\/www.visit-ulcinj.com\/blog\/#\/schema\/person\/dcab619c614d3038751c63bc2aadc06d\"},\"description\":\"\u00cbsht\u00eb shqet\u00ebsuese, por jo e papritur, q\u00eb n\u00eb k\u00ebt\u00eb koh\u00eb parazgjedhore faqet elektronike te forumeve mbushen me zhurm\u00eb plote akuza, kund\u00ebr-akuza, fyerje dhe\",\"breadcrumb\":{\"@id\":\"https:\/\/www.visit-ulcinj.com\/blog\/2009\/03\/30\/definicioni-i-absurditetit-%e2%80%9c-vepro-njesoj-por-kerko-rezultate-te-ndryshme\/#breadcrumb\"},\"inLanguage\":\"en-US\",\"potentialAction\":[{\"@type\":\"ReadAction\",\"target\":[\"https:\/\/www.visit-ulcinj.com\/blog\/2009\/03\/30\/definicioni-i-absurditetit-%e2%80%9c-vepro-njesoj-por-kerko-rezultate-te-ndryshme\/\"]}]},{\"@type\":\"BreadcrumbList\",\"@id\":\"https:\/\/www.visit-ulcinj.com\/blog\/2009\/03\/30\/definicioni-i-absurditetit-%e2%80%9c-vepro-njesoj-por-kerko-rezultate-te-ndryshme\/#breadcrumb\",\"itemListElement\":[{\"@type\":\"ListItem\",\"position\":1,\"name\":\"Definicioni i absurditetit, \u201c vepro nj\u00ebsoj por k\u00ebrko rezultate te ndryshme\"}]},{\"@type\":\"Person\",\"@id\":\"https:\/\/www.visit-ulcinj.com\/blog\/#\/schema\/person\/dcab619c614d3038751c63bc2aadc06d\",\"name\":\"ulqini\",\"sameAs\":[\"http:\/\/www.visit-ulcinj.com\"],\"url\":\"https:\/\/www.visit-ulcinj.com\/blog\/author\/admin\/\"}]}<\/script>\n<!-- \/ Yoast SEO plugin. -->","yoast_head_json":{"title":"Definicioni i absurditetit, \u201c vepro nj\u00ebsoj por k\u00ebrko rezultate te ndryshme - Lajme nga Ulqini","description":"\u00cbsht\u00eb shqet\u00ebsuese, por jo e papritur, q\u00eb n\u00eb k\u00ebt\u00eb koh\u00eb parazgjedhore faqet elektronike te forumeve mbushen me zhurm\u00eb plote akuza, kund\u00ebr-akuza, fyerje dhe","robots":{"index":"index","follow":"follow","max-snippet":"max-snippet:-1","max-image-preview":"max-image-preview:large","max-video-preview":"max-video-preview:-1"},"canonical":"https:\/\/www.visit-ulcinj.com\/blog\/2009\/03\/30\/definicioni-i-absurditetit-\u201c-vepro-njesoj-por-kerko-rezultate-te-ndryshme\/","og_locale":"en_US","og_type":"article","og_title":"Definicioni i absurditetit, \u201c vepro nj\u00ebsoj por k\u00ebrko rezultate te ndryshme - Lajme nga Ulqini","og_description":"\u00cbsht\u00eb shqet\u00ebsuese, por jo e papritur, q\u00eb n\u00eb k\u00ebt\u00eb koh\u00eb parazgjedhore faqet elektronike te forumeve mbushen me zhurm\u00eb plote akuza, kund\u00ebr-akuza, fyerje dhe","og_url":"https:\/\/www.visit-ulcinj.com\/blog\/2009\/03\/30\/definicioni-i-absurditetit-\u201c-vepro-njesoj-por-kerko-rezultate-te-ndryshme\/","og_site_name":"Lajme nga Ulqini","article_published_time":"2009-03-30T10:23:22+00:00","og_image":[{"url":"http:\/\/www.visit-ulcinj.com\/blog\/wp-content\/uploads\/2009\/03\/levizja-e2809catdheu-na-bashkone2809d.jpg"}],"twitter_misc":{"Written by":"ulqini","Est. reading time":"8 minutes"},"schema":{"@context":"https:\/\/schema.org","@graph":[{"@type":"WebSite","@id":"https:\/\/www.visit-ulcinj.com\/blog\/#website","url":"https:\/\/www.visit-ulcinj.com\/blog\/","name":"Lajme nga Ulqini","description":"Lajme,Vijesti,Ulqini,Ulqin,Crna Gora,Mali i Zi","potentialAction":[{"@type":"SearchAction","target":{"@type":"EntryPoint","urlTemplate":"https:\/\/www.visit-ulcinj.com\/blog\/?s={search_term_string}"},"query-input":"required name=search_term_string"}],"inLanguage":"en-US"},{"@type":"ImageObject","inLanguage":"en-US","@id":"https:\/\/www.visit-ulcinj.com\/blog\/2009\/03\/30\/definicioni-i-absurditetit-%e2%80%9c-vepro-njesoj-por-kerko-rezultate-te-ndryshme\/#primaryimage","url":"https:\/\/www.visit-ulcinj.com\/blog\/wp-content\/uploads\/2009\/03\/levizja-e2809catdheu-na-bashkone2809d.jpg","contentUrl":"https:\/\/www.visit-ulcinj.com\/blog\/wp-content\/uploads\/2009\/03\/levizja-e2809catdheu-na-bashkone2809d.jpg","width":"318","height":"271"},{"@type":"WebPage","@id":"https:\/\/www.visit-ulcinj.com\/blog\/2009\/03\/30\/definicioni-i-absurditetit-%e2%80%9c-vepro-njesoj-por-kerko-rezultate-te-ndryshme\/#webpage","url":"https:\/\/www.visit-ulcinj.com\/blog\/2009\/03\/30\/definicioni-i-absurditetit-%e2%80%9c-vepro-njesoj-por-kerko-rezultate-te-ndryshme\/","name":"Definicioni i absurditetit, \u201c vepro nj\u00ebsoj por k\u00ebrko rezultate te ndryshme - Lajme nga Ulqini","isPartOf":{"@id":"https:\/\/www.visit-ulcinj.com\/blog\/#website"},"primaryImageOfPage":{"@id":"https:\/\/www.visit-ulcinj.com\/blog\/2009\/03\/30\/definicioni-i-absurditetit-%e2%80%9c-vepro-njesoj-por-kerko-rezultate-te-ndryshme\/#primaryimage"},"datePublished":"2009-03-30T10:23:22+00:00","dateModified":"2009-03-30T10:23:22+00:00","author":{"@id":"https:\/\/www.visit-ulcinj.com\/blog\/#\/schema\/person\/dcab619c614d3038751c63bc2aadc06d"},"description":"\u00cbsht\u00eb shqet\u00ebsuese, por jo e papritur, q\u00eb n\u00eb k\u00ebt\u00eb koh\u00eb parazgjedhore faqet elektronike te forumeve mbushen me zhurm\u00eb plote akuza, kund\u00ebr-akuza, fyerje dhe","breadcrumb":{"@id":"https:\/\/www.visit-ulcinj.com\/blog\/2009\/03\/30\/definicioni-i-absurditetit-%e2%80%9c-vepro-njesoj-por-kerko-rezultate-te-ndryshme\/#breadcrumb"},"inLanguage":"en-US","potentialAction":[{"@type":"ReadAction","target":["https:\/\/www.visit-ulcinj.com\/blog\/2009\/03\/30\/definicioni-i-absurditetit-%e2%80%9c-vepro-njesoj-por-kerko-rezultate-te-ndryshme\/"]}]},{"@type":"BreadcrumbList","@id":"https:\/\/www.visit-ulcinj.com\/blog\/2009\/03\/30\/definicioni-i-absurditetit-%e2%80%9c-vepro-njesoj-por-kerko-rezultate-te-ndryshme\/#breadcrumb","itemListElement":[{"@type":"ListItem","position":1,"name":"Definicioni i absurditetit, \u201c vepro nj\u00ebsoj por k\u00ebrko rezultate te ndryshme"}]},{"@type":"Person","@id":"https:\/\/www.visit-ulcinj.com\/blog\/#\/schema\/person\/dcab619c614d3038751c63bc2aadc06d","name":"ulqini","sameAs":["http:\/\/www.visit-ulcinj.com"],"url":"https:\/\/www.visit-ulcinj.com\/blog\/author\/admin\/"}]}},"jetpack_featured_media_url":"","jetpack_sharing_enabled":true,"jetpack_shortlink":"https:\/\/wp.me\/pe6lTn-4dx","_links":{"self":[{"href":"https:\/\/www.visit-ulcinj.com\/blog\/wp-json\/wp\/v2\/posts\/16215"}],"collection":[{"href":"https:\/\/www.visit-ulcinj.com\/blog\/wp-json\/wp\/v2\/posts"}],"about":[{"href":"https:\/\/www.visit-ulcinj.com\/blog\/wp-json\/wp\/v2\/types\/post"}],"author":[{"embeddable":true,"href":"https:\/\/www.visit-ulcinj.com\/blog\/wp-json\/wp\/v2\/users\/1"}],"replies":[{"embeddable":true,"href":"https:\/\/www.visit-ulcinj.com\/blog\/wp-json\/wp\/v2\/comments?post=16215"}],"version-history":[{"count":0,"href":"https:\/\/www.visit-ulcinj.com\/blog\/wp-json\/wp\/v2\/posts\/16215\/revisions"}],"wp:attachment":[{"href":"https:\/\/www.visit-ulcinj.com\/blog\/wp-json\/wp\/v2\/media?parent=16215"}],"wp:term":[{"taxonomy":"category","embeddable":true,"href":"https:\/\/www.visit-ulcinj.com\/blog\/wp-json\/wp\/v2\/categories?post=16215"},{"taxonomy":"post_tag","embeddable":true,"href":"https:\/\/www.visit-ulcinj.com\/blog\/wp-json\/wp\/v2\/tags?post=16215"}],"curies":[{"name":"wp","href":"https:\/\/api.w.org\/{rel}","templated":true}]}}