{"id":16219,"date":"2009-03-30T11:42:53","date_gmt":"2009-03-30T10:42:53","guid":{"rendered":"http:\/\/www.visit-ulcinj.com\/blog\/?p=16219"},"modified":"2009-03-30T11:42:53","modified_gmt":"2009-03-30T10:42:53","slug":"mehmet-zenkaka-shprehur-kenaqesine-qe-subjekti-i-tij-doli-fitues","status":"publish","type":"post","link":"https:\/\/www.visit-ulcinj.com\/blog\/2009\/03\/30\/mehmet-zenkaka-shprehur-kenaqesine-qe-subjekti-i-tij-doli-fitues\/","title":{"rendered":"Mehmet Zenka,ka shprehur k\u00ebnaq\u00ebsin\u00eb q\u00eb subjekti i tij doli fitues"},"content":{"rendered":"<p><strong><a href=\"http:\/\/www.visit-ulcinj.com\/blog\/wp-content\/uploads\/2009\/03\/mehmet-zenka_nenkryetari-i-unionit-demokratik-te-shqiptareve.jpg\"><img loading=\"lazy\" class=\"alignleft size-full wp-image-16220\" title=\"mehmet-zenka_nenkryetari-i-unionit-demokratik-te-shqiptareve\" src=\"http:\/\/www.visit-ulcinj.com\/blog\/wp-content\/uploads\/2009\/03\/mehmet-zenka_nenkryetari-i-unionit-demokratik-te-shqiptareve.jpg\" alt=\"mehmet-zenka_nenkryetari-i-unionit-demokratik-te-shqiptareve\" width=\"570\" height=\"358\" \/><\/a>Mali i Zi, siguron shumic\u00ebn absolute n\u00eb votime<\/strong><br \/>\nSipas rezultateve paraprake, t\u00eb shpallura n\u00eb or\u00ebt e para t\u00eb dit\u00ebs s\u00eb sotme nga Qendra p\u00ebr Monitorim, n\u00eb zgjedhjet e parakohshme parlamentare t\u00eb dit\u00ebs s\u00eb diel, koalicioni \u201cMali i Zi Evropian\u201d ka siguruar 47 mandate, p\u00ebrkat\u00ebsisht shumic\u00ebn absolute, kurse shqiptar\u00ebt kan\u00eb fituar kat\u00ebr nga 5 vendet e mundshme n\u00eb parlamentin e ri. N\u00ebnkryetari i Unionit Demokratik t\u00eb Shqiptar\u00ebve, Mehmet Zenka, duke shprehur k\u00ebnaq\u00ebsin\u00eb q\u00eb subjekti i tij doli fitues, ftoi simotrat shqiptare q\u00eb t\u00eb jen\u00eb bashk\u00eb n\u00eb Kuvendin e Malit t\u00eb Zi p\u00ebr t\u2019u angazhuar n\u00eb p\u00ebrfaq\u00ebsimin m\u00eb t\u00eb denj\u00eb t\u00eb interesave shqiptare n\u00eb k\u00ebt\u00eb shtet.<br \/>\n<strong><br \/>\nTop Albania Radio<\/strong><\/p>\n","protected":false},"excerpt":{"rendered":"<p>Mali i Zi, siguron shumic\u00ebn absolute n\u00eb votime Sipas rezultateve paraprake, t\u00eb shpallura n\u00eb or\u00ebt e para t\u00eb dit\u00ebs s\u00eb sotme nga Qendra p\u00ebr Monitorim, n\u00eb zgjedhjet e parakohshme parlamentare t\u00eb dit\u00ebs s\u00eb diel, koalicioni \u201cMali i Zi Evropian\u201d ka siguruar 47 mandate, p\u00ebrkat\u00ebsisht shumic\u00ebn absolute, kurse shqiptar\u00ebt kan\u00eb fituar kat\u00ebr nga 5 vendet e [&hellip;]<\/p>\n","protected":false},"author":1,"featured_media":0,"comment_status":"open","ping_status":"closed","sticky":false,"template":"","format":"standard","meta":{"spay_email":"","jetpack_publicize_message":"","jetpack_is_tweetstorm":false,"jetpack_publicize_feature_enabled":true},"categories":[1],"tags":[3371,8549,8548,200,18],"jetpack_publicize_connections":[],"yoast_head":"<!-- This site is optimized with the Yoast SEO plugin v19.1 - https:\/\/yoast.com\/wordpress\/plugins\/seo\/ -->\n<title>Mehmet Zenka,ka shprehur k\u00ebnaq\u00ebsin\u00eb q\u00eb subjekti i tij doli fitues - Lajme nga Ulqini<\/title>\n<meta name=\"description\" content=\"Mali i Zi, siguron shumic\u00ebn absolute n\u00eb votime Sipas rezultateve paraprake, t\u00eb shpallura n\u00eb or\u00ebt e para t\u00eb dit\u00ebs s\u00eb sotme nga Qendra p\u00ebr Monitorim, n\u00eb\" \/>\n<meta name=\"robots\" content=\"index, follow, max-snippet:-1, max-image-preview:large, max-video-preview:-1\" \/>\n<link rel=\"canonical\" href=\"https:\/\/www.visit-ulcinj.com\/blog\/2009\/03\/30\/mehmet-zenkaka-shprehur-kenaqesine-qe-subjekti-i-tij-doli-fitues\/\" \/>\n<meta property=\"og:locale\" content=\"en_US\" \/>\n<meta property=\"og:type\" content=\"article\" \/>\n<meta property=\"og:title\" content=\"Mehmet Zenka,ka shprehur k\u00ebnaq\u00ebsin\u00eb q\u00eb subjekti i tij doli fitues - Lajme nga Ulqini\" \/>\n<meta property=\"og:description\" content=\"Mali i Zi, siguron shumic\u00ebn absolute n\u00eb votime Sipas rezultateve paraprake, t\u00eb shpallura n\u00eb or\u00ebt e para t\u00eb dit\u00ebs s\u00eb sotme nga Qendra p\u00ebr Monitorim, n\u00eb\" \/>\n<meta property=\"og:url\" content=\"https:\/\/www.visit-ulcinj.com\/blog\/2009\/03\/30\/mehmet-zenkaka-shprehur-kenaqesine-qe-subjekti-i-tij-doli-fitues\/\" \/>\n<meta property=\"og:site_name\" content=\"Lajme nga Ulqini\" \/>\n<meta property=\"article:published_time\" content=\"2009-03-30T10:42:53+00:00\" \/>\n<meta property=\"og:image\" content=\"http:\/\/www.visit-ulcinj.com\/blog\/wp-content\/uploads\/2009\/03\/mehmet-zenka_nenkryetari-i-unionit-demokratik-te-shqiptareve.jpg\" \/>\n<meta name=\"twitter:label1\" content=\"Written by\" \/>\n\t<meta name=\"twitter:data1\" content=\"ulqini\" \/>\n\t<meta name=\"twitter:label2\" content=\"Est. reading time\" \/>\n\t<meta name=\"twitter:data2\" content=\"1 minute\" \/>\n<script type=\"application\/ld+json\" class=\"yoast-schema-graph\">{\"@context\":\"https:\/\/schema.org\",\"@graph\":[{\"@type\":\"WebSite\",\"@id\":\"https:\/\/www.visit-ulcinj.com\/blog\/#website\",\"url\":\"https:\/\/www.visit-ulcinj.com\/blog\/\",\"name\":\"Lajme nga Ulqini\",\"description\":\"Lajme,Vijesti,Ulqini,Ulqin,Crna Gora,Mali i Zi\",\"potentialAction\":[{\"@type\":\"SearchAction\",\"target\":{\"@type\":\"EntryPoint\",\"urlTemplate\":\"https:\/\/www.visit-ulcinj.com\/blog\/?s={search_term_string}\"},\"query-input\":\"required name=search_term_string\"}],\"inLanguage\":\"en-US\"},{\"@type\":\"ImageObject\",\"inLanguage\":\"en-US\",\"@id\":\"https:\/\/www.visit-ulcinj.com\/blog\/2009\/03\/30\/mehmet-zenkaka-shprehur-kenaqesine-qe-subjekti-i-tij-doli-fitues\/#primaryimage\",\"url\":\"https:\/\/www.visit-ulcinj.com\/blog\/wp-content\/uploads\/2009\/03\/mehmet-zenka_nenkryetari-i-unionit-demokratik-te-shqiptareve.jpg\",\"contentUrl\":\"https:\/\/www.visit-ulcinj.com\/blog\/wp-content\/uploads\/2009\/03\/mehmet-zenka_nenkryetari-i-unionit-demokratik-te-shqiptareve.jpg\",\"width\":\"468\",\"height\":\"358\"},{\"@type\":\"WebPage\",\"@id\":\"https:\/\/www.visit-ulcinj.com\/blog\/2009\/03\/30\/mehmet-zenkaka-shprehur-kenaqesine-qe-subjekti-i-tij-doli-fitues\/#webpage\",\"url\":\"https:\/\/www.visit-ulcinj.com\/blog\/2009\/03\/30\/mehmet-zenkaka-shprehur-kenaqesine-qe-subjekti-i-tij-doli-fitues\/\",\"name\":\"Mehmet Zenka,ka shprehur k\u00ebnaq\u00ebsin\u00eb q\u00eb subjekti i tij doli fitues - Lajme nga Ulqini\",\"isPartOf\":{\"@id\":\"https:\/\/www.visit-ulcinj.com\/blog\/#website\"},\"primaryImageOfPage\":{\"@id\":\"https:\/\/www.visit-ulcinj.com\/blog\/2009\/03\/30\/mehmet-zenkaka-shprehur-kenaqesine-qe-subjekti-i-tij-doli-fitues\/#primaryimage\"},\"datePublished\":\"2009-03-30T10:42:53+00:00\",\"dateModified\":\"2009-03-30T10:42:53+00:00\",\"author\":{\"@id\":\"https:\/\/www.visit-ulcinj.com\/blog\/#\/schema\/person\/dcab619c614d3038751c63bc2aadc06d\"},\"description\":\"Mali i Zi, siguron shumic\u00ebn absolute n\u00eb votime Sipas rezultateve paraprake, t\u00eb shpallura n\u00eb or\u00ebt e para t\u00eb dit\u00ebs s\u00eb sotme nga Qendra p\u00ebr Monitorim, n\u00eb\",\"breadcrumb\":{\"@id\":\"https:\/\/www.visit-ulcinj.com\/blog\/2009\/03\/30\/mehmet-zenkaka-shprehur-kenaqesine-qe-subjekti-i-tij-doli-fitues\/#breadcrumb\"},\"inLanguage\":\"en-US\",\"potentialAction\":[{\"@type\":\"ReadAction\",\"target\":[\"https:\/\/www.visit-ulcinj.com\/blog\/2009\/03\/30\/mehmet-zenkaka-shprehur-kenaqesine-qe-subjekti-i-tij-doli-fitues\/\"]}]},{\"@type\":\"BreadcrumbList\",\"@id\":\"https:\/\/www.visit-ulcinj.com\/blog\/2009\/03\/30\/mehmet-zenkaka-shprehur-kenaqesine-qe-subjekti-i-tij-doli-fitues\/#breadcrumb\",\"itemListElement\":[{\"@type\":\"ListItem\",\"position\":1,\"name\":\"Mehmet Zenka,ka shprehur k\u00ebnaq\u00ebsin\u00eb q\u00eb subjekti i tij doli fitues\"}]},{\"@type\":\"Person\",\"@id\":\"https:\/\/www.visit-ulcinj.com\/blog\/#\/schema\/person\/dcab619c614d3038751c63bc2aadc06d\",\"name\":\"ulqini\",\"sameAs\":[\"http:\/\/www.visit-ulcinj.com\"],\"url\":\"https:\/\/www.visit-ulcinj.com\/blog\/author\/admin\/\"}]}<\/script>\n<!-- \/ Yoast SEO plugin. -->","yoast_head_json":{"title":"Mehmet Zenka,ka shprehur k\u00ebnaq\u00ebsin\u00eb q\u00eb subjekti i tij doli fitues - Lajme nga Ulqini","description":"Mali i Zi, siguron shumic\u00ebn absolute n\u00eb votime Sipas rezultateve paraprake, t\u00eb shpallura n\u00eb or\u00ebt e para t\u00eb dit\u00ebs s\u00eb sotme nga Qendra p\u00ebr Monitorim, n\u00eb","robots":{"index":"index","follow":"follow","max-snippet":"max-snippet:-1","max-image-preview":"max-image-preview:large","max-video-preview":"max-video-preview:-1"},"canonical":"https:\/\/www.visit-ulcinj.com\/blog\/2009\/03\/30\/mehmet-zenkaka-shprehur-kenaqesine-qe-subjekti-i-tij-doli-fitues\/","og_locale":"en_US","og_type":"article","og_title":"Mehmet Zenka,ka shprehur k\u00ebnaq\u00ebsin\u00eb q\u00eb subjekti i tij doli fitues - Lajme nga Ulqini","og_description":"Mali i Zi, siguron shumic\u00ebn absolute n\u00eb votime Sipas rezultateve paraprake, t\u00eb shpallura n\u00eb or\u00ebt e para t\u00eb dit\u00ebs s\u00eb sotme nga Qendra p\u00ebr Monitorim, n\u00eb","og_url":"https:\/\/www.visit-ulcinj.com\/blog\/2009\/03\/30\/mehmet-zenkaka-shprehur-kenaqesine-qe-subjekti-i-tij-doli-fitues\/","og_site_name":"Lajme nga Ulqini","article_published_time":"2009-03-30T10:42:53+00:00","og_image":[{"url":"http:\/\/www.visit-ulcinj.com\/blog\/wp-content\/uploads\/2009\/03\/mehmet-zenka_nenkryetari-i-unionit-demokratik-te-shqiptareve.jpg"}],"twitter_misc":{"Written by":"ulqini","Est. reading time":"1 minute"},"schema":{"@context":"https:\/\/schema.org","@graph":[{"@type":"WebSite","@id":"https:\/\/www.visit-ulcinj.com\/blog\/#website","url":"https:\/\/www.visit-ulcinj.com\/blog\/","name":"Lajme nga Ulqini","description":"Lajme,Vijesti,Ulqini,Ulqin,Crna Gora,Mali i Zi","potentialAction":[{"@type":"SearchAction","target":{"@type":"EntryPoint","urlTemplate":"https:\/\/www.visit-ulcinj.com\/blog\/?s={search_term_string}"},"query-input":"required name=search_term_string"}],"inLanguage":"en-US"},{"@type":"ImageObject","inLanguage":"en-US","@id":"https:\/\/www.visit-ulcinj.com\/blog\/2009\/03\/30\/mehmet-zenkaka-shprehur-kenaqesine-qe-subjekti-i-tij-doli-fitues\/#primaryimage","url":"https:\/\/www.visit-ulcinj.com\/blog\/wp-content\/uploads\/2009\/03\/mehmet-zenka_nenkryetari-i-unionit-demokratik-te-shqiptareve.jpg","contentUrl":"https:\/\/www.visit-ulcinj.com\/blog\/wp-content\/uploads\/2009\/03\/mehmet-zenka_nenkryetari-i-unionit-demokratik-te-shqiptareve.jpg","width":"468","height":"358"},{"@type":"WebPage","@id":"https:\/\/www.visit-ulcinj.com\/blog\/2009\/03\/30\/mehmet-zenkaka-shprehur-kenaqesine-qe-subjekti-i-tij-doli-fitues\/#webpage","url":"https:\/\/www.visit-ulcinj.com\/blog\/2009\/03\/30\/mehmet-zenkaka-shprehur-kenaqesine-qe-subjekti-i-tij-doli-fitues\/","name":"Mehmet Zenka,ka shprehur k\u00ebnaq\u00ebsin\u00eb q\u00eb subjekti i tij doli fitues - Lajme nga Ulqini","isPartOf":{"@id":"https:\/\/www.visit-ulcinj.com\/blog\/#website"},"primaryImageOfPage":{"@id":"https:\/\/www.visit-ulcinj.com\/blog\/2009\/03\/30\/mehmet-zenkaka-shprehur-kenaqesine-qe-subjekti-i-tij-doli-fitues\/#primaryimage"},"datePublished":"2009-03-30T10:42:53+00:00","dateModified":"2009-03-30T10:42:53+00:00","author":{"@id":"https:\/\/www.visit-ulcinj.com\/blog\/#\/schema\/person\/dcab619c614d3038751c63bc2aadc06d"},"description":"Mali i Zi, siguron shumic\u00ebn absolute n\u00eb votime Sipas rezultateve paraprake, t\u00eb shpallura n\u00eb or\u00ebt e para t\u00eb dit\u00ebs s\u00eb sotme nga Qendra p\u00ebr Monitorim, n\u00eb","breadcrumb":{"@id":"https:\/\/www.visit-ulcinj.com\/blog\/2009\/03\/30\/mehmet-zenkaka-shprehur-kenaqesine-qe-subjekti-i-tij-doli-fitues\/#breadcrumb"},"inLanguage":"en-US","potentialAction":[{"@type":"ReadAction","target":["https:\/\/www.visit-ulcinj.com\/blog\/2009\/03\/30\/mehmet-zenkaka-shprehur-kenaqesine-qe-subjekti-i-tij-doli-fitues\/"]}]},{"@type":"BreadcrumbList","@id":"https:\/\/www.visit-ulcinj.com\/blog\/2009\/03\/30\/mehmet-zenkaka-shprehur-kenaqesine-qe-subjekti-i-tij-doli-fitues\/#breadcrumb","itemListElement":[{"@type":"ListItem","position":1,"name":"Mehmet Zenka,ka shprehur k\u00ebnaq\u00ebsin\u00eb q\u00eb subjekti i tij doli fitues"}]},{"@type":"Person","@id":"https:\/\/www.visit-ulcinj.com\/blog\/#\/schema\/person\/dcab619c614d3038751c63bc2aadc06d","name":"ulqini","sameAs":["http:\/\/www.visit-ulcinj.com"],"url":"https:\/\/www.visit-ulcinj.com\/blog\/author\/admin\/"}]}},"jetpack_featured_media_url":"","jetpack_sharing_enabled":true,"jetpack_shortlink":"https:\/\/wp.me\/pe6lTn-4dB","_links":{"self":[{"href":"https:\/\/www.visit-ulcinj.com\/blog\/wp-json\/wp\/v2\/posts\/16219"}],"collection":[{"href":"https:\/\/www.visit-ulcinj.com\/blog\/wp-json\/wp\/v2\/posts"}],"about":[{"href":"https:\/\/www.visit-ulcinj.com\/blog\/wp-json\/wp\/v2\/types\/post"}],"author":[{"embeddable":true,"href":"https:\/\/www.visit-ulcinj.com\/blog\/wp-json\/wp\/v2\/users\/1"}],"replies":[{"embeddable":true,"href":"https:\/\/www.visit-ulcinj.com\/blog\/wp-json\/wp\/v2\/comments?post=16219"}],"version-history":[{"count":0,"href":"https:\/\/www.visit-ulcinj.com\/blog\/wp-json\/wp\/v2\/posts\/16219\/revisions"}],"wp:attachment":[{"href":"https:\/\/www.visit-ulcinj.com\/blog\/wp-json\/wp\/v2\/media?parent=16219"}],"wp:term":[{"taxonomy":"category","embeddable":true,"href":"https:\/\/www.visit-ulcinj.com\/blog\/wp-json\/wp\/v2\/categories?post=16219"},{"taxonomy":"post_tag","embeddable":true,"href":"https:\/\/www.visit-ulcinj.com\/blog\/wp-json\/wp\/v2\/tags?post=16219"}],"curies":[{"name":"wp","href":"https:\/\/api.w.org\/{rel}","templated":true}]}}