{"id":16231,"date":"2009-03-30T17:39:36","date_gmt":"2009-03-30T16:39:36","guid":{"rendered":"http:\/\/www.visit-ulcinj.com\/blog\/?p=16231"},"modified":"2009-03-30T17:39:36","modified_gmt":"2009-03-30T16:39:36","slug":"nika-kur-patriotizmi-kamuflon-sadizem","status":"publish","type":"post","link":"https:\/\/www.visit-ulcinj.com\/blog\/2009\/03\/30\/nika-kur-patriotizmi-kamuflon-sadizem\/","title":{"rendered":"Nika: Kur patriotizmi kamuflon sadiz\u00ebm"},"content":{"rendered":"<p><strong><a href=\"http:\/\/www.visit-ulcinj.com\/blog\/wp-content\/uploads\/2009\/03\/muhamet-nika_ulcinj.jpg\"><img loading=\"lazy\" class=\"alignleft size-full wp-image-16232\" title=\"muhamet-nika_ulcinj\" src=\"http:\/\/www.visit-ulcinj.com\/blog\/wp-content\/uploads\/2009\/03\/muhamet-nika_ulcinj.jpg\" alt=\"muhamet-nika_ulcinj\" width=\"343\" height=\"258\" \/><\/a>Jezusi: Margaritar\u00ebt nuk u jepen thive<\/strong><br \/>\nGjuha metaforike e politikanit dhe liderit nganj\u00ebher\u00eb tregojn\u00eb bot\u00ebn shpirt\u00ebrore t\u00eb tyre n\u00eb raport me zgjedh\u00ebsit. Nd\u00ebrsa koncepti politikan dhe lider \u00ebsht\u00eb nj\u00eb dallim tep\u00ebr i madh, sepse politikani mendon se si t\u00eb fitoj\u00eb zgjedhjet, nd\u00ebrsa lideri se si t\u00eb fitojn\u00eb gjeneratat. K\u00ebshtu q\u00eb &#8220;lideri&#8221; kur d\u00ebshton me ata q\u00eb duhet t\u00eb ler\u00eb pas, nuk mund t`i fajsoj\u00eb t\u00eb tjer\u00ebt p\u00ebr d\u00ebshtimin e gjeneratave t\u00eb reja. Lideri i cili thot\u00eb q\u00eb gjeneratat e reja jan\u00eb t\u00eb paarsimuar dhe t\u00eb pap\u00ebrvoj\u00eb, kur vet\u00eb ka marr\u00eb p\u00ebrgjegj\u00ebsin\u00eb e liderizmit t\u00eb tyre nuuk mund t\u00eb shfaj\u00ebsohet. Treguesi m\u00eb i mir\u00eb, si shenj\u00eb, q\u00eb tregon se politikani nuk mund t\u00eb ngritet n\u00eb nivelin e liderit \u00ebsht\u00eb momenti kur rival\u00ebt e brezit t\u00eb ri i quan me emra posht\u00ebrues e fyes si\u00e7 \u00ebsht\u00eb rasti i fjalorit t\u00eb p\u00ebrdorur nga kandidati p\u00ebr deputet z. Bardhi kur p\u00ebrfaq\u00ebsuesiet e brezit t\u00eb ri i quajti &#8220;fiqfiriqa&#8221;.<br \/>\nP\u00ebr ata q\u00eb nuk e kan\u00eb t\u00eb qart\u00eb kuptimin e fjal\u00ebs fiqfiriq po themi se n\u00eb fjalorin e gjuh\u00ebs shqipe e gjejm\u00eb t\u00eb shkruar fiq-fiq, kurse n\u00eb t\u00eb v\u00ebrtet\u00eb fjala \u00ebsht\u00eb p\u00ebr nj\u00eb lloj karkaleci nate, q\u00eb tin\u00ebzisht futet n\u00eb dhom\u00eb dhe l\u00ebshon nj\u00eb z\u00eb tep\u00ebr bezdis\u00ebs dhe madje trishtues. Fiqfiriqi \u00ebsht\u00eb tep\u00ebr i p\u00ebr\u00e7udsh\u00ebm p\u00ebr ta par\u00eb, p\u00ebrngjet n\u00eb nj\u00eb rinaceron t\u00eb p\u00ebrmasave t\u00eb vogla e q\u00eb po se p\u00ebrzun\u00eb detyrimisht t\u00eb b\u00ebn ta l\u00ebshosh dhom\u00ebn e gjumit. P\u00ebr hajgare, nj\u00eb vendas i imi p\u00ebr ta ofruar fjal\u00ebn fiqfiriq n\u00eb m\u00ebnyr\u00eb shpotit\u00ebse tha &#8220;q\u00eb n\u00eb An\u00eb t\u00eb Malit i themi jo fiq-fiq si\u00e7 e gjejm\u00eb n\u00eb fjalorin e gjuh\u00ebs shqipe, por fuq-fuq ose fuqfuruq. Kjo vlen\u00eb k\u00ebtu p\u00ebr ne n\u00eb An\u00eb t\u00eb Malit, kurse p\u00ebr ato q\u00eb jan\u00eb nga diaspora nuk e di se si mund t\u00eb quhen, fiq-fiqa a fiqfiriqa, por p\u00ebr k\u00ebt\u00eb sqarim m\u00eb t\u00eb mir\u00eb mund t`u jap\u00eb z. Bardhi. Duke mos pasur p\u00ebr q\u00ebllim t\u00eb b\u00ebjm\u00eb banalizimin e \u00e7\u00ebshtjes me nj\u00eb humor t\u00eb zi, mendoj se p\u00ebr momentin \u00ebsht\u00eb m\u00eb mir\u00eb t`i kthehemi problemit t\u00eb patriotizmit q\u00eb reflekton sadiz\u00ebm.<br \/>\nFromi cek\u00eb: njeriu e ka p\u00ebrdorur dhe e p\u00ebrdor dashurin\u00eb, detyr\u00ebn, nd\u00ebrgjegj\u00ebn, patriotizmin si kamuflim p\u00ebr t`i shkat\u00ebrruar t\u00eb tjer\u00ebt. Disa synime shkat\u00ebrruese rrjedhin nga nj\u00eb situat\u00eb e posa\u00e7me &#8211; si reaksioni njeriut ndaj sulmeve q\u00eb i drejtohen jet\u00ebs dhe integritetit t\u00eb tij ose reaksion ndaj ideve, me t\u00eb cilat identifikohet njeriu. Kush e ka t\u00eb njohur at\u00eb \u00e7far\u00eb po ndodh\u00eb n\u00eb akuzat e z. Hollaj, n\u00eb k\u00ebt\u00eb fushat\u00eb, ish-kryetarit t\u00eb PPD-s\u00eb ndaj koleg\u00ebve t\u00eb vet t\u00eb Partis\u00eb pasi q\u00eb ai u identifikua me iden\u00eb p\u00ebr deputetin e An\u00ebs s\u00eb Malit, mund ta keni m\u00eb t\u00eb qart\u00eb konstatimin e tij si nj\u00eb reaksion kur thot\u00eb: tre k\u00ebshilltar\u00ebt e PPD-s\u00eb n\u00eb Kuvendin e Komun\u00ebs s\u00eb Ulqinit nuk kan\u00eb q\u00ebllime t\u00eb mira komb\u00ebtare&#8230; nuk e kam par\u00eb asnj\u00ebher\u00eb t\u00eb nevojshme t\u00eb reagoj sepse e kam kuptuar q\u00eb e kan\u00eb t\u00eb nevojshme t\u00eb jen\u00eb n\u00eb medie t\u00eb shkruara malazeze dhe n\u00eb asnj\u00eb moment nuk e kam kuptuar q\u00eb i drejtohen elektoratit shqiptar apo edhe m\u00eb qart\u00eb votuesve t\u00eb PPD-s\u00eb, pasi gjuha amtare e tyre \u00ebsht\u00eb gjuha shqipe&#8230; vet\u00ebm thirrja e nd\u00ebrgjegjes q\u00eb t\u00eb mos n\u00ebn\u00e7mojn\u00eb dhe t\u00eb manipulojn\u00eb me votues \u00ebsht\u00eb n\u00eb vij\u00ebn e partis\u00eb?<br \/>\nN\u00eb k\u00ebt\u00eb situat\u00eb z. Hollaj gabon 2 her\u00eb. Her\u00ebn e par\u00eb gabon kur k\u00ebshilltar\u00ebt i akuzon p\u00ebr \u00e7\u00ebshtjen e mosp\u00ebrdorimit t\u00eb gjuh\u00ebs shqipe, ngase t\u00eb pakt\u00ebn atij nuk i takon ta b\u00ebj\u00eb, sepse me p\u00ebrdorimin e saj n\u00eb jet\u00ebn e p\u00ebrditshme n\u00eb familje si gjuh\u00eb amtare \u00ebsht\u00eb n\u00eb deficit n\u00eb krahasim me tre k\u00ebshilltar\u00ebt. Kurse gabimi i dyt\u00eb \u00ebsht\u00eb koncepti i vij\u00ebs s\u00eb partis\u00eb. T\u00eb cil\u00ebn vij\u00eb me siguri sipas edukat\u00ebs familjare dhe mjediset e kupton n\u00eb konceptin bolshevik, ku partia organizohej vet\u00ebm n\u00eb vij\u00ebn vertikale, kurse koncepti modern i partive \u00ebsht\u00eb q\u00eb t\u00eb gjith\u00eb jan\u00eb t\u00eb barabart\u00eb n\u00eb vij\u00ebn horizontale, kurse kryetari vet ec\u00eb n\u00eb vij\u00ebn vertikale brenda katrortit partiak, duke i p\u00ebrngjar\u00eb m\u00eb tep\u00ebr rolit t\u00eb nj\u00eb koordinatori.<br \/>\nP\u00ebr t\u00eb hyr\u00eb p\u00ebrs\u00ebri n\u00eb tem\u00eb themi q\u00eb sipas Frojdit nj\u00eb lloj q\u00ebndrimit sadist \u00ebsht\u00eb d\u00ebshira p\u00ebr t\u00eb vendosur nj\u00eb pushtet absolut dhe t\u00eb pakufizuar. N\u00ebse u kthehemi degenerimeve sadiste t\u00eb s\u00eb shkuar\u00ebs s\u00eb organizimit ton\u00eb politik shqiptar n\u00eb Mal t\u00eb Zi, p\u00ebrmendim q\u00eb elemente sadiste vijn\u00eb n\u00eb shprehje m\u00eb qart n\u00eb relacionet e dikurshme t\u00eb konfliktit UDSH-LD n\u00eb faz\u00ebn m\u00eb t\u00eb hershme t\u00eb sherrit partiak. P\u00ebr t\u00eb kuptuar se asgj\u00eb as sot nuk ndryshoi n\u00eb akuzat e fushatave t\u00eb k\u00ebtyre dy partive, LD-UDSH &#8211; dikur Dega e Ulqinit e LD-s\u00eb, po p\u00ebrmendim konfliktin sadist q\u00eb edhe sot reflekton. Sipas pik\u00ebpamjes Frojdiane p\u00ebr problemin at\u00eb do ta kishim arsyetuar k\u00ebshtu: Sadizmi \u00ebsht\u00eb d\u00ebshira p\u00ebr t`i shkaktuar vuajtje tjetrit apo p\u00ebr t\u00eb v\u00ebshtruar se si vuan. Q\u00ebndrimi sadist \u00ebsht\u00eb q\u00eb t\u00eb tjer\u00ebt t\u00eb l\u00ebndohen n\u00eb m\u00ebnyr\u00eb aktive, t\u00eb p\u00ebrulen dhe t\u00eb turbullohen apo t\u00eb n\u00ebnshtrohen p\u00ebrmes situatave t\u00eb cilat i turbullojn\u00eb apo posht\u00ebrojn\u00eb (shih gjuh\u00ebn e fushat\u00ebs)! Nga idet\u00eb e hedhura p\u00ebr problemin e sadizmit ve\u00e7ojm\u00eb at\u00eb t\u00eb Hopsit, kur supozoi se ekzistenca e d\u00ebshir\u00ebs s\u00eb p\u00ebrhershme dhe t\u00eb paqet\u00eb p\u00ebr pushtet sa m\u00eb e madhe \u00ebsht\u00eb d\u00ebshira e flak\u00ebt e cila fiket vet\u00ebm me vdekje dhe paraqet nj\u00eb prirje t\u00eb p\u00ebrgjithshme t\u00eb njer\u00ebzimit. P\u00ebr k\u00ebt\u00eb problem ndoshta m\u00eb q\u00eb qarti flet kumtesa e ish Deg\u00ebs s\u00eb LD n\u00eb MZ (UDSH) t\u00eb p\u00ebrmendur dhe e cila ishte si nj\u00eb kund\u00ebrp\u00ebrgjigje e ulqinak\u00ebve me num\u00ebr 146\/93 t\u00eb dat\u00ebs 21.05.1993, ku thuhet: &#8220;&#8230;parashikimi i \u00e7\u00ebshtjes s\u00eb depolitizimit (pushtet-parti) u b\u00eb shkak dhe moll\u00eb sherri p\u00ebr krijimin e marr\u00ebdh\u00ebnieve t\u00eb pavolitshme n\u00eb mes t\u00eb kryetarit t\u00eb LD n\u00eb MZ dhe an\u00ebtar\u00ebve t\u00eb nj\u00eb pjes\u00eb t\u00eb saj me kryesin\u00eb e Deg\u00ebs s\u00eb Ulqinit. Me t\u00eb nj\u00ebjtit manipulohet gjithnj\u00eb duke p\u00ebr\u00e7ar\u00eb an\u00ebtar\u00ebt n\u00eb m\u00ebnyr\u00eb perfide, p\u00ebr t\u00eb mbrojtur dy postet e veta, duke zbatuar n\u00eb praktik\u00eb th\u00ebnien e Bankos&#8221;, &#8220;&#8230;Partia mund t\u00eb b\u00ebhet kos, e un\u00eb do t\u00eb vij si kryetar i Komun\u00ebs s\u00eb Ulqinit&#8230;&#8221;. Ky konflikt n\u00eb at\u00eb koh\u00eb plasi nd\u00ebrmjet kryetarit aktual t\u00eb LD-s\u00eb Mehmet Bardhi dhe Shaban Dollaku, ish-kryetar i K\u00ebshillit ekzekutiv n\u00eb Komun\u00ebn e Ulqinit. kurse t\u00eb tjer\u00ebt u taborizuan pas k\u00ebtyre dy personave, \u00e7ka rezultoi m\u00eb von\u00eb me ndarje partiake brenda vet\u00eb Deg\u00ebs s\u00eb Ulqinit. Shkencat psiko-analitike v\u00ebrejn\u00eb se synimet sadiste t\u00eb individit n\u00eb fillim jan\u00eb krejt\u00ebsisht t\u00eb fshehura dhe tep\u00ebr t\u00eb v\u00ebshtira p\u00ebr t`u hetuar. Sadisti ka nevoj\u00eb p\u00ebr nj\u00eb person t\u00eb cilin do ta zot\u00ebroj\u00eb. Ai mund t\u00eb jet\u00eb tep\u00ebr i rreziksh\u00ebm p\u00ebr shoq\u00ebrin\u00eb, kurse m\u00eb agresiv \u00ebsht\u00eb lloji i sadistit q\u00eb reflekton n\u00eb dy forma.<br \/>\nMu m\u00eb kan\u00eb l\u00ebnduart\u00eb tjer\u00ebt dhe d\u00ebshira ime p\u00ebr t\u00eb l\u00ebnduar nuk \u00ebsht\u00eb asgj\u00eb tjet\u00ebr ve\u00e7se hakmarrje. Po n\u00eb k\u00ebt\u00eb kumtes\u00eb t\u00eb n\u00ebnshkruar nga z. Fuad Nimani, kryetar i Deg\u00ebs s\u00eb Ulqinit, dhe minist\u00ebr n\u00eb Qeverin\u00eb e Malit t\u00eb Zi si duket p\u00ebr k\u00ebt\u00eb problem ai n\u00eb at\u00eb koh\u00eb n\u00eb m\u00ebnyr\u00eb t\u00eb pavet\u00ebdijshme shprehet duke arsyetuar pik\u00ebpamjen Fjordiane dhe thot\u00eb: &#8220;&#8230;K\u00ebt\u00eb vendim `t\u00eb p\u00ebrjashtimit t\u00eb Deg\u00ebs` e p\u00ebrjetojm\u00eb si nj\u00eb grusht t\u00eb r\u00ebnd\u00eb ndaj nj\u00eb qyteti, me tendenca hakmarrjeje personale p\u00ebr ato \u00e7ka z. kryetar p\u00ebsoi nga partia komuniste&#8230;&#8221;<br \/>\nP\u00ebrve\u00e7 se hakmarrje, sadisti di t\u00eb thot\u00eb se p\u00ebr ty kam b\u00ebr\u00eb aq shum\u00eb sa tani kam t\u00eb drejt\u00eb t\u00eb marr\u00eb at\u00eb q\u00eb dua, &#8220;si dhe&#8221; un\u00eb t\u00eb zot\u00ebroj, sepse e di \u00e7ka \u00ebsht\u00eb m\u00eb mir\u00eb p\u00ebr ty, kurse \u00ebsht\u00eb n\u00eb interesin t\u00ebnd t\u00eb m\u00eb ndjek\u00ebsh pa kund\u00ebrshtuar. Nj\u00eb veprim i till\u00eb vazhdon t\u00eb p\u00ebrs\u00ebritet si duket n\u00eb form\u00eb t\u00eb vazhdueshme n\u00eb veprimet e disa vetave q\u00eb p\u00ebrmend\u00ebm m\u00eb lart.<br \/>\nDuke ndjekur k\u00ebt\u00eb p\u00ebr\u00e7arje t\u00eb dikurshme brenda Lidhjes nga nj\u00eb kumtes\u00eb e UDSH -s\u00eb e dat\u00ebs 9.05.1994, t\u00eb numrit rendor 40\/94 e cila nuk u publikua n\u00eb &#8220;Z\u00ebri&#8221; p\u00ebr arsye q\u00eb mund t\u00eb merrni me mend kur i ndjeri Bajram Rexha ish kryetar i UDSH -s\u00eb shprehet: &#8220;&#8230;N\u00eb intervist\u00eb dikush u p\u00ebrpoq t\u00eb m\u00eb paraqes\u00eb ndryshe, si nj\u00eb q\u00eb dikush ka nevoj\u00eb t\u00eb m\u00eb t\u00ebrheq\u00eb p\u00ebr dore, si nj\u00eb q\u00eb s`kuptoi asgj\u00eb, si nj\u00eb q\u00eb manipulohet me mua. Ky \u00ebsht\u00eb nj\u00eb zbulim epokal do thosha, mbase edhe di\u00e7ka m\u00eb tep\u00ebr. Por edhe p\u00ebrkundrejt k\u00ebsaj akuze, k\u00ebtij mendimi koturu e pa baza, pranoj t\u00eb jem i manipuluar p\u00ebr hir t\u00eb nj\u00eb anonimi t\u00eb LD-s\u00eb, mburrja e tij e paskrupullt, kur thot\u00eb se na i paska b\u00ebr\u00eb ulqinak\u00ebt t\u00eb m\u00ebsojn\u00eb e flasin shqip&#8230;&#8221;<br \/>\nAi (sadisti), vazhdon Frojdi ndoshta, nuk do t\u00eb b\u00ebj\u00eb asnj\u00eb hap t\u00eb qart\u00eb sadist dhe instinktet e veta p\u00ebr t`u treguar si njeri q\u00eb nuk \u00ebsht\u00eb sadist do t\u00eb arrij\u00eb t`i fsheh\u00eb, megjithat\u00eb \u00e7do analiz\u00eb e kujdesshme e sjelljeve, fantazive, \u00ebndrrave t\u00eb tij, do t\u00eb tregoj\u00eb se impulset sadiste veprojn\u00eb n\u00eb shtresat m\u00eb t\u00eb thella t\u00eb personalitetit t\u00eb tij.<br \/>\nFromi konkludon q\u00eb sipas Hitlerit masat d\u00ebshirojn\u00eb q\u00eb m\u00eb i forti t\u00eb fitoj\u00eb, nd\u00ebrsa i dob\u00ebti t\u00eb zhduket ose t\u00eb dor\u00ebzohet pa kushte. Ashtu si gruaja q\u00eb m\u00eb me d\u00ebshir\u00eb e n\u00ebnshtrohet burrit t\u00eb fuqish\u00ebm sesa ta zot\u00ebroj\u00eb nj\u00eb i dob\u00ebt, ashtu edhe masat m\u00eb shum\u00eb e duan sunduesin sesa lut\u00ebsin e p\u00ebrulur &#8230; e n\u00eb shpirt jan\u00eb shum\u00eb m\u00eb t\u00eb k\u00ebnaqur me doktrin\u00ebn q\u00eb nuk i duron rivalet sesa medh\u00ebnien e liris\u00eb. Ata shpeshher\u00eb jan\u00eb n\u00eb dilem\u00eb se \u00e7far\u00eb t\u00eb b\u00ebjn\u00eb me t\u00eb, bile edhe anojn\u00eb q\u00eb liria e tyre t\u00eb jet\u00eb e l\u00ebn\u00eb pasdore.<br \/>\npo t\u00eb shikojm\u00eb n\u00eb p\u00ebrsiatje at\u00eb \u00e7far\u00eb dnodh n\u00eb sken\u00ebn e organizimit politik shqiptar, duket q\u00eb si popull kemi prirje t\u00eb kemi problem me tepri\u00ebn e liris\u00eb dhe t\u00eb lejojm\u00eb q\u00eb aksidentalisht t\u00eb vijn\u00eb n\u00eb krye t\u00eb organizimit t\u00eb politik persona t\u00eb cil\u00ebt as q\u00eb e kan\u00eb pasur n\u00eb plan t\u00eb b\u00ebhen prir\u00ebs t\u00eb nj\u00eb partie.<\/p>\n<p><strong>Muhamet Nika<br \/>\nKoha Javore<\/strong><\/p>\n","protected":false},"excerpt":{"rendered":"<p>Jezusi: Margaritar\u00ebt nuk u jepen thive Gjuha metaforike e politikanit dhe liderit nganj\u00ebher\u00eb tregojn\u00eb bot\u00ebn shpirt\u00ebrore t\u00eb tyre n\u00eb raport me zgjedh\u00ebsit. Nd\u00ebrsa koncepti politikan dhe lider \u00ebsht\u00eb nj\u00eb dallim tep\u00ebr i madh, sepse politikani mendon se si t\u00eb fitoj\u00eb zgjedhjet, nd\u00ebrsa lideri se si t\u00eb fitojn\u00eb gjeneratat. K\u00ebshtu q\u00eb &#8220;lideri&#8221; kur d\u00ebshton me ata [&hellip;]<\/p>\n","protected":false},"author":1,"featured_media":0,"comment_status":"open","ping_status":"closed","sticky":false,"template":"","format":"standard","meta":{"spay_email":"","jetpack_publicize_message":"","jetpack_is_tweetstorm":false,"jetpack_publicize_feature_enabled":true},"categories":[13],"tags":[212,944,200,18],"jetpack_publicize_connections":[],"yoast_head":"<!-- This site is optimized with the Yoast SEO plugin v19.1 - https:\/\/yoast.com\/wordpress\/plugins\/seo\/ -->\n<title>Nika: Kur patriotizmi kamuflon sadiz\u00ebm - Lajme nga Ulqini<\/title>\n<meta name=\"description\" content=\"Jezusi: Margaritar\u00ebt nuk u jepen thive Gjuha metaforike e politikanit dhe liderit nganj\u00ebher\u00eb tregojn\u00eb bot\u00ebn shpirt\u00ebrore t\u00eb tyre n\u00eb raport me zgjedh\u00ebsit.\" \/>\n<meta name=\"robots\" content=\"index, follow, max-snippet:-1, max-image-preview:large, max-video-preview:-1\" \/>\n<link rel=\"canonical\" href=\"https:\/\/www.visit-ulcinj.com\/blog\/2009\/03\/30\/nika-kur-patriotizmi-kamuflon-sadizem\/\" \/>\n<meta property=\"og:locale\" content=\"en_US\" \/>\n<meta property=\"og:type\" content=\"article\" \/>\n<meta property=\"og:title\" content=\"Nika: Kur patriotizmi kamuflon sadiz\u00ebm - Lajme nga Ulqini\" \/>\n<meta property=\"og:description\" content=\"Jezusi: Margaritar\u00ebt nuk u jepen thive Gjuha metaforike e politikanit dhe liderit nganj\u00ebher\u00eb tregojn\u00eb bot\u00ebn shpirt\u00ebrore t\u00eb tyre n\u00eb raport me zgjedh\u00ebsit.\" \/>\n<meta property=\"og:url\" content=\"https:\/\/www.visit-ulcinj.com\/blog\/2009\/03\/30\/nika-kur-patriotizmi-kamuflon-sadizem\/\" \/>\n<meta property=\"og:site_name\" content=\"Lajme nga Ulqini\" \/>\n<meta property=\"article:published_time\" content=\"2009-03-30T16:39:36+00:00\" \/>\n<meta property=\"og:image\" content=\"http:\/\/www.visit-ulcinj.com\/blog\/wp-content\/uploads\/2009\/03\/muhamet-nika_ulcinj.jpg\" \/>\n<meta name=\"twitter:label1\" content=\"Written by\" \/>\n\t<meta name=\"twitter:data1\" content=\"ulqini\" \/>\n\t<meta name=\"twitter:label2\" content=\"Est. reading time\" \/>\n\t<meta name=\"twitter:data2\" content=\"9 minutes\" \/>\n<script type=\"application\/ld+json\" class=\"yoast-schema-graph\">{\"@context\":\"https:\/\/schema.org\",\"@graph\":[{\"@type\":\"WebSite\",\"@id\":\"https:\/\/www.visit-ulcinj.com\/blog\/#website\",\"url\":\"https:\/\/www.visit-ulcinj.com\/blog\/\",\"name\":\"Lajme nga Ulqini\",\"description\":\"Lajme,Vijesti,Ulqini,Ulqin,Crna Gora,Mali i Zi\",\"potentialAction\":[{\"@type\":\"SearchAction\",\"target\":{\"@type\":\"EntryPoint\",\"urlTemplate\":\"https:\/\/www.visit-ulcinj.com\/blog\/?s={search_term_string}\"},\"query-input\":\"required name=search_term_string\"}],\"inLanguage\":\"en-US\"},{\"@type\":\"ImageObject\",\"inLanguage\":\"en-US\",\"@id\":\"https:\/\/www.visit-ulcinj.com\/blog\/2009\/03\/30\/nika-kur-patriotizmi-kamuflon-sadizem\/#primaryimage\",\"url\":\"https:\/\/www.visit-ulcinj.com\/blog\/wp-content\/uploads\/2009\/03\/muhamet-nika_ulcinj.jpg\",\"contentUrl\":\"https:\/\/www.visit-ulcinj.com\/blog\/wp-content\/uploads\/2009\/03\/muhamet-nika_ulcinj.jpg\",\"width\":\"290\",\"height\":\"218\"},{\"@type\":\"WebPage\",\"@id\":\"https:\/\/www.visit-ulcinj.com\/blog\/2009\/03\/30\/nika-kur-patriotizmi-kamuflon-sadizem\/#webpage\",\"url\":\"https:\/\/www.visit-ulcinj.com\/blog\/2009\/03\/30\/nika-kur-patriotizmi-kamuflon-sadizem\/\",\"name\":\"Nika: Kur patriotizmi kamuflon sadiz\u00ebm - Lajme nga Ulqini\",\"isPartOf\":{\"@id\":\"https:\/\/www.visit-ulcinj.com\/blog\/#website\"},\"primaryImageOfPage\":{\"@id\":\"https:\/\/www.visit-ulcinj.com\/blog\/2009\/03\/30\/nika-kur-patriotizmi-kamuflon-sadizem\/#primaryimage\"},\"datePublished\":\"2009-03-30T16:39:36+00:00\",\"dateModified\":\"2009-03-30T16:39:36+00:00\",\"author\":{\"@id\":\"https:\/\/www.visit-ulcinj.com\/blog\/#\/schema\/person\/dcab619c614d3038751c63bc2aadc06d\"},\"description\":\"Jezusi: Margaritar\u00ebt nuk u jepen thive Gjuha metaforike e politikanit dhe liderit nganj\u00ebher\u00eb tregojn\u00eb bot\u00ebn shpirt\u00ebrore t\u00eb tyre n\u00eb raport me zgjedh\u00ebsit.\",\"breadcrumb\":{\"@id\":\"https:\/\/www.visit-ulcinj.com\/blog\/2009\/03\/30\/nika-kur-patriotizmi-kamuflon-sadizem\/#breadcrumb\"},\"inLanguage\":\"en-US\",\"potentialAction\":[{\"@type\":\"ReadAction\",\"target\":[\"https:\/\/www.visit-ulcinj.com\/blog\/2009\/03\/30\/nika-kur-patriotizmi-kamuflon-sadizem\/\"]}]},{\"@type\":\"BreadcrumbList\",\"@id\":\"https:\/\/www.visit-ulcinj.com\/blog\/2009\/03\/30\/nika-kur-patriotizmi-kamuflon-sadizem\/#breadcrumb\",\"itemListElement\":[{\"@type\":\"ListItem\",\"position\":1,\"name\":\"Nika: Kur patriotizmi kamuflon sadiz\u00ebm\"}]},{\"@type\":\"Person\",\"@id\":\"https:\/\/www.visit-ulcinj.com\/blog\/#\/schema\/person\/dcab619c614d3038751c63bc2aadc06d\",\"name\":\"ulqini\",\"sameAs\":[\"http:\/\/www.visit-ulcinj.com\"],\"url\":\"https:\/\/www.visit-ulcinj.com\/blog\/author\/admin\/\"}]}<\/script>\n<!-- \/ Yoast SEO plugin. -->","yoast_head_json":{"title":"Nika: Kur patriotizmi kamuflon sadiz\u00ebm - Lajme nga Ulqini","description":"Jezusi: Margaritar\u00ebt nuk u jepen thive Gjuha metaforike e politikanit dhe liderit nganj\u00ebher\u00eb tregojn\u00eb bot\u00ebn shpirt\u00ebrore t\u00eb tyre n\u00eb raport me zgjedh\u00ebsit.","robots":{"index":"index","follow":"follow","max-snippet":"max-snippet:-1","max-image-preview":"max-image-preview:large","max-video-preview":"max-video-preview:-1"},"canonical":"https:\/\/www.visit-ulcinj.com\/blog\/2009\/03\/30\/nika-kur-patriotizmi-kamuflon-sadizem\/","og_locale":"en_US","og_type":"article","og_title":"Nika: Kur patriotizmi kamuflon sadiz\u00ebm - Lajme nga Ulqini","og_description":"Jezusi: Margaritar\u00ebt nuk u jepen thive Gjuha metaforike e politikanit dhe liderit nganj\u00ebher\u00eb tregojn\u00eb bot\u00ebn shpirt\u00ebrore t\u00eb tyre n\u00eb raport me zgjedh\u00ebsit.","og_url":"https:\/\/www.visit-ulcinj.com\/blog\/2009\/03\/30\/nika-kur-patriotizmi-kamuflon-sadizem\/","og_site_name":"Lajme nga Ulqini","article_published_time":"2009-03-30T16:39:36+00:00","og_image":[{"url":"http:\/\/www.visit-ulcinj.com\/blog\/wp-content\/uploads\/2009\/03\/muhamet-nika_ulcinj.jpg"}],"twitter_misc":{"Written by":"ulqini","Est. reading time":"9 minutes"},"schema":{"@context":"https:\/\/schema.org","@graph":[{"@type":"WebSite","@id":"https:\/\/www.visit-ulcinj.com\/blog\/#website","url":"https:\/\/www.visit-ulcinj.com\/blog\/","name":"Lajme nga Ulqini","description":"Lajme,Vijesti,Ulqini,Ulqin,Crna Gora,Mali i Zi","potentialAction":[{"@type":"SearchAction","target":{"@type":"EntryPoint","urlTemplate":"https:\/\/www.visit-ulcinj.com\/blog\/?s={search_term_string}"},"query-input":"required name=search_term_string"}],"inLanguage":"en-US"},{"@type":"ImageObject","inLanguage":"en-US","@id":"https:\/\/www.visit-ulcinj.com\/blog\/2009\/03\/30\/nika-kur-patriotizmi-kamuflon-sadizem\/#primaryimage","url":"https:\/\/www.visit-ulcinj.com\/blog\/wp-content\/uploads\/2009\/03\/muhamet-nika_ulcinj.jpg","contentUrl":"https:\/\/www.visit-ulcinj.com\/blog\/wp-content\/uploads\/2009\/03\/muhamet-nika_ulcinj.jpg","width":"290","height":"218"},{"@type":"WebPage","@id":"https:\/\/www.visit-ulcinj.com\/blog\/2009\/03\/30\/nika-kur-patriotizmi-kamuflon-sadizem\/#webpage","url":"https:\/\/www.visit-ulcinj.com\/blog\/2009\/03\/30\/nika-kur-patriotizmi-kamuflon-sadizem\/","name":"Nika: Kur patriotizmi kamuflon sadiz\u00ebm - Lajme nga Ulqini","isPartOf":{"@id":"https:\/\/www.visit-ulcinj.com\/blog\/#website"},"primaryImageOfPage":{"@id":"https:\/\/www.visit-ulcinj.com\/blog\/2009\/03\/30\/nika-kur-patriotizmi-kamuflon-sadizem\/#primaryimage"},"datePublished":"2009-03-30T16:39:36+00:00","dateModified":"2009-03-30T16:39:36+00:00","author":{"@id":"https:\/\/www.visit-ulcinj.com\/blog\/#\/schema\/person\/dcab619c614d3038751c63bc2aadc06d"},"description":"Jezusi: Margaritar\u00ebt nuk u jepen thive Gjuha metaforike e politikanit dhe liderit nganj\u00ebher\u00eb tregojn\u00eb bot\u00ebn shpirt\u00ebrore t\u00eb tyre n\u00eb raport me zgjedh\u00ebsit.","breadcrumb":{"@id":"https:\/\/www.visit-ulcinj.com\/blog\/2009\/03\/30\/nika-kur-patriotizmi-kamuflon-sadizem\/#breadcrumb"},"inLanguage":"en-US","potentialAction":[{"@type":"ReadAction","target":["https:\/\/www.visit-ulcinj.com\/blog\/2009\/03\/30\/nika-kur-patriotizmi-kamuflon-sadizem\/"]}]},{"@type":"BreadcrumbList","@id":"https:\/\/www.visit-ulcinj.com\/blog\/2009\/03\/30\/nika-kur-patriotizmi-kamuflon-sadizem\/#breadcrumb","itemListElement":[{"@type":"ListItem","position":1,"name":"Nika: Kur patriotizmi kamuflon sadiz\u00ebm"}]},{"@type":"Person","@id":"https:\/\/www.visit-ulcinj.com\/blog\/#\/schema\/person\/dcab619c614d3038751c63bc2aadc06d","name":"ulqini","sameAs":["http:\/\/www.visit-ulcinj.com"],"url":"https:\/\/www.visit-ulcinj.com\/blog\/author\/admin\/"}]}},"jetpack_featured_media_url":"","jetpack_sharing_enabled":true,"jetpack_shortlink":"https:\/\/wp.me\/pe6lTn-4dN","_links":{"self":[{"href":"https:\/\/www.visit-ulcinj.com\/blog\/wp-json\/wp\/v2\/posts\/16231"}],"collection":[{"href":"https:\/\/www.visit-ulcinj.com\/blog\/wp-json\/wp\/v2\/posts"}],"about":[{"href":"https:\/\/www.visit-ulcinj.com\/blog\/wp-json\/wp\/v2\/types\/post"}],"author":[{"embeddable":true,"href":"https:\/\/www.visit-ulcinj.com\/blog\/wp-json\/wp\/v2\/users\/1"}],"replies":[{"embeddable":true,"href":"https:\/\/www.visit-ulcinj.com\/blog\/wp-json\/wp\/v2\/comments?post=16231"}],"version-history":[{"count":0,"href":"https:\/\/www.visit-ulcinj.com\/blog\/wp-json\/wp\/v2\/posts\/16231\/revisions"}],"wp:attachment":[{"href":"https:\/\/www.visit-ulcinj.com\/blog\/wp-json\/wp\/v2\/media?parent=16231"}],"wp:term":[{"taxonomy":"category","embeddable":true,"href":"https:\/\/www.visit-ulcinj.com\/blog\/wp-json\/wp\/v2\/categories?post=16231"},{"taxonomy":"post_tag","embeddable":true,"href":"https:\/\/www.visit-ulcinj.com\/blog\/wp-json\/wp\/v2\/tags?post=16231"}],"curies":[{"name":"wp","href":"https:\/\/api.w.org\/{rel}","templated":true}]}}