{"id":16237,"date":"2009-03-30T17:56:51","date_gmt":"2009-03-30T16:56:51","guid":{"rendered":"http:\/\/www.visit-ulcinj.com\/blog\/?p=16237"},"modified":"2009-03-30T17:56:51","modified_gmt":"2009-03-30T16:56:51","slug":"mjaft-me-fragmentarizime-dhe-mjaft-me-parti-politike","status":"publish","type":"post","link":"https:\/\/www.visit-ulcinj.com\/blog\/2009\/03\/30\/mjaft-me-fragmentarizime-dhe-mjaft-me-parti-politike\/","title":{"rendered":"Mjaft me fragmentarizime dhe mjaft me parti politike"},"content":{"rendered":"<p><strong><a href=\"http:\/\/www.visit-ulcinj.com\/blog\/wp-content\/uploads\/2009\/03\/muhamed-gjokaj.jpg\"><img loading=\"lazy\" class=\"alignleft size-full wp-image-16238\" title=\"muhamed-gjokaj\" src=\"http:\/\/www.visit-ulcinj.com\/blog\/wp-content\/uploads\/2009\/03\/muhamed-gjokaj.jpg\" alt=\"muhamed-gjokaj\" width=\"317\" height=\"237\" \/><\/a>Lista p\u00ebr Tuzin<\/strong><br \/>\nNe do t\u00eb p\u00ebrkrahim ato subjekte politike dhe ata lider\u00eb politik\u00eb q\u00eb tregojn\u00eb gatishm\u00ebri t\u00eb na i mb\u00ebshtesin k\u00ebrkesat tona por edhe ata t\u00eb cil\u00ebt shfaqin vullnet p\u00ebr bashk\u00ebpunim drejt realizimi t\u00eb agjend\u00ebs son\u00eb..<br \/>\nT\u00eb bazuar n\u00eb t\u00eb perditshmen e shoq\u00ebris\u00eb son\u00eb dhe duke marr\u00eb parasyshsituat\u00ebs n\u00eb t\u00eb cil\u00ebn gjendet ajo, neve si nj\u00eb grup aktivist\u00ebsh t\u00eb angazhuar p\u00ebr t\u00eb drejtat e njeriut dhe p\u00ebr c\u00ebshtjen e Komun\u00ebs s\u00eb Tuzit, t\u00eb shoq\u00ebruar nga shum\u00eb p\u00ebrkrah\u00ebs me t\u00eb cil\u00ebt ndajm\u00eb t\u00eb nj\u00ebjt\u00ebn breng\u00eb dhe bindje,<br \/>\nT\u00eb motivuar s\u00eb pari nga q\u00ebllimet e sh\u00ebndoshta p\u00ebr vendin dhe shoq\u00ebrin\u00eb n\u00eb t\u00eb cil\u00ebn jetojm\u00eb, kemi vendosur q\u00eb t\u00eb bashkohemi dhe t\u00eb organizohemi si nj\u00eb grup joformal i qytetar\u00ebve i cili do t\u00eb identifikohet si Lista p\u00ebr Tuzin.<br \/>\nP\u00ebrve\u00e7 motivit kryesor, fitimi i statusit t\u00eb Komun\u00ebs s\u00eb Tuzit, ne si grup kemi prioritet tona dhe ato jan\u00eb interesat e banor\u00ebve lokal t\u00eb Komun\u00ebs s\u00eb Tuzit me t\u00ebr\u00eb territor t\u00eb Mal\u00ebsis\u00eb dhe ajo do t\u00eb jet\u00eb agjenda e veprimtarise son\u00eb n\u00eb t\u00eb ardhmen.<br \/>\nJemi t\u00eb vet\u00ebdijsh\u00ebm p\u00ebr realitetin e brisht q\u00eb mbizot\u00ebron sot n\u00eb mesin e shoq\u00ebris\u00eb son\u00eb dhe p\u00ebr shum\u00eb probleme me t\u00eb cilat ballafaqohemi si shoq\u00ebri dhe si pakic\u00eb komb\u00ebtare n\u00eb Mal t\u00eb Zi.<br \/>\nRreziqet q\u00eb na kanosen nga asimilimi, ndryshimi i struktur\u00ebs demografike papun\u00ebsia dhe shp\u00ebrngulja e banor\u00ebve lokal etj,<br \/>\nTe vet\u00ebdijsh\u00ebm se dalja me nj\u00eb grup t\u00eb till\u00eb n\u00eb k\u00ebt\u00eb situat\u00eb dhe moment mjaft t\u00eb v\u00ebshtir\u00eb p\u00ebr popullat\u00ebn shqiptare n\u00eb Mal t\u00eb Zi, do t\u00eb zgjojm\u00eb si interesim ashtu edhe kritik\u00eb, t\u00eb arsyeshme.<br \/>\nSe mjaft me fragmentarizim dhe mjaft me parti politike.<br \/>\nPik\u00ebrisht ne do t`i shmangemi k\u00ebtij fenomeni dhe do t\u00eb funksionojm\u00eb si grup qytetar\u00ebsh me karakter joformal, i cili do t\u00eb merret me animimin e \u00e7\u00ebshtje s\u00eb Komun\u00ebs s\u00eb Tuzit dhe me k\u00ebrkesat e banor\u00ebve lokal\u00eb, duke k\u00ebrkuar vota dhe p\u00ebrkrahje p\u00ebr opcionet dhe subjektet politike me t\u00eb cilat neve do t\u00eb bashk\u00ebpunojm\u00eb. Me pas votat do t`i orientojm\u00eb tek subjekti apo koalicionet me t\u00eb cil\u00ebt do gjejm\u00eb mir\u00ebkuptim p\u00ebr idet\u00eb dhe k\u00ebrkesat tona.<br \/>\nKjo m\u00ebnyr\u00eb e veprimit politik \u00ebsht\u00eb nj\u00eb risi n\u00eb skenen politike n\u00eb Mal t\u00eb Zi me nj\u00eb qasje krejt\u00ebsisht t\u00eb re t\u00eb perceptimit t\u00eb politik\u00ebs q\u00eb ka baz\u00ebn n\u00eb vullnetin p\u00ebr p\u00ebrmir\u00ebsimin e pozit\u00ebs se shoq\u00ebris\u00eb dhe t\u00eb banor\u00ebve lokal\u00eb dhe n\u00eb artikulimin m\u00eb t\u00eb qart\u00eb t\u00eb interesave p\u00ebr t\u00eb cilat ky grup do t\u00eb angazhohet.<br \/>\nNe do t\u00eb p\u00ebrkrahim ato subjekte politike dhe ata lider\u00eb politik\u00eb q\u00eb tregojn\u00eb gatishm\u00ebri t\u00eb na i mb\u00ebshtesin k\u00ebrkesat tona por edhe ata t\u00eb cil\u00ebt shfaqin vullnet p\u00ebr bashk\u00ebpunim drejt realizimi t\u00eb agjend\u00ebs son\u00eb..<br \/>\nPo ashtu p\u00ebrkrahja jon\u00eb do t\u00eb zgjerohet edhe n\u00eb realizimin e k\u00ebtyre objektivave, duke p\u00ebrfshir\u00eb k\u00ebtu, k\u00ebshillat juridike, strategjit\u00eb e veprimit n\u00eb praktik\u00eb e deri tek projektet konkrete dhe realizimin e tyre.<br \/>\nNe kemi lidhur marr\u00ebveshje parazgjedhore me nj\u00ebrin nga subjeketin e List\u00ebs Shqiptare, Alternativ\u00ebn Shqiptare dhe synojme te fitojm\u00eb deputetin, i cili do t\u00eb na prezantoj\u00eb k\u00ebrkesat tona n\u00eb Parlamentin e Malit t\u00eb Zi.<br \/>\nM\u00eb pas do t\u00eb fillojm\u00eb p\u00ebrgatitjet p\u00ebr nivel lokal q\u00eb \u00ebsht\u00eb edhe pik\u00ebsynimi yn\u00eb dhe motivi kryesor i themelimit t\u00eb k\u00ebsaj Liste.<br \/>\nP\u00ebrfaq\u00ebsuesi i List\u00ebs p\u00ebr Tuzin.<\/p>\n<p><strong>Muhamed Gjokaj<br \/>\nKoha Javore<\/strong><\/p>\n","protected":false},"excerpt":{"rendered":"<p>Lista p\u00ebr Tuzin Ne do t\u00eb p\u00ebrkrahim ato subjekte politike dhe ata lider\u00eb politik\u00eb q\u00eb tregojn\u00eb gatishm\u00ebri t\u00eb na i mb\u00ebshtesin k\u00ebrkesat tona por edhe ata t\u00eb cil\u00ebt shfaqin vullnet p\u00ebr bashk\u00ebpunim drejt realizimi t\u00eb agjend\u00ebs son\u00eb.. T\u00eb bazuar n\u00eb t\u00eb perditshmen e shoq\u00ebris\u00eb son\u00eb dhe duke marr\u00eb parasyshsituat\u00ebs n\u00eb t\u00eb cil\u00ebn gjendet ajo, neve [&hellip;]<\/p>\n","protected":false},"author":1,"featured_media":0,"comment_status":"open","ping_status":"closed","sticky":false,"template":"","format":"standard","meta":{"spay_email":"","jetpack_publicize_message":"","jetpack_is_tweetstorm":false,"jetpack_publicize_feature_enabled":true},"categories":[13],"tags":[130,2757,201],"jetpack_publicize_connections":[],"yoast_head":"<!-- This site is optimized with the Yoast SEO plugin v19.1 - https:\/\/yoast.com\/wordpress\/plugins\/seo\/ -->\n<title>Mjaft me fragmentarizime dhe mjaft me parti politike - Lajme nga Ulqini<\/title>\n<meta name=\"description\" content=\"Lista p\u00ebr Tuzin Ne do t\u00eb p\u00ebrkrahim ato subjekte politike dhe ata lider\u00eb politik\u00eb q\u00eb tregojn\u00eb gatishm\u00ebri t\u00eb na i mb\u00ebshtesin k\u00ebrkesat tona por edhe ata t\u00eb\" \/>\n<meta name=\"robots\" content=\"index, follow, max-snippet:-1, max-image-preview:large, max-video-preview:-1\" \/>\n<link rel=\"canonical\" href=\"https:\/\/www.visit-ulcinj.com\/blog\/2009\/03\/30\/mjaft-me-fragmentarizime-dhe-mjaft-me-parti-politike\/\" \/>\n<meta property=\"og:locale\" content=\"en_US\" \/>\n<meta property=\"og:type\" content=\"article\" \/>\n<meta property=\"og:title\" content=\"Mjaft me fragmentarizime dhe mjaft me parti politike - Lajme nga Ulqini\" \/>\n<meta property=\"og:description\" content=\"Lista p\u00ebr Tuzin Ne do t\u00eb p\u00ebrkrahim ato subjekte politike dhe ata lider\u00eb politik\u00eb q\u00eb tregojn\u00eb gatishm\u00ebri t\u00eb na i mb\u00ebshtesin k\u00ebrkesat tona por edhe ata t\u00eb\" \/>\n<meta property=\"og:url\" content=\"https:\/\/www.visit-ulcinj.com\/blog\/2009\/03\/30\/mjaft-me-fragmentarizime-dhe-mjaft-me-parti-politike\/\" \/>\n<meta property=\"og:site_name\" content=\"Lajme nga Ulqini\" \/>\n<meta property=\"article:published_time\" content=\"2009-03-30T16:56:51+00:00\" \/>\n<meta property=\"og:image\" content=\"http:\/\/www.visit-ulcinj.com\/blog\/wp-content\/uploads\/2009\/03\/muhamed-gjokaj.jpg\" \/>\n<meta name=\"twitter:label1\" content=\"Written by\" \/>\n\t<meta name=\"twitter:data1\" content=\"ulqini\" \/>\n\t<meta name=\"twitter:label2\" content=\"Est. reading time\" \/>\n\t<meta name=\"twitter:data2\" content=\"3 minutes\" \/>\n<script type=\"application\/ld+json\" class=\"yoast-schema-graph\">{\"@context\":\"https:\/\/schema.org\",\"@graph\":[{\"@type\":\"WebSite\",\"@id\":\"https:\/\/www.visit-ulcinj.com\/blog\/#website\",\"url\":\"https:\/\/www.visit-ulcinj.com\/blog\/\",\"name\":\"Lajme nga Ulqini\",\"description\":\"Lajme,Vijesti,Ulqini,Ulqin,Crna Gora,Mali i Zi\",\"potentialAction\":[{\"@type\":\"SearchAction\",\"target\":{\"@type\":\"EntryPoint\",\"urlTemplate\":\"https:\/\/www.visit-ulcinj.com\/blog\/?s={search_term_string}\"},\"query-input\":\"required name=search_term_string\"}],\"inLanguage\":\"en-US\"},{\"@type\":\"ImageObject\",\"inLanguage\":\"en-US\",\"@id\":\"https:\/\/www.visit-ulcinj.com\/blog\/2009\/03\/30\/mjaft-me-fragmentarizime-dhe-mjaft-me-parti-politike\/#primaryimage\",\"url\":\"https:\/\/www.visit-ulcinj.com\/blog\/wp-content\/uploads\/2009\/03\/muhamed-gjokaj.jpg\",\"contentUrl\":\"https:\/\/www.visit-ulcinj.com\/blog\/wp-content\/uploads\/2009\/03\/muhamed-gjokaj.jpg\",\"width\":\"280\",\"height\":\"210\"},{\"@type\":\"WebPage\",\"@id\":\"https:\/\/www.visit-ulcinj.com\/blog\/2009\/03\/30\/mjaft-me-fragmentarizime-dhe-mjaft-me-parti-politike\/#webpage\",\"url\":\"https:\/\/www.visit-ulcinj.com\/blog\/2009\/03\/30\/mjaft-me-fragmentarizime-dhe-mjaft-me-parti-politike\/\",\"name\":\"Mjaft me fragmentarizime dhe mjaft me parti politike - Lajme nga Ulqini\",\"isPartOf\":{\"@id\":\"https:\/\/www.visit-ulcinj.com\/blog\/#website\"},\"primaryImageOfPage\":{\"@id\":\"https:\/\/www.visit-ulcinj.com\/blog\/2009\/03\/30\/mjaft-me-fragmentarizime-dhe-mjaft-me-parti-politike\/#primaryimage\"},\"datePublished\":\"2009-03-30T16:56:51+00:00\",\"dateModified\":\"2009-03-30T16:56:51+00:00\",\"author\":{\"@id\":\"https:\/\/www.visit-ulcinj.com\/blog\/#\/schema\/person\/dcab619c614d3038751c63bc2aadc06d\"},\"description\":\"Lista p\u00ebr Tuzin Ne do t\u00eb p\u00ebrkrahim ato subjekte politike dhe ata lider\u00eb politik\u00eb q\u00eb tregojn\u00eb gatishm\u00ebri t\u00eb na i mb\u00ebshtesin k\u00ebrkesat tona por edhe ata t\u00eb\",\"breadcrumb\":{\"@id\":\"https:\/\/www.visit-ulcinj.com\/blog\/2009\/03\/30\/mjaft-me-fragmentarizime-dhe-mjaft-me-parti-politike\/#breadcrumb\"},\"inLanguage\":\"en-US\",\"potentialAction\":[{\"@type\":\"ReadAction\",\"target\":[\"https:\/\/www.visit-ulcinj.com\/blog\/2009\/03\/30\/mjaft-me-fragmentarizime-dhe-mjaft-me-parti-politike\/\"]}]},{\"@type\":\"BreadcrumbList\",\"@id\":\"https:\/\/www.visit-ulcinj.com\/blog\/2009\/03\/30\/mjaft-me-fragmentarizime-dhe-mjaft-me-parti-politike\/#breadcrumb\",\"itemListElement\":[{\"@type\":\"ListItem\",\"position\":1,\"name\":\"Mjaft me fragmentarizime dhe mjaft me parti politike\"}]},{\"@type\":\"Person\",\"@id\":\"https:\/\/www.visit-ulcinj.com\/blog\/#\/schema\/person\/dcab619c614d3038751c63bc2aadc06d\",\"name\":\"ulqini\",\"sameAs\":[\"http:\/\/www.visit-ulcinj.com\"],\"url\":\"https:\/\/www.visit-ulcinj.com\/blog\/author\/admin\/\"}]}<\/script>\n<!-- \/ Yoast SEO plugin. -->","yoast_head_json":{"title":"Mjaft me fragmentarizime dhe mjaft me parti politike - Lajme nga Ulqini","description":"Lista p\u00ebr Tuzin Ne do t\u00eb p\u00ebrkrahim ato subjekte politike dhe ata lider\u00eb politik\u00eb q\u00eb tregojn\u00eb gatishm\u00ebri t\u00eb na i mb\u00ebshtesin k\u00ebrkesat tona por edhe ata t\u00eb","robots":{"index":"index","follow":"follow","max-snippet":"max-snippet:-1","max-image-preview":"max-image-preview:large","max-video-preview":"max-video-preview:-1"},"canonical":"https:\/\/www.visit-ulcinj.com\/blog\/2009\/03\/30\/mjaft-me-fragmentarizime-dhe-mjaft-me-parti-politike\/","og_locale":"en_US","og_type":"article","og_title":"Mjaft me fragmentarizime dhe mjaft me parti politike - Lajme nga Ulqini","og_description":"Lista p\u00ebr Tuzin Ne do t\u00eb p\u00ebrkrahim ato subjekte politike dhe ata lider\u00eb politik\u00eb q\u00eb tregojn\u00eb gatishm\u00ebri t\u00eb na i mb\u00ebshtesin k\u00ebrkesat tona por edhe ata t\u00eb","og_url":"https:\/\/www.visit-ulcinj.com\/blog\/2009\/03\/30\/mjaft-me-fragmentarizime-dhe-mjaft-me-parti-politike\/","og_site_name":"Lajme nga Ulqini","article_published_time":"2009-03-30T16:56:51+00:00","og_image":[{"url":"http:\/\/www.visit-ulcinj.com\/blog\/wp-content\/uploads\/2009\/03\/muhamed-gjokaj.jpg"}],"twitter_misc":{"Written by":"ulqini","Est. reading time":"3 minutes"},"schema":{"@context":"https:\/\/schema.org","@graph":[{"@type":"WebSite","@id":"https:\/\/www.visit-ulcinj.com\/blog\/#website","url":"https:\/\/www.visit-ulcinj.com\/blog\/","name":"Lajme nga Ulqini","description":"Lajme,Vijesti,Ulqini,Ulqin,Crna Gora,Mali i Zi","potentialAction":[{"@type":"SearchAction","target":{"@type":"EntryPoint","urlTemplate":"https:\/\/www.visit-ulcinj.com\/blog\/?s={search_term_string}"},"query-input":"required name=search_term_string"}],"inLanguage":"en-US"},{"@type":"ImageObject","inLanguage":"en-US","@id":"https:\/\/www.visit-ulcinj.com\/blog\/2009\/03\/30\/mjaft-me-fragmentarizime-dhe-mjaft-me-parti-politike\/#primaryimage","url":"https:\/\/www.visit-ulcinj.com\/blog\/wp-content\/uploads\/2009\/03\/muhamed-gjokaj.jpg","contentUrl":"https:\/\/www.visit-ulcinj.com\/blog\/wp-content\/uploads\/2009\/03\/muhamed-gjokaj.jpg","width":"280","height":"210"},{"@type":"WebPage","@id":"https:\/\/www.visit-ulcinj.com\/blog\/2009\/03\/30\/mjaft-me-fragmentarizime-dhe-mjaft-me-parti-politike\/#webpage","url":"https:\/\/www.visit-ulcinj.com\/blog\/2009\/03\/30\/mjaft-me-fragmentarizime-dhe-mjaft-me-parti-politike\/","name":"Mjaft me fragmentarizime dhe mjaft me parti politike - Lajme nga Ulqini","isPartOf":{"@id":"https:\/\/www.visit-ulcinj.com\/blog\/#website"},"primaryImageOfPage":{"@id":"https:\/\/www.visit-ulcinj.com\/blog\/2009\/03\/30\/mjaft-me-fragmentarizime-dhe-mjaft-me-parti-politike\/#primaryimage"},"datePublished":"2009-03-30T16:56:51+00:00","dateModified":"2009-03-30T16:56:51+00:00","author":{"@id":"https:\/\/www.visit-ulcinj.com\/blog\/#\/schema\/person\/dcab619c614d3038751c63bc2aadc06d"},"description":"Lista p\u00ebr Tuzin Ne do t\u00eb p\u00ebrkrahim ato subjekte politike dhe ata lider\u00eb politik\u00eb q\u00eb tregojn\u00eb gatishm\u00ebri t\u00eb na i mb\u00ebshtesin k\u00ebrkesat tona por edhe ata t\u00eb","breadcrumb":{"@id":"https:\/\/www.visit-ulcinj.com\/blog\/2009\/03\/30\/mjaft-me-fragmentarizime-dhe-mjaft-me-parti-politike\/#breadcrumb"},"inLanguage":"en-US","potentialAction":[{"@type":"ReadAction","target":["https:\/\/www.visit-ulcinj.com\/blog\/2009\/03\/30\/mjaft-me-fragmentarizime-dhe-mjaft-me-parti-politike\/"]}]},{"@type":"BreadcrumbList","@id":"https:\/\/www.visit-ulcinj.com\/blog\/2009\/03\/30\/mjaft-me-fragmentarizime-dhe-mjaft-me-parti-politike\/#breadcrumb","itemListElement":[{"@type":"ListItem","position":1,"name":"Mjaft me fragmentarizime dhe mjaft me parti politike"}]},{"@type":"Person","@id":"https:\/\/www.visit-ulcinj.com\/blog\/#\/schema\/person\/dcab619c614d3038751c63bc2aadc06d","name":"ulqini","sameAs":["http:\/\/www.visit-ulcinj.com"],"url":"https:\/\/www.visit-ulcinj.com\/blog\/author\/admin\/"}]}},"jetpack_featured_media_url":"","jetpack_sharing_enabled":true,"jetpack_shortlink":"https:\/\/wp.me\/pe6lTn-4dT","_links":{"self":[{"href":"https:\/\/www.visit-ulcinj.com\/blog\/wp-json\/wp\/v2\/posts\/16237"}],"collection":[{"href":"https:\/\/www.visit-ulcinj.com\/blog\/wp-json\/wp\/v2\/posts"}],"about":[{"href":"https:\/\/www.visit-ulcinj.com\/blog\/wp-json\/wp\/v2\/types\/post"}],"author":[{"embeddable":true,"href":"https:\/\/www.visit-ulcinj.com\/blog\/wp-json\/wp\/v2\/users\/1"}],"replies":[{"embeddable":true,"href":"https:\/\/www.visit-ulcinj.com\/blog\/wp-json\/wp\/v2\/comments?post=16237"}],"version-history":[{"count":0,"href":"https:\/\/www.visit-ulcinj.com\/blog\/wp-json\/wp\/v2\/posts\/16237\/revisions"}],"wp:attachment":[{"href":"https:\/\/www.visit-ulcinj.com\/blog\/wp-json\/wp\/v2\/media?parent=16237"}],"wp:term":[{"taxonomy":"category","embeddable":true,"href":"https:\/\/www.visit-ulcinj.com\/blog\/wp-json\/wp\/v2\/categories?post=16237"},{"taxonomy":"post_tag","embeddable":true,"href":"https:\/\/www.visit-ulcinj.com\/blog\/wp-json\/wp\/v2\/tags?post=16237"}],"curies":[{"name":"wp","href":"https:\/\/api.w.org\/{rel}","templated":true}]}}