{"id":16245,"date":"2009-03-30T18:14:19","date_gmt":"2009-03-30T17:14:19","guid":{"rendered":"http:\/\/www.visit-ulcinj.com\/blog\/?p=16245"},"modified":"2009-03-30T18:14:19","modified_gmt":"2009-03-30T17:14:19","slug":"laureate-kater-kompani-nga-ulqini","status":"publish","type":"post","link":"https:\/\/www.visit-ulcinj.com\/blog\/2009\/03\/30\/laureate-kater-kompani-nga-ulqini\/","title":{"rendered":"Laureat\u00eb, kat\u00ebr kompani nga Ulqini"},"content":{"rendered":"<p><strong><a href=\"http:\/\/www.visit-ulcinj.com\/blog\/wp-content\/uploads\/2009\/03\/nazif-cungu-i-ka-takuar-cmimi-e2809cmali-i-artee2809d.jpg\"><img loading=\"lazy\" class=\"alignleft size-full wp-image-16246\" title=\"nazif-cungu-i-ka-takuar-cmimi-e2809cmali-i-artee2809d\" src=\"http:\/\/www.visit-ulcinj.com\/blog\/wp-content\/uploads\/2009\/03\/nazif-cungu-i-ka-takuar-cmimi-e2809cmali-i-artee2809d.jpg\" alt=\"nazif-cungu-i-ka-takuar-cmimi-e2809cmali-i-artee2809d\" width=\"570\" height=\"315\" \/><\/a>Dhoma e zejtar\u00ebve-sip\u00ebrmarr\u00ebsve t\u00eb Malit t\u00eb Zi ndau \u00e7mimet vjetore<\/strong><br \/>\nPronarit t\u00eb kompanis\u00eb \u201cCungu&amp;Co\u201d, Nazif Cungu, i ka takuar \u00e7mimi \u201cMali i art\u00eb\u201d p\u00ebr sektorin e tregtis\u00eb, nd\u00ebrsa n\u00eb mesin e 14 menaxher\u00ebve t\u00eb shp\u00ebrblyer me \u00e7mime jan\u00eb pronar\u00ebt e kompanive nga Ulqini \u201cFaf&amp;Co\u201d &#8211; Servet Husiq, \u201cArdi Company\u201d \u2013 Sabri Zejnelagiq dhe \u201cArena Milk\u201d \u2013 Nizami Mavriq.<br \/>\nPodgoric\u00eb \u2013 Pronari i kompanis\u00eb \u201cCungu, Nazif Cungu, u shp\u00ebrblye me \u00c7mimin \u201cMali i art\u00eb\u201d (Zlatna Gora), nd\u00ebrsa tre pronar\u00eb t\u00eb tjer\u00eb t\u00eb kompanive nga Ulqini fituan \u00c7mimin \u201cMenaxher\u00eb t\u00eb vitit\u201d n\u00eb ceremonin\u00eb vjetore t\u00eb organizuar t\u00eb premten nga Dhoma e Zejtar\u00ebve-Sip\u00ebrmarr\u00ebsve t\u00eb Malit t\u00eb Zi.<br \/>\nP\u00ebrve\u00e7 Cungut, \u00c7mimi \u201cMali i art\u00eb\u201d u takoi edhe pronar\u00ebve t\u00eb kompanive \u201cKerber\u201d, Sllavko Vujisiq, \u201cMesopromet\u201d \u2013 Hilmi Franca, kompanis\u00eb \u201cFlores\u201d \u2013 Veselin Vu\u00e7iniq dhe \u201cVoli Trade\u201d \u2013 Dragan Bokan.<br \/>\nPronarit t\u00eb kompanis\u00eb \u201cCungu&amp;Co\u201d i ka takuar \u00e7mimi p\u00ebr sektorin e tregtis\u00eb, ashtu si dhe pronarit t\u00eb kompanis\u00eb \u201cVoli Trade\u201d, pronar\u00ebve t\u00eb kompanive \u201cKerber\u201d dhe \u201cMesopromet\u201d n\u00eb fush\u00ebn e turizmit-hotelieris\u00eb, nd\u00ebrsa pronarit t\u00eb kompanis\u00eb \u201cFlores\u201d n\u00eb fush\u00ebn e bujq\u00ebsis\u00eb.<br \/>\nN\u00eb mesin e 14 menaxher\u00ebve t\u00eb shp\u00ebrblyer me \u00e7mime jan\u00eb pronar\u00ebt e kompanive nga Ulqini Faf&amp;Co, Servet Husiq, \u201cArdi Company\u201d \u2013 Sabri Zejnelagiq dhe \u201cArena Milk\u201d \u2013 Nizami Mavriq.<br \/>\nPronarit t\u00eb kompanis\u00eb Faf&amp;Co, Servet Husiq, i \u00ebsht\u00eb dh\u00ebn\u00eb \u00e7mimi n\u00eb fush\u00ebn e nd\u00ebrtimtaris\u00eb dhe p\u00ebrpunimit t\u00eb drurit, p\u00ebr prodhimin e dyshek\u00ebve, pronarit t\u00eb \u201cArdi Company\u201d Sabri Zejnelagiq p\u00ebr fush\u00ebn e p\u00ebrpunimit t\u00eb hekurit, elektroteknik\u00ebs dhe automekanik\u00ebs, nd\u00ebrsa pronarit t\u00eb \u201cArena Milk\u201d Nizami Mavriq n\u00eb fush\u00ebn e sektorit t\u00eb prodhimit t\u00eb qum\u00ebshtit, tekstilit dhe l\u00ebkur\u00ebs.<br \/>\nDhoma e Zektar\u00ebve-Sip\u00ebrmarr\u00ebsve ka shp\u00ebrblyer me \u00e7mim edhe gazetarin Mustafa Canka, bashk\u00ebpun\u00ebtor i disa mediave vendore dhe t\u00eb huaja.<br \/>\nDhoma e Zejtar\u00ebve-Sip\u00ebrmarr\u00ebsve ka ndar\u00eb \u00e7mimin e Menaxherit t\u00eb vitit p\u00ebr 14 pronar\u00eb t\u00eb nd\u00ebrmarrjeve, pes\u00eb personalitete n\u00eb fush\u00ebn e ekonomis\u00eb dhe 12 institucione dhe individ\u00eb nga Mali i Zi dhe jasht\u00eb.<br \/>\nUlqin Biznes Asociacioni ka organizuar t\u00eb h\u00ebn\u00ebn nj\u00eb konferenc\u00eb p\u00ebr shtyp ku jan\u00eb prezantuar afarist\u00ebt dhe nd\u00ebrmarrjet e shp\u00ebrblyera t\u00eb Ulqinit q\u00eb jan\u00eb an\u00ebtare t\u00eb k\u00ebtij asociacioni.<\/p>\n<p><strong><br \/>\n(Kohapress)<\/strong><\/p>\n","protected":false},"excerpt":{"rendered":"<p>Dhoma e zejtar\u00ebve-sip\u00ebrmarr\u00ebsve t\u00eb Malit t\u00eb Zi ndau \u00e7mimet vjetore Pronarit t\u00eb kompanis\u00eb \u201cCungu&amp;Co\u201d, Nazif Cungu, i ka takuar \u00e7mimi \u201cMali i art\u00eb\u201d p\u00ebr sektorin e tregtis\u00eb, nd\u00ebrsa n\u00eb mesin e 14 menaxher\u00ebve t\u00eb shp\u00ebrblyer me \u00e7mime jan\u00eb pronar\u00ebt e kompanive nga Ulqini \u201cFaf&amp;Co\u201d &#8211; Servet Husiq, \u201cArdi Company\u201d \u2013 Sabri Zejnelagiq dhe \u201cArena Milk\u201d [&hellip;]<\/p>\n","protected":false},"author":1,"featured_media":0,"comment_status":"open","ping_status":"closed","sticky":false,"template":"","format":"standard","meta":{"spay_email":"","jetpack_publicize_message":"","jetpack_is_tweetstorm":false,"jetpack_publicize_feature_enabled":true},"categories":[10],"tags":[8568,95,118,8567,200,18,8570,8569],"jetpack_publicize_connections":[],"yoast_head":"<!-- This site is optimized with the Yoast SEO plugin v19.1 - https:\/\/yoast.com\/wordpress\/plugins\/seo\/ -->\n<title>Laureat\u00eb, kat\u00ebr kompani nga Ulqini - Lajme nga Ulqini<\/title>\n<meta name=\"description\" content=\"Dhoma e zejtar\u00ebve-sip\u00ebrmarr\u00ebsve t\u00eb Malit t\u00eb Zi ndau \u00e7mimet vjetore Pronarit t\u00eb kompanis\u00eb \u201cCungu&amp;Co\u201d, Nazif Cungu, i ka takuar \u00e7mimi \u201cMali i art\u00eb\u201d p\u00ebr\" \/>\n<meta name=\"robots\" content=\"index, follow, max-snippet:-1, max-image-preview:large, max-video-preview:-1\" \/>\n<link rel=\"canonical\" href=\"https:\/\/www.visit-ulcinj.com\/blog\/2009\/03\/30\/laureate-kater-kompani-nga-ulqini\/\" \/>\n<meta property=\"og:locale\" content=\"en_US\" \/>\n<meta property=\"og:type\" content=\"article\" \/>\n<meta property=\"og:title\" content=\"Laureat\u00eb, kat\u00ebr kompani nga Ulqini - Lajme nga Ulqini\" \/>\n<meta property=\"og:description\" content=\"Dhoma e zejtar\u00ebve-sip\u00ebrmarr\u00ebsve t\u00eb Malit t\u00eb Zi ndau \u00e7mimet vjetore Pronarit t\u00eb kompanis\u00eb \u201cCungu&amp;Co\u201d, Nazif Cungu, i ka takuar \u00e7mimi \u201cMali i art\u00eb\u201d p\u00ebr\" \/>\n<meta property=\"og:url\" content=\"https:\/\/www.visit-ulcinj.com\/blog\/2009\/03\/30\/laureate-kater-kompani-nga-ulqini\/\" \/>\n<meta property=\"og:site_name\" content=\"Lajme nga Ulqini\" \/>\n<meta property=\"article:published_time\" content=\"2009-03-30T17:14:19+00:00\" \/>\n<meta property=\"og:image\" content=\"http:\/\/www.visit-ulcinj.com\/blog\/wp-content\/uploads\/2009\/03\/nazif-cungu-i-ka-takuar-cmimi-e2809cmali-i-artee2809d.jpg\" \/>\n<meta name=\"twitter:label1\" content=\"Written by\" \/>\n\t<meta name=\"twitter:data1\" content=\"ulqini\" \/>\n\t<meta name=\"twitter:label2\" content=\"Est. reading time\" \/>\n\t<meta name=\"twitter:data2\" content=\"2 minutes\" \/>\n<script type=\"application\/ld+json\" class=\"yoast-schema-graph\">{\"@context\":\"https:\/\/schema.org\",\"@graph\":[{\"@type\":\"WebSite\",\"@id\":\"https:\/\/www.visit-ulcinj.com\/blog\/#website\",\"url\":\"https:\/\/www.visit-ulcinj.com\/blog\/\",\"name\":\"Lajme nga Ulqini\",\"description\":\"Lajme,Vijesti,Ulqini,Ulqin,Crna Gora,Mali i Zi\",\"potentialAction\":[{\"@type\":\"SearchAction\",\"target\":{\"@type\":\"EntryPoint\",\"urlTemplate\":\"https:\/\/www.visit-ulcinj.com\/blog\/?s={search_term_string}\"},\"query-input\":\"required name=search_term_string\"}],\"inLanguage\":\"en-US\"},{\"@type\":\"ImageObject\",\"inLanguage\":\"en-US\",\"@id\":\"https:\/\/www.visit-ulcinj.com\/blog\/2009\/03\/30\/laureate-kater-kompani-nga-ulqini\/#primaryimage\",\"url\":\"https:\/\/www.visit-ulcinj.com\/blog\/wp-content\/uploads\/2009\/03\/nazif-cungu-i-ka-takuar-cmimi-e2809cmali-i-artee2809d.jpg\",\"contentUrl\":\"https:\/\/www.visit-ulcinj.com\/blog\/wp-content\/uploads\/2009\/03\/nazif-cungu-i-ka-takuar-cmimi-e2809cmali-i-artee2809d.jpg\",\"width\":\"300\",\"height\":\"115\"},{\"@type\":\"WebPage\",\"@id\":\"https:\/\/www.visit-ulcinj.com\/blog\/2009\/03\/30\/laureate-kater-kompani-nga-ulqini\/#webpage\",\"url\":\"https:\/\/www.visit-ulcinj.com\/blog\/2009\/03\/30\/laureate-kater-kompani-nga-ulqini\/\",\"name\":\"Laureat\u00eb, kat\u00ebr kompani nga Ulqini - Lajme nga Ulqini\",\"isPartOf\":{\"@id\":\"https:\/\/www.visit-ulcinj.com\/blog\/#website\"},\"primaryImageOfPage\":{\"@id\":\"https:\/\/www.visit-ulcinj.com\/blog\/2009\/03\/30\/laureate-kater-kompani-nga-ulqini\/#primaryimage\"},\"datePublished\":\"2009-03-30T17:14:19+00:00\",\"dateModified\":\"2009-03-30T17:14:19+00:00\",\"author\":{\"@id\":\"https:\/\/www.visit-ulcinj.com\/blog\/#\/schema\/person\/dcab619c614d3038751c63bc2aadc06d\"},\"description\":\"Dhoma e zejtar\u00ebve-sip\u00ebrmarr\u00ebsve t\u00eb Malit t\u00eb Zi ndau \u00e7mimet vjetore Pronarit t\u00eb kompanis\u00eb \u201cCungu&amp;Co\u201d, Nazif Cungu, i ka takuar \u00e7mimi \u201cMali i art\u00eb\u201d p\u00ebr\",\"breadcrumb\":{\"@id\":\"https:\/\/www.visit-ulcinj.com\/blog\/2009\/03\/30\/laureate-kater-kompani-nga-ulqini\/#breadcrumb\"},\"inLanguage\":\"en-US\",\"potentialAction\":[{\"@type\":\"ReadAction\",\"target\":[\"https:\/\/www.visit-ulcinj.com\/blog\/2009\/03\/30\/laureate-kater-kompani-nga-ulqini\/\"]}]},{\"@type\":\"BreadcrumbList\",\"@id\":\"https:\/\/www.visit-ulcinj.com\/blog\/2009\/03\/30\/laureate-kater-kompani-nga-ulqini\/#breadcrumb\",\"itemListElement\":[{\"@type\":\"ListItem\",\"position\":1,\"name\":\"Laureat\u00eb, kat\u00ebr kompani nga Ulqini\"}]},{\"@type\":\"Person\",\"@id\":\"https:\/\/www.visit-ulcinj.com\/blog\/#\/schema\/person\/dcab619c614d3038751c63bc2aadc06d\",\"name\":\"ulqini\",\"sameAs\":[\"http:\/\/www.visit-ulcinj.com\"],\"url\":\"https:\/\/www.visit-ulcinj.com\/blog\/author\/admin\/\"}]}<\/script>\n<!-- \/ Yoast SEO plugin. -->","yoast_head_json":{"title":"Laureat\u00eb, kat\u00ebr kompani nga Ulqini - Lajme nga Ulqini","description":"Dhoma e zejtar\u00ebve-sip\u00ebrmarr\u00ebsve t\u00eb Malit t\u00eb Zi ndau \u00e7mimet vjetore Pronarit t\u00eb kompanis\u00eb \u201cCungu&amp;Co\u201d, Nazif Cungu, i ka takuar \u00e7mimi \u201cMali i art\u00eb\u201d p\u00ebr","robots":{"index":"index","follow":"follow","max-snippet":"max-snippet:-1","max-image-preview":"max-image-preview:large","max-video-preview":"max-video-preview:-1"},"canonical":"https:\/\/www.visit-ulcinj.com\/blog\/2009\/03\/30\/laureate-kater-kompani-nga-ulqini\/","og_locale":"en_US","og_type":"article","og_title":"Laureat\u00eb, kat\u00ebr kompani nga Ulqini - Lajme nga Ulqini","og_description":"Dhoma e zejtar\u00ebve-sip\u00ebrmarr\u00ebsve t\u00eb Malit t\u00eb Zi ndau \u00e7mimet vjetore Pronarit t\u00eb kompanis\u00eb \u201cCungu&amp;Co\u201d, Nazif Cungu, i ka takuar \u00e7mimi \u201cMali i art\u00eb\u201d p\u00ebr","og_url":"https:\/\/www.visit-ulcinj.com\/blog\/2009\/03\/30\/laureate-kater-kompani-nga-ulqini\/","og_site_name":"Lajme nga Ulqini","article_published_time":"2009-03-30T17:14:19+00:00","og_image":[{"url":"http:\/\/www.visit-ulcinj.com\/blog\/wp-content\/uploads\/2009\/03\/nazif-cungu-i-ka-takuar-cmimi-e2809cmali-i-artee2809d.jpg"}],"twitter_misc":{"Written by":"ulqini","Est. reading time":"2 minutes"},"schema":{"@context":"https:\/\/schema.org","@graph":[{"@type":"WebSite","@id":"https:\/\/www.visit-ulcinj.com\/blog\/#website","url":"https:\/\/www.visit-ulcinj.com\/blog\/","name":"Lajme nga Ulqini","description":"Lajme,Vijesti,Ulqini,Ulqin,Crna Gora,Mali i Zi","potentialAction":[{"@type":"SearchAction","target":{"@type":"EntryPoint","urlTemplate":"https:\/\/www.visit-ulcinj.com\/blog\/?s={search_term_string}"},"query-input":"required name=search_term_string"}],"inLanguage":"en-US"},{"@type":"ImageObject","inLanguage":"en-US","@id":"https:\/\/www.visit-ulcinj.com\/blog\/2009\/03\/30\/laureate-kater-kompani-nga-ulqini\/#primaryimage","url":"https:\/\/www.visit-ulcinj.com\/blog\/wp-content\/uploads\/2009\/03\/nazif-cungu-i-ka-takuar-cmimi-e2809cmali-i-artee2809d.jpg","contentUrl":"https:\/\/www.visit-ulcinj.com\/blog\/wp-content\/uploads\/2009\/03\/nazif-cungu-i-ka-takuar-cmimi-e2809cmali-i-artee2809d.jpg","width":"300","height":"115"},{"@type":"WebPage","@id":"https:\/\/www.visit-ulcinj.com\/blog\/2009\/03\/30\/laureate-kater-kompani-nga-ulqini\/#webpage","url":"https:\/\/www.visit-ulcinj.com\/blog\/2009\/03\/30\/laureate-kater-kompani-nga-ulqini\/","name":"Laureat\u00eb, kat\u00ebr kompani nga Ulqini - Lajme nga Ulqini","isPartOf":{"@id":"https:\/\/www.visit-ulcinj.com\/blog\/#website"},"primaryImageOfPage":{"@id":"https:\/\/www.visit-ulcinj.com\/blog\/2009\/03\/30\/laureate-kater-kompani-nga-ulqini\/#primaryimage"},"datePublished":"2009-03-30T17:14:19+00:00","dateModified":"2009-03-30T17:14:19+00:00","author":{"@id":"https:\/\/www.visit-ulcinj.com\/blog\/#\/schema\/person\/dcab619c614d3038751c63bc2aadc06d"},"description":"Dhoma e zejtar\u00ebve-sip\u00ebrmarr\u00ebsve t\u00eb Malit t\u00eb Zi ndau \u00e7mimet vjetore Pronarit t\u00eb kompanis\u00eb \u201cCungu&amp;Co\u201d, Nazif Cungu, i ka takuar \u00e7mimi \u201cMali i art\u00eb\u201d p\u00ebr","breadcrumb":{"@id":"https:\/\/www.visit-ulcinj.com\/blog\/2009\/03\/30\/laureate-kater-kompani-nga-ulqini\/#breadcrumb"},"inLanguage":"en-US","potentialAction":[{"@type":"ReadAction","target":["https:\/\/www.visit-ulcinj.com\/blog\/2009\/03\/30\/laureate-kater-kompani-nga-ulqini\/"]}]},{"@type":"BreadcrumbList","@id":"https:\/\/www.visit-ulcinj.com\/blog\/2009\/03\/30\/laureate-kater-kompani-nga-ulqini\/#breadcrumb","itemListElement":[{"@type":"ListItem","position":1,"name":"Laureat\u00eb, kat\u00ebr kompani nga Ulqini"}]},{"@type":"Person","@id":"https:\/\/www.visit-ulcinj.com\/blog\/#\/schema\/person\/dcab619c614d3038751c63bc2aadc06d","name":"ulqini","sameAs":["http:\/\/www.visit-ulcinj.com"],"url":"https:\/\/www.visit-ulcinj.com\/blog\/author\/admin\/"}]}},"jetpack_featured_media_url":"","jetpack_sharing_enabled":true,"jetpack_shortlink":"https:\/\/wp.me\/pe6lTn-4e1","_links":{"self":[{"href":"https:\/\/www.visit-ulcinj.com\/blog\/wp-json\/wp\/v2\/posts\/16245"}],"collection":[{"href":"https:\/\/www.visit-ulcinj.com\/blog\/wp-json\/wp\/v2\/posts"}],"about":[{"href":"https:\/\/www.visit-ulcinj.com\/blog\/wp-json\/wp\/v2\/types\/post"}],"author":[{"embeddable":true,"href":"https:\/\/www.visit-ulcinj.com\/blog\/wp-json\/wp\/v2\/users\/1"}],"replies":[{"embeddable":true,"href":"https:\/\/www.visit-ulcinj.com\/blog\/wp-json\/wp\/v2\/comments?post=16245"}],"version-history":[{"count":0,"href":"https:\/\/www.visit-ulcinj.com\/blog\/wp-json\/wp\/v2\/posts\/16245\/revisions"}],"wp:attachment":[{"href":"https:\/\/www.visit-ulcinj.com\/blog\/wp-json\/wp\/v2\/media?parent=16245"}],"wp:term":[{"taxonomy":"category","embeddable":true,"href":"https:\/\/www.visit-ulcinj.com\/blog\/wp-json\/wp\/v2\/categories?post=16245"},{"taxonomy":"post_tag","embeddable":true,"href":"https:\/\/www.visit-ulcinj.com\/blog\/wp-json\/wp\/v2\/tags?post=16245"}],"curies":[{"name":"wp","href":"https:\/\/api.w.org\/{rel}","templated":true}]}}