{"id":16252,"date":"2009-03-30T19:54:27","date_gmt":"2009-03-30T18:54:27","guid":{"rendered":"http:\/\/www.visit-ulcinj.com\/blog\/?p=16252"},"modified":"2009-03-31T19:09:04","modified_gmt":"2009-03-31T18:09:04","slug":"zajmina-e-kam-nje-te-dashur-por-s%e2%80%99jua-tregoj","status":"publish","type":"post","link":"https:\/\/www.visit-ulcinj.com\/blog\/2009\/03\/30\/zajmina-e-kam-nje-te-dashur-por-s%e2%80%99jua-tregoj\/","title":{"rendered":"Zajmina: E kam nj\u00eb t\u00eb dashur, por s\u2019jua tregoj"},"content":{"rendered":"<p><a href=\"http:\/\/www.visit-ulcinj.com\/blog\/wp-content\/uploads\/2009\/03\/zajmina-vasjari31.jpg\"><img loading=\"lazy\" class=\"alignleft size-full wp-image-16256\" title=\"zajmina-vasjari31\" src=\"http:\/\/www.visit-ulcinj.com\/blog\/wp-content\/uploads\/2009\/03\/zajmina-vasjari31.jpg\" alt=\"zajmina-vasjari31\" width=\"570\" height=\"310\" \/><\/a>Si mania e gjith\u00eb t\u00eb rinjve, edhe ajo \u00ebsht\u00eb apasionuar shum\u00eb duke kaluar shum\u00eb koh\u00eb (aq sa ka t\u00eb lir\u00eb) n\u00eb internet, n\u00eb \u2018Facebook\u2019. E pik\u00ebrisht k\u00ebtu ka lindur dhe frym\u00ebzimi p\u00ebr t\u00eb krijuar nj\u00eb k\u00ebng\u00eb t\u00eb re e cila e ka ndryshuar si n\u00eb look ashtu edhe n\u00eb performanca. K\u00ebshtu shfaqet k\u00ebt\u00eb her\u00eb Zajmina, me nj\u00eb bashk\u00ebpunim t\u00eb ri me Flori Mumajesin dhe Big Bast\u00ebn. Shum\u00eb k\u00ebnaq\u00ebsi por edhe momente delikate i kan\u00eb falur k\u00ebng\u00ebtares xhirimet e klipit m\u00eb t\u00eb fundit. <span style=\"color: blue;\"><span style=\"color: #000000;\">Zajmina<\/span><strong> <\/strong><\/span>tashm\u00eb e ndjen veten m\u00eb t\u00eb rritur profesionalisht por jo vet\u00ebm dhe n\u00eb k\u00ebt\u00eb intervist\u00eb ajo rr\u00ebfen t\u00eb rejat m\u00eb t\u00eb fundit edhe p\u00ebr jet\u00ebn private.<\/p>\n<p><span style=\"font-weight: bold;\">\u2018Facebook\u2019, klipi yt m\u00eb i ri? I dedikohet pik\u00ebrisht tendenc\u00ebs m\u00eb t\u00eb fundit t\u00eb t\u00eb rinjve?<\/span><a href=\"http:\/\/www.visit-ulcinj.com\/blog\/wp-content\/uploads\/2009\/03\/zajmina-vasjari3.jpg\"><img loading=\"lazy\" class=\"alignright size-full wp-image-16253\" title=\"zajmina-vasjari3\" src=\"http:\/\/www.visit-ulcinj.com\/blog\/wp-content\/uploads\/2009\/03\/zajmina-vasjari3.jpg\" alt=\"zajmina-vasjari3\" width=\"349\" height=\"554\" \/><\/a><\/p>\n<p><br style=\"font-style: italic;\" \/><span style=\"font-style: italic;\">Duke qen\u00eb se tashm\u00eb Facebook- u \u00ebsht\u00eb kthyer n\u00eb nj\u00eb mani p\u00ebr t\u00eb gjith\u00eb, vendosa t\u00eb b\u00ebj nj\u00eb material rreth tij, por me duhet t\u00eb them q\u00eb \u00ebsht\u00eb edhe merit\u00eb kryesore e Florian Mumajesit sepse fillimisht ishte ideja e tij, m\u00eb pas Big Basta shkruajti tekstin.<\/span><\/p>\n<p><span style=\"font-weight: bold;\">Klipi eshte i ve\u00e7ant\u00eb n\u00eb llojin e tij. Ku e ke xhiruar at\u00eb dhe sa kan\u00eb zgjatur filmimet?<\/span><\/p>\n<p><span style=\"font-style: italic;\">Gjith\u00e7ka \u00ebsht\u00eb mbyllur brenda nj\u00eb dite fal\u00eb pun\u00ebs pregatitore p\u00ebr gati nj\u00eb muaj. Do t\u00eb doja t\u00eb falenderoja t\u00eb gjith\u00eb stafin q\u00eb u kujdes p\u00ebr k\u00ebt\u00eb klip duke filluar nga motra ime q\u00eb q\u00ebndron n\u00eb krye t\u00eb \u00e7do gj\u00ebje q\u00eb \u00ebsht\u00eb par\u00eb n\u00eb televizor nga shikuesit, parukieren time Elona Balaj q\u00eb ndryshoi look-un tim edhe k\u00ebt\u00eb her\u00eb, Arlin Academy Silhouette p\u00ebr koreografin\u00eb. Gjithashtu nj\u00eb falenderim i ve\u00e7ant\u00eb \u00ebsht\u00eb p\u00ebr bashk\u00ebpun\u00ebtor\u00ebt e mi t\u00eb p\u00ebrhersh\u00ebm \u2018Supersonic Production\u2019 q\u00eb m\u00eb b\u00ebjn\u00eb gjithmon\u00eb t\u00eb ndihem e p\u00ebrk\u00ebdhelur si artiste, sinqerisht q\u00eb e vler\u00ebsoj shum\u00eb. S\u00eb fundi, por kuptohet jo m\u00eb pak i r\u00ebnd\u00ebsish\u00ebm ka qen\u00eb regjisori i klipit Gentian Ferhati, i cili ka b\u00ebr\u00eb nj\u00eb pun\u00eb p\u00ebr t\u2019u admiruar.<\/span><\/p>\n<p><span style=\"font-weight: bold;\"><a href=\"http:\/\/www.visit-ulcinj.com\/blog\/wp-content\/uploads\/2009\/03\/zajmina-vasjari11.jpg\"><img loading=\"lazy\" class=\"alignleft size-full wp-image-16254\" title=\"zajmina-vasjari11\" src=\"http:\/\/www.visit-ulcinj.com\/blog\/wp-content\/uploads\/2009\/03\/zajmina-vasjari11.jpg\" alt=\"zajmina-vasjari11\" width=\"293\" height=\"642\" \/><\/a>Ke b\u00ebr\u00eb nj\u00eb tjet\u00ebr ndryshim n\u00eb look. M\u00eb mir\u00eb me flok\u00eb t\u00eb gjat\u00eb?<\/span><\/p>\n<p><span style=\"font-style: italic;\">Ishte di\u00e7ka e menduar gjat\u00eb sepse un\u00eb e kisha vendosur q\u00eb flok\u00ebt do i ndryshoja s\u00ebrish p\u00ebr klipin e ri dhe look-u q\u00eb kam tani besoj se pati impakt mjaft pozitiv dhe mbi t\u00eb gjitha edhe un\u00eb ndjehem mir\u00eb me t\u00eb.<\/span><\/p>\n<p><span style=\"font-weight: bold;\">E duke mbetur tek Facebook-u, n\u00eb internet prej disa dit\u00ebsh qarkullojn\u00eb urimet se ke patur dit\u00eblindjen por nd\u00ebrkoh\u00eb nuk m\u00ebsuam p\u00ebr ndonj\u00eb fest\u00eb t\u00eb organizuar nga ti. Ka qen\u00eb nj\u00eb fest\u00eb intime?<\/span><\/p>\n<p><span style=\"font-style: italic;\">Jo nuk \u00ebsht\u00eb fare e v\u00ebrtet\u00eb. Fatkeqsisht ky \u00ebsht\u00eb nj\u00eb problem p\u00ebr t\u00eb cilin un\u00eb jam ankuar edhe n\u00eb sitin zyrtar t\u00eb \u2018fcb\u2019 por ende nuk i \u00ebsht\u00eb dh\u00ebn\u00eb nj\u00eb zgjidhje. Ekzistojne disa &#8220;ZAJMINA&#8220; dhe nj\u00ebra prej tyre ka pasur ditlindjen por jo un\u00eb. Un\u00eb e kam n\u00eb 17 Qershor. Esht\u00eb e tmerrshme sepse kam marr\u00eb shum\u00eb mesazhe urimi edhe n\u00eb celular por nuk di \u00e7far\u00eb t\u00eb b\u00ebj p\u00ebr momentin, thjesht do doja q\u00eb njer\u00ebzit t\u00eb sigurohen q\u00eb ndodhen v\u00ebrtet n\u00eb faqen time.<\/span><\/p>\n<p><span style=\"font-style: italic;\">Si po shkojne punet me biznesin tuaj, me fustanet e nus\u00ebris\u00eb?<\/span><\/p>\n<p><span style=\"font-style: italic;\">Biznesi po shkon shum\u00eb mir\u00eb dhe jam v\u00ebrtet e lumtur p\u00ebr k\u00ebt\u00eb.<\/span><\/p>\n<p><span style=\"font-weight: bold;\">Sa kohe shpenzon n\u00eb dyqan?<\/span><\/p>\n<p><span style=\"font-style: italic;\">N\u00eb fakt nuk kam q\u00ebndruar shum\u00eb k\u00ebt\u00eb periudhe p\u00ebr shkak t\u00eb angazhimeve t\u00eb mia muzikore por pjes\u00ebn tjet\u00ebr t\u00eb koh\u00ebs q\u00eb ndodhem n\u00eb Shqip\u00ebri jam n\u00eb dyqan.<\/span><\/p>\n<p><span style=\"font-weight: bold;\">Si jan\u00eb k\u00ebto koh\u00eb pasditet e Zajmin\u00ebs?<\/span><\/p>\n<p><span style=\"font-style: italic;\">Nuk kam fare koh\u00eb t\u00eb lir\u00eb k\u00ebt\u00eb periudh\u00eb dhe edhe at\u00eb pak koh\u00eb q\u00eb kam dua t\u00eb fle por kryesisht kur nuk jam e lodhur m\u00eb gjen n\u00eb Facebook.<\/span><\/p>\n<p><span style=\"font-weight: bold;\">Personi m\u00eb i af\u00ebrt t\u00eb cilit i rr\u00ebfehesh p\u00ebr gjith\u00e7ka?<\/span><br style=\"font-weight: bold;\" \/><\/p>\n<p><span style=\"font-style: italic;\">Motra ime pa dyshim.<\/span><\/p>\n<p><span style=\"font-weight: bold;\">Mban inate apo m\u00ebri?<\/span><\/p>\n<p><span style=\"font-style: italic;\">Fillimisht b\u00ebj sikur m\u00eb ka mbetur shum\u00eb hatri, por kjo nuk zgjat shum\u00eb.<\/span><\/p>\n<p><span style=\"font-weight: bold;\">Her\u00ebn e fundit q\u00eb je nervozuar apo mbajtur inat me dik\u00eb? Si ke vepruar?<\/span><\/p>\n<p><span style=\"font-style: italic;\">Gjat\u00eb xhirimeve mund t\u00eb jem acaruar me pjes\u00ebn m\u00eb t\u00eb madhe t\u00eb stafit nga stresi por m\u00eb kalonte menj\u00ebher\u00eb. Personat q\u00eb m\u00eb njohin prej koh\u00ebsh e din\u00eb qe e kam gj\u00ebndje kalimtare dhe nuk ma v\u00ebn\u00eb veshin fare.<\/span><\/p>\n<p><span style=\"font-weight: bold;\">Flitet se frekuentohesh me nj\u00eb djal\u00eb me t\u00eb cilin ndihesh mir\u00eb. \u00c7\u2019mund t\u00eb na thuash rreth k\u00ebsaj?<\/span><\/p>\n<p><span style=\"font-style: italic;\">Asnj\u00eb gj\u00eb.<\/span><\/p>\n<p><span style=\"font-weight: bold;\">Dhurata apo surpriza m\u00eb e fundit q\u00eb ke b\u00ebr\u00eb?<\/span><\/p>\n<p><span style=\"font-style: italic;\">Motr\u00ebs time nj\u00eb udh\u00ebtim sepse ajo i ka shum\u00eb qejf dhe u lodh shum\u00eb me mua p\u00ebr klipin.<\/span><\/p>\n<p><span style=\"font-weight: bold;\">Udh\u00ebtimi m\u00eb i fundit?<\/span><\/p>\n<p><span style=\"font-style: italic;\">P\u00ebr k\u00ebt\u00eb po flisja, do t\u00eb jet\u00eb jav\u00ebn q\u00eb vjen drejt Zvicr\u00ebs, do t\u00eb shkojm\u00eb p\u00ebr ski.<\/span><\/p>\n<p><span style=\"font-weight: bold;\">Projekti m\u00eb i af\u00ebrt?<\/span><\/p>\n<p><span style=\"font-style: italic;\">Aktualisht po punoj p\u00ebr dy materiale t\u00eb tjera q\u00eb do t\u00eb publikohen n\u00eb ver\u00eb.<\/span><\/p>\n<p><span style=\"font-weight: bold;\">Bluetooth<\/span><\/p>\n<!--YouTube Error: bad URL entered-->\n","protected":false},"excerpt":{"rendered":"<p>Si mania e gjith\u00eb t\u00eb rinjve, edhe ajo \u00ebsht\u00eb apasionuar shum\u00eb duke kaluar shum\u00eb koh\u00eb (aq sa ka t\u00eb lir\u00eb) n\u00eb internet, n\u00eb \u2018Facebook\u2019. E pik\u00ebrisht k\u00ebtu ka lindur dhe frym\u00ebzimi p\u00ebr t\u00eb krijuar nj\u00eb k\u00ebng\u00eb t\u00eb re e cila e ka ndryshuar si n\u00eb look ashtu edhe n\u00eb performanca. K\u00ebshtu shfaqet k\u00ebt\u00eb her\u00eb Zajmina, [&hellip;]<\/p>\n","protected":false},"author":1,"featured_media":0,"comment_status":"open","ping_status":"closed","sticky":false,"template":"","format":"standard","meta":{"spay_email":"","jetpack_publicize_message":"","jetpack_is_tweetstorm":false,"jetpack_publicize_feature_enabled":true},"categories":[1],"tags":[4950],"jetpack_publicize_connections":[],"yoast_head":"<!-- This site is optimized with the Yoast SEO plugin v19.1 - https:\/\/yoast.com\/wordpress\/plugins\/seo\/ -->\n<title>Zajmina: E kam nj\u00eb t\u00eb dashur, por s\u2019jua tregoj - Lajme nga Ulqini<\/title>\n<meta name=\"description\" content=\"Si mania e gjith\u00eb t\u00eb rinjve, edhe ajo \u00ebsht\u00eb apasionuar shum\u00eb duke kaluar shum\u00eb koh\u00eb (aq sa ka t\u00eb lir\u00eb) n\u00eb internet, n\u00eb \u2018Facebook\u2019. E pik\u00ebrisht k\u00ebtu ka\" \/>\n<meta name=\"robots\" content=\"index, follow, max-snippet:-1, max-image-preview:large, max-video-preview:-1\" \/>\n<link rel=\"canonical\" href=\"https:\/\/www.visit-ulcinj.com\/blog\/2009\/03\/30\/zajmina-e-kam-nje-te-dashur-por-s\u2019jua-tregoj\/\" \/>\n<meta property=\"og:locale\" content=\"en_US\" \/>\n<meta property=\"og:type\" content=\"article\" \/>\n<meta property=\"og:title\" content=\"Zajmina: E kam nj\u00eb t\u00eb dashur, por s\u2019jua tregoj - Lajme nga Ulqini\" \/>\n<meta property=\"og:description\" content=\"Si mania e gjith\u00eb t\u00eb rinjve, edhe ajo \u00ebsht\u00eb apasionuar shum\u00eb duke kaluar shum\u00eb koh\u00eb (aq sa ka t\u00eb lir\u00eb) n\u00eb internet, n\u00eb \u2018Facebook\u2019. E pik\u00ebrisht k\u00ebtu ka\" \/>\n<meta property=\"og:url\" content=\"https:\/\/www.visit-ulcinj.com\/blog\/2009\/03\/30\/zajmina-e-kam-nje-te-dashur-por-s\u2019jua-tregoj\/\" \/>\n<meta property=\"og:site_name\" content=\"Lajme nga Ulqini\" \/>\n<meta property=\"article:published_time\" content=\"2009-03-30T18:54:27+00:00\" \/>\n<meta property=\"article:modified_time\" content=\"2009-03-31T18:09:04+00:00\" \/>\n<meta property=\"og:image\" content=\"http:\/\/www.visit-ulcinj.com\/blog\/wp-content\/uploads\/2009\/03\/zajmina-vasjari31.jpg\" \/>\n<meta name=\"twitter:label1\" content=\"Written by\" \/>\n\t<meta name=\"twitter:data1\" content=\"ulqini\" \/>\n\t<meta name=\"twitter:label2\" content=\"Est. reading time\" \/>\n\t<meta name=\"twitter:data2\" content=\"4 minutes\" \/>\n<script type=\"application\/ld+json\" class=\"yoast-schema-graph\">{\"@context\":\"https:\/\/schema.org\",\"@graph\":[{\"@type\":\"WebSite\",\"@id\":\"https:\/\/www.visit-ulcinj.com\/blog\/#website\",\"url\":\"https:\/\/www.visit-ulcinj.com\/blog\/\",\"name\":\"Lajme nga Ulqini\",\"description\":\"Lajme,Vijesti,Ulqini,Ulqin,Crna Gora,Mali i Zi\",\"potentialAction\":[{\"@type\":\"SearchAction\",\"target\":{\"@type\":\"EntryPoint\",\"urlTemplate\":\"https:\/\/www.visit-ulcinj.com\/blog\/?s={search_term_string}\"},\"query-input\":\"required name=search_term_string\"}],\"inLanguage\":\"en-US\"},{\"@type\":\"ImageObject\",\"inLanguage\":\"en-US\",\"@id\":\"https:\/\/www.visit-ulcinj.com\/blog\/2009\/03\/30\/zajmina-e-kam-nje-te-dashur-por-s%e2%80%99jua-tregoj\/#primaryimage\",\"url\":\"http:\/\/www.visit-ulcinj.com\/blog\/wp-content\/uploads\/2009\/03\/zajmina-vasjari31.jpg\",\"contentUrl\":\"http:\/\/www.visit-ulcinj.com\/blog\/wp-content\/uploads\/2009\/03\/zajmina-vasjari31.jpg\"},{\"@type\":\"WebPage\",\"@id\":\"https:\/\/www.visit-ulcinj.com\/blog\/2009\/03\/30\/zajmina-e-kam-nje-te-dashur-por-s%e2%80%99jua-tregoj\/#webpage\",\"url\":\"https:\/\/www.visit-ulcinj.com\/blog\/2009\/03\/30\/zajmina-e-kam-nje-te-dashur-por-s%e2%80%99jua-tregoj\/\",\"name\":\"Zajmina: E kam nj\u00eb t\u00eb dashur, por s\u2019jua tregoj - Lajme nga Ulqini\",\"isPartOf\":{\"@id\":\"https:\/\/www.visit-ulcinj.com\/blog\/#website\"},\"primaryImageOfPage\":{\"@id\":\"https:\/\/www.visit-ulcinj.com\/blog\/2009\/03\/30\/zajmina-e-kam-nje-te-dashur-por-s%e2%80%99jua-tregoj\/#primaryimage\"},\"datePublished\":\"2009-03-30T18:54:27+00:00\",\"dateModified\":\"2009-03-31T18:09:04+00:00\",\"author\":{\"@id\":\"https:\/\/www.visit-ulcinj.com\/blog\/#\/schema\/person\/dcab619c614d3038751c63bc2aadc06d\"},\"description\":\"Si mania e gjith\u00eb t\u00eb rinjve, edhe ajo \u00ebsht\u00eb apasionuar shum\u00eb duke kaluar shum\u00eb koh\u00eb (aq sa ka t\u00eb lir\u00eb) n\u00eb internet, n\u00eb \u2018Facebook\u2019. E pik\u00ebrisht k\u00ebtu ka\",\"breadcrumb\":{\"@id\":\"https:\/\/www.visit-ulcinj.com\/blog\/2009\/03\/30\/zajmina-e-kam-nje-te-dashur-por-s%e2%80%99jua-tregoj\/#breadcrumb\"},\"inLanguage\":\"en-US\",\"potentialAction\":[{\"@type\":\"ReadAction\",\"target\":[\"https:\/\/www.visit-ulcinj.com\/blog\/2009\/03\/30\/zajmina-e-kam-nje-te-dashur-por-s%e2%80%99jua-tregoj\/\"]}]},{\"@type\":\"BreadcrumbList\",\"@id\":\"https:\/\/www.visit-ulcinj.com\/blog\/2009\/03\/30\/zajmina-e-kam-nje-te-dashur-por-s%e2%80%99jua-tregoj\/#breadcrumb\",\"itemListElement\":[{\"@type\":\"ListItem\",\"position\":1,\"name\":\"Zajmina: E kam nj\u00eb t\u00eb dashur, por s\u2019jua tregoj\"}]},{\"@type\":\"Person\",\"@id\":\"https:\/\/www.visit-ulcinj.com\/blog\/#\/schema\/person\/dcab619c614d3038751c63bc2aadc06d\",\"name\":\"ulqini\",\"sameAs\":[\"http:\/\/www.visit-ulcinj.com\"],\"url\":\"https:\/\/www.visit-ulcinj.com\/blog\/author\/admin\/\"}]}<\/script>\n<!-- \/ Yoast SEO plugin. -->","yoast_head_json":{"title":"Zajmina: E kam nj\u00eb t\u00eb dashur, por s\u2019jua tregoj - Lajme nga Ulqini","description":"Si mania e gjith\u00eb t\u00eb rinjve, edhe ajo \u00ebsht\u00eb apasionuar shum\u00eb duke kaluar shum\u00eb koh\u00eb (aq sa ka t\u00eb lir\u00eb) n\u00eb internet, n\u00eb \u2018Facebook\u2019. E pik\u00ebrisht k\u00ebtu ka","robots":{"index":"index","follow":"follow","max-snippet":"max-snippet:-1","max-image-preview":"max-image-preview:large","max-video-preview":"max-video-preview:-1"},"canonical":"https:\/\/www.visit-ulcinj.com\/blog\/2009\/03\/30\/zajmina-e-kam-nje-te-dashur-por-s\u2019jua-tregoj\/","og_locale":"en_US","og_type":"article","og_title":"Zajmina: E kam nj\u00eb t\u00eb dashur, por s\u2019jua tregoj - Lajme nga Ulqini","og_description":"Si mania e gjith\u00eb t\u00eb rinjve, edhe ajo \u00ebsht\u00eb apasionuar shum\u00eb duke kaluar shum\u00eb koh\u00eb (aq sa ka t\u00eb lir\u00eb) n\u00eb internet, n\u00eb \u2018Facebook\u2019. E pik\u00ebrisht k\u00ebtu ka","og_url":"https:\/\/www.visit-ulcinj.com\/blog\/2009\/03\/30\/zajmina-e-kam-nje-te-dashur-por-s\u2019jua-tregoj\/","og_site_name":"Lajme nga Ulqini","article_published_time":"2009-03-30T18:54:27+00:00","article_modified_time":"2009-03-31T18:09:04+00:00","og_image":[{"url":"http:\/\/www.visit-ulcinj.com\/blog\/wp-content\/uploads\/2009\/03\/zajmina-vasjari31.jpg"}],"twitter_misc":{"Written by":"ulqini","Est. reading time":"4 minutes"},"schema":{"@context":"https:\/\/schema.org","@graph":[{"@type":"WebSite","@id":"https:\/\/www.visit-ulcinj.com\/blog\/#website","url":"https:\/\/www.visit-ulcinj.com\/blog\/","name":"Lajme nga Ulqini","description":"Lajme,Vijesti,Ulqini,Ulqin,Crna Gora,Mali i Zi","potentialAction":[{"@type":"SearchAction","target":{"@type":"EntryPoint","urlTemplate":"https:\/\/www.visit-ulcinj.com\/blog\/?s={search_term_string}"},"query-input":"required name=search_term_string"}],"inLanguage":"en-US"},{"@type":"ImageObject","inLanguage":"en-US","@id":"https:\/\/www.visit-ulcinj.com\/blog\/2009\/03\/30\/zajmina-e-kam-nje-te-dashur-por-s%e2%80%99jua-tregoj\/#primaryimage","url":"http:\/\/www.visit-ulcinj.com\/blog\/wp-content\/uploads\/2009\/03\/zajmina-vasjari31.jpg","contentUrl":"http:\/\/www.visit-ulcinj.com\/blog\/wp-content\/uploads\/2009\/03\/zajmina-vasjari31.jpg"},{"@type":"WebPage","@id":"https:\/\/www.visit-ulcinj.com\/blog\/2009\/03\/30\/zajmina-e-kam-nje-te-dashur-por-s%e2%80%99jua-tregoj\/#webpage","url":"https:\/\/www.visit-ulcinj.com\/blog\/2009\/03\/30\/zajmina-e-kam-nje-te-dashur-por-s%e2%80%99jua-tregoj\/","name":"Zajmina: E kam nj\u00eb t\u00eb dashur, por s\u2019jua tregoj - Lajme nga Ulqini","isPartOf":{"@id":"https:\/\/www.visit-ulcinj.com\/blog\/#website"},"primaryImageOfPage":{"@id":"https:\/\/www.visit-ulcinj.com\/blog\/2009\/03\/30\/zajmina-e-kam-nje-te-dashur-por-s%e2%80%99jua-tregoj\/#primaryimage"},"datePublished":"2009-03-30T18:54:27+00:00","dateModified":"2009-03-31T18:09:04+00:00","author":{"@id":"https:\/\/www.visit-ulcinj.com\/blog\/#\/schema\/person\/dcab619c614d3038751c63bc2aadc06d"},"description":"Si mania e gjith\u00eb t\u00eb rinjve, edhe ajo \u00ebsht\u00eb apasionuar shum\u00eb duke kaluar shum\u00eb koh\u00eb (aq sa ka t\u00eb lir\u00eb) n\u00eb internet, n\u00eb \u2018Facebook\u2019. E pik\u00ebrisht k\u00ebtu ka","breadcrumb":{"@id":"https:\/\/www.visit-ulcinj.com\/blog\/2009\/03\/30\/zajmina-e-kam-nje-te-dashur-por-s%e2%80%99jua-tregoj\/#breadcrumb"},"inLanguage":"en-US","potentialAction":[{"@type":"ReadAction","target":["https:\/\/www.visit-ulcinj.com\/blog\/2009\/03\/30\/zajmina-e-kam-nje-te-dashur-por-s%e2%80%99jua-tregoj\/"]}]},{"@type":"BreadcrumbList","@id":"https:\/\/www.visit-ulcinj.com\/blog\/2009\/03\/30\/zajmina-e-kam-nje-te-dashur-por-s%e2%80%99jua-tregoj\/#breadcrumb","itemListElement":[{"@type":"ListItem","position":1,"name":"Zajmina: E kam nj\u00eb t\u00eb dashur, por s\u2019jua tregoj"}]},{"@type":"Person","@id":"https:\/\/www.visit-ulcinj.com\/blog\/#\/schema\/person\/dcab619c614d3038751c63bc2aadc06d","name":"ulqini","sameAs":["http:\/\/www.visit-ulcinj.com"],"url":"https:\/\/www.visit-ulcinj.com\/blog\/author\/admin\/"}]}},"jetpack_featured_media_url":"","jetpack_sharing_enabled":true,"jetpack_shortlink":"https:\/\/wp.me\/pe6lTn-4e8","_links":{"self":[{"href":"https:\/\/www.visit-ulcinj.com\/blog\/wp-json\/wp\/v2\/posts\/16252"}],"collection":[{"href":"https:\/\/www.visit-ulcinj.com\/blog\/wp-json\/wp\/v2\/posts"}],"about":[{"href":"https:\/\/www.visit-ulcinj.com\/blog\/wp-json\/wp\/v2\/types\/post"}],"author":[{"embeddable":true,"href":"https:\/\/www.visit-ulcinj.com\/blog\/wp-json\/wp\/v2\/users\/1"}],"replies":[{"embeddable":true,"href":"https:\/\/www.visit-ulcinj.com\/blog\/wp-json\/wp\/v2\/comments?post=16252"}],"version-history":[{"count":0,"href":"https:\/\/www.visit-ulcinj.com\/blog\/wp-json\/wp\/v2\/posts\/16252\/revisions"}],"wp:attachment":[{"href":"https:\/\/www.visit-ulcinj.com\/blog\/wp-json\/wp\/v2\/media?parent=16252"}],"wp:term":[{"taxonomy":"category","embeddable":true,"href":"https:\/\/www.visit-ulcinj.com\/blog\/wp-json\/wp\/v2\/categories?post=16252"},{"taxonomy":"post_tag","embeddable":true,"href":"https:\/\/www.visit-ulcinj.com\/blog\/wp-json\/wp\/v2\/tags?post=16252"}],"curies":[{"name":"wp","href":"https:\/\/api.w.org\/{rel}","templated":true}]}}