{"id":16277,"date":"2009-03-31T15:33:07","date_gmt":"2009-03-31T14:33:07","guid":{"rendered":"http:\/\/www.visit-ulcinj.com\/blog\/?p=16277"},"modified":"2009-04-02T18:26:50","modified_gmt":"2009-04-02T17:26:50","slug":"konference-per-medija-forca","status":"publish","type":"post","link":"https:\/\/www.visit-ulcinj.com\/blog\/2009\/03\/31\/konference-per-medija-forca\/","title":{"rendered":"Konference per medija FORCA"},"content":{"rendered":"<p style=\"text-align: left;\">Bul Skenderbeu p.n. 85360 Ulqin \u2013 Ulcinj <a href=\"http:\/\/www.visit-ulcinj.com\/blog\/wp-content\/uploads\/2009\/03\/logo-forca.jpg\"><img loading=\"lazy\" class=\"alignright size-full wp-image-16278\" title=\"logo-forca\" src=\"http:\/\/www.visit-ulcinj.com\/blog\/wp-content\/uploads\/2009\/03\/logo-forca.jpg\" alt=\"logo-forca\" width=\"248\" height=\"241\" \/><\/a><br \/>\nMali i Zi, Crna Gora, Montenegro<br \/>\nTel:. +382 30 401 760, Fax: +382 30 401 761<br \/>\nE-mail : forca@t-com.me<br \/>\n<a href=\"www.forca.me   \" target=\"_blank\">www.forca.me <\/a><\/p>\n<p>Ulqin, 31.03.2009<\/p>\n<p>Nr: 135 \/ 09<\/p>\n<p><strong>T\u00eb nderuar qytetar\u00eb, <\/strong><\/p>\n<p>Forca u b\u00eb parti parlamentare\u00a0 dhe p\u00ebr k\u00ebt\u00eb duam t\u00eb fal\u00ebnderojm\u00eb an\u00ebtar\u00ebt dhe simpatizuesit ton\u00eb dhe Forc\u00ebn rinore q\u00eb jan\u00eb angazhuar n\u00eb komisione dhe\u00a0 n\u00eb fushat\u00eb.<\/p>\n<p>Iu fal\u00ebnderohem t\u00eb gjith\u00eb votuesve q\u00eb na kan\u00eb besuar vot\u00ebn e tyre dhe q\u00eb b\u00ebn\u00eb t\u00eb mundur q\u00eb Forca e Re Demokratike, p\u00ebr nj\u00eb koh\u00eb t\u00eb shkurt\u00ebr, t\u00eb shnd\u00ebrrohej nga nj\u00eb d\u00ebshir\u00eb e projekt fitoreje n\u00eb nj\u00eb realitet t\u00eb preksh\u00ebm.<\/p>\n<p>Angazhimi i t\u00eb gjith\u00ebve ka ndikuar q\u00eb rezultati yn\u00eb t\u00eb jet mbi 40% m\u00eb i mir\u00eb se n\u00eb vitin 2006. Ky rezultat na inkurajon edhe m\u00eb tep\u00ebr p\u00ebr shkak t\u00eb faktit se gjith\u00eb koh\u00ebn vepruam si opozit\u00eb.<\/p>\n<p>Kjo fitore ka vler\u00eb shum\u00eb t\u00eb madhe sepse FORCA \u00ebsht\u00eb prezente n\u00eb t\u00eb gjitha trevat shqiptare, si n\u00eb Ulqin, An\u00eb t\u00eb Malit ,Kraj\u00eb , Mal\u00ebsi, Plav\u00eb e Guci dhe n\u00eb Rozhaj\u00eb.<\/p>\n<p>Sa i p\u00ebrket sken\u00ebs politike shqiptare n\u00eb Mal t\u00eb Zi, ajo ndryshoi vet\u00ebm me FORC\u00cbN.<\/p>\n<p>Ne gjithashtu i fal\u00ebnderojm\u00eb edhe te gjith\u00eb votuesit q\u00eb shfryt\u00ebzuan t\u00eb drejt\u00ebn e vet\u00eb dhe k\u00ebtu posa\u00e7\u00ebrisht ato q\u00eb votuan partit\u00eb shqiptare. I fal\u00ebnderojm\u00eb edhe ato q\u00eb nuk e votuan Forc\u00ebn p\u00ebr sjellje korrekte dhe t\u00eb qytet\u00ebruar gjat\u00eb procesit t\u00eb votimit.<\/p>\n<p>P\u00ebrs\u00ebri shprehim gatishm\u00ebri p\u00ebr bashk\u00ebpunim me t\u00eb gjith\u00eb p\u00ebrfaq\u00ebsuesit shqiptar n\u00eb Parlamentin e Malit t\u00eb Zi.<\/p>\n<p>Deputeti i FORC\u00cbS, Genci Nimanbegu do t\u00eb jet n\u00eb sh\u00ebrbim t\u00eb t\u00eb gjith\u00eb qytetar\u00ebve.<\/p>\n<p>Ju sigurojm\u00eb se FJALA E JUAJ DO T\u00cb RESPEKTOHET.<\/p>\n<p>Edhe nj\u00eb her\u00eb ju fal\u00ebnderoj dhe urime.<\/p>\n<p><strong>Sh\u00ebrbimi informativ i Forc\u00ebs<\/strong><\/p>\n<p><strong><!--YouTube Error: bad URL entered--><br \/>\n<\/strong><\/p>\n","protected":false},"excerpt":{"rendered":"<p>Bul Skenderbeu p.n. 85360 Ulqin \u2013 Ulcinj Mali i Zi, Crna Gora, Montenegro Tel:. +382 30 401 760, Fax: +382 30 401 761 E-mail : forca@t-com.me www.forca.me Ulqin, 31.03.2009 Nr: 135 \/ 09 T\u00eb nderuar qytetar\u00eb, Forca u b\u00eb parti parlamentare\u00a0 dhe p\u00ebr k\u00ebt\u00eb duam t\u00eb fal\u00ebnderojm\u00eb an\u00ebtar\u00ebt dhe simpatizuesit ton\u00eb dhe Forc\u00ebn rinore q\u00eb [&hellip;]<\/p>\n","protected":false},"author":1,"featured_media":0,"comment_status":"open","ping_status":"closed","sticky":false,"template":"","format":"standard","meta":{"spay_email":"","jetpack_publicize_message":"","jetpack_is_tweetstorm":false,"jetpack_publicize_feature_enabled":true},"categories":[1],"tags":[8574],"jetpack_publicize_connections":[],"yoast_head":"<!-- This site is optimized with the Yoast SEO plugin v19.1 - https:\/\/yoast.com\/wordpress\/plugins\/seo\/ -->\n<title>Konference per medija FORCA - Lajme nga Ulqini<\/title>\n<meta name=\"description\" content=\"Bul Skenderbeu p.n. 85360 Ulqin \u2013 Ulcinj Mali i Zi, Crna Gora, Montenegro Tel:. +382 30 401 760, Fax: +382 30 401 761 E-mail : forca@t-com.me www.forca.me\" \/>\n<meta name=\"robots\" content=\"index, follow, max-snippet:-1, max-image-preview:large, max-video-preview:-1\" \/>\n<link rel=\"canonical\" href=\"https:\/\/www.visit-ulcinj.com\/blog\/2009\/03\/31\/konference-per-medija-forca\/\" \/>\n<meta property=\"og:locale\" content=\"en_US\" \/>\n<meta property=\"og:type\" content=\"article\" \/>\n<meta property=\"og:title\" content=\"Konference per medija FORCA - Lajme nga Ulqini\" \/>\n<meta property=\"og:description\" content=\"Bul Skenderbeu p.n. 85360 Ulqin \u2013 Ulcinj Mali i Zi, Crna Gora, Montenegro Tel:. +382 30 401 760, Fax: +382 30 401 761 E-mail : forca@t-com.me www.forca.me\" \/>\n<meta property=\"og:url\" content=\"https:\/\/www.visit-ulcinj.com\/blog\/2009\/03\/31\/konference-per-medija-forca\/\" \/>\n<meta property=\"og:site_name\" content=\"Lajme nga Ulqini\" \/>\n<meta property=\"article:published_time\" content=\"2009-03-31T14:33:07+00:00\" \/>\n<meta property=\"article:modified_time\" content=\"2009-04-02T17:26:50+00:00\" \/>\n<meta property=\"og:image\" content=\"http:\/\/www.visit-ulcinj.com\/blog\/wp-content\/uploads\/2009\/03\/logo-forca.jpg\" \/>\n<meta name=\"twitter:label1\" content=\"Written by\" \/>\n\t<meta name=\"twitter:data1\" content=\"ulqini\" \/>\n\t<meta name=\"twitter:label2\" content=\"Est. reading time\" \/>\n\t<meta name=\"twitter:data2\" content=\"2 minutes\" \/>\n<script type=\"application\/ld+json\" class=\"yoast-schema-graph\">{\"@context\":\"https:\/\/schema.org\",\"@graph\":[{\"@type\":\"WebSite\",\"@id\":\"https:\/\/www.visit-ulcinj.com\/blog\/#website\",\"url\":\"https:\/\/www.visit-ulcinj.com\/blog\/\",\"name\":\"Lajme nga Ulqini\",\"description\":\"Lajme,Vijesti,Ulqini,Ulqin,Crna Gora,Mali i Zi\",\"potentialAction\":[{\"@type\":\"SearchAction\",\"target\":{\"@type\":\"EntryPoint\",\"urlTemplate\":\"https:\/\/www.visit-ulcinj.com\/blog\/?s={search_term_string}\"},\"query-input\":\"required name=search_term_string\"}],\"inLanguage\":\"en-US\"},{\"@type\":\"ImageObject\",\"inLanguage\":\"en-US\",\"@id\":\"https:\/\/www.visit-ulcinj.com\/blog\/2009\/03\/31\/konference-per-medija-forca\/#primaryimage\",\"url\":\"https:\/\/www.visit-ulcinj.com\/blog\/wp-content\/uploads\/2009\/03\/logo-forca.jpg\",\"contentUrl\":\"https:\/\/www.visit-ulcinj.com\/blog\/wp-content\/uploads\/2009\/03\/logo-forca.jpg\",\"width\":\"248\",\"height\":\"241\"},{\"@type\":\"WebPage\",\"@id\":\"https:\/\/www.visit-ulcinj.com\/blog\/2009\/03\/31\/konference-per-medija-forca\/#webpage\",\"url\":\"https:\/\/www.visit-ulcinj.com\/blog\/2009\/03\/31\/konference-per-medija-forca\/\",\"name\":\"Konference per medija FORCA - Lajme nga Ulqini\",\"isPartOf\":{\"@id\":\"https:\/\/www.visit-ulcinj.com\/blog\/#website\"},\"primaryImageOfPage\":{\"@id\":\"https:\/\/www.visit-ulcinj.com\/blog\/2009\/03\/31\/konference-per-medija-forca\/#primaryimage\"},\"datePublished\":\"2009-03-31T14:33:07+00:00\",\"dateModified\":\"2009-04-02T17:26:50+00:00\",\"author\":{\"@id\":\"https:\/\/www.visit-ulcinj.com\/blog\/#\/schema\/person\/dcab619c614d3038751c63bc2aadc06d\"},\"description\":\"Bul Skenderbeu p.n. 85360 Ulqin \u2013 Ulcinj Mali i Zi, Crna Gora, Montenegro Tel:. +382 30 401 760, Fax: +382 30 401 761 E-mail : forca@t-com.me www.forca.me\",\"breadcrumb\":{\"@id\":\"https:\/\/www.visit-ulcinj.com\/blog\/2009\/03\/31\/konference-per-medija-forca\/#breadcrumb\"},\"inLanguage\":\"en-US\",\"potentialAction\":[{\"@type\":\"ReadAction\",\"target\":[\"https:\/\/www.visit-ulcinj.com\/blog\/2009\/03\/31\/konference-per-medija-forca\/\"]}]},{\"@type\":\"BreadcrumbList\",\"@id\":\"https:\/\/www.visit-ulcinj.com\/blog\/2009\/03\/31\/konference-per-medija-forca\/#breadcrumb\",\"itemListElement\":[{\"@type\":\"ListItem\",\"position\":1,\"name\":\"Konference per medija FORCA\"}]},{\"@type\":\"Person\",\"@id\":\"https:\/\/www.visit-ulcinj.com\/blog\/#\/schema\/person\/dcab619c614d3038751c63bc2aadc06d\",\"name\":\"ulqini\",\"sameAs\":[\"http:\/\/www.visit-ulcinj.com\"],\"url\":\"https:\/\/www.visit-ulcinj.com\/blog\/author\/admin\/\"}]}<\/script>\n<!-- \/ Yoast SEO plugin. -->","yoast_head_json":{"title":"Konference per medija FORCA - Lajme nga Ulqini","description":"Bul Skenderbeu p.n. 85360 Ulqin \u2013 Ulcinj Mali i Zi, Crna Gora, Montenegro Tel:. +382 30 401 760, Fax: +382 30 401 761 E-mail : forca@t-com.me www.forca.me","robots":{"index":"index","follow":"follow","max-snippet":"max-snippet:-1","max-image-preview":"max-image-preview:large","max-video-preview":"max-video-preview:-1"},"canonical":"https:\/\/www.visit-ulcinj.com\/blog\/2009\/03\/31\/konference-per-medija-forca\/","og_locale":"en_US","og_type":"article","og_title":"Konference per medija FORCA - Lajme nga Ulqini","og_description":"Bul Skenderbeu p.n. 85360 Ulqin \u2013 Ulcinj Mali i Zi, Crna Gora, Montenegro Tel:. +382 30 401 760, Fax: +382 30 401 761 E-mail : forca@t-com.me www.forca.me","og_url":"https:\/\/www.visit-ulcinj.com\/blog\/2009\/03\/31\/konference-per-medija-forca\/","og_site_name":"Lajme nga Ulqini","article_published_time":"2009-03-31T14:33:07+00:00","article_modified_time":"2009-04-02T17:26:50+00:00","og_image":[{"url":"http:\/\/www.visit-ulcinj.com\/blog\/wp-content\/uploads\/2009\/03\/logo-forca.jpg"}],"twitter_misc":{"Written by":"ulqini","Est. reading time":"2 minutes"},"schema":{"@context":"https:\/\/schema.org","@graph":[{"@type":"WebSite","@id":"https:\/\/www.visit-ulcinj.com\/blog\/#website","url":"https:\/\/www.visit-ulcinj.com\/blog\/","name":"Lajme nga Ulqini","description":"Lajme,Vijesti,Ulqini,Ulqin,Crna Gora,Mali i Zi","potentialAction":[{"@type":"SearchAction","target":{"@type":"EntryPoint","urlTemplate":"https:\/\/www.visit-ulcinj.com\/blog\/?s={search_term_string}"},"query-input":"required name=search_term_string"}],"inLanguage":"en-US"},{"@type":"ImageObject","inLanguage":"en-US","@id":"https:\/\/www.visit-ulcinj.com\/blog\/2009\/03\/31\/konference-per-medija-forca\/#primaryimage","url":"https:\/\/www.visit-ulcinj.com\/blog\/wp-content\/uploads\/2009\/03\/logo-forca.jpg","contentUrl":"https:\/\/www.visit-ulcinj.com\/blog\/wp-content\/uploads\/2009\/03\/logo-forca.jpg","width":"248","height":"241"},{"@type":"WebPage","@id":"https:\/\/www.visit-ulcinj.com\/blog\/2009\/03\/31\/konference-per-medija-forca\/#webpage","url":"https:\/\/www.visit-ulcinj.com\/blog\/2009\/03\/31\/konference-per-medija-forca\/","name":"Konference per medija FORCA - Lajme nga Ulqini","isPartOf":{"@id":"https:\/\/www.visit-ulcinj.com\/blog\/#website"},"primaryImageOfPage":{"@id":"https:\/\/www.visit-ulcinj.com\/blog\/2009\/03\/31\/konference-per-medija-forca\/#primaryimage"},"datePublished":"2009-03-31T14:33:07+00:00","dateModified":"2009-04-02T17:26:50+00:00","author":{"@id":"https:\/\/www.visit-ulcinj.com\/blog\/#\/schema\/person\/dcab619c614d3038751c63bc2aadc06d"},"description":"Bul Skenderbeu p.n. 85360 Ulqin \u2013 Ulcinj Mali i Zi, Crna Gora, Montenegro Tel:. +382 30 401 760, Fax: +382 30 401 761 E-mail : forca@t-com.me www.forca.me","breadcrumb":{"@id":"https:\/\/www.visit-ulcinj.com\/blog\/2009\/03\/31\/konference-per-medija-forca\/#breadcrumb"},"inLanguage":"en-US","potentialAction":[{"@type":"ReadAction","target":["https:\/\/www.visit-ulcinj.com\/blog\/2009\/03\/31\/konference-per-medija-forca\/"]}]},{"@type":"BreadcrumbList","@id":"https:\/\/www.visit-ulcinj.com\/blog\/2009\/03\/31\/konference-per-medija-forca\/#breadcrumb","itemListElement":[{"@type":"ListItem","position":1,"name":"Konference per medija FORCA"}]},{"@type":"Person","@id":"https:\/\/www.visit-ulcinj.com\/blog\/#\/schema\/person\/dcab619c614d3038751c63bc2aadc06d","name":"ulqini","sameAs":["http:\/\/www.visit-ulcinj.com"],"url":"https:\/\/www.visit-ulcinj.com\/blog\/author\/admin\/"}]}},"jetpack_featured_media_url":"","jetpack_sharing_enabled":true,"jetpack_shortlink":"https:\/\/wp.me\/pe6lTn-4ex","_links":{"self":[{"href":"https:\/\/www.visit-ulcinj.com\/blog\/wp-json\/wp\/v2\/posts\/16277"}],"collection":[{"href":"https:\/\/www.visit-ulcinj.com\/blog\/wp-json\/wp\/v2\/posts"}],"about":[{"href":"https:\/\/www.visit-ulcinj.com\/blog\/wp-json\/wp\/v2\/types\/post"}],"author":[{"embeddable":true,"href":"https:\/\/www.visit-ulcinj.com\/blog\/wp-json\/wp\/v2\/users\/1"}],"replies":[{"embeddable":true,"href":"https:\/\/www.visit-ulcinj.com\/blog\/wp-json\/wp\/v2\/comments?post=16277"}],"version-history":[{"count":0,"href":"https:\/\/www.visit-ulcinj.com\/blog\/wp-json\/wp\/v2\/posts\/16277\/revisions"}],"wp:attachment":[{"href":"https:\/\/www.visit-ulcinj.com\/blog\/wp-json\/wp\/v2\/media?parent=16277"}],"wp:term":[{"taxonomy":"category","embeddable":true,"href":"https:\/\/www.visit-ulcinj.com\/blog\/wp-json\/wp\/v2\/categories?post=16277"},{"taxonomy":"post_tag","embeddable":true,"href":"https:\/\/www.visit-ulcinj.com\/blog\/wp-json\/wp\/v2\/tags?post=16277"}],"curies":[{"name":"wp","href":"https:\/\/api.w.org\/{rel}","templated":true}]}}