{"id":16302,"date":"2009-03-31T17:57:12","date_gmt":"2009-03-31T16:57:12","guid":{"rendered":"http:\/\/www.visit-ulcinj.com\/blog\/?p=16302"},"modified":"2009-03-31T17:57:24","modified_gmt":"2009-03-31T16:57:24","slug":"program-povodom-dana-opstine-ulcinj","status":"publish","type":"post","link":"https:\/\/www.visit-ulcinj.com\/blog\/2009\/03\/31\/program-povodom-dana-opstine-ulcinj\/","title":{"rendered":"Program povodom dana op\u0161tine Ulcinj"},"content":{"rendered":"<h1><a rel=\"attachment wp-att-16303\" href=\"http:\/\/www.visit-ulcinj.com\/blog\/2009\/03\/31\/program-povodom-dana-opstine-ulcinj\/dan-opstine-ulcinj1\/\"><\/a><a rel=\"attachment wp-att-16303\" href=\"http:\/\/www.visit-ulcinj.com\/blog\/2009\/03\/31\/program-povodom-dana-opstine-ulcinj\/dan-opstine-ulcinj1\/\"><img loading=\"lazy\" class=\"alignleft size-full wp-image-16303\" title=\"dan-opstine-ulcinj1\" src=\"http:\/\/www.visit-ulcinj.com\/blog\/wp-content\/uploads\/2009\/03\/dan-opstine-ulcinj1.jpg\" alt=\"dan-opstine-ulcinj1\" width=\"570\" height=\"275\" \/><\/a><\/h1>\n<h1><strong>Program povodom dana op\u0161tine Ulcinj<\/strong><\/h1>\n<p><strong>2.04.2009<\/strong><\/p>\n<ul>\n<li><strong>11.00<\/strong> Prijem vjerskih velikodostojnika u kabinetu predsjednika op\u0161tine.<\/li>\n<li><strong>18.00<\/strong> Inauguracija tre?e faze javne rasvjete (Skretanje za Valdanos \u2013 Centar Kruta)<\/li>\n<\/ul>\n<p><strong>3.04.2009 <\/strong><\/p>\n<ul>\n<li><strong>11.00<\/strong> Me?unarodni futbalski turnir, Stadion na Velikoj pla\u017ei<\/li>\n<li><strong>14.00<\/strong> Inauguracija Dnevnog centra za hendikepiranu djecu, Dom kulure<\/li>\n<li><strong>18.00<\/strong> Izlo\u017eba fotografija biv\u0161ih predsjednika Op\u0161tine Ulcinj, Dom kulture<\/li>\n<\/ul>\n<p><strong>4.04.2009 <\/strong><\/p>\n<ul>\n<li><strong>11.00<\/strong> Sve?ana sjednica i akademija, Dom kulture<\/li>\n<li><strong>19.30<\/strong> Muzi?ki koncert, Dom kulture<\/li>\n<\/ul>\n<p><strong>5.04.2009 <\/strong><\/p>\n<ul>\n<li><strong>11.00<\/strong> Me?unarodni karate turnir, fiskulturna sala O.\u0160. Mar\u0161al Tito<\/li>\n<li><strong>18.00<\/strong> Izlo\u017eba slikara Mehmeta Aloje, Dom kulture<\/li>\n<\/ul>\n<h1><strong>Sve?ana sjednica i akademija<\/strong><\/h1>\n<ul>\n<li>&#8211; Po?etak sve?ane sjednice, predsjednik Skup\u0161tine Op\u0161tine Muhamet Nika<\/li>\n<li>&#8211; Pozdravi govor, predsjednik Op\u0161tine Ulcinj Gzim Hajdinaga<\/li>\n<\/ul>\n<p><strong><br \/>\n<\/strong><\/p>\n<h1><strong> <\/strong><strong> Koncert<\/strong><\/h1>\n<ul>\n<li> Rame Lahaj, Tenor \u2013 Pri\u0161tina<\/li>\n<li> Jadranka Jovanovi?, Soprano \u2013 Beograd<\/li>\n<li> Marina Cuca, Soprano \u2013 Podgorica<\/li>\n<li> Muzi?ko-baletska grupa \u2013 Be?<\/li>\n<\/ul>\n<h1><strong> Koktel<\/strong><\/h1>\n","protected":false},"excerpt":{"rendered":"<p>Program povodom dana op\u0161tine Ulcinj 2.04.2009 11.00 Prijem vjerskih velikodostojnika u kabinetu predsjednika op\u0161tine. 18.00 Inauguracija tre?e faze javne rasvjete (Skretanje za Valdanos \u2013 Centar Kruta) 3.04.2009 11.00 Me?unarodni futbalski turnir, Stadion na Velikoj pla\u017ei 14.00 Inauguracija Dnevnog centra za hendikepiranu djecu, Dom kulure 18.00 Izlo\u017eba fotografija biv\u0161ih predsjednika Op\u0161tine Ulcinj, Dom kulture 4.04.2009 11.00 [&hellip;]<\/p>\n","protected":false},"author":1,"featured_media":0,"comment_status":"open","ping_status":"closed","sticky":false,"template":"","format":"standard","meta":{"spay_email":"","jetpack_publicize_message":"","jetpack_is_tweetstorm":false,"jetpack_publicize_feature_enabled":true},"categories":[8337],"tags":[8631,8622,8624,8610,8618,8608,8616,8612,8609,8614,8620,8617,8577,8580,8586,8589,8615,8613,8619,8600,8626,8602,8630,8625,8623,8607,8606,8598,8628,8629,8611,8621,8627],"jetpack_publicize_connections":[],"yoast_head":"<!-- This site is optimized with the Yoast SEO plugin v19.1 - https:\/\/yoast.com\/wordpress\/plugins\/seo\/ -->\n<title>Program povodom dana op\u0161tine Ulcinj - Lajme nga Ulqini<\/title>\n<meta name=\"description\" content=\"Program povodom dana op\u0161tine Ulcinj 2.04.2009 11.00 Prijem vjerskih velikodostojnika u kabinetu predsjednika op\u0161tine. 18.00 Inauguracija tre?e faze javne\" \/>\n<meta name=\"robots\" content=\"index, follow, max-snippet:-1, max-image-preview:large, max-video-preview:-1\" \/>\n<link rel=\"canonical\" href=\"https:\/\/www.visit-ulcinj.com\/blog\/2009\/03\/31\/program-povodom-dana-opstine-ulcinj\/\" \/>\n<meta property=\"og:locale\" content=\"en_US\" \/>\n<meta property=\"og:type\" content=\"article\" \/>\n<meta property=\"og:title\" content=\"Program povodom dana op\u0161tine Ulcinj - Lajme nga Ulqini\" \/>\n<meta property=\"og:description\" content=\"Program povodom dana op\u0161tine Ulcinj 2.04.2009 11.00 Prijem vjerskih velikodostojnika u kabinetu predsjednika op\u0161tine. 18.00 Inauguracija tre?e faze javne\" \/>\n<meta property=\"og:url\" content=\"https:\/\/www.visit-ulcinj.com\/blog\/2009\/03\/31\/program-povodom-dana-opstine-ulcinj\/\" \/>\n<meta property=\"og:site_name\" content=\"Lajme nga Ulqini\" \/>\n<meta property=\"article:published_time\" content=\"2009-03-31T16:57:12+00:00\" \/>\n<meta property=\"article:modified_time\" content=\"2009-03-31T16:57:24+00:00\" \/>\n<meta property=\"og:image\" content=\"http:\/\/www.visit-ulcinj.com\/blog\/wp-content\/uploads\/2009\/03\/dan-opstine-ulcinj1.jpg\" \/>\n<meta name=\"twitter:label1\" content=\"Written by\" \/>\n\t<meta name=\"twitter:data1\" content=\"ulqini\" \/>\n\t<meta name=\"twitter:label2\" content=\"Est. reading time\" \/>\n\t<meta name=\"twitter:data2\" content=\"1 minute\" \/>\n<script type=\"application\/ld+json\" class=\"yoast-schema-graph\">{\"@context\":\"https:\/\/schema.org\",\"@graph\":[{\"@type\":\"WebSite\",\"@id\":\"https:\/\/www.visit-ulcinj.com\/blog\/#website\",\"url\":\"https:\/\/www.visit-ulcinj.com\/blog\/\",\"name\":\"Lajme nga Ulqini\",\"description\":\"Lajme,Vijesti,Ulqini,Ulqin,Crna Gora,Mali i Zi\",\"potentialAction\":[{\"@type\":\"SearchAction\",\"target\":{\"@type\":\"EntryPoint\",\"urlTemplate\":\"https:\/\/www.visit-ulcinj.com\/blog\/?s={search_term_string}\"},\"query-input\":\"required name=search_term_string\"}],\"inLanguage\":\"en-US\"},{\"@type\":\"ImageObject\",\"inLanguage\":\"en-US\",\"@id\":\"https:\/\/www.visit-ulcinj.com\/blog\/2009\/03\/31\/program-povodom-dana-opstine-ulcinj\/#primaryimage\",\"url\":\"https:\/\/www.visit-ulcinj.com\/blog\/wp-content\/uploads\/2009\/03\/dan-opstine-ulcinj1.jpg\",\"contentUrl\":\"https:\/\/www.visit-ulcinj.com\/blog\/wp-content\/uploads\/2009\/03\/dan-opstine-ulcinj1.jpg\",\"width\":\"407\",\"height\":\"175\"},{\"@type\":\"WebPage\",\"@id\":\"https:\/\/www.visit-ulcinj.com\/blog\/2009\/03\/31\/program-povodom-dana-opstine-ulcinj\/#webpage\",\"url\":\"https:\/\/www.visit-ulcinj.com\/blog\/2009\/03\/31\/program-povodom-dana-opstine-ulcinj\/\",\"name\":\"Program povodom dana op\u0161tine Ulcinj - Lajme nga Ulqini\",\"isPartOf\":{\"@id\":\"https:\/\/www.visit-ulcinj.com\/blog\/#website\"},\"primaryImageOfPage\":{\"@id\":\"https:\/\/www.visit-ulcinj.com\/blog\/2009\/03\/31\/program-povodom-dana-opstine-ulcinj\/#primaryimage\"},\"datePublished\":\"2009-03-31T16:57:12+00:00\",\"dateModified\":\"2009-03-31T16:57:24+00:00\",\"author\":{\"@id\":\"https:\/\/www.visit-ulcinj.com\/blog\/#\/schema\/person\/dcab619c614d3038751c63bc2aadc06d\"},\"description\":\"Program povodom dana op\u0161tine Ulcinj 2.04.2009 11.00 Prijem vjerskih velikodostojnika u kabinetu predsjednika op\u0161tine. 18.00 Inauguracija tre?e faze javne\",\"breadcrumb\":{\"@id\":\"https:\/\/www.visit-ulcinj.com\/blog\/2009\/03\/31\/program-povodom-dana-opstine-ulcinj\/#breadcrumb\"},\"inLanguage\":\"en-US\",\"potentialAction\":[{\"@type\":\"ReadAction\",\"target\":[\"https:\/\/www.visit-ulcinj.com\/blog\/2009\/03\/31\/program-povodom-dana-opstine-ulcinj\/\"]}]},{\"@type\":\"BreadcrumbList\",\"@id\":\"https:\/\/www.visit-ulcinj.com\/blog\/2009\/03\/31\/program-povodom-dana-opstine-ulcinj\/#breadcrumb\",\"itemListElement\":[{\"@type\":\"ListItem\",\"position\":1,\"name\":\"Program povodom dana op\u0161tine Ulcinj\"}]},{\"@type\":\"Person\",\"@id\":\"https:\/\/www.visit-ulcinj.com\/blog\/#\/schema\/person\/dcab619c614d3038751c63bc2aadc06d\",\"name\":\"ulqini\",\"sameAs\":[\"http:\/\/www.visit-ulcinj.com\"],\"url\":\"https:\/\/www.visit-ulcinj.com\/blog\/author\/admin\/\"}]}<\/script>\n<!-- \/ Yoast SEO plugin. -->","yoast_head_json":{"title":"Program povodom dana op\u0161tine Ulcinj - Lajme nga Ulqini","description":"Program povodom dana op\u0161tine Ulcinj 2.04.2009 11.00 Prijem vjerskih velikodostojnika u kabinetu predsjednika op\u0161tine. 18.00 Inauguracija tre?e faze javne","robots":{"index":"index","follow":"follow","max-snippet":"max-snippet:-1","max-image-preview":"max-image-preview:large","max-video-preview":"max-video-preview:-1"},"canonical":"https:\/\/www.visit-ulcinj.com\/blog\/2009\/03\/31\/program-povodom-dana-opstine-ulcinj\/","og_locale":"en_US","og_type":"article","og_title":"Program povodom dana op\u0161tine Ulcinj - Lajme nga Ulqini","og_description":"Program povodom dana op\u0161tine Ulcinj 2.04.2009 11.00 Prijem vjerskih velikodostojnika u kabinetu predsjednika op\u0161tine. 18.00 Inauguracija tre?e faze javne","og_url":"https:\/\/www.visit-ulcinj.com\/blog\/2009\/03\/31\/program-povodom-dana-opstine-ulcinj\/","og_site_name":"Lajme nga Ulqini","article_published_time":"2009-03-31T16:57:12+00:00","article_modified_time":"2009-03-31T16:57:24+00:00","og_image":[{"url":"http:\/\/www.visit-ulcinj.com\/blog\/wp-content\/uploads\/2009\/03\/dan-opstine-ulcinj1.jpg"}],"twitter_misc":{"Written by":"ulqini","Est. reading time":"1 minute"},"schema":{"@context":"https:\/\/schema.org","@graph":[{"@type":"WebSite","@id":"https:\/\/www.visit-ulcinj.com\/blog\/#website","url":"https:\/\/www.visit-ulcinj.com\/blog\/","name":"Lajme nga Ulqini","description":"Lajme,Vijesti,Ulqini,Ulqin,Crna Gora,Mali i Zi","potentialAction":[{"@type":"SearchAction","target":{"@type":"EntryPoint","urlTemplate":"https:\/\/www.visit-ulcinj.com\/blog\/?s={search_term_string}"},"query-input":"required name=search_term_string"}],"inLanguage":"en-US"},{"@type":"ImageObject","inLanguage":"en-US","@id":"https:\/\/www.visit-ulcinj.com\/blog\/2009\/03\/31\/program-povodom-dana-opstine-ulcinj\/#primaryimage","url":"https:\/\/www.visit-ulcinj.com\/blog\/wp-content\/uploads\/2009\/03\/dan-opstine-ulcinj1.jpg","contentUrl":"https:\/\/www.visit-ulcinj.com\/blog\/wp-content\/uploads\/2009\/03\/dan-opstine-ulcinj1.jpg","width":"407","height":"175"},{"@type":"WebPage","@id":"https:\/\/www.visit-ulcinj.com\/blog\/2009\/03\/31\/program-povodom-dana-opstine-ulcinj\/#webpage","url":"https:\/\/www.visit-ulcinj.com\/blog\/2009\/03\/31\/program-povodom-dana-opstine-ulcinj\/","name":"Program povodom dana op\u0161tine Ulcinj - Lajme nga Ulqini","isPartOf":{"@id":"https:\/\/www.visit-ulcinj.com\/blog\/#website"},"primaryImageOfPage":{"@id":"https:\/\/www.visit-ulcinj.com\/blog\/2009\/03\/31\/program-povodom-dana-opstine-ulcinj\/#primaryimage"},"datePublished":"2009-03-31T16:57:12+00:00","dateModified":"2009-03-31T16:57:24+00:00","author":{"@id":"https:\/\/www.visit-ulcinj.com\/blog\/#\/schema\/person\/dcab619c614d3038751c63bc2aadc06d"},"description":"Program povodom dana op\u0161tine Ulcinj 2.04.2009 11.00 Prijem vjerskih velikodostojnika u kabinetu predsjednika op\u0161tine. 18.00 Inauguracija tre?e faze javne","breadcrumb":{"@id":"https:\/\/www.visit-ulcinj.com\/blog\/2009\/03\/31\/program-povodom-dana-opstine-ulcinj\/#breadcrumb"},"inLanguage":"en-US","potentialAction":[{"@type":"ReadAction","target":["https:\/\/www.visit-ulcinj.com\/blog\/2009\/03\/31\/program-povodom-dana-opstine-ulcinj\/"]}]},{"@type":"BreadcrumbList","@id":"https:\/\/www.visit-ulcinj.com\/blog\/2009\/03\/31\/program-povodom-dana-opstine-ulcinj\/#breadcrumb","itemListElement":[{"@type":"ListItem","position":1,"name":"Program povodom dana op\u0161tine Ulcinj"}]},{"@type":"Person","@id":"https:\/\/www.visit-ulcinj.com\/blog\/#\/schema\/person\/dcab619c614d3038751c63bc2aadc06d","name":"ulqini","sameAs":["http:\/\/www.visit-ulcinj.com"],"url":"https:\/\/www.visit-ulcinj.com\/blog\/author\/admin\/"}]}},"jetpack_featured_media_url":"","jetpack_sharing_enabled":true,"jetpack_shortlink":"https:\/\/wp.me\/pe6lTn-4eW","_links":{"self":[{"href":"https:\/\/www.visit-ulcinj.com\/blog\/wp-json\/wp\/v2\/posts\/16302"}],"collection":[{"href":"https:\/\/www.visit-ulcinj.com\/blog\/wp-json\/wp\/v2\/posts"}],"about":[{"href":"https:\/\/www.visit-ulcinj.com\/blog\/wp-json\/wp\/v2\/types\/post"}],"author":[{"embeddable":true,"href":"https:\/\/www.visit-ulcinj.com\/blog\/wp-json\/wp\/v2\/users\/1"}],"replies":[{"embeddable":true,"href":"https:\/\/www.visit-ulcinj.com\/blog\/wp-json\/wp\/v2\/comments?post=16302"}],"version-history":[{"count":0,"href":"https:\/\/www.visit-ulcinj.com\/blog\/wp-json\/wp\/v2\/posts\/16302\/revisions"}],"wp:attachment":[{"href":"https:\/\/www.visit-ulcinj.com\/blog\/wp-json\/wp\/v2\/media?parent=16302"}],"wp:term":[{"taxonomy":"category","embeddable":true,"href":"https:\/\/www.visit-ulcinj.com\/blog\/wp-json\/wp\/v2\/categories?post=16302"},{"taxonomy":"post_tag","embeddable":true,"href":"https:\/\/www.visit-ulcinj.com\/blog\/wp-json\/wp\/v2\/tags?post=16302"}],"curies":[{"name":"wp","href":"https:\/\/api.w.org\/{rel}","templated":true}]}}