{"id":16322,"date":"2009-03-31T19:32:27","date_gmt":"2009-03-31T18:32:27","guid":{"rendered":"http:\/\/www.visit-ulcinj.com\/blog\/?p=16322"},"modified":"2009-03-31T19:33:47","modified_gmt":"2009-03-31T18:33:47","slug":"flet-ish-i-dashuri-i-aides","status":"publish","type":"post","link":"https:\/\/www.visit-ulcinj.com\/blog\/2009\/03\/31\/flet-ish-i-dashuri-i-aides\/","title":{"rendered":"Flet, Ish-i dashuri i Aid\u00ebs"},"content":{"rendered":"<p><em><a href=\"http:\/\/www.visit-ulcinj.com\/blog\/wp-content\/uploads\/2009\/03\/aida-dhe-ish-i-dashuri-big-brother-albania.jpg\"><img loading=\"lazy\" class=\"alignleft size-full wp-image-16323\" title=\"aida-dhe-ish-i-dashuri-big-brother-albania-2\" src=\"http:\/\/www.visit-ulcinj.com\/blog\/wp-content\/uploads\/2009\/03\/aida-dhe-ish-i-dashuri-big-brother-albania.jpg\" alt=\"aida-dhe-ish-i-dashuri-big-brother-albania-2\" width=\"585\" height=\"500\" \/><\/a>Ish-i dashuri i Aid\u00ebs s\u00eb \u201cBB2\u201d tregon gjith\u00e7ka p\u00ebr lidhjen e tij t\u00eb dashuris\u00eb, p\u00ebr njohjen me t\u00eb ndjerin babin e Aid\u00ebs, p\u00ebr largimin e saj n\u00eb Itali, p\u00ebr tatuazhin e \u00e7uditsh\u00ebm n\u00eb trupin e saj dhe p\u00ebr motivet q\u00eb i larguan nga nj\u00ebri-tjetri. Ajo preferoi sht\u00ebpin\u00eb e nj\u00eb \u201creality shou\u201d, nd\u00ebrsa ai shkoi edhe m\u00eb tej, pik\u00ebrisht n\u00eb kontinentin e larg\u00ebt t\u00eb Amerik\u00ebs\u2026<\/em><\/p>\n<p>P\u00ebr her\u00eb t\u00eb par\u00eb rr\u00ebfehet ekskluzivisht p\u00ebr gazet\u00ebn \u201cKorrieri\u201d ish-i dashuri i nj\u00ebr\u00ebs prej protagonisteve kryesore t\u00eb edicionit t\u00eb dyt\u00eb t\u00eb \u201cBig Brother Albania\u201d. Endrit Masha, djaloshi simpatik q\u00eb aktualisht po kryen nj\u00eb specializim ne Florida t\u00eb Shteteve t\u00eb Bashkuara t\u00eb Amerik\u00ebs, tregon p\u00ebr marr\u00ebdh\u00ebnien e tij me Aid\u00ebn.<br \/>\nNj\u00eb dashuri e bukur q\u00eb nisi mes njohjeve dhe shoq\u00ebris\u00eb s\u00eb p\u00ebrbashk\u00ebt, lidhja kat\u00ebrvje\u00e7are e tyre, t\u00eb papriturat, surprizat, \u00e7menduria q\u00eb ajo ka b\u00ebr\u00eb n\u00eb em\u00ebr t\u00eb dashuris\u00eb dhe arsyet e ndarjes s\u00eb tyre. Endriti ka pranuar m\u00eb n\u00eb fund t\u00eb hap\u00eb zemr\u00ebn p\u00ebr gjith\u00eb lexuesit e gazet\u00ebs dhe fansat e Aid\u00ebs, ashtu si\u00e7 e pranoi<br \/>\nsi pjes\u00eb t\u00eb tij\u00ebn n\u00eb nj\u00eb lidhje t\u00eb paharrueshme q\u00eb zgjati jo pak, por plot kat\u00ebr vjet.<br \/>\n<strong>-Endrit, jemi kurioz\u00eb t\u00eb dim\u00eb sesi e ke njohur ti Aid\u00ebn p\u00ebrpara se t\u00eb lidheshe me t\u00eb?<\/strong><br \/>\n\u201cMe Aid\u00ebn jam njohur n\u00eb nj\u00eb ambient shoq\u00ebror, gati 10 vjet m\u00eb par\u00eb, teksa dilnim dhe frekuentonim lokalet e t\u00eb ashtuquajtur\u00ebs zon\u00eb e Bllokut. Kishim shoq\u00ebri t\u00eb p\u00ebrbashk\u00ebt, t\u00eb cil\u00ebt sot e k\u00ebsaj dite jan\u00eb miqt\u00eb tan\u00eb m\u00eb t\u00eb mir\u00eb\u201d.<br \/>\n<strong>-\u00c7far\u00eb t\u00eb ka p\u00eblqyer tek ajo dhe \u00e7far\u00eb tipi \u00ebsht\u00eb Aida?<\/strong><br \/>\n\u201cM\u00eb ka p\u00eblqyer dhe vazhdon t\u00eb m\u00eb p\u00eblqej\u00eb tipi i saj i hedhur dhe tep\u00ebr i \u00e7ilt\u00ebr. Aida \u00ebsht\u00eb nj\u00eb vajz\u00eb shum\u00eb<br \/>\nenergjike dhe impulsive n\u00eb disa raste. Nuk p\u00eblqen njer\u00ebzit q\u00eb aktrojn\u00eb n\u00eb jet\u00ebn reale dhe nuk paragjykon ask\u00ebnd\u201d.<br \/>\n<strong>-Sa zgjati lidhja juaj dhe si mund ta p\u00ebrshkruani sot at\u00eb?<\/strong><br \/>\n\u201cLidhja jon\u00eb zgjati rreth 4 vjet. Nj\u00eb histori plot surpriza dhe shum\u00eb p\u00ebr t\u2019i dhuruar nj\u00ebri-tjetrit\u201d.<br \/>\n<strong>-Si \u00e7do lidhje dashurie, edhe ju besoj keni pasur ato uljet e ngritjet tuaja. P\u00ebr \u00e7far\u00eb ziheshit m\u00eb shum\u00eb me nj\u00ebri-tjetrin, p\u00ebr \u00e7far\u00eb konfliktoheshit?<\/strong><br \/>\n\u201cJo dhe aq, por n\u00eb ato t\u00eb pakta raste q\u00eb kishte grindje, si \u00e7do \u00e7ift gjenim gjuh\u00ebn e p\u00ebrbashk\u00ebt shum\u00eb shpejt, me an\u00eb t\u00eb mir\u00ebkuptimit\u201d.<br \/>\n<strong>-Arsyeja p\u00ebr t\u00eb cil\u00ebn jeni ndar\u00eb?<\/strong><br \/>\n\u201cDo t\u00eb thosha q\u00eb m\u00eb shum\u00eb \u00ebsht\u00eb nj\u00eb pauz\u00eb mes nesh. P\u00ebr momentin vrapojm\u00eb n\u00eb dy rrug\u00eb t\u00eb ndryshme,<br \/>\nq\u00eb nuk mund t\u00eb kryq\u00ebzohen. Prioriteti jon\u00eb \u00ebsht\u00eb karriera, q\u00eb e b\u00ebn t\u00eb pamundur lidhjen ton\u00eb fal\u00eb larg\u00ebsis\u00eb. Nj\u00eb kryq\u00ebzim n\u00eb t\u00eb till\u00eb situat\u00eb, do t\u00eb ishte nj\u00eb penges\u00eb p\u00ebr prioritetet q\u00eb un\u00eb dhe Aida ndajm\u00eb\u201d.<br \/>\n<strong>-Ju e dinit p\u00ebrpara se t\u00eb lidheshit, se Aid\u00ebs i kishin vdekur t\u00eb dy prind\u00ebrit. A fliste ajo me ty p\u00ebr k\u00ebt\u00eb gj\u00eb dhe si je p\u00ebrpjekur p\u00ebr ta ndihmuar?<\/strong><span id=\"more-1600\"><br \/>\n<\/span><br \/>\n\u201cUn\u00eb kam arritur t\u00eb njoh babin e saj. Aid\u00ebn e kam ndihmuar moralisht dhe shpirt\u00ebrisht, q\u00eb t\u00eb zgjidhte rrug\u00ebn m\u00eb t\u00eb mir\u00eb p\u00ebr t\u00eb hedhur pas krah\u00ebsh nj\u00eb histori t\u00eb dhimbshme dhe t\u00eb nd\u00ebrtonte nj\u00eb jet\u00eb t\u00eb saj\u00ebn, duke filluar nga e para\u201d.<br \/>\n<strong>-Aida duket tip i lezetsh\u00ebm nga ekrani, n\u00eb nj\u00ebfar\u00eb m\u00ebnyre nj\u00eb fem\u00ebr q\u00eb nuk e vret mendjen p\u00ebr opinionin e t\u00eb tjer\u00ebve, apo jo?<\/strong><br \/>\n\u201cMendoj se Aida nuk e vret mendjen p\u00ebr opinionin, por ka nd\u00ebrtuar nj\u00eb jet\u00eb t\u00eb saj\u00ebn, t\u00eb cil\u00ebn do ta shijoj\u00eb n\u00eb at\u00eb form\u00eb apo m\u00ebnyr\u00eb q\u00eb asaj i p\u00eblqen. Nuk besoj se ndikohet nga gjykimet e njer\u00ebzve, qofshin pozitive apo negative\u201d.<br \/>\n<strong>-Ju jetoni n\u00eb Shqip\u00ebri apo gjetk\u00eb?<\/strong><\/p>\n<p>\u201cP\u00ebr momentin jam me studime dhe po b\u00ebj nj\u00eb specializim n\u00eb Florida t\u00eb Shteteve t\u00eb Bashkuara t\u00eb Amerik\u00ebs\u201d.<br \/>\n<strong>-Aida ka treguar q\u00eb ka kaluar n\u00eb Itali nj\u00eb periudh\u00eb t\u00eb jet\u00ebs s\u00eb saj. Keni qen\u00eb bashk\u00eb gjat\u00eb k\u00ebsaj kohe, apo m\u00eb pas jeni njohur?<\/strong><br \/>\n\u201cB\u00ebhet fjal\u00eb p\u00ebr vitet \u201895-\u201896. Ne jemi njohur, pasi ajo \u00ebsht\u00eb kthyer nga Italia\u201d.<br \/>\n<strong>-T\u00eb ka folur ajo p\u00ebr k\u00ebt\u00eb pjes\u00eb t\u00eb jet\u00ebs s\u00eb saj, p\u00ebr \u00e7far\u00eb motivesh shkoi n\u00eb Itali?<\/strong><br \/>\n\u201cKam m\u00ebsuar q\u00eb ka qen\u00eb d\u00ebshira e babait t\u00eb Aid\u00ebs p\u00ebr t\u00eb vazhduar studimet n\u00eb Itali, por ka qen\u00eb Aida q\u00eb nuk ka preferuar t\u00eb q\u00ebndroj\u00eb larg t\u00eb atit, pasi ajo ka qen\u00eb tej mase e lidhur pas tij\u201d.<br \/>\n<strong>-\u00cbsht\u00eb tip i shoq\u00ebruesh\u00ebm Aida? A ka shok\u00eb e shoqe?<\/strong><br \/>\n\u201cMjaft e shoq\u00ebrueshme dhe ka nj\u00eb shoq\u00ebri shum\u00eb t\u00eb zgjeruar\u201d.<br \/>\n<strong>-Gj\u00ebja m\u00eb e \u00e7mendur q\u00eb ajo ka b\u00ebr\u00eb p\u00ebr ty n\u00eb koh\u00ebn kur ishit t\u00eb dashuruar?<\/strong><br \/>\n\u201cNj\u00eb tatuazh besnik\u00ebrie\u201d.<br \/>\n<strong>-Si e more vesh q\u00eb ajo hyri n\u00eb \u201cBig Brother 2\u201d dhe si e prite k\u00ebt\u00eb vendim?<\/strong><br \/>\n\u201cKam qen\u00eb n\u00eb Tiran\u00eb kur ajo vendosi p\u00ebr t\u00eb marr\u00eb pjes\u00eb n\u00eb \u201cBB2\u201d. P\u00ebr mua \u00ebsht\u00eb m\u00eb se normale t\u00eb marr\u00ebsh pjes\u00eb n\u00eb nj\u00eb \u201creality show\u201d dhe nuk jam penduar n\u00eb asnj\u00eb moment p\u00ebr vendimin e Aid\u00ebs\u201d.<br \/>\n<strong>-Sipas teje, me aq sa ti e ke njohur dhe ke q\u00ebndruar me t\u00eb, a \u00ebsht\u00eb ajo q\u00eb shohim nga ekrani Aida e v\u00ebrtet\u00eb?<\/strong><br \/>\n\u201cMos t\u00eb harrojm\u00eb q\u00eb \u201cBB\u201d \u00ebsht\u00eb nj\u00eb loj\u00eb dhe \u00e7do loj\u00eb apo reality show ka nj\u00eb skenar. N\u00eb momentin q\u00eb t\u00eb jepet, ti b\u00ebhesh aktor. Deri diku Aid\u00ebn e shoh shum\u00eb af\u00ebr Aid\u00ebs s\u00eb v\u00ebrtet\u00eb dhe mendoj se ka qen\u00eb vetvetja. Ajo nuk p\u00eblqen loj\u00ebn e disa banor\u00ebve dhe karakterin e disa t\u00eb tjer\u00ebve. K\u00ebt\u00eb besoj se e kan\u00eb kuptuar t\u00eb gjith\u00eb dhe q\u00ebndrimi i saj ka qen\u00eb i hapur kundrejt \u00e7do banori t\u00eb sht\u00ebpis\u00eb\u201d.<br \/>\n<strong>-Sipas teje, cila \u00ebsht\u00eb strategjia q\u00eb ajo po p\u00ebrdor aty brenda?<\/strong><br \/>\n\u201cP\u00ebr mendimin tim, Aida nuk po luan me strategji, por me letra t\u00eb hapura\u201d.<br \/>\n<strong>-Duket sikur ajo ka nj\u00eb far\u00eb afrimiteti ndaj Dritanit, por duke e ditur q\u00eb ai \u00ebsht\u00eb besnik i t\u00eb fejuar\u00ebs s\u00eb tij, ajo shpeshher\u00eb largohet prej tij. Mund t\u00eb ket\u00eb di\u00e7ka mes tyre dhe a \u00ebsht\u00eb Aida tip q\u00eb futet n\u00eb mes t\u00eb nj\u00eb lidhjeje, n\u00ebse ajo ndjen di\u00e7ka p\u00ebr nj\u00eb mashkull?<\/strong><br \/>\n\u201cAida e respekton dhe adhuron lidhjen e Dritanit. Ajo ka njohur nj\u00eb djal\u00eb shum\u00eb serioz dhe tep\u00ebr besnik. Mendoj se Dritani ka fituar nj\u00eb respekt t\u00eb madh kundrejt Aid\u00ebs. Mes tyre ekziston nj\u00eb shoq\u00ebri shum\u00eb e past\u00ebr dhe e bukur. Aida nuk do t\u00eb futej kurr\u00eb n\u00eb mes t\u00eb nj\u00eb lidhjeje, pasi \u00ebsht\u00eb nj\u00eb vajz\u00eb q\u00eb i ruan me shum\u00eb fanatiz\u00ebm kufijt\u00eb e respektit ndaj vetvetes\u201d.<br \/>\n<strong>-N\u00ebse do t\u00eb jepej mund\u00ebsia ti komunikoje di\u00e7ka Aid\u00ebs aty brenda, \u00e7far\u00eb do t\u2019i thoshe?<\/strong><br \/>\n\u201cTi je nj\u00eb shk\u00ebmb (You Rock)\u201d.<\/p>\n<p><em>Burimi. Korrieri Suplement<\/em><\/p>\n","protected":false},"excerpt":{"rendered":"<p>Ish-i dashuri i Aid\u00ebs s\u00eb \u201cBB2\u201d tregon gjith\u00e7ka p\u00ebr lidhjen e tij t\u00eb dashuris\u00eb, p\u00ebr njohjen me t\u00eb ndjerin babin e Aid\u00ebs, p\u00ebr largimin e saj n\u00eb Itali, p\u00ebr tatuazhin e \u00e7uditsh\u00ebm n\u00eb trupin e saj dhe p\u00ebr motivet q\u00eb i larguan nga nj\u00ebri-tjetri. Ajo preferoi sht\u00ebpin\u00eb e nj\u00eb \u201creality shou\u201d, nd\u00ebrsa ai shkoi edhe [&hellip;]<\/p>\n","protected":false},"author":1,"featured_media":0,"comment_status":"open","ping_status":"closed","sticky":false,"template":"","format":"standard","meta":{"spay_email":"","jetpack_publicize_message":"","jetpack_is_tweetstorm":false,"jetpack_publicize_feature_enabled":true},"categories":[6502],"tags":[6537,8660,5057,6506,6516,6712,7129,6522,8659,8658,8657,8031,8661,6544,6891,6693,6887],"jetpack_publicize_connections":[],"yoast_head":"<!-- This site is optimized with the Yoast SEO plugin v19.1 - https:\/\/yoast.com\/wordpress\/plugins\/seo\/ -->\n<title>Flet, Ish-i dashuri i Aid\u00c3\u00abs - Big Brother Albania 2<\/title>\n<meta name=\"description\" content=\"Big Brother Albania 2 - Ish-i dashuri i Aid\u00c3\u00abs s\u00c3\u00ab \u00e2\u20ac\u0153BB2\u00e2\u20ac\u009d tregon gjith\u00c3\u00a7ka p\u00c3\u00abr lidhjen e tij t\u00c3\u00ab dashuris\u00c3\u00ab, p\u00c3\u00abr njohjen me t\u00c3\u00ab ndjerin babin e Aid\u00c3\u00abs, p\u00c3\u00abr largimin e saj n\u00c3\u00ab Itali, p\u00c3\u00abr tatuazhin e \u00c3\u00a7uditsh\u00c3\u00abm n\u00c3\u00ab trupin e saj dhe p\u00c3\u00abr motivet q\u00c3\u00ab i larguan nga nj\u00c3\u00abri-tjetri. Ajo preferoi sht\u00c3\u00abpin\u00c3\u00ab e nj\u00c3\u00ab \u00e2\u20ac\u0153reality shou\u00e2\u20ac\u009d, nd\u00c3\u00abrsa ai shkoi edhe m\u00c3\u00ab tej, pik\u00c3\u00abrisht n\u00c3\u00ab kontinentin e larg\u00c3\u00abt t\u00c3\u00ab Amerik\u00c3\u00abs\u00e2\u20ac\u00a6\" \/>\n<meta name=\"robots\" content=\"index, follow, max-snippet:-1, max-image-preview:large, max-video-preview:-1\" \/>\n<link rel=\"canonical\" href=\"https:\/\/www.visit-ulcinj.com\/blog\/2009\/03\/31\/flet-ish-i-dashuri-i-aides\/\" \/>\n<meta property=\"og:locale\" content=\"en_US\" \/>\n<meta property=\"og:type\" content=\"article\" \/>\n<meta property=\"og:title\" content=\"Flet, Ish-i dashuri i Aid\u00c3\u00abs - Big Brother Albania 2\" \/>\n<meta property=\"og:description\" content=\"Big Brother Albania 2 - Ish-i dashuri i Aid\u00c3\u00abs s\u00c3\u00ab \u00e2\u20ac\u0153BB2\u00e2\u20ac\u009d tregon gjith\u00c3\u00a7ka p\u00c3\u00abr lidhjen e tij t\u00c3\u00ab dashuris\u00c3\u00ab, p\u00c3\u00abr njohjen me t\u00c3\u00ab ndjerin babin e Aid\u00c3\u00abs, p\u00c3\u00abr largimin e saj n\u00c3\u00ab Itali, p\u00c3\u00abr tatuazhin e \u00c3\u00a7uditsh\u00c3\u00abm n\u00c3\u00ab trupin e saj dhe p\u00c3\u00abr motivet q\u00c3\u00ab i larguan nga nj\u00c3\u00abri-tjetri. Ajo preferoi sht\u00c3\u00abpin\u00c3\u00ab e nj\u00c3\u00ab \u00e2\u20ac\u0153reality shou\u00e2\u20ac\u009d, nd\u00c3\u00abrsa ai shkoi edhe m\u00c3\u00ab tej, pik\u00c3\u00abrisht n\u00c3\u00ab kontinentin e larg\u00c3\u00abt t\u00c3\u00ab Amerik\u00c3\u00abs\u00e2\u20ac\u00a6\" \/>\n<meta property=\"og:url\" content=\"https:\/\/www.visit-ulcinj.com\/blog\/2009\/03\/31\/flet-ish-i-dashuri-i-aides\/\" \/>\n<meta property=\"og:site_name\" content=\"Lajme nga Ulqini\" \/>\n<meta property=\"article:published_time\" content=\"2009-03-31T18:32:27+00:00\" \/>\n<meta property=\"article:modified_time\" content=\"2009-03-31T18:33:47+00:00\" \/>\n<meta property=\"og:image\" content=\"http:\/\/www.visit-ulcinj.com\/blog\/wp-content\/uploads\/2009\/03\/aida-dhe-ish-i-dashuri-big-brother-albania.jpg\" \/>\n<meta name=\"twitter:label1\" content=\"Written by\" \/>\n\t<meta name=\"twitter:data1\" content=\"ulqini\" \/>\n\t<meta name=\"twitter:label2\" content=\"Est. reading time\" \/>\n\t<meta name=\"twitter:data2\" content=\"6 minutes\" \/>\n<script type=\"application\/ld+json\" class=\"yoast-schema-graph\">{\"@context\":\"https:\/\/schema.org\",\"@graph\":[{\"@type\":\"WebSite\",\"@id\":\"https:\/\/www.visit-ulcinj.com\/blog\/#website\",\"url\":\"https:\/\/www.visit-ulcinj.com\/blog\/\",\"name\":\"Lajme nga Ulqini\",\"description\":\"Lajme,Vijesti,Ulqini,Ulqin,Crna Gora,Mali i Zi\",\"potentialAction\":[{\"@type\":\"SearchAction\",\"target\":{\"@type\":\"EntryPoint\",\"urlTemplate\":\"https:\/\/www.visit-ulcinj.com\/blog\/?s={search_term_string}\"},\"query-input\":\"required name=search_term_string\"}],\"inLanguage\":\"en-US\"},{\"@type\":\"ImageObject\",\"inLanguage\":\"en-US\",\"@id\":\"https:\/\/www.visit-ulcinj.com\/blog\/2009\/03\/31\/flet-ish-i-dashuri-i-aides\/#primaryimage\",\"url\":\"http:\/\/www.visit-ulcinj.com\/blog\/wp-content\/uploads\/2009\/03\/aida-dhe-ish-i-dashuri-big-brother-albania.jpg\",\"contentUrl\":\"http:\/\/www.visit-ulcinj.com\/blog\/wp-content\/uploads\/2009\/03\/aida-dhe-ish-i-dashuri-big-brother-albania.jpg\"},{\"@type\":\"WebPage\",\"@id\":\"https:\/\/www.visit-ulcinj.com\/blog\/2009\/03\/31\/flet-ish-i-dashuri-i-aides\/#webpage\",\"url\":\"https:\/\/www.visit-ulcinj.com\/blog\/2009\/03\/31\/flet-ish-i-dashuri-i-aides\/\",\"name\":\"Flet, Ish-i dashuri i Aid\u00c3\u00abs - Big Brother Albania 2\",\"isPartOf\":{\"@id\":\"https:\/\/www.visit-ulcinj.com\/blog\/#website\"},\"primaryImageOfPage\":{\"@id\":\"https:\/\/www.visit-ulcinj.com\/blog\/2009\/03\/31\/flet-ish-i-dashuri-i-aides\/#primaryimage\"},\"datePublished\":\"2009-03-31T18:32:27+00:00\",\"dateModified\":\"2009-03-31T18:33:47+00:00\",\"author\":{\"@id\":\"https:\/\/www.visit-ulcinj.com\/blog\/#\/schema\/person\/dcab619c614d3038751c63bc2aadc06d\"},\"description\":\"Big Brother Albania 2 - Ish-i dashuri i Aid\u00c3\u00abs s\u00c3\u00ab \u00e2\u20ac\u0153BB2\u00e2\u20ac\u009d tregon gjith\u00c3\u00a7ka p\u00c3\u00abr lidhjen e tij t\u00c3\u00ab dashuris\u00c3\u00ab, p\u00c3\u00abr njohjen me t\u00c3\u00ab ndjerin babin e Aid\u00c3\u00abs, p\u00c3\u00abr largimin e saj n\u00c3\u00ab Itali, p\u00c3\u00abr tatuazhin e \u00c3\u00a7uditsh\u00c3\u00abm n\u00c3\u00ab trupin e saj dhe p\u00c3\u00abr motivet q\u00c3\u00ab i larguan nga nj\u00c3\u00abri-tjetri. Ajo preferoi sht\u00c3\u00abpin\u00c3\u00ab e nj\u00c3\u00ab \u00e2\u20ac\u0153reality shou\u00e2\u20ac\u009d, nd\u00c3\u00abrsa ai shkoi edhe m\u00c3\u00ab tej, pik\u00c3\u00abrisht n\u00c3\u00ab kontinentin e larg\u00c3\u00abt t\u00c3\u00ab Amerik\u00c3\u00abs\u00e2\u20ac\u00a6\",\"breadcrumb\":{\"@id\":\"https:\/\/www.visit-ulcinj.com\/blog\/2009\/03\/31\/flet-ish-i-dashuri-i-aides\/#breadcrumb\"},\"inLanguage\":\"en-US\",\"potentialAction\":[{\"@type\":\"ReadAction\",\"target\":[\"https:\/\/www.visit-ulcinj.com\/blog\/2009\/03\/31\/flet-ish-i-dashuri-i-aides\/\"]}]},{\"@type\":\"BreadcrumbList\",\"@id\":\"https:\/\/www.visit-ulcinj.com\/blog\/2009\/03\/31\/flet-ish-i-dashuri-i-aides\/#breadcrumb\",\"itemListElement\":[{\"@type\":\"ListItem\",\"position\":1,\"name\":\"Flet, Ish-i dashuri i Aid\u00ebs\"}]},{\"@type\":\"Person\",\"@id\":\"https:\/\/www.visit-ulcinj.com\/blog\/#\/schema\/person\/dcab619c614d3038751c63bc2aadc06d\",\"name\":\"ulqini\",\"sameAs\":[\"http:\/\/www.visit-ulcinj.com\"],\"url\":\"https:\/\/www.visit-ulcinj.com\/blog\/author\/admin\/\"}]}<\/script>\n<!-- \/ Yoast SEO plugin. -->","yoast_head_json":{"title":"Flet, Ish-i dashuri i Aid\u00c3\u00abs - Big Brother Albania 2","description":"Big Brother Albania 2 - Ish-i dashuri i Aid\u00c3\u00abs s\u00c3\u00ab \u00e2\u20ac\u0153BB2\u00e2\u20ac\u009d tregon gjith\u00c3\u00a7ka p\u00c3\u00abr lidhjen e tij t\u00c3\u00ab dashuris\u00c3\u00ab, p\u00c3\u00abr njohjen me t\u00c3\u00ab ndjerin babin e Aid\u00c3\u00abs, p\u00c3\u00abr largimin e saj n\u00c3\u00ab Itali, p\u00c3\u00abr tatuazhin e \u00c3\u00a7uditsh\u00c3\u00abm n\u00c3\u00ab trupin e saj dhe p\u00c3\u00abr motivet q\u00c3\u00ab i larguan nga nj\u00c3\u00abri-tjetri. Ajo preferoi sht\u00c3\u00abpin\u00c3\u00ab e nj\u00c3\u00ab \u00e2\u20ac\u0153reality shou\u00e2\u20ac\u009d, nd\u00c3\u00abrsa ai shkoi edhe m\u00c3\u00ab tej, pik\u00c3\u00abrisht n\u00c3\u00ab kontinentin e larg\u00c3\u00abt t\u00c3\u00ab Amerik\u00c3\u00abs\u00e2\u20ac\u00a6","robots":{"index":"index","follow":"follow","max-snippet":"max-snippet:-1","max-image-preview":"max-image-preview:large","max-video-preview":"max-video-preview:-1"},"canonical":"https:\/\/www.visit-ulcinj.com\/blog\/2009\/03\/31\/flet-ish-i-dashuri-i-aides\/","og_locale":"en_US","og_type":"article","og_title":"Flet, Ish-i dashuri i Aid\u00c3\u00abs - Big Brother Albania 2","og_description":"Big Brother Albania 2 - Ish-i dashuri i Aid\u00c3\u00abs s\u00c3\u00ab \u00e2\u20ac\u0153BB2\u00e2\u20ac\u009d tregon gjith\u00c3\u00a7ka p\u00c3\u00abr lidhjen e tij t\u00c3\u00ab dashuris\u00c3\u00ab, p\u00c3\u00abr njohjen me t\u00c3\u00ab ndjerin babin e Aid\u00c3\u00abs, p\u00c3\u00abr largimin e saj n\u00c3\u00ab Itali, p\u00c3\u00abr tatuazhin e \u00c3\u00a7uditsh\u00c3\u00abm n\u00c3\u00ab trupin e saj dhe p\u00c3\u00abr motivet q\u00c3\u00ab i larguan nga nj\u00c3\u00abri-tjetri. Ajo preferoi sht\u00c3\u00abpin\u00c3\u00ab e nj\u00c3\u00ab \u00e2\u20ac\u0153reality shou\u00e2\u20ac\u009d, nd\u00c3\u00abrsa ai shkoi edhe m\u00c3\u00ab tej, pik\u00c3\u00abrisht n\u00c3\u00ab kontinentin e larg\u00c3\u00abt t\u00c3\u00ab Amerik\u00c3\u00abs\u00e2\u20ac\u00a6","og_url":"https:\/\/www.visit-ulcinj.com\/blog\/2009\/03\/31\/flet-ish-i-dashuri-i-aides\/","og_site_name":"Lajme nga Ulqini","article_published_time":"2009-03-31T18:32:27+00:00","article_modified_time":"2009-03-31T18:33:47+00:00","og_image":[{"url":"http:\/\/www.visit-ulcinj.com\/blog\/wp-content\/uploads\/2009\/03\/aida-dhe-ish-i-dashuri-big-brother-albania.jpg"}],"twitter_misc":{"Written by":"ulqini","Est. reading time":"6 minutes"},"schema":{"@context":"https:\/\/schema.org","@graph":[{"@type":"WebSite","@id":"https:\/\/www.visit-ulcinj.com\/blog\/#website","url":"https:\/\/www.visit-ulcinj.com\/blog\/","name":"Lajme nga Ulqini","description":"Lajme,Vijesti,Ulqini,Ulqin,Crna Gora,Mali i Zi","potentialAction":[{"@type":"SearchAction","target":{"@type":"EntryPoint","urlTemplate":"https:\/\/www.visit-ulcinj.com\/blog\/?s={search_term_string}"},"query-input":"required name=search_term_string"}],"inLanguage":"en-US"},{"@type":"ImageObject","inLanguage":"en-US","@id":"https:\/\/www.visit-ulcinj.com\/blog\/2009\/03\/31\/flet-ish-i-dashuri-i-aides\/#primaryimage","url":"http:\/\/www.visit-ulcinj.com\/blog\/wp-content\/uploads\/2009\/03\/aida-dhe-ish-i-dashuri-big-brother-albania.jpg","contentUrl":"http:\/\/www.visit-ulcinj.com\/blog\/wp-content\/uploads\/2009\/03\/aida-dhe-ish-i-dashuri-big-brother-albania.jpg"},{"@type":"WebPage","@id":"https:\/\/www.visit-ulcinj.com\/blog\/2009\/03\/31\/flet-ish-i-dashuri-i-aides\/#webpage","url":"https:\/\/www.visit-ulcinj.com\/blog\/2009\/03\/31\/flet-ish-i-dashuri-i-aides\/","name":"Flet, Ish-i dashuri i Aid\u00c3\u00abs - Big Brother Albania 2","isPartOf":{"@id":"https:\/\/www.visit-ulcinj.com\/blog\/#website"},"primaryImageOfPage":{"@id":"https:\/\/www.visit-ulcinj.com\/blog\/2009\/03\/31\/flet-ish-i-dashuri-i-aides\/#primaryimage"},"datePublished":"2009-03-31T18:32:27+00:00","dateModified":"2009-03-31T18:33:47+00:00","author":{"@id":"https:\/\/www.visit-ulcinj.com\/blog\/#\/schema\/person\/dcab619c614d3038751c63bc2aadc06d"},"description":"Big Brother Albania 2 - Ish-i dashuri i Aid\u00c3\u00abs s\u00c3\u00ab \u00e2\u20ac\u0153BB2\u00e2\u20ac\u009d tregon gjith\u00c3\u00a7ka p\u00c3\u00abr lidhjen e tij t\u00c3\u00ab dashuris\u00c3\u00ab, p\u00c3\u00abr njohjen me t\u00c3\u00ab ndjerin babin e Aid\u00c3\u00abs, p\u00c3\u00abr largimin e saj n\u00c3\u00ab Itali, p\u00c3\u00abr tatuazhin e \u00c3\u00a7uditsh\u00c3\u00abm n\u00c3\u00ab trupin e saj dhe p\u00c3\u00abr motivet q\u00c3\u00ab i larguan nga nj\u00c3\u00abri-tjetri. Ajo preferoi sht\u00c3\u00abpin\u00c3\u00ab e nj\u00c3\u00ab \u00e2\u20ac\u0153reality shou\u00e2\u20ac\u009d, nd\u00c3\u00abrsa ai shkoi edhe m\u00c3\u00ab tej, pik\u00c3\u00abrisht n\u00c3\u00ab kontinentin e larg\u00c3\u00abt t\u00c3\u00ab Amerik\u00c3\u00abs\u00e2\u20ac\u00a6","breadcrumb":{"@id":"https:\/\/www.visit-ulcinj.com\/blog\/2009\/03\/31\/flet-ish-i-dashuri-i-aides\/#breadcrumb"},"inLanguage":"en-US","potentialAction":[{"@type":"ReadAction","target":["https:\/\/www.visit-ulcinj.com\/blog\/2009\/03\/31\/flet-ish-i-dashuri-i-aides\/"]}]},{"@type":"BreadcrumbList","@id":"https:\/\/www.visit-ulcinj.com\/blog\/2009\/03\/31\/flet-ish-i-dashuri-i-aides\/#breadcrumb","itemListElement":[{"@type":"ListItem","position":1,"name":"Flet, Ish-i dashuri i Aid\u00ebs"}]},{"@type":"Person","@id":"https:\/\/www.visit-ulcinj.com\/blog\/#\/schema\/person\/dcab619c614d3038751c63bc2aadc06d","name":"ulqini","sameAs":["http:\/\/www.visit-ulcinj.com"],"url":"https:\/\/www.visit-ulcinj.com\/blog\/author\/admin\/"}]}},"jetpack_featured_media_url":"","jetpack_sharing_enabled":true,"jetpack_shortlink":"https:\/\/wp.me\/pe6lTn-4fg","_links":{"self":[{"href":"https:\/\/www.visit-ulcinj.com\/blog\/wp-json\/wp\/v2\/posts\/16322"}],"collection":[{"href":"https:\/\/www.visit-ulcinj.com\/blog\/wp-json\/wp\/v2\/posts"}],"about":[{"href":"https:\/\/www.visit-ulcinj.com\/blog\/wp-json\/wp\/v2\/types\/post"}],"author":[{"embeddable":true,"href":"https:\/\/www.visit-ulcinj.com\/blog\/wp-json\/wp\/v2\/users\/1"}],"replies":[{"embeddable":true,"href":"https:\/\/www.visit-ulcinj.com\/blog\/wp-json\/wp\/v2\/comments?post=16322"}],"version-history":[{"count":0,"href":"https:\/\/www.visit-ulcinj.com\/blog\/wp-json\/wp\/v2\/posts\/16322\/revisions"}],"wp:attachment":[{"href":"https:\/\/www.visit-ulcinj.com\/blog\/wp-json\/wp\/v2\/media?parent=16322"}],"wp:term":[{"taxonomy":"category","embeddable":true,"href":"https:\/\/www.visit-ulcinj.com\/blog\/wp-json\/wp\/v2\/categories?post=16322"},{"taxonomy":"post_tag","embeddable":true,"href":"https:\/\/www.visit-ulcinj.com\/blog\/wp-json\/wp\/v2\/tags?post=16322"}],"curies":[{"name":"wp","href":"https:\/\/api.w.org\/{rel}","templated":true}]}}