{"id":16336,"date":"2009-03-31T20:36:00","date_gmt":"2009-03-31T19:36:00","guid":{"rendered":"http:\/\/www.visit-ulcinj.com\/blog\/?p=16336"},"modified":"2009-03-31T20:36:00","modified_gmt":"2009-03-31T19:36:00","slug":"qetsori-dhe-arjoni-aida-ka-pak-gjera","status":"publish","type":"post","link":"https:\/\/www.visit-ulcinj.com\/blog\/2009\/03\/31\/qetsori-dhe-arjoni-aida-ka-pak-gjera\/","title":{"rendered":"Qetsori dhe Arjoni : Aida ka pak gj\u00ebra"},"content":{"rendered":"<p><em><span class=\"newsdate\"><a href=\"http:\/\/www.visit-ulcinj.com\/blog\/wp-content\/uploads\/2009\/03\/arjoni-sori-per-aiden.jpg\"><img loading=\"lazy\" class=\"alignleft size-full wp-image-16337\" title=\"arjoni-sori-per-aiden-big-brother-albania-2\" src=\"http:\/\/www.visit-ulcinj.com\/blog\/wp-content\/uploads\/2009\/03\/arjoni-sori-per-aiden.jpg\" alt=\"arjoni-sori-per-aiden-big-brother-albania-2\" width=\"300\" height=\"205\" \/><\/a>28\/03\/09 15:51<\/span><\/em><\/p>\n<p>Qetsori dhe Arjoni diskutojn\u00eb p\u00ebr Aid\u00ebn. Arjoni i thot\u00eb:-\u201cSa gj\u00ebra ka marr\u00eb Aida nga bota jasht\u00eb!\u201d Qetsori ia kthen:-\u201cAjo nuk ka asgj\u00eb jasht\u00eb. Ky \u00ebsht\u00eb realiteti i saj. Ka aq pak gj\u00ebra sa mund t`ja sjell\u00ebsh k\u00ebtu, dhe t`ia fus\u00ebsh n\u00eb nj\u00eb zarf.\u201d Ai shprehet se nuk ka d\u00ebshir\u00eb t\u00eb p\u00ebrjetoj\u00eb emocionet e Aid\u00ebs. Arjoni i thot\u00eb q\u00eb nuk do ta shikoj\u00eb nga pik\u00ebv\u00ebshtrimi i Qetsorit.<\/p>\n","protected":false},"excerpt":{"rendered":"<p>28\/03\/09 15:51 Qetsori dhe Arjoni diskutojn\u00eb p\u00ebr Aid\u00ebn. Arjoni i thot\u00eb:-\u201cSa gj\u00ebra ka marr\u00eb Aida nga bota jasht\u00eb!\u201d Qetsori ia kthen:-\u201cAjo nuk ka asgj\u00eb jasht\u00eb. Ky \u00ebsht\u00eb realiteti i saj. Ka aq pak gj\u00ebra sa mund t`ja sjell\u00ebsh k\u00ebtu, dhe t`ia fus\u00ebsh n\u00eb nj\u00eb zarf.\u201d Ai shprehet se nuk ka d\u00ebshir\u00eb t\u00eb p\u00ebrjetoj\u00eb emocionet e [&hellip;]<\/p>\n","protected":false},"author":1,"featured_media":0,"comment_status":"open","ping_status":"closed","sticky":false,"template":"","format":"standard","meta":{"spay_email":"","jetpack_publicize_message":"","jetpack_is_tweetstorm":false,"jetpack_publicize_feature_enabled":true},"categories":[6502],"tags":[6537,6525,5057,6506,6516,6712,7129,6522,6544,6900,6891,6693,6887],"jetpack_publicize_connections":[],"yoast_head":"<!-- This site is optimized with the Yoast SEO plugin v19.1 - https:\/\/yoast.com\/wordpress\/plugins\/seo\/ -->\n<title>Qetsori dhe Arjoni : Aida ka pak gj\u00c3\u00abra | Big Brother Albania 2<\/title>\n<meta name=\"description\" content=\"Big Brother Albania 2 - Qetsori dhe Arjoni diskutojn\u00c3\u00ab p\u00c3\u00abr Aid\u00c3\u00abn. Arjoni i thot\u00c3\u00ab:-\u00e2\u20ac\u0153Sa gj\u00c3\u00abra ka marr\u00c3\u00ab Aida nga bota jasht\u00c3\u00ab!\u00e2\u20ac\u009d Qetsori ia kthen:-\u00e2\u20ac\u0153Ajo nuk ka asgj\u00c3\u00ab jasht\u00c3\u00ab.\" \/>\n<meta name=\"robots\" content=\"index, follow, max-snippet:-1, max-image-preview:large, max-video-preview:-1\" \/>\n<link rel=\"canonical\" href=\"https:\/\/www.visit-ulcinj.com\/blog\/2009\/03\/31\/qetsori-dhe-arjoni-aida-ka-pak-gjera\/\" \/>\n<meta property=\"og:locale\" content=\"en_US\" \/>\n<meta property=\"og:type\" content=\"article\" \/>\n<meta property=\"og:title\" content=\"Qetsori dhe Arjoni : Aida ka pak gj\u00c3\u00abra | Big Brother Albania 2\" \/>\n<meta property=\"og:description\" content=\"Big Brother Albania 2 - Qetsori dhe Arjoni diskutojn\u00c3\u00ab p\u00c3\u00abr Aid\u00c3\u00abn. Arjoni i thot\u00c3\u00ab:-\u00e2\u20ac\u0153Sa gj\u00c3\u00abra ka marr\u00c3\u00ab Aida nga bota jasht\u00c3\u00ab!\u00e2\u20ac\u009d Qetsori ia kthen:-\u00e2\u20ac\u0153Ajo nuk ka asgj\u00c3\u00ab jasht\u00c3\u00ab.\" \/>\n<meta property=\"og:url\" content=\"https:\/\/www.visit-ulcinj.com\/blog\/2009\/03\/31\/qetsori-dhe-arjoni-aida-ka-pak-gjera\/\" \/>\n<meta property=\"og:site_name\" content=\"Lajme nga Ulqini\" \/>\n<meta property=\"article:published_time\" content=\"2009-03-31T19:36:00+00:00\" \/>\n<meta property=\"og:image\" content=\"http:\/\/www.visit-ulcinj.com\/blog\/wp-content\/uploads\/2009\/03\/arjoni-sori-per-aiden.jpg\" \/>\n<meta name=\"twitter:label1\" content=\"Written by\" \/>\n\t<meta name=\"twitter:data1\" content=\"ulqini\" \/>\n<script type=\"application\/ld+json\" class=\"yoast-schema-graph\">{\"@context\":\"https:\/\/schema.org\",\"@graph\":[{\"@type\":\"WebSite\",\"@id\":\"https:\/\/www.visit-ulcinj.com\/blog\/#website\",\"url\":\"https:\/\/www.visit-ulcinj.com\/blog\/\",\"name\":\"Lajme nga Ulqini\",\"description\":\"Lajme,Vijesti,Ulqini,Ulqin,Crna Gora,Mali i Zi\",\"potentialAction\":[{\"@type\":\"SearchAction\",\"target\":{\"@type\":\"EntryPoint\",\"urlTemplate\":\"https:\/\/www.visit-ulcinj.com\/blog\/?s={search_term_string}\"},\"query-input\":\"required name=search_term_string\"}],\"inLanguage\":\"en-US\"},{\"@type\":\"ImageObject\",\"inLanguage\":\"en-US\",\"@id\":\"https:\/\/www.visit-ulcinj.com\/blog\/2009\/03\/31\/qetsori-dhe-arjoni-aida-ka-pak-gjera\/#primaryimage\",\"url\":\"http:\/\/www.visit-ulcinj.com\/blog\/wp-content\/uploads\/2009\/03\/arjoni-sori-per-aiden.jpg\",\"contentUrl\":\"http:\/\/www.visit-ulcinj.com\/blog\/wp-content\/uploads\/2009\/03\/arjoni-sori-per-aiden.jpg\"},{\"@type\":\"WebPage\",\"@id\":\"https:\/\/www.visit-ulcinj.com\/blog\/2009\/03\/31\/qetsori-dhe-arjoni-aida-ka-pak-gjera\/#webpage\",\"url\":\"https:\/\/www.visit-ulcinj.com\/blog\/2009\/03\/31\/qetsori-dhe-arjoni-aida-ka-pak-gjera\/\",\"name\":\"Qetsori dhe Arjoni : Aida ka pak gj\u00c3\u00abra | Big Brother Albania 2\",\"isPartOf\":{\"@id\":\"https:\/\/www.visit-ulcinj.com\/blog\/#website\"},\"primaryImageOfPage\":{\"@id\":\"https:\/\/www.visit-ulcinj.com\/blog\/2009\/03\/31\/qetsori-dhe-arjoni-aida-ka-pak-gjera\/#primaryimage\"},\"datePublished\":\"2009-03-31T19:36:00+00:00\",\"dateModified\":\"2009-03-31T19:36:00+00:00\",\"author\":{\"@id\":\"https:\/\/www.visit-ulcinj.com\/blog\/#\/schema\/person\/dcab619c614d3038751c63bc2aadc06d\"},\"description\":\"Big Brother Albania 2 - Qetsori dhe Arjoni diskutojn\u00c3\u00ab p\u00c3\u00abr Aid\u00c3\u00abn. Arjoni i thot\u00c3\u00ab:-\u00e2\u20ac\u0153Sa gj\u00c3\u00abra ka marr\u00c3\u00ab Aida nga bota jasht\u00c3\u00ab!\u00e2\u20ac\u009d Qetsori ia kthen:-\u00e2\u20ac\u0153Ajo nuk ka asgj\u00c3\u00ab jasht\u00c3\u00ab.\",\"breadcrumb\":{\"@id\":\"https:\/\/www.visit-ulcinj.com\/blog\/2009\/03\/31\/qetsori-dhe-arjoni-aida-ka-pak-gjera\/#breadcrumb\"},\"inLanguage\":\"en-US\",\"potentialAction\":[{\"@type\":\"ReadAction\",\"target\":[\"https:\/\/www.visit-ulcinj.com\/blog\/2009\/03\/31\/qetsori-dhe-arjoni-aida-ka-pak-gjera\/\"]}]},{\"@type\":\"BreadcrumbList\",\"@id\":\"https:\/\/www.visit-ulcinj.com\/blog\/2009\/03\/31\/qetsori-dhe-arjoni-aida-ka-pak-gjera\/#breadcrumb\",\"itemListElement\":[{\"@type\":\"ListItem\",\"position\":1,\"name\":\"Qetsori dhe Arjoni : Aida ka pak gj\u00ebra\"}]},{\"@type\":\"Person\",\"@id\":\"https:\/\/www.visit-ulcinj.com\/blog\/#\/schema\/person\/dcab619c614d3038751c63bc2aadc06d\",\"name\":\"ulqini\",\"sameAs\":[\"http:\/\/www.visit-ulcinj.com\"],\"url\":\"https:\/\/www.visit-ulcinj.com\/blog\/author\/admin\/\"}]}<\/script>\n<!-- \/ Yoast SEO plugin. -->","yoast_head_json":{"title":"Qetsori dhe Arjoni : Aida ka pak gj\u00c3\u00abra | Big Brother Albania 2","description":"Big Brother Albania 2 - Qetsori dhe Arjoni diskutojn\u00c3\u00ab p\u00c3\u00abr Aid\u00c3\u00abn. Arjoni i thot\u00c3\u00ab:-\u00e2\u20ac\u0153Sa gj\u00c3\u00abra ka marr\u00c3\u00ab Aida nga bota jasht\u00c3\u00ab!\u00e2\u20ac\u009d Qetsori ia kthen:-\u00e2\u20ac\u0153Ajo nuk ka asgj\u00c3\u00ab jasht\u00c3\u00ab.","robots":{"index":"index","follow":"follow","max-snippet":"max-snippet:-1","max-image-preview":"max-image-preview:large","max-video-preview":"max-video-preview:-1"},"canonical":"https:\/\/www.visit-ulcinj.com\/blog\/2009\/03\/31\/qetsori-dhe-arjoni-aida-ka-pak-gjera\/","og_locale":"en_US","og_type":"article","og_title":"Qetsori dhe Arjoni : Aida ka pak gj\u00c3\u00abra | Big Brother Albania 2","og_description":"Big Brother Albania 2 - Qetsori dhe Arjoni diskutojn\u00c3\u00ab p\u00c3\u00abr Aid\u00c3\u00abn. Arjoni i thot\u00c3\u00ab:-\u00e2\u20ac\u0153Sa gj\u00c3\u00abra ka marr\u00c3\u00ab Aida nga bota jasht\u00c3\u00ab!\u00e2\u20ac\u009d Qetsori ia kthen:-\u00e2\u20ac\u0153Ajo nuk ka asgj\u00c3\u00ab jasht\u00c3\u00ab.","og_url":"https:\/\/www.visit-ulcinj.com\/blog\/2009\/03\/31\/qetsori-dhe-arjoni-aida-ka-pak-gjera\/","og_site_name":"Lajme nga Ulqini","article_published_time":"2009-03-31T19:36:00+00:00","og_image":[{"url":"http:\/\/www.visit-ulcinj.com\/blog\/wp-content\/uploads\/2009\/03\/arjoni-sori-per-aiden.jpg"}],"twitter_misc":{"Written by":"ulqini"},"schema":{"@context":"https:\/\/schema.org","@graph":[{"@type":"WebSite","@id":"https:\/\/www.visit-ulcinj.com\/blog\/#website","url":"https:\/\/www.visit-ulcinj.com\/blog\/","name":"Lajme nga Ulqini","description":"Lajme,Vijesti,Ulqini,Ulqin,Crna Gora,Mali i Zi","potentialAction":[{"@type":"SearchAction","target":{"@type":"EntryPoint","urlTemplate":"https:\/\/www.visit-ulcinj.com\/blog\/?s={search_term_string}"},"query-input":"required name=search_term_string"}],"inLanguage":"en-US"},{"@type":"ImageObject","inLanguage":"en-US","@id":"https:\/\/www.visit-ulcinj.com\/blog\/2009\/03\/31\/qetsori-dhe-arjoni-aida-ka-pak-gjera\/#primaryimage","url":"http:\/\/www.visit-ulcinj.com\/blog\/wp-content\/uploads\/2009\/03\/arjoni-sori-per-aiden.jpg","contentUrl":"http:\/\/www.visit-ulcinj.com\/blog\/wp-content\/uploads\/2009\/03\/arjoni-sori-per-aiden.jpg"},{"@type":"WebPage","@id":"https:\/\/www.visit-ulcinj.com\/blog\/2009\/03\/31\/qetsori-dhe-arjoni-aida-ka-pak-gjera\/#webpage","url":"https:\/\/www.visit-ulcinj.com\/blog\/2009\/03\/31\/qetsori-dhe-arjoni-aida-ka-pak-gjera\/","name":"Qetsori dhe Arjoni : Aida ka pak gj\u00c3\u00abra | Big Brother Albania 2","isPartOf":{"@id":"https:\/\/www.visit-ulcinj.com\/blog\/#website"},"primaryImageOfPage":{"@id":"https:\/\/www.visit-ulcinj.com\/blog\/2009\/03\/31\/qetsori-dhe-arjoni-aida-ka-pak-gjera\/#primaryimage"},"datePublished":"2009-03-31T19:36:00+00:00","dateModified":"2009-03-31T19:36:00+00:00","author":{"@id":"https:\/\/www.visit-ulcinj.com\/blog\/#\/schema\/person\/dcab619c614d3038751c63bc2aadc06d"},"description":"Big Brother Albania 2 - Qetsori dhe Arjoni diskutojn\u00c3\u00ab p\u00c3\u00abr Aid\u00c3\u00abn. Arjoni i thot\u00c3\u00ab:-\u00e2\u20ac\u0153Sa gj\u00c3\u00abra ka marr\u00c3\u00ab Aida nga bota jasht\u00c3\u00ab!\u00e2\u20ac\u009d Qetsori ia kthen:-\u00e2\u20ac\u0153Ajo nuk ka asgj\u00c3\u00ab jasht\u00c3\u00ab.","breadcrumb":{"@id":"https:\/\/www.visit-ulcinj.com\/blog\/2009\/03\/31\/qetsori-dhe-arjoni-aida-ka-pak-gjera\/#breadcrumb"},"inLanguage":"en-US","potentialAction":[{"@type":"ReadAction","target":["https:\/\/www.visit-ulcinj.com\/blog\/2009\/03\/31\/qetsori-dhe-arjoni-aida-ka-pak-gjera\/"]}]},{"@type":"BreadcrumbList","@id":"https:\/\/www.visit-ulcinj.com\/blog\/2009\/03\/31\/qetsori-dhe-arjoni-aida-ka-pak-gjera\/#breadcrumb","itemListElement":[{"@type":"ListItem","position":1,"name":"Qetsori dhe Arjoni : Aida ka pak gj\u00ebra"}]},{"@type":"Person","@id":"https:\/\/www.visit-ulcinj.com\/blog\/#\/schema\/person\/dcab619c614d3038751c63bc2aadc06d","name":"ulqini","sameAs":["http:\/\/www.visit-ulcinj.com"],"url":"https:\/\/www.visit-ulcinj.com\/blog\/author\/admin\/"}]}},"jetpack_featured_media_url":"","jetpack_sharing_enabled":true,"jetpack_shortlink":"https:\/\/wp.me\/pe6lTn-4fu","_links":{"self":[{"href":"https:\/\/www.visit-ulcinj.com\/blog\/wp-json\/wp\/v2\/posts\/16336"}],"collection":[{"href":"https:\/\/www.visit-ulcinj.com\/blog\/wp-json\/wp\/v2\/posts"}],"about":[{"href":"https:\/\/www.visit-ulcinj.com\/blog\/wp-json\/wp\/v2\/types\/post"}],"author":[{"embeddable":true,"href":"https:\/\/www.visit-ulcinj.com\/blog\/wp-json\/wp\/v2\/users\/1"}],"replies":[{"embeddable":true,"href":"https:\/\/www.visit-ulcinj.com\/blog\/wp-json\/wp\/v2\/comments?post=16336"}],"version-history":[{"count":0,"href":"https:\/\/www.visit-ulcinj.com\/blog\/wp-json\/wp\/v2\/posts\/16336\/revisions"}],"wp:attachment":[{"href":"https:\/\/www.visit-ulcinj.com\/blog\/wp-json\/wp\/v2\/media?parent=16336"}],"wp:term":[{"taxonomy":"category","embeddable":true,"href":"https:\/\/www.visit-ulcinj.com\/blog\/wp-json\/wp\/v2\/categories?post=16336"},{"taxonomy":"post_tag","embeddable":true,"href":"https:\/\/www.visit-ulcinj.com\/blog\/wp-json\/wp\/v2\/tags?post=16336"}],"curies":[{"name":"wp","href":"https:\/\/api.w.org\/{rel}","templated":true}]}}