{"id":16339,"date":"2009-03-31T20:39:08","date_gmt":"2009-03-31T19:39:08","guid":{"rendered":"http:\/\/www.visit-ulcinj.com\/blog\/?p=16339"},"modified":"2009-03-31T20:39:08","modified_gmt":"2009-03-31T19:39:08","slug":"aida-une-te-shikoj-si-mik","status":"publish","type":"post","link":"https:\/\/www.visit-ulcinj.com\/blog\/2009\/03\/31\/aida-une-te-shikoj-si-mik\/","title":{"rendered":"Aida: Un\u00eb t\u00eb shikoj si mik"},"content":{"rendered":"<p><em><span class=\"newsdate\"><a href=\"http:\/\/www.visit-ulcinj.com\/blog\/wp-content\/uploads\/2009\/03\/aida-tani-sqarimi.jpg\"><img loading=\"lazy\" class=\"alignleft size-full wp-image-16340\" title=\"aida-tani-sqarimi-big-brother-albania-2\" src=\"http:\/\/www.visit-ulcinj.com\/blog\/wp-content\/uploads\/2009\/03\/aida-tani-sqarimi.jpg\" alt=\"aida-tani-sqarimi-big-brother-albania-2\" width=\"300\" height=\"205\" \/><\/a>28\/03\/09 16:59<\/span><\/em><\/p>\n<p>Dritani dhe Aida diskutojn\u00eb p\u00ebr Mesid\u00ebn. Dritani i thot\u00eb q\u00eb n\u00eb jav\u00ebn e dyt\u00eb q\u00eb hyri Mesida i ka k\u00ebrkuar q\u00eb ta nominonte. Ajo e sqaron dhe i thot\u00eb q\u00eb ajo i kishte k\u00ebrkuar q\u00eb ta studionin, pasi nuk e njihnin. \u201cT\u00eb kam th\u00ebn\u00eb q\u00eb nuk po pozicionohet!\u201d-thot\u00eb ajo. Dritani i thot\u00eb q\u00eb ajo n\u00eb fillim i kishte th\u00ebn\u00eb q\u00eb duhet studjuar, dhe pas disa dit\u00ebsh ajo ishte afruar me t\u00eb. \u201cUn\u00eb nga kjo nxorra disa p\u00ebrfundime t\u00eb miat, dhe nuk m\u00eb p\u00eblqeu ajo q\u00eb pash\u00eb tek ty!\u201d Aida e pyet se cfar\u00eb kishte par\u00eb ai tek sjellja e saj. Sipas Dritanit ishte m\u00ebnyra se si ajo ndryshoi q\u00ebndrim kundrejt Mesid\u00ebs, dhe se si kjo e fundit u b\u00eb kund\u00ebr Adelajd\u00ebs. Aida ia kthen:-\u201cJe keqkuptuar!\u201d Ato vazhdojn\u00eb duke diskutuar p\u00ebr nominimin e Mesid\u00ebs. Ajo thot\u00eb:-\u201cUn\u00eb nuk e kam nominuar Mesid\u00ebn!\u201d Dhe Dritani shpreh t\u00eb nj\u00ebjt\u00ebn gj\u00eb, duke shtuar q\u00eb ai nuk nominon dik\u00eb kur i thot\u00eb dikush tjet\u00ebr. Aida i thot\u00eb q\u00eb koh\u00ebt e fundit ai ka mbajtur distanc\u00eb ndaj saj, dhe p\u00ebr k\u00ebt\u00eb gj\u00eb asaj i ka ngelur hatri. Ajo i thot\u00eb:-\u201cUn\u00eb ty t\u00eb konsideroj mik dhe jo lojtar! Ti dhe Lirita jeni miqt\u00eb e miqt\u00eb e mi k\u00ebtu brenda!\u201d Dritani mundohet ta sqaroj\u00eb duke i th\u00ebn\u00eb q\u00eb distancimi i tij ka ardhur si pasoj\u00eb e q\u00ebndrimit t\u00eb saj me Mesid\u00ebn. Aida i thot\u00eb:-\u201cTi m\u00eb shikon si lojtare, nd\u00ebrsa un\u00eb si mik!\u201d Dritani i thot\u00eb q\u00eb ajo e ka gabim. Ai thot\u00eb:-\u201cMua m\u00eb sh\u00ebrbeu sqarimi. Faleminderit!\u201d Aida i thot\u00eb q\u00eb shpreson q\u00eb ai t`i k\u00ebt\u00eb marr\u00eb n\u00eb sensin e duhur.<\/p>\n","protected":false},"excerpt":{"rendered":"<p>28\/03\/09 16:59 Dritani dhe Aida diskutojn\u00eb p\u00ebr Mesid\u00ebn. Dritani i thot\u00eb q\u00eb n\u00eb jav\u00ebn e dyt\u00eb q\u00eb hyri Mesida i ka k\u00ebrkuar q\u00eb ta nominonte. Ajo e sqaron dhe i thot\u00eb q\u00eb ajo i kishte k\u00ebrkuar q\u00eb ta studionin, pasi nuk e njihnin. \u201cT\u00eb kam th\u00ebn\u00eb q\u00eb nuk po pozicionohet!\u201d-thot\u00eb ajo. Dritani i thot\u00eb q\u00eb [&hellip;]<\/p>\n","protected":false},"author":1,"featured_media":0,"comment_status":"open","ping_status":"closed","sticky":false,"template":"","format":"standard","meta":{"spay_email":"","jetpack_publicize_message":"","jetpack_is_tweetstorm":false,"jetpack_publicize_feature_enabled":true},"categories":[6502],"tags":[6537,5057,6506,6516,6712,7129,6521,8662,6891,6693,6887],"jetpack_publicize_connections":[],"yoast_head":"<!-- This site is optimized with the Yoast SEO plugin v19.1 - https:\/\/yoast.com\/wordpress\/plugins\/seo\/ -->\n<title>Aida: Un\u00c3\u00ab t\u00c3\u00ab shikoj si mik | Big Brother Albania 2<\/title>\n<meta name=\"description\" content=\"Big Brother Albania 2 - Dritani dhe Aida diskutojn\u00c3\u00ab p\u00c3\u00abr Mesid\u00c3\u00abn. Dritani i thot\u00c3\u00ab q\u00c3\u00ab n\u00c3\u00ab jav\u00c3\u00abn e dyt\u00c3\u00ab q\u00c3\u00ab hyri Mesida i ka k\u00c3\u00abrkuar q\u00c3\u00ab ta nominonte. Ajo e sqaron dhe i thot\u00c3\u00ab q\u00c3\u00ab ajo i kishte k\u00c3\u00abrkuar q\u00c3\u00ab ta studionin\" \/>\n<meta name=\"robots\" content=\"index, follow, max-snippet:-1, max-image-preview:large, max-video-preview:-1\" \/>\n<link rel=\"canonical\" href=\"https:\/\/www.visit-ulcinj.com\/blog\/2009\/03\/31\/aida-une-te-shikoj-si-mik\/\" \/>\n<meta property=\"og:locale\" content=\"en_US\" \/>\n<meta property=\"og:type\" content=\"article\" \/>\n<meta property=\"og:title\" content=\"Aida: Un\u00c3\u00ab t\u00c3\u00ab shikoj si mik | Big Brother Albania 2\" \/>\n<meta property=\"og:description\" content=\"Big Brother Albania 2 - Dritani dhe Aida diskutojn\u00c3\u00ab p\u00c3\u00abr Mesid\u00c3\u00abn. Dritani i thot\u00c3\u00ab q\u00c3\u00ab n\u00c3\u00ab jav\u00c3\u00abn e dyt\u00c3\u00ab q\u00c3\u00ab hyri Mesida i ka k\u00c3\u00abrkuar q\u00c3\u00ab ta nominonte. Ajo e sqaron dhe i thot\u00c3\u00ab q\u00c3\u00ab ajo i kishte k\u00c3\u00abrkuar q\u00c3\u00ab ta studionin\" \/>\n<meta property=\"og:url\" content=\"https:\/\/www.visit-ulcinj.com\/blog\/2009\/03\/31\/aida-une-te-shikoj-si-mik\/\" \/>\n<meta property=\"og:site_name\" content=\"Lajme nga Ulqini\" \/>\n<meta property=\"article:published_time\" content=\"2009-03-31T19:39:08+00:00\" \/>\n<meta property=\"og:image\" content=\"http:\/\/www.visit-ulcinj.com\/blog\/wp-content\/uploads\/2009\/03\/aida-tani-sqarimi.jpg\" \/>\n<meta name=\"twitter:label1\" content=\"Written by\" \/>\n\t<meta name=\"twitter:data1\" content=\"ulqini\" \/>\n\t<meta name=\"twitter:label2\" content=\"Est. reading time\" \/>\n\t<meta name=\"twitter:data2\" content=\"2 minutes\" \/>\n<script type=\"application\/ld+json\" class=\"yoast-schema-graph\">{\"@context\":\"https:\/\/schema.org\",\"@graph\":[{\"@type\":\"WebSite\",\"@id\":\"https:\/\/www.visit-ulcinj.com\/blog\/#website\",\"url\":\"https:\/\/www.visit-ulcinj.com\/blog\/\",\"name\":\"Lajme nga Ulqini\",\"description\":\"Lajme,Vijesti,Ulqini,Ulqin,Crna Gora,Mali i Zi\",\"potentialAction\":[{\"@type\":\"SearchAction\",\"target\":{\"@type\":\"EntryPoint\",\"urlTemplate\":\"https:\/\/www.visit-ulcinj.com\/blog\/?s={search_term_string}\"},\"query-input\":\"required name=search_term_string\"}],\"inLanguage\":\"en-US\"},{\"@type\":\"ImageObject\",\"inLanguage\":\"en-US\",\"@id\":\"https:\/\/www.visit-ulcinj.com\/blog\/2009\/03\/31\/aida-une-te-shikoj-si-mik\/#primaryimage\",\"url\":\"http:\/\/www.visit-ulcinj.com\/blog\/wp-content\/uploads\/2009\/03\/aida-tani-sqarimi.jpg\",\"contentUrl\":\"http:\/\/www.visit-ulcinj.com\/blog\/wp-content\/uploads\/2009\/03\/aida-tani-sqarimi.jpg\"},{\"@type\":\"WebPage\",\"@id\":\"https:\/\/www.visit-ulcinj.com\/blog\/2009\/03\/31\/aida-une-te-shikoj-si-mik\/#webpage\",\"url\":\"https:\/\/www.visit-ulcinj.com\/blog\/2009\/03\/31\/aida-une-te-shikoj-si-mik\/\",\"name\":\"Aida: Un\u00c3\u00ab t\u00c3\u00ab shikoj si mik | Big Brother Albania 2\",\"isPartOf\":{\"@id\":\"https:\/\/www.visit-ulcinj.com\/blog\/#website\"},\"primaryImageOfPage\":{\"@id\":\"https:\/\/www.visit-ulcinj.com\/blog\/2009\/03\/31\/aida-une-te-shikoj-si-mik\/#primaryimage\"},\"datePublished\":\"2009-03-31T19:39:08+00:00\",\"dateModified\":\"2009-03-31T19:39:08+00:00\",\"author\":{\"@id\":\"https:\/\/www.visit-ulcinj.com\/blog\/#\/schema\/person\/dcab619c614d3038751c63bc2aadc06d\"},\"description\":\"Big Brother Albania 2 - Dritani dhe Aida diskutojn\u00c3\u00ab p\u00c3\u00abr Mesid\u00c3\u00abn. Dritani i thot\u00c3\u00ab q\u00c3\u00ab n\u00c3\u00ab jav\u00c3\u00abn e dyt\u00c3\u00ab q\u00c3\u00ab hyri Mesida i ka k\u00c3\u00abrkuar q\u00c3\u00ab ta nominonte. Ajo e sqaron dhe i thot\u00c3\u00ab q\u00c3\u00ab ajo i kishte k\u00c3\u00abrkuar q\u00c3\u00ab ta studionin\",\"breadcrumb\":{\"@id\":\"https:\/\/www.visit-ulcinj.com\/blog\/2009\/03\/31\/aida-une-te-shikoj-si-mik\/#breadcrumb\"},\"inLanguage\":\"en-US\",\"potentialAction\":[{\"@type\":\"ReadAction\",\"target\":[\"https:\/\/www.visit-ulcinj.com\/blog\/2009\/03\/31\/aida-une-te-shikoj-si-mik\/\"]}]},{\"@type\":\"BreadcrumbList\",\"@id\":\"https:\/\/www.visit-ulcinj.com\/blog\/2009\/03\/31\/aida-une-te-shikoj-si-mik\/#breadcrumb\",\"itemListElement\":[{\"@type\":\"ListItem\",\"position\":1,\"name\":\"Aida: Un\u00eb t\u00eb shikoj si mik\"}]},{\"@type\":\"Person\",\"@id\":\"https:\/\/www.visit-ulcinj.com\/blog\/#\/schema\/person\/dcab619c614d3038751c63bc2aadc06d\",\"name\":\"ulqini\",\"sameAs\":[\"http:\/\/www.visit-ulcinj.com\"],\"url\":\"https:\/\/www.visit-ulcinj.com\/blog\/author\/admin\/\"}]}<\/script>\n<!-- \/ Yoast SEO plugin. -->","yoast_head_json":{"title":"Aida: Un\u00c3\u00ab t\u00c3\u00ab shikoj si mik | Big Brother Albania 2","description":"Big Brother Albania 2 - Dritani dhe Aida diskutojn\u00c3\u00ab p\u00c3\u00abr Mesid\u00c3\u00abn. Dritani i thot\u00c3\u00ab q\u00c3\u00ab n\u00c3\u00ab jav\u00c3\u00abn e dyt\u00c3\u00ab q\u00c3\u00ab hyri Mesida i ka k\u00c3\u00abrkuar q\u00c3\u00ab ta nominonte. Ajo e sqaron dhe i thot\u00c3\u00ab q\u00c3\u00ab ajo i kishte k\u00c3\u00abrkuar q\u00c3\u00ab ta studionin","robots":{"index":"index","follow":"follow","max-snippet":"max-snippet:-1","max-image-preview":"max-image-preview:large","max-video-preview":"max-video-preview:-1"},"canonical":"https:\/\/www.visit-ulcinj.com\/blog\/2009\/03\/31\/aida-une-te-shikoj-si-mik\/","og_locale":"en_US","og_type":"article","og_title":"Aida: Un\u00c3\u00ab t\u00c3\u00ab shikoj si mik | Big Brother Albania 2","og_description":"Big Brother Albania 2 - Dritani dhe Aida diskutojn\u00c3\u00ab p\u00c3\u00abr Mesid\u00c3\u00abn. Dritani i thot\u00c3\u00ab q\u00c3\u00ab n\u00c3\u00ab jav\u00c3\u00abn e dyt\u00c3\u00ab q\u00c3\u00ab hyri Mesida i ka k\u00c3\u00abrkuar q\u00c3\u00ab ta nominonte. Ajo e sqaron dhe i thot\u00c3\u00ab q\u00c3\u00ab ajo i kishte k\u00c3\u00abrkuar q\u00c3\u00ab ta studionin","og_url":"https:\/\/www.visit-ulcinj.com\/blog\/2009\/03\/31\/aida-une-te-shikoj-si-mik\/","og_site_name":"Lajme nga Ulqini","article_published_time":"2009-03-31T19:39:08+00:00","og_image":[{"url":"http:\/\/www.visit-ulcinj.com\/blog\/wp-content\/uploads\/2009\/03\/aida-tani-sqarimi.jpg"}],"twitter_misc":{"Written by":"ulqini","Est. reading time":"2 minutes"},"schema":{"@context":"https:\/\/schema.org","@graph":[{"@type":"WebSite","@id":"https:\/\/www.visit-ulcinj.com\/blog\/#website","url":"https:\/\/www.visit-ulcinj.com\/blog\/","name":"Lajme nga Ulqini","description":"Lajme,Vijesti,Ulqini,Ulqin,Crna Gora,Mali i Zi","potentialAction":[{"@type":"SearchAction","target":{"@type":"EntryPoint","urlTemplate":"https:\/\/www.visit-ulcinj.com\/blog\/?s={search_term_string}"},"query-input":"required name=search_term_string"}],"inLanguage":"en-US"},{"@type":"ImageObject","inLanguage":"en-US","@id":"https:\/\/www.visit-ulcinj.com\/blog\/2009\/03\/31\/aida-une-te-shikoj-si-mik\/#primaryimage","url":"http:\/\/www.visit-ulcinj.com\/blog\/wp-content\/uploads\/2009\/03\/aida-tani-sqarimi.jpg","contentUrl":"http:\/\/www.visit-ulcinj.com\/blog\/wp-content\/uploads\/2009\/03\/aida-tani-sqarimi.jpg"},{"@type":"WebPage","@id":"https:\/\/www.visit-ulcinj.com\/blog\/2009\/03\/31\/aida-une-te-shikoj-si-mik\/#webpage","url":"https:\/\/www.visit-ulcinj.com\/blog\/2009\/03\/31\/aida-une-te-shikoj-si-mik\/","name":"Aida: Un\u00c3\u00ab t\u00c3\u00ab shikoj si mik | Big Brother Albania 2","isPartOf":{"@id":"https:\/\/www.visit-ulcinj.com\/blog\/#website"},"primaryImageOfPage":{"@id":"https:\/\/www.visit-ulcinj.com\/blog\/2009\/03\/31\/aida-une-te-shikoj-si-mik\/#primaryimage"},"datePublished":"2009-03-31T19:39:08+00:00","dateModified":"2009-03-31T19:39:08+00:00","author":{"@id":"https:\/\/www.visit-ulcinj.com\/blog\/#\/schema\/person\/dcab619c614d3038751c63bc2aadc06d"},"description":"Big Brother Albania 2 - Dritani dhe Aida diskutojn\u00c3\u00ab p\u00c3\u00abr Mesid\u00c3\u00abn. Dritani i thot\u00c3\u00ab q\u00c3\u00ab n\u00c3\u00ab jav\u00c3\u00abn e dyt\u00c3\u00ab q\u00c3\u00ab hyri Mesida i ka k\u00c3\u00abrkuar q\u00c3\u00ab ta nominonte. Ajo e sqaron dhe i thot\u00c3\u00ab q\u00c3\u00ab ajo i kishte k\u00c3\u00abrkuar q\u00c3\u00ab ta studionin","breadcrumb":{"@id":"https:\/\/www.visit-ulcinj.com\/blog\/2009\/03\/31\/aida-une-te-shikoj-si-mik\/#breadcrumb"},"inLanguage":"en-US","potentialAction":[{"@type":"ReadAction","target":["https:\/\/www.visit-ulcinj.com\/blog\/2009\/03\/31\/aida-une-te-shikoj-si-mik\/"]}]},{"@type":"BreadcrumbList","@id":"https:\/\/www.visit-ulcinj.com\/blog\/2009\/03\/31\/aida-une-te-shikoj-si-mik\/#breadcrumb","itemListElement":[{"@type":"ListItem","position":1,"name":"Aida: Un\u00eb t\u00eb shikoj si mik"}]},{"@type":"Person","@id":"https:\/\/www.visit-ulcinj.com\/blog\/#\/schema\/person\/dcab619c614d3038751c63bc2aadc06d","name":"ulqini","sameAs":["http:\/\/www.visit-ulcinj.com"],"url":"https:\/\/www.visit-ulcinj.com\/blog\/author\/admin\/"}]}},"jetpack_featured_media_url":"","jetpack_sharing_enabled":true,"jetpack_shortlink":"https:\/\/wp.me\/pe6lTn-4fx","_links":{"self":[{"href":"https:\/\/www.visit-ulcinj.com\/blog\/wp-json\/wp\/v2\/posts\/16339"}],"collection":[{"href":"https:\/\/www.visit-ulcinj.com\/blog\/wp-json\/wp\/v2\/posts"}],"about":[{"href":"https:\/\/www.visit-ulcinj.com\/blog\/wp-json\/wp\/v2\/types\/post"}],"author":[{"embeddable":true,"href":"https:\/\/www.visit-ulcinj.com\/blog\/wp-json\/wp\/v2\/users\/1"}],"replies":[{"embeddable":true,"href":"https:\/\/www.visit-ulcinj.com\/blog\/wp-json\/wp\/v2\/comments?post=16339"}],"version-history":[{"count":0,"href":"https:\/\/www.visit-ulcinj.com\/blog\/wp-json\/wp\/v2\/posts\/16339\/revisions"}],"wp:attachment":[{"href":"https:\/\/www.visit-ulcinj.com\/blog\/wp-json\/wp\/v2\/media?parent=16339"}],"wp:term":[{"taxonomy":"category","embeddable":true,"href":"https:\/\/www.visit-ulcinj.com\/blog\/wp-json\/wp\/v2\/categories?post=16339"},{"taxonomy":"post_tag","embeddable":true,"href":"https:\/\/www.visit-ulcinj.com\/blog\/wp-json\/wp\/v2\/tags?post=16339"}],"curies":[{"name":"wp","href":"https:\/\/api.w.org\/{rel}","templated":true}]}}