{"id":16342,"date":"2009-03-31T20:41:09","date_gmt":"2009-03-31T19:41:09","guid":{"rendered":"http:\/\/www.visit-ulcinj.com\/blog\/?p=16342"},"modified":"2009-03-31T20:41:09","modified_gmt":"2009-03-31T19:41:09","slug":"banoret-me-te-bukur","status":"publish","type":"post","link":"https:\/\/www.visit-ulcinj.com\/blog\/2009\/03\/31\/banoret-me-te-bukur\/","title":{"rendered":"Banor\u00ebt m\u00eb t\u00eb bukur"},"content":{"rendered":"<p><em><span class=\"newsdate\"><a href=\"http:\/\/www.visit-ulcinj.com\/blog\/wp-content\/uploads\/2009\/03\/banoret-behen-te-bukur.jpg\"><img loading=\"lazy\" class=\"alignleft size-full wp-image-16343\" title=\"banoret-behen-te-bukur-big-brother-albania-2\" src=\"http:\/\/www.visit-ulcinj.com\/blog\/wp-content\/uploads\/2009\/03\/banoret-behen-te-bukur.jpg\" alt=\"banoret-behen-te-bukur-big-brother-albania-2\" width=\"300\" height=\"205\" \/><\/a>28\/03\/09 18:36<\/span><\/em><\/p>\n<p>Banor\u00ebt gjat\u00eb jav\u00ebs jan\u00eb impenjuar shum\u00eb me prov\u00ebn e piceris\u00eb, dhe p\u00ebr k\u00ebt\u00eb V\u00ebllai i Madh i p\u00ebrgatiti atyre nj\u00eb surpriz\u00eb. Banor\u00ebt p\u00ebrfituan nj\u00eb trajtim t\u00eb plot\u00eb nga parukeri \u201cFrida\u201d dhe q\u00ebndra estetike \u201cDea\u201d p\u00ebr t`u b\u00ebr\u00eb sa m\u00eb t\u00eb bukur. Meshkujt b\u00ebn trajtimin p\u00ebr thonjt\u00eb, prerje flok\u00ebsh dhe masazh me skrap, nd\u00ebrsa vajzat b\u00ebjn\u00eb t\u00eb gjitha trajtimet. Qetsori b\u00ebn shaka me nj\u00eb parukiere duke e pyetur n\u00ebse i dukej simpatik. Ajo i thot\u00eb q\u00eb ai \u00ebsht\u00eb shum\u00eb sipatik , por ai ia kthen:-\u201cPo pse at\u00ebher\u00eb konkurset e bukuris\u00eb i fiton Dritani?\u201d Ajo i thot\u00eb q\u00eb p\u00ebr arsye t\u00eb gjat\u00ebsis\u00eb. Ani u sh\u00ebrbeu kafen parukier\u00ebve dhe disa prej banor\u00ebve. Arjoni i propozon Bjordit q\u00eb t`i dekolorojn\u00eb flok\u00ebt, por ndryshon mendim duke th\u00ebn\u00eb:-\u201cJo, se dalim pastaj si Eminem!\u201d<\/p>\n","protected":false},"excerpt":{"rendered":"<p>28\/03\/09 18:36 Banor\u00ebt gjat\u00eb jav\u00ebs jan\u00eb impenjuar shum\u00eb me prov\u00ebn e piceris\u00eb, dhe p\u00ebr k\u00ebt\u00eb V\u00ebllai i Madh i p\u00ebrgatiti atyre nj\u00eb surpriz\u00eb. Banor\u00ebt p\u00ebrfituan nj\u00eb trajtim t\u00eb plot\u00eb nga parukeri \u201cFrida\u201d dhe q\u00ebndra estetike \u201cDea\u201d p\u00ebr t`u b\u00ebr\u00eb sa m\u00eb t\u00eb bukur. Meshkujt b\u00ebn trajtimin p\u00ebr thonjt\u00eb, prerje flok\u00ebsh dhe masazh me skrap, nd\u00ebrsa [&hellip;]<\/p>\n","protected":false},"author":1,"featured_media":0,"comment_status":"open","ping_status":"closed","sticky":false,"template":"","format":"standard","meta":{"spay_email":"","jetpack_publicize_message":"","jetpack_is_tweetstorm":false,"jetpack_publicize_feature_enabled":true},"categories":[6502],"tags":[6529,6537,5057,6506,6516,6712,7129,6522,8663,6542,8421,6544,6900,6891,6693,6887],"jetpack_publicize_connections":[],"yoast_head":"<!-- This site is optimized with the Yoast SEO plugin v19.1 - https:\/\/yoast.com\/wordpress\/plugins\/seo\/ -->\n<title>Banor\u00c3\u00abt m\u00c3\u00ab t\u00c3\u00ab bukur | Big Brother Albania 2<\/title>\n<meta name=\"description\" content=\"Big Brother Albania 2 - Banor\u00c3\u00abt gjat\u00c3\u00ab jav\u00c3\u00abs jan\u00c3\u00ab impenjuar shum\u00c3\u00ab me prov\u00c3\u00abn e piceris\u00c3\u00ab, dhe p\u00c3\u00abr k\u00c3\u00abt\u00c3\u00ab V\u00c3\u00abllai i Madh i p\u00c3\u00abrgatiti atyre nj\u00c3\u00ab surpriz\u00c3\u00ab.\" \/>\n<meta name=\"robots\" content=\"index, follow, max-snippet:-1, max-image-preview:large, max-video-preview:-1\" \/>\n<link rel=\"canonical\" href=\"https:\/\/www.visit-ulcinj.com\/blog\/2009\/03\/31\/banoret-me-te-bukur\/\" \/>\n<meta property=\"og:locale\" content=\"en_US\" \/>\n<meta property=\"og:type\" content=\"article\" \/>\n<meta property=\"og:title\" content=\"Banor\u00c3\u00abt m\u00c3\u00ab t\u00c3\u00ab bukur | Big Brother Albania 2\" \/>\n<meta property=\"og:description\" content=\"Big Brother Albania 2 - Banor\u00c3\u00abt gjat\u00c3\u00ab jav\u00c3\u00abs jan\u00c3\u00ab impenjuar shum\u00c3\u00ab me prov\u00c3\u00abn e piceris\u00c3\u00ab, dhe p\u00c3\u00abr k\u00c3\u00abt\u00c3\u00ab V\u00c3\u00abllai i Madh i p\u00c3\u00abrgatiti atyre nj\u00c3\u00ab surpriz\u00c3\u00ab.\" \/>\n<meta property=\"og:url\" content=\"https:\/\/www.visit-ulcinj.com\/blog\/2009\/03\/31\/banoret-me-te-bukur\/\" \/>\n<meta property=\"og:site_name\" content=\"Lajme nga Ulqini\" \/>\n<meta property=\"article:published_time\" content=\"2009-03-31T19:41:09+00:00\" \/>\n<meta property=\"og:image\" content=\"http:\/\/www.visit-ulcinj.com\/blog\/wp-content\/uploads\/2009\/03\/banoret-behen-te-bukur.jpg\" \/>\n<meta name=\"twitter:label1\" content=\"Written by\" \/>\n\t<meta name=\"twitter:data1\" content=\"ulqini\" \/>\n\t<meta name=\"twitter:label2\" content=\"Est. reading time\" \/>\n\t<meta name=\"twitter:data2\" content=\"1 minute\" \/>\n<script type=\"application\/ld+json\" class=\"yoast-schema-graph\">{\"@context\":\"https:\/\/schema.org\",\"@graph\":[{\"@type\":\"WebSite\",\"@id\":\"https:\/\/www.visit-ulcinj.com\/blog\/#website\",\"url\":\"https:\/\/www.visit-ulcinj.com\/blog\/\",\"name\":\"Lajme nga Ulqini\",\"description\":\"Lajme,Vijesti,Ulqini,Ulqin,Crna Gora,Mali i Zi\",\"potentialAction\":[{\"@type\":\"SearchAction\",\"target\":{\"@type\":\"EntryPoint\",\"urlTemplate\":\"https:\/\/www.visit-ulcinj.com\/blog\/?s={search_term_string}\"},\"query-input\":\"required name=search_term_string\"}],\"inLanguage\":\"en-US\"},{\"@type\":\"ImageObject\",\"inLanguage\":\"en-US\",\"@id\":\"https:\/\/www.visit-ulcinj.com\/blog\/2009\/03\/31\/banoret-me-te-bukur\/#primaryimage\",\"url\":\"http:\/\/www.visit-ulcinj.com\/blog\/wp-content\/uploads\/2009\/03\/banoret-behen-te-bukur.jpg\",\"contentUrl\":\"http:\/\/www.visit-ulcinj.com\/blog\/wp-content\/uploads\/2009\/03\/banoret-behen-te-bukur.jpg\"},{\"@type\":\"WebPage\",\"@id\":\"https:\/\/www.visit-ulcinj.com\/blog\/2009\/03\/31\/banoret-me-te-bukur\/#webpage\",\"url\":\"https:\/\/www.visit-ulcinj.com\/blog\/2009\/03\/31\/banoret-me-te-bukur\/\",\"name\":\"Banor\u00c3\u00abt m\u00c3\u00ab t\u00c3\u00ab bukur | Big Brother Albania 2\",\"isPartOf\":{\"@id\":\"https:\/\/www.visit-ulcinj.com\/blog\/#website\"},\"primaryImageOfPage\":{\"@id\":\"https:\/\/www.visit-ulcinj.com\/blog\/2009\/03\/31\/banoret-me-te-bukur\/#primaryimage\"},\"datePublished\":\"2009-03-31T19:41:09+00:00\",\"dateModified\":\"2009-03-31T19:41:09+00:00\",\"author\":{\"@id\":\"https:\/\/www.visit-ulcinj.com\/blog\/#\/schema\/person\/dcab619c614d3038751c63bc2aadc06d\"},\"description\":\"Big Brother Albania 2 - Banor\u00c3\u00abt gjat\u00c3\u00ab jav\u00c3\u00abs jan\u00c3\u00ab impenjuar shum\u00c3\u00ab me prov\u00c3\u00abn e piceris\u00c3\u00ab, dhe p\u00c3\u00abr k\u00c3\u00abt\u00c3\u00ab V\u00c3\u00abllai i Madh i p\u00c3\u00abrgatiti atyre nj\u00c3\u00ab surpriz\u00c3\u00ab.\",\"breadcrumb\":{\"@id\":\"https:\/\/www.visit-ulcinj.com\/blog\/2009\/03\/31\/banoret-me-te-bukur\/#breadcrumb\"},\"inLanguage\":\"en-US\",\"potentialAction\":[{\"@type\":\"ReadAction\",\"target\":[\"https:\/\/www.visit-ulcinj.com\/blog\/2009\/03\/31\/banoret-me-te-bukur\/\"]}]},{\"@type\":\"BreadcrumbList\",\"@id\":\"https:\/\/www.visit-ulcinj.com\/blog\/2009\/03\/31\/banoret-me-te-bukur\/#breadcrumb\",\"itemListElement\":[{\"@type\":\"ListItem\",\"position\":1,\"name\":\"Banor\u00ebt m\u00eb t\u00eb bukur\"}]},{\"@type\":\"Person\",\"@id\":\"https:\/\/www.visit-ulcinj.com\/blog\/#\/schema\/person\/dcab619c614d3038751c63bc2aadc06d\",\"name\":\"ulqini\",\"sameAs\":[\"http:\/\/www.visit-ulcinj.com\"],\"url\":\"https:\/\/www.visit-ulcinj.com\/blog\/author\/admin\/\"}]}<\/script>\n<!-- \/ Yoast SEO plugin. -->","yoast_head_json":{"title":"Banor\u00c3\u00abt m\u00c3\u00ab t\u00c3\u00ab bukur | Big Brother Albania 2","description":"Big Brother Albania 2 - Banor\u00c3\u00abt gjat\u00c3\u00ab jav\u00c3\u00abs jan\u00c3\u00ab impenjuar shum\u00c3\u00ab me prov\u00c3\u00abn e piceris\u00c3\u00ab, dhe p\u00c3\u00abr k\u00c3\u00abt\u00c3\u00ab V\u00c3\u00abllai i Madh i p\u00c3\u00abrgatiti atyre nj\u00c3\u00ab surpriz\u00c3\u00ab.","robots":{"index":"index","follow":"follow","max-snippet":"max-snippet:-1","max-image-preview":"max-image-preview:large","max-video-preview":"max-video-preview:-1"},"canonical":"https:\/\/www.visit-ulcinj.com\/blog\/2009\/03\/31\/banoret-me-te-bukur\/","og_locale":"en_US","og_type":"article","og_title":"Banor\u00c3\u00abt m\u00c3\u00ab t\u00c3\u00ab bukur | Big Brother Albania 2","og_description":"Big Brother Albania 2 - Banor\u00c3\u00abt gjat\u00c3\u00ab jav\u00c3\u00abs jan\u00c3\u00ab impenjuar shum\u00c3\u00ab me prov\u00c3\u00abn e piceris\u00c3\u00ab, dhe p\u00c3\u00abr k\u00c3\u00abt\u00c3\u00ab V\u00c3\u00abllai i Madh i p\u00c3\u00abrgatiti atyre nj\u00c3\u00ab surpriz\u00c3\u00ab.","og_url":"https:\/\/www.visit-ulcinj.com\/blog\/2009\/03\/31\/banoret-me-te-bukur\/","og_site_name":"Lajme nga Ulqini","article_published_time":"2009-03-31T19:41:09+00:00","og_image":[{"url":"http:\/\/www.visit-ulcinj.com\/blog\/wp-content\/uploads\/2009\/03\/banoret-behen-te-bukur.jpg"}],"twitter_misc":{"Written by":"ulqini","Est. reading time":"1 minute"},"schema":{"@context":"https:\/\/schema.org","@graph":[{"@type":"WebSite","@id":"https:\/\/www.visit-ulcinj.com\/blog\/#website","url":"https:\/\/www.visit-ulcinj.com\/blog\/","name":"Lajme nga Ulqini","description":"Lajme,Vijesti,Ulqini,Ulqin,Crna Gora,Mali i Zi","potentialAction":[{"@type":"SearchAction","target":{"@type":"EntryPoint","urlTemplate":"https:\/\/www.visit-ulcinj.com\/blog\/?s={search_term_string}"},"query-input":"required name=search_term_string"}],"inLanguage":"en-US"},{"@type":"ImageObject","inLanguage":"en-US","@id":"https:\/\/www.visit-ulcinj.com\/blog\/2009\/03\/31\/banoret-me-te-bukur\/#primaryimage","url":"http:\/\/www.visit-ulcinj.com\/blog\/wp-content\/uploads\/2009\/03\/banoret-behen-te-bukur.jpg","contentUrl":"http:\/\/www.visit-ulcinj.com\/blog\/wp-content\/uploads\/2009\/03\/banoret-behen-te-bukur.jpg"},{"@type":"WebPage","@id":"https:\/\/www.visit-ulcinj.com\/blog\/2009\/03\/31\/banoret-me-te-bukur\/#webpage","url":"https:\/\/www.visit-ulcinj.com\/blog\/2009\/03\/31\/banoret-me-te-bukur\/","name":"Banor\u00c3\u00abt m\u00c3\u00ab t\u00c3\u00ab bukur | Big Brother Albania 2","isPartOf":{"@id":"https:\/\/www.visit-ulcinj.com\/blog\/#website"},"primaryImageOfPage":{"@id":"https:\/\/www.visit-ulcinj.com\/blog\/2009\/03\/31\/banoret-me-te-bukur\/#primaryimage"},"datePublished":"2009-03-31T19:41:09+00:00","dateModified":"2009-03-31T19:41:09+00:00","author":{"@id":"https:\/\/www.visit-ulcinj.com\/blog\/#\/schema\/person\/dcab619c614d3038751c63bc2aadc06d"},"description":"Big Brother Albania 2 - Banor\u00c3\u00abt gjat\u00c3\u00ab jav\u00c3\u00abs jan\u00c3\u00ab impenjuar shum\u00c3\u00ab me prov\u00c3\u00abn e piceris\u00c3\u00ab, dhe p\u00c3\u00abr k\u00c3\u00abt\u00c3\u00ab V\u00c3\u00abllai i Madh i p\u00c3\u00abrgatiti atyre nj\u00c3\u00ab surpriz\u00c3\u00ab.","breadcrumb":{"@id":"https:\/\/www.visit-ulcinj.com\/blog\/2009\/03\/31\/banoret-me-te-bukur\/#breadcrumb"},"inLanguage":"en-US","potentialAction":[{"@type":"ReadAction","target":["https:\/\/www.visit-ulcinj.com\/blog\/2009\/03\/31\/banoret-me-te-bukur\/"]}]},{"@type":"BreadcrumbList","@id":"https:\/\/www.visit-ulcinj.com\/blog\/2009\/03\/31\/banoret-me-te-bukur\/#breadcrumb","itemListElement":[{"@type":"ListItem","position":1,"name":"Banor\u00ebt m\u00eb t\u00eb bukur"}]},{"@type":"Person","@id":"https:\/\/www.visit-ulcinj.com\/blog\/#\/schema\/person\/dcab619c614d3038751c63bc2aadc06d","name":"ulqini","sameAs":["http:\/\/www.visit-ulcinj.com"],"url":"https:\/\/www.visit-ulcinj.com\/blog\/author\/admin\/"}]}},"jetpack_featured_media_url":"","jetpack_sharing_enabled":true,"jetpack_shortlink":"https:\/\/wp.me\/pe6lTn-4fA","_links":{"self":[{"href":"https:\/\/www.visit-ulcinj.com\/blog\/wp-json\/wp\/v2\/posts\/16342"}],"collection":[{"href":"https:\/\/www.visit-ulcinj.com\/blog\/wp-json\/wp\/v2\/posts"}],"about":[{"href":"https:\/\/www.visit-ulcinj.com\/blog\/wp-json\/wp\/v2\/types\/post"}],"author":[{"embeddable":true,"href":"https:\/\/www.visit-ulcinj.com\/blog\/wp-json\/wp\/v2\/users\/1"}],"replies":[{"embeddable":true,"href":"https:\/\/www.visit-ulcinj.com\/blog\/wp-json\/wp\/v2\/comments?post=16342"}],"version-history":[{"count":0,"href":"https:\/\/www.visit-ulcinj.com\/blog\/wp-json\/wp\/v2\/posts\/16342\/revisions"}],"wp:attachment":[{"href":"https:\/\/www.visit-ulcinj.com\/blog\/wp-json\/wp\/v2\/media?parent=16342"}],"wp:term":[{"taxonomy":"category","embeddable":true,"href":"https:\/\/www.visit-ulcinj.com\/blog\/wp-json\/wp\/v2\/categories?post=16342"},{"taxonomy":"post_tag","embeddable":true,"href":"https:\/\/www.visit-ulcinj.com\/blog\/wp-json\/wp\/v2\/tags?post=16342"}],"curies":[{"name":"wp","href":"https:\/\/api.w.org\/{rel}","templated":true}]}}