{"id":16345,"date":"2009-03-31T20:43:25","date_gmt":"2009-03-31T19:43:25","guid":{"rendered":"http:\/\/www.visit-ulcinj.com\/blog\/?p=16345"},"modified":"2009-03-31T20:43:25","modified_gmt":"2009-03-31T19:43:25","slug":"surprize-per-aiden","status":"publish","type":"post","link":"https:\/\/www.visit-ulcinj.com\/blog\/2009\/03\/31\/surprize-per-aiden\/","title":{"rendered":"Surpriz\u00eb p\u00ebr Aid\u00ebn"},"content":{"rendered":"<p><em><span class=\"newsdate\"><a href=\"http:\/\/www.visit-ulcinj.com\/blog\/wp-content\/uploads\/2009\/03\/aida-dhe-juna.jpg\"><img loading=\"lazy\" class=\"alignleft size-full wp-image-16346\" title=\"aida-dhe-juna-big-brother-albania-2\" src=\"http:\/\/www.visit-ulcinj.com\/blog\/wp-content\/uploads\/2009\/03\/aida-dhe-juna.jpg\" alt=\"aida-dhe-juna-big-brother-albania-2\" width=\"300\" height=\"205\" \/><\/a>28\/03\/09 21:14<\/span><\/em><\/p>\n<p>Nj\u00eb jet\u00eb me mungesa. K\u00ebshtu mund t\u00eb p\u00ebrkufizohet historia e Aid\u00ebs, nj\u00ebr\u00ebs prej banoreve. Ajo ka treguar q\u00eb ka humbur n\u00ebn\u00ebn kur ishte f\u00ebmij\u00eb ,dhe pak m\u00eb von\u00eb ka humbur dhe t\u00eb atin. Motra i jeton larg, dhe i dashuri e ka l\u00ebn\u00eb p\u00ebr t\u00eb ikur n\u00eb Amerik\u00eb,edhe pse lidhja e tyre \u00ebsht\u00eb ende e fort\u00eb dhe p\u00ebr t`u kuptuar. Big Brother gjat\u00eb spetaklit i ka b\u00ebr\u00eb asaj nj\u00eb surpriz\u00eb, dhe \u00ebsht\u00eb ajo q\u00eb ka vendosur q\u00eb ta pranoj\u00eb,ose jo. Ajo takon shoqen e saj t\u00eb ngusht\u00eb Jun\u00ebn. Aida u g\u00ebzua shum\u00eb nga kjo surpriz\u00eb. Juna i shprehu mb\u00ebshtetjen e saj dhe t\u00eb njer\u00ebzve t\u00eb saj t\u00eb af\u00ebrt. T\u00eb gjith\u00eb banor\u00ebt e prit\u00ebn me duartrokitje.<\/p>\n","protected":false},"excerpt":{"rendered":"<p>28\/03\/09 21:14 Nj\u00eb jet\u00eb me mungesa. K\u00ebshtu mund t\u00eb p\u00ebrkufizohet historia e Aid\u00ebs, nj\u00ebr\u00ebs prej banoreve. Ajo ka treguar q\u00eb ka humbur n\u00ebn\u00ebn kur ishte f\u00ebmij\u00eb ,dhe pak m\u00eb von\u00eb ka humbur dhe t\u00eb atin. Motra i jeton larg, dhe i dashuri e ka l\u00ebn\u00eb p\u00ebr t\u00eb ikur n\u00eb Amerik\u00eb,edhe pse lidhja e tyre \u00ebsht\u00eb [&hellip;]<\/p>\n","protected":false},"author":1,"featured_media":0,"comment_status":"open","ping_status":"closed","sticky":false,"template":"","format":"standard","meta":{"spay_email":"","jetpack_publicize_message":"","jetpack_is_tweetstorm":false,"jetpack_publicize_feature_enabled":true},"categories":[6502],"tags":[6537,5057,6506,6516,6712,7129,1442,8664,6906,6891,6693,6887],"jetpack_publicize_connections":[],"yoast_head":"<!-- This site is optimized with the Yoast SEO plugin v19.1 - https:\/\/yoast.com\/wordpress\/plugins\/seo\/ -->\n<title>Surpriz\u00c3\u00ab p\u00c3\u00abr Aid\u00c3\u00abn | Big Brother Albania 2<\/title>\n<meta name=\"description\" content=\"Big Brother Albania 2 - Nj\u00c3\u00ab jet\u00c3\u00ab me mungesa. K\u00c3\u00abshtu mund t\u00c3\u00ab p\u00c3\u00abrkufizohet historia e Aid\u00c3\u00abs, nj\u00c3\u00abr\u00c3\u00abs prej banoreve. Ajo ka treguar q\u00c3\u00ab ka humbur n\u00c3\u00abn\u00c3\u00abn kur ishte f\u00c3\u00abmij\u00c3\u00ab\" \/>\n<meta name=\"robots\" content=\"index, follow, max-snippet:-1, max-image-preview:large, max-video-preview:-1\" \/>\n<link rel=\"canonical\" href=\"https:\/\/www.visit-ulcinj.com\/blog\/2009\/03\/31\/surprize-per-aiden\/\" \/>\n<meta property=\"og:locale\" content=\"en_US\" \/>\n<meta property=\"og:type\" content=\"article\" \/>\n<meta property=\"og:title\" content=\"Surpriz\u00c3\u00ab p\u00c3\u00abr Aid\u00c3\u00abn | Big Brother Albania 2\" \/>\n<meta property=\"og:description\" content=\"Big Brother Albania 2 - Nj\u00c3\u00ab jet\u00c3\u00ab me mungesa. K\u00c3\u00abshtu mund t\u00c3\u00ab p\u00c3\u00abrkufizohet historia e Aid\u00c3\u00abs, nj\u00c3\u00abr\u00c3\u00abs prej banoreve. Ajo ka treguar q\u00c3\u00ab ka humbur n\u00c3\u00abn\u00c3\u00abn kur ishte f\u00c3\u00abmij\u00c3\u00ab\" \/>\n<meta property=\"og:url\" content=\"https:\/\/www.visit-ulcinj.com\/blog\/2009\/03\/31\/surprize-per-aiden\/\" \/>\n<meta property=\"og:site_name\" content=\"Lajme nga Ulqini\" \/>\n<meta property=\"article:published_time\" content=\"2009-03-31T19:43:25+00:00\" \/>\n<meta property=\"og:image\" content=\"http:\/\/www.visit-ulcinj.com\/blog\/wp-content\/uploads\/2009\/03\/aida-dhe-juna.jpg\" \/>\n<meta name=\"twitter:label1\" content=\"Written by\" \/>\n\t<meta name=\"twitter:data1\" content=\"ulqini\" \/>\n\t<meta name=\"twitter:label2\" content=\"Est. reading time\" \/>\n\t<meta name=\"twitter:data2\" content=\"1 minute\" \/>\n<script type=\"application\/ld+json\" class=\"yoast-schema-graph\">{\"@context\":\"https:\/\/schema.org\",\"@graph\":[{\"@type\":\"WebSite\",\"@id\":\"https:\/\/www.visit-ulcinj.com\/blog\/#website\",\"url\":\"https:\/\/www.visit-ulcinj.com\/blog\/\",\"name\":\"Lajme nga Ulqini\",\"description\":\"Lajme,Vijesti,Ulqini,Ulqin,Crna Gora,Mali i Zi\",\"potentialAction\":[{\"@type\":\"SearchAction\",\"target\":{\"@type\":\"EntryPoint\",\"urlTemplate\":\"https:\/\/www.visit-ulcinj.com\/blog\/?s={search_term_string}\"},\"query-input\":\"required name=search_term_string\"}],\"inLanguage\":\"en-US\"},{\"@type\":\"ImageObject\",\"inLanguage\":\"en-US\",\"@id\":\"https:\/\/www.visit-ulcinj.com\/blog\/2009\/03\/31\/surprize-per-aiden\/#primaryimage\",\"url\":\"http:\/\/www.visit-ulcinj.com\/blog\/wp-content\/uploads\/2009\/03\/aida-dhe-juna.jpg\",\"contentUrl\":\"http:\/\/www.visit-ulcinj.com\/blog\/wp-content\/uploads\/2009\/03\/aida-dhe-juna.jpg\"},{\"@type\":\"WebPage\",\"@id\":\"https:\/\/www.visit-ulcinj.com\/blog\/2009\/03\/31\/surprize-per-aiden\/#webpage\",\"url\":\"https:\/\/www.visit-ulcinj.com\/blog\/2009\/03\/31\/surprize-per-aiden\/\",\"name\":\"Surpriz\u00c3\u00ab p\u00c3\u00abr Aid\u00c3\u00abn | Big Brother Albania 2\",\"isPartOf\":{\"@id\":\"https:\/\/www.visit-ulcinj.com\/blog\/#website\"},\"primaryImageOfPage\":{\"@id\":\"https:\/\/www.visit-ulcinj.com\/blog\/2009\/03\/31\/surprize-per-aiden\/#primaryimage\"},\"datePublished\":\"2009-03-31T19:43:25+00:00\",\"dateModified\":\"2009-03-31T19:43:25+00:00\",\"author\":{\"@id\":\"https:\/\/www.visit-ulcinj.com\/blog\/#\/schema\/person\/dcab619c614d3038751c63bc2aadc06d\"},\"description\":\"Big Brother Albania 2 - Nj\u00c3\u00ab jet\u00c3\u00ab me mungesa. K\u00c3\u00abshtu mund t\u00c3\u00ab p\u00c3\u00abrkufizohet historia e Aid\u00c3\u00abs, nj\u00c3\u00abr\u00c3\u00abs prej banoreve. Ajo ka treguar q\u00c3\u00ab ka humbur n\u00c3\u00abn\u00c3\u00abn kur ishte f\u00c3\u00abmij\u00c3\u00ab\",\"breadcrumb\":{\"@id\":\"https:\/\/www.visit-ulcinj.com\/blog\/2009\/03\/31\/surprize-per-aiden\/#breadcrumb\"},\"inLanguage\":\"en-US\",\"potentialAction\":[{\"@type\":\"ReadAction\",\"target\":[\"https:\/\/www.visit-ulcinj.com\/blog\/2009\/03\/31\/surprize-per-aiden\/\"]}]},{\"@type\":\"BreadcrumbList\",\"@id\":\"https:\/\/www.visit-ulcinj.com\/blog\/2009\/03\/31\/surprize-per-aiden\/#breadcrumb\",\"itemListElement\":[{\"@type\":\"ListItem\",\"position\":1,\"name\":\"Surpriz\u00eb p\u00ebr Aid\u00ebn\"}]},{\"@type\":\"Person\",\"@id\":\"https:\/\/www.visit-ulcinj.com\/blog\/#\/schema\/person\/dcab619c614d3038751c63bc2aadc06d\",\"name\":\"ulqini\",\"sameAs\":[\"http:\/\/www.visit-ulcinj.com\"],\"url\":\"https:\/\/www.visit-ulcinj.com\/blog\/author\/admin\/\"}]}<\/script>\n<!-- \/ Yoast SEO plugin. -->","yoast_head_json":{"title":"Surpriz\u00c3\u00ab p\u00c3\u00abr Aid\u00c3\u00abn | Big Brother Albania 2","description":"Big Brother Albania 2 - Nj\u00c3\u00ab jet\u00c3\u00ab me mungesa. K\u00c3\u00abshtu mund t\u00c3\u00ab p\u00c3\u00abrkufizohet historia e Aid\u00c3\u00abs, nj\u00c3\u00abr\u00c3\u00abs prej banoreve. Ajo ka treguar q\u00c3\u00ab ka humbur n\u00c3\u00abn\u00c3\u00abn kur ishte f\u00c3\u00abmij\u00c3\u00ab","robots":{"index":"index","follow":"follow","max-snippet":"max-snippet:-1","max-image-preview":"max-image-preview:large","max-video-preview":"max-video-preview:-1"},"canonical":"https:\/\/www.visit-ulcinj.com\/blog\/2009\/03\/31\/surprize-per-aiden\/","og_locale":"en_US","og_type":"article","og_title":"Surpriz\u00c3\u00ab p\u00c3\u00abr Aid\u00c3\u00abn | Big Brother Albania 2","og_description":"Big Brother Albania 2 - Nj\u00c3\u00ab jet\u00c3\u00ab me mungesa. K\u00c3\u00abshtu mund t\u00c3\u00ab p\u00c3\u00abrkufizohet historia e Aid\u00c3\u00abs, nj\u00c3\u00abr\u00c3\u00abs prej banoreve. Ajo ka treguar q\u00c3\u00ab ka humbur n\u00c3\u00abn\u00c3\u00abn kur ishte f\u00c3\u00abmij\u00c3\u00ab","og_url":"https:\/\/www.visit-ulcinj.com\/blog\/2009\/03\/31\/surprize-per-aiden\/","og_site_name":"Lajme nga Ulqini","article_published_time":"2009-03-31T19:43:25+00:00","og_image":[{"url":"http:\/\/www.visit-ulcinj.com\/blog\/wp-content\/uploads\/2009\/03\/aida-dhe-juna.jpg"}],"twitter_misc":{"Written by":"ulqini","Est. reading time":"1 minute"},"schema":{"@context":"https:\/\/schema.org","@graph":[{"@type":"WebSite","@id":"https:\/\/www.visit-ulcinj.com\/blog\/#website","url":"https:\/\/www.visit-ulcinj.com\/blog\/","name":"Lajme nga Ulqini","description":"Lajme,Vijesti,Ulqini,Ulqin,Crna Gora,Mali i Zi","potentialAction":[{"@type":"SearchAction","target":{"@type":"EntryPoint","urlTemplate":"https:\/\/www.visit-ulcinj.com\/blog\/?s={search_term_string}"},"query-input":"required name=search_term_string"}],"inLanguage":"en-US"},{"@type":"ImageObject","inLanguage":"en-US","@id":"https:\/\/www.visit-ulcinj.com\/blog\/2009\/03\/31\/surprize-per-aiden\/#primaryimage","url":"http:\/\/www.visit-ulcinj.com\/blog\/wp-content\/uploads\/2009\/03\/aida-dhe-juna.jpg","contentUrl":"http:\/\/www.visit-ulcinj.com\/blog\/wp-content\/uploads\/2009\/03\/aida-dhe-juna.jpg"},{"@type":"WebPage","@id":"https:\/\/www.visit-ulcinj.com\/blog\/2009\/03\/31\/surprize-per-aiden\/#webpage","url":"https:\/\/www.visit-ulcinj.com\/blog\/2009\/03\/31\/surprize-per-aiden\/","name":"Surpriz\u00c3\u00ab p\u00c3\u00abr Aid\u00c3\u00abn | Big Brother Albania 2","isPartOf":{"@id":"https:\/\/www.visit-ulcinj.com\/blog\/#website"},"primaryImageOfPage":{"@id":"https:\/\/www.visit-ulcinj.com\/blog\/2009\/03\/31\/surprize-per-aiden\/#primaryimage"},"datePublished":"2009-03-31T19:43:25+00:00","dateModified":"2009-03-31T19:43:25+00:00","author":{"@id":"https:\/\/www.visit-ulcinj.com\/blog\/#\/schema\/person\/dcab619c614d3038751c63bc2aadc06d"},"description":"Big Brother Albania 2 - Nj\u00c3\u00ab jet\u00c3\u00ab me mungesa. K\u00c3\u00abshtu mund t\u00c3\u00ab p\u00c3\u00abrkufizohet historia e Aid\u00c3\u00abs, nj\u00c3\u00abr\u00c3\u00abs prej banoreve. Ajo ka treguar q\u00c3\u00ab ka humbur n\u00c3\u00abn\u00c3\u00abn kur ishte f\u00c3\u00abmij\u00c3\u00ab","breadcrumb":{"@id":"https:\/\/www.visit-ulcinj.com\/blog\/2009\/03\/31\/surprize-per-aiden\/#breadcrumb"},"inLanguage":"en-US","potentialAction":[{"@type":"ReadAction","target":["https:\/\/www.visit-ulcinj.com\/blog\/2009\/03\/31\/surprize-per-aiden\/"]}]},{"@type":"BreadcrumbList","@id":"https:\/\/www.visit-ulcinj.com\/blog\/2009\/03\/31\/surprize-per-aiden\/#breadcrumb","itemListElement":[{"@type":"ListItem","position":1,"name":"Surpriz\u00eb p\u00ebr Aid\u00ebn"}]},{"@type":"Person","@id":"https:\/\/www.visit-ulcinj.com\/blog\/#\/schema\/person\/dcab619c614d3038751c63bc2aadc06d","name":"ulqini","sameAs":["http:\/\/www.visit-ulcinj.com"],"url":"https:\/\/www.visit-ulcinj.com\/blog\/author\/admin\/"}]}},"jetpack_featured_media_url":"","jetpack_sharing_enabled":true,"jetpack_shortlink":"https:\/\/wp.me\/pe6lTn-4fD","_links":{"self":[{"href":"https:\/\/www.visit-ulcinj.com\/blog\/wp-json\/wp\/v2\/posts\/16345"}],"collection":[{"href":"https:\/\/www.visit-ulcinj.com\/blog\/wp-json\/wp\/v2\/posts"}],"about":[{"href":"https:\/\/www.visit-ulcinj.com\/blog\/wp-json\/wp\/v2\/types\/post"}],"author":[{"embeddable":true,"href":"https:\/\/www.visit-ulcinj.com\/blog\/wp-json\/wp\/v2\/users\/1"}],"replies":[{"embeddable":true,"href":"https:\/\/www.visit-ulcinj.com\/blog\/wp-json\/wp\/v2\/comments?post=16345"}],"version-history":[{"count":0,"href":"https:\/\/www.visit-ulcinj.com\/blog\/wp-json\/wp\/v2\/posts\/16345\/revisions"}],"wp:attachment":[{"href":"https:\/\/www.visit-ulcinj.com\/blog\/wp-json\/wp\/v2\/media?parent=16345"}],"wp:term":[{"taxonomy":"category","embeddable":true,"href":"https:\/\/www.visit-ulcinj.com\/blog\/wp-json\/wp\/v2\/categories?post=16345"},{"taxonomy":"post_tag","embeddable":true,"href":"https:\/\/www.visit-ulcinj.com\/blog\/wp-json\/wp\/v2\/tags?post=16345"}],"curies":[{"name":"wp","href":"https:\/\/api.w.org\/{rel}","templated":true}]}}