{"id":16351,"date":"2009-03-31T20:50:03","date_gmt":"2009-03-31T19:50:03","guid":{"rendered":"http:\/\/www.visit-ulcinj.com\/blog\/?p=16351"},"modified":"2009-03-31T20:50:03","modified_gmt":"2009-03-31T19:50:03","slug":"surprize-dhe-eleminim-per-liriten","status":"publish","type":"post","link":"https:\/\/www.visit-ulcinj.com\/blog\/2009\/03\/31\/surprize-dhe-eleminim-per-liriten\/","title":{"rendered":"Surpriz\u00eb dhe eleminim p\u00ebr Lirit\u00ebn"},"content":{"rendered":"<p><em><span class=\"newsdate\"><a href=\"http:\/\/www.visit-ulcinj.com\/blog\/wp-content\/uploads\/2009\/03\/dalja-e-lirites.jpg\"><img loading=\"lazy\" class=\"alignleft size-full wp-image-16352\" title=\"dalja-e-lirites-big-brother-albania-2\" src=\"http:\/\/www.visit-ulcinj.com\/blog\/wp-content\/uploads\/2009\/03\/dalja-e-lirites.jpg\" alt=\"dalja-e-lirites-big-brother-albania-2\" width=\"300\" height=\"205\" \/><\/a>28\/03\/09 22:15<\/span><\/em><\/p>\n<p>Big Brother i ka mund\u00ebsuar nj\u00eb surpriz\u00eb nj\u00eb tjet\u00ebr banoreje. Motra e Lirit\u00ebs kishte\u00a0shprehur nj\u00eb d\u00ebshir\u00eb p\u00ebr t\u00eb b\u00ebr\u00eb nj\u00eb surpriz\u00eb. Gjat\u00eb spetaklit u b\u00eb e mundur q\u00eb Lirita t\u00eb takoj\u00eb motr\u00ebn e saj. Ajo e prezanton at\u00eb dhe me banor\u00ebt e tjer\u00eb. Lirita u emocionua shum\u00eb nga takimi.<br \/>\nP\u00ebrvec surprizes, publiku vendosi me 28% t\u00eb votave, q\u00eb personi q\u00eb duhet t\u00eb linte sht\u00ebpin\u00eb, duke hequr dor\u00eb nga cmimi i madh prej 70mij\u00eb euro t\u00eb ishte Lirita. Ajo dhe Aida ishin dy personat q\u00eb mbet\u00ebn n\u00eb fund t\u00eb eleminimit. Aida ka th\u00ebn\u00eb q\u00eb n\u00ebse del Lirita p\u00ebr t\u00eb nuk do jet\u00eb nj\u00ebsoj. Banor\u00ebt jan\u00eb prekur shum\u00eb nga ky largim sidomos Aida, Bjordi dhe Mimoza. Mes lot\u00ebsh jan\u00eb p\u00ebrsh\u00ebndetur.<\/p>\n","protected":false},"excerpt":{"rendered":"<p>28\/03\/09 22:15 Big Brother i ka mund\u00ebsuar nj\u00eb surpriz\u00eb nj\u00eb tjet\u00ebr banoreje. Motra e Lirit\u00ebs kishte\u00a0shprehur nj\u00eb d\u00ebshir\u00eb p\u00ebr t\u00eb b\u00ebr\u00eb nj\u00eb surpriz\u00eb. Gjat\u00eb spetaklit u b\u00eb e mundur q\u00eb Lirita t\u00eb takoj\u00eb motr\u00ebn e saj. Ajo e prezanton at\u00eb dhe me banor\u00ebt e tjer\u00eb. Lirita u emocionua shum\u00eb nga takimi. P\u00ebrvec surprizes, publiku vendosi [&hellip;]<\/p>\n","protected":false},"author":1,"featured_media":0,"comment_status":"open","ping_status":"closed","sticky":false,"template":"","format":"standard","meta":{"spay_email":"","jetpack_publicize_message":"","jetpack_is_tweetstorm":false,"jetpack_publicize_feature_enabled":true},"categories":[6502],"tags":[6529,5057,6506,6516,6712,7129,6542,6544,8665,6757,6900,6906,6891,6693,6887],"jetpack_publicize_connections":[],"yoast_head":"<!-- This site is optimized with the Yoast SEO plugin v19.1 - https:\/\/yoast.com\/wordpress\/plugins\/seo\/ -->\n<title>Surpriz\u00c3\u00ab dhe eleminim p\u00c3\u00abr Lirit\u00c3\u00abn | Big Brother Albania 2<\/title>\n<meta name=\"description\" content=\"Big Brother Albania 2 - Big Brother i ka mund\u00c3\u00absuar nj\u00c3\u00ab surpriz\u00c3\u00ab nj\u00c3\u00ab tjet\u00c3\u00abr banoreje. Motra e Lirit\u00c3\u00abs kishte shprehur nj\u00c3\u00ab d\u00c3\u00abshir\u00c3\u00ab p\u00c3\u00abr t\u00c3\u00ab b\u00c3\u00abr\u00c3\u00ab nj\u00c3\u00ab surpriz\u00c3\u00ab.\" \/>\n<meta name=\"robots\" content=\"index, follow, max-snippet:-1, max-image-preview:large, max-video-preview:-1\" \/>\n<link rel=\"canonical\" href=\"https:\/\/www.visit-ulcinj.com\/blog\/2009\/03\/31\/surprize-dhe-eleminim-per-liriten\/\" \/>\n<meta property=\"og:locale\" content=\"en_US\" \/>\n<meta property=\"og:type\" content=\"article\" \/>\n<meta property=\"og:title\" content=\"Surpriz\u00c3\u00ab dhe eleminim p\u00c3\u00abr Lirit\u00c3\u00abn | Big Brother Albania 2\" \/>\n<meta property=\"og:description\" content=\"Big Brother Albania 2 - Big Brother i ka mund\u00c3\u00absuar nj\u00c3\u00ab surpriz\u00c3\u00ab nj\u00c3\u00ab tjet\u00c3\u00abr banoreje. Motra e Lirit\u00c3\u00abs kishte shprehur nj\u00c3\u00ab d\u00c3\u00abshir\u00c3\u00ab p\u00c3\u00abr t\u00c3\u00ab b\u00c3\u00abr\u00c3\u00ab nj\u00c3\u00ab surpriz\u00c3\u00ab.\" \/>\n<meta property=\"og:url\" content=\"https:\/\/www.visit-ulcinj.com\/blog\/2009\/03\/31\/surprize-dhe-eleminim-per-liriten\/\" \/>\n<meta property=\"og:site_name\" content=\"Lajme nga Ulqini\" \/>\n<meta property=\"article:published_time\" content=\"2009-03-31T19:50:03+00:00\" \/>\n<meta property=\"og:image\" content=\"http:\/\/www.visit-ulcinj.com\/blog\/wp-content\/uploads\/2009\/03\/dalja-e-lirites.jpg\" \/>\n<meta name=\"twitter:label1\" content=\"Written by\" \/>\n\t<meta name=\"twitter:data1\" content=\"ulqini\" \/>\n\t<meta name=\"twitter:label2\" content=\"Est. reading time\" \/>\n\t<meta name=\"twitter:data2\" content=\"1 minute\" \/>\n<script type=\"application\/ld+json\" class=\"yoast-schema-graph\">{\"@context\":\"https:\/\/schema.org\",\"@graph\":[{\"@type\":\"WebSite\",\"@id\":\"https:\/\/www.visit-ulcinj.com\/blog\/#website\",\"url\":\"https:\/\/www.visit-ulcinj.com\/blog\/\",\"name\":\"Lajme nga Ulqini\",\"description\":\"Lajme,Vijesti,Ulqini,Ulqin,Crna Gora,Mali i Zi\",\"potentialAction\":[{\"@type\":\"SearchAction\",\"target\":{\"@type\":\"EntryPoint\",\"urlTemplate\":\"https:\/\/www.visit-ulcinj.com\/blog\/?s={search_term_string}\"},\"query-input\":\"required name=search_term_string\"}],\"inLanguage\":\"en-US\"},{\"@type\":\"ImageObject\",\"inLanguage\":\"en-US\",\"@id\":\"https:\/\/www.visit-ulcinj.com\/blog\/2009\/03\/31\/surprize-dhe-eleminim-per-liriten\/#primaryimage\",\"url\":\"http:\/\/www.visit-ulcinj.com\/blog\/wp-content\/uploads\/2009\/03\/dalja-e-lirites.jpg\",\"contentUrl\":\"http:\/\/www.visit-ulcinj.com\/blog\/wp-content\/uploads\/2009\/03\/dalja-e-lirites.jpg\"},{\"@type\":\"WebPage\",\"@id\":\"https:\/\/www.visit-ulcinj.com\/blog\/2009\/03\/31\/surprize-dhe-eleminim-per-liriten\/#webpage\",\"url\":\"https:\/\/www.visit-ulcinj.com\/blog\/2009\/03\/31\/surprize-dhe-eleminim-per-liriten\/\",\"name\":\"Surpriz\u00c3\u00ab dhe eleminim p\u00c3\u00abr Lirit\u00c3\u00abn | Big Brother Albania 2\",\"isPartOf\":{\"@id\":\"https:\/\/www.visit-ulcinj.com\/blog\/#website\"},\"primaryImageOfPage\":{\"@id\":\"https:\/\/www.visit-ulcinj.com\/blog\/2009\/03\/31\/surprize-dhe-eleminim-per-liriten\/#primaryimage\"},\"datePublished\":\"2009-03-31T19:50:03+00:00\",\"dateModified\":\"2009-03-31T19:50:03+00:00\",\"author\":{\"@id\":\"https:\/\/www.visit-ulcinj.com\/blog\/#\/schema\/person\/dcab619c614d3038751c63bc2aadc06d\"},\"description\":\"Big Brother Albania 2 - Big Brother i ka mund\u00c3\u00absuar nj\u00c3\u00ab surpriz\u00c3\u00ab nj\u00c3\u00ab tjet\u00c3\u00abr banoreje. Motra e Lirit\u00c3\u00abs kishte shprehur nj\u00c3\u00ab d\u00c3\u00abshir\u00c3\u00ab p\u00c3\u00abr t\u00c3\u00ab b\u00c3\u00abr\u00c3\u00ab nj\u00c3\u00ab surpriz\u00c3\u00ab.\",\"breadcrumb\":{\"@id\":\"https:\/\/www.visit-ulcinj.com\/blog\/2009\/03\/31\/surprize-dhe-eleminim-per-liriten\/#breadcrumb\"},\"inLanguage\":\"en-US\",\"potentialAction\":[{\"@type\":\"ReadAction\",\"target\":[\"https:\/\/www.visit-ulcinj.com\/blog\/2009\/03\/31\/surprize-dhe-eleminim-per-liriten\/\"]}]},{\"@type\":\"BreadcrumbList\",\"@id\":\"https:\/\/www.visit-ulcinj.com\/blog\/2009\/03\/31\/surprize-dhe-eleminim-per-liriten\/#breadcrumb\",\"itemListElement\":[{\"@type\":\"ListItem\",\"position\":1,\"name\":\"Surpriz\u00eb dhe eleminim p\u00ebr Lirit\u00ebn\"}]},{\"@type\":\"Person\",\"@id\":\"https:\/\/www.visit-ulcinj.com\/blog\/#\/schema\/person\/dcab619c614d3038751c63bc2aadc06d\",\"name\":\"ulqini\",\"sameAs\":[\"http:\/\/www.visit-ulcinj.com\"],\"url\":\"https:\/\/www.visit-ulcinj.com\/blog\/author\/admin\/\"}]}<\/script>\n<!-- \/ Yoast SEO plugin. -->","yoast_head_json":{"title":"Surpriz\u00c3\u00ab dhe eleminim p\u00c3\u00abr Lirit\u00c3\u00abn | Big Brother Albania 2","description":"Big Brother Albania 2 - Big Brother i ka mund\u00c3\u00absuar nj\u00c3\u00ab surpriz\u00c3\u00ab nj\u00c3\u00ab tjet\u00c3\u00abr banoreje. Motra e Lirit\u00c3\u00abs kishte shprehur nj\u00c3\u00ab d\u00c3\u00abshir\u00c3\u00ab p\u00c3\u00abr t\u00c3\u00ab b\u00c3\u00abr\u00c3\u00ab nj\u00c3\u00ab surpriz\u00c3\u00ab.","robots":{"index":"index","follow":"follow","max-snippet":"max-snippet:-1","max-image-preview":"max-image-preview:large","max-video-preview":"max-video-preview:-1"},"canonical":"https:\/\/www.visit-ulcinj.com\/blog\/2009\/03\/31\/surprize-dhe-eleminim-per-liriten\/","og_locale":"en_US","og_type":"article","og_title":"Surpriz\u00c3\u00ab dhe eleminim p\u00c3\u00abr Lirit\u00c3\u00abn | Big Brother Albania 2","og_description":"Big Brother Albania 2 - Big Brother i ka mund\u00c3\u00absuar nj\u00c3\u00ab surpriz\u00c3\u00ab nj\u00c3\u00ab tjet\u00c3\u00abr banoreje. Motra e Lirit\u00c3\u00abs kishte shprehur nj\u00c3\u00ab d\u00c3\u00abshir\u00c3\u00ab p\u00c3\u00abr t\u00c3\u00ab b\u00c3\u00abr\u00c3\u00ab nj\u00c3\u00ab surpriz\u00c3\u00ab.","og_url":"https:\/\/www.visit-ulcinj.com\/blog\/2009\/03\/31\/surprize-dhe-eleminim-per-liriten\/","og_site_name":"Lajme nga Ulqini","article_published_time":"2009-03-31T19:50:03+00:00","og_image":[{"url":"http:\/\/www.visit-ulcinj.com\/blog\/wp-content\/uploads\/2009\/03\/dalja-e-lirites.jpg"}],"twitter_misc":{"Written by":"ulqini","Est. reading time":"1 minute"},"schema":{"@context":"https:\/\/schema.org","@graph":[{"@type":"WebSite","@id":"https:\/\/www.visit-ulcinj.com\/blog\/#website","url":"https:\/\/www.visit-ulcinj.com\/blog\/","name":"Lajme nga Ulqini","description":"Lajme,Vijesti,Ulqini,Ulqin,Crna Gora,Mali i Zi","potentialAction":[{"@type":"SearchAction","target":{"@type":"EntryPoint","urlTemplate":"https:\/\/www.visit-ulcinj.com\/blog\/?s={search_term_string}"},"query-input":"required name=search_term_string"}],"inLanguage":"en-US"},{"@type":"ImageObject","inLanguage":"en-US","@id":"https:\/\/www.visit-ulcinj.com\/blog\/2009\/03\/31\/surprize-dhe-eleminim-per-liriten\/#primaryimage","url":"http:\/\/www.visit-ulcinj.com\/blog\/wp-content\/uploads\/2009\/03\/dalja-e-lirites.jpg","contentUrl":"http:\/\/www.visit-ulcinj.com\/blog\/wp-content\/uploads\/2009\/03\/dalja-e-lirites.jpg"},{"@type":"WebPage","@id":"https:\/\/www.visit-ulcinj.com\/blog\/2009\/03\/31\/surprize-dhe-eleminim-per-liriten\/#webpage","url":"https:\/\/www.visit-ulcinj.com\/blog\/2009\/03\/31\/surprize-dhe-eleminim-per-liriten\/","name":"Surpriz\u00c3\u00ab dhe eleminim p\u00c3\u00abr Lirit\u00c3\u00abn | Big Brother Albania 2","isPartOf":{"@id":"https:\/\/www.visit-ulcinj.com\/blog\/#website"},"primaryImageOfPage":{"@id":"https:\/\/www.visit-ulcinj.com\/blog\/2009\/03\/31\/surprize-dhe-eleminim-per-liriten\/#primaryimage"},"datePublished":"2009-03-31T19:50:03+00:00","dateModified":"2009-03-31T19:50:03+00:00","author":{"@id":"https:\/\/www.visit-ulcinj.com\/blog\/#\/schema\/person\/dcab619c614d3038751c63bc2aadc06d"},"description":"Big Brother Albania 2 - Big Brother i ka mund\u00c3\u00absuar nj\u00c3\u00ab surpriz\u00c3\u00ab nj\u00c3\u00ab tjet\u00c3\u00abr banoreje. Motra e Lirit\u00c3\u00abs kishte shprehur nj\u00c3\u00ab d\u00c3\u00abshir\u00c3\u00ab p\u00c3\u00abr t\u00c3\u00ab b\u00c3\u00abr\u00c3\u00ab nj\u00c3\u00ab surpriz\u00c3\u00ab.","breadcrumb":{"@id":"https:\/\/www.visit-ulcinj.com\/blog\/2009\/03\/31\/surprize-dhe-eleminim-per-liriten\/#breadcrumb"},"inLanguage":"en-US","potentialAction":[{"@type":"ReadAction","target":["https:\/\/www.visit-ulcinj.com\/blog\/2009\/03\/31\/surprize-dhe-eleminim-per-liriten\/"]}]},{"@type":"BreadcrumbList","@id":"https:\/\/www.visit-ulcinj.com\/blog\/2009\/03\/31\/surprize-dhe-eleminim-per-liriten\/#breadcrumb","itemListElement":[{"@type":"ListItem","position":1,"name":"Surpriz\u00eb dhe eleminim p\u00ebr Lirit\u00ebn"}]},{"@type":"Person","@id":"https:\/\/www.visit-ulcinj.com\/blog\/#\/schema\/person\/dcab619c614d3038751c63bc2aadc06d","name":"ulqini","sameAs":["http:\/\/www.visit-ulcinj.com"],"url":"https:\/\/www.visit-ulcinj.com\/blog\/author\/admin\/"}]}},"jetpack_featured_media_url":"","jetpack_sharing_enabled":true,"jetpack_shortlink":"https:\/\/wp.me\/pe6lTn-4fJ","_links":{"self":[{"href":"https:\/\/www.visit-ulcinj.com\/blog\/wp-json\/wp\/v2\/posts\/16351"}],"collection":[{"href":"https:\/\/www.visit-ulcinj.com\/blog\/wp-json\/wp\/v2\/posts"}],"about":[{"href":"https:\/\/www.visit-ulcinj.com\/blog\/wp-json\/wp\/v2\/types\/post"}],"author":[{"embeddable":true,"href":"https:\/\/www.visit-ulcinj.com\/blog\/wp-json\/wp\/v2\/users\/1"}],"replies":[{"embeddable":true,"href":"https:\/\/www.visit-ulcinj.com\/blog\/wp-json\/wp\/v2\/comments?post=16351"}],"version-history":[{"count":0,"href":"https:\/\/www.visit-ulcinj.com\/blog\/wp-json\/wp\/v2\/posts\/16351\/revisions"}],"wp:attachment":[{"href":"https:\/\/www.visit-ulcinj.com\/blog\/wp-json\/wp\/v2\/media?parent=16351"}],"wp:term":[{"taxonomy":"category","embeddable":true,"href":"https:\/\/www.visit-ulcinj.com\/blog\/wp-json\/wp\/v2\/categories?post=16351"},{"taxonomy":"post_tag","embeddable":true,"href":"https:\/\/www.visit-ulcinj.com\/blog\/wp-json\/wp\/v2\/tags?post=16351"}],"curies":[{"name":"wp","href":"https:\/\/api.w.org\/{rel}","templated":true}]}}