{"id":16363,"date":"2009-04-01T18:53:29","date_gmt":"2009-04-01T17:53:29","guid":{"rendered":"http:\/\/www.visit-ulcinj.com\/blog\/?p=16363"},"modified":"2009-04-01T18:53:29","modified_gmt":"2009-04-01T17:53:29","slug":"bjordi-kur-ndihesh-keq-pse-e-bere","status":"publish","type":"post","link":"https:\/\/www.visit-ulcinj.com\/blog\/2009\/04\/01\/bjordi-kur-ndihesh-keq-pse-e-bere\/","title":{"rendered":"Bjordi : Kur ndihesh keq, pse e b\u00ebre"},"content":{"rendered":"<p><a href=\"http:\/\/www.visit-ulcinj.com\/blog\/wp-content\/uploads\/2009\/04\/bjordiadela-per-nominimin-copy.jpg\"><img loading=\"lazy\" class=\"alignleft size-full wp-image-16364\" title=\"bjordiadela-per-nominimin-big-brother-albania-2\" src=\"http:\/\/www.visit-ulcinj.com\/blog\/wp-content\/uploads\/2009\/04\/bjordiadela-per-nominimin-copy.jpg\" alt=\"bjordiadela-per-nominimin-big-brother-albania-2\" width=\"300\" height=\"205\" \/><\/a>28\/03\/09 23:45<\/p>\n<p>\u201cBjordi duhet t\u00eb t\u00eb them di\u00e7ka!\u201d- i ka th\u00ebn\u00eb Adelajda Bjordit. Adelajda, gjat\u00eb spektaklit, n\u00eb momentin e nominimeve, dha dy emra: Aida dhe Bjordi. P\u00ebr k\u00ebt\u00eb t\u00eb fundit arsyeja ishte se ajo i thoshte t\u00eb largohej dhe ai nuk e b\u00ebnte. Dhe sqarimi kishte t\u00eb b\u00ebnte pik\u00ebrisht me k\u00ebt\u00eb. \u201cKe th\u00ebn\u00eb emrin tim &#8211; e ka pyetur ai, &#8211; pse, ngaq\u00eb ishte Aida?\u201d Adelajda ka pohuar dhe i ka th\u00ebn\u00eb se ndihej keq. Bjordi i ka th\u00ebn\u00eb se po qe se ndihej keq, t\u00eb mos e kishte b\u00ebr\u00eb. M\u00eb pas i \u00ebsht\u00eb shpjeguar se nuk mund ta nominonte Mimoz\u00ebn, Republik\u00ebn dhe Dritanin sepse kishte frik\u00eb se mos rrezikonin, p\u00ebr Qetsorin dhe Arjonin i vinte keq se kishin qen\u00eb shum\u00eb her\u00eb t\u00eb nominuar dhe duke menduar se askush nuk do t\u00eb thoshte emrin e Bjordit, kishte nominuar at\u00eb.<\/p>\n","protected":false},"excerpt":{"rendered":"<p>28\/03\/09 23:45 \u201cBjordi duhet t\u00eb t\u00eb them di\u00e7ka!\u201d- i ka th\u00ebn\u00eb Adelajda Bjordit. Adelajda, gjat\u00eb spektaklit, n\u00eb momentin e nominimeve, dha dy emra: Aida dhe Bjordi. P\u00ebr k\u00ebt\u00eb t\u00eb fundit arsyeja ishte se ajo i thoshte t\u00eb largohej dhe ai nuk e b\u00ebnte. Dhe sqarimi kishte t\u00eb b\u00ebnte pik\u00ebrisht me k\u00ebt\u00eb. \u201cKe th\u00ebn\u00eb emrin tim [&hellip;]<\/p>\n","protected":false},"author":1,"featured_media":0,"comment_status":"open","ping_status":"closed","sticky":false,"template":"","format":"standard","meta":{"spay_email":"","jetpack_publicize_message":"","jetpack_is_tweetstorm":false,"jetpack_publicize_feature_enabled":true},"categories":[6502],"tags":[6529,6883,6516,6712,6522,6521,6544,262,6891],"jetpack_publicize_connections":[],"yoast_head":"<!-- This site is optimized with the Yoast SEO plugin v19.1 - https:\/\/yoast.com\/wordpress\/plugins\/seo\/ -->\n<title>Bjordi : Kur ndihesh keq, pse e b\u00c3\u00abre | Big Brother Albania 2<\/title>\n<meta name=\"description\" content=\"Big Brother Albania 2 - \u00e2\u20ac\u0153Bjordi duhet t\u00c3\u00ab t\u00c3\u00ab them di\u00c3\u00a7ka!\u00e2\u20ac\u009d- i ka th\u00c3\u00abn\u00c3\u00ab Adelajda Bjordit. Adelajda, gjat\u00c3\u00ab spektaklit, n\u00c3\u00ab momentin e nominimeve, dha dy emra: Aida dhe Bjordi\" \/>\n<meta name=\"robots\" content=\"index, follow, max-snippet:-1, max-image-preview:large, max-video-preview:-1\" \/>\n<link rel=\"canonical\" href=\"https:\/\/www.visit-ulcinj.com\/blog\/2009\/04\/01\/bjordi-kur-ndihesh-keq-pse-e-bere\/\" \/>\n<meta property=\"og:locale\" content=\"en_US\" \/>\n<meta property=\"og:type\" content=\"article\" \/>\n<meta property=\"og:title\" content=\"Bjordi : Kur ndihesh keq, pse e b\u00c3\u00abre | Big Brother Albania 2\" \/>\n<meta property=\"og:description\" content=\"Big Brother Albania 2 - \u00e2\u20ac\u0153Bjordi duhet t\u00c3\u00ab t\u00c3\u00ab them di\u00c3\u00a7ka!\u00e2\u20ac\u009d- i ka th\u00c3\u00abn\u00c3\u00ab Adelajda Bjordit. Adelajda, gjat\u00c3\u00ab spektaklit, n\u00c3\u00ab momentin e nominimeve, dha dy emra: Aida dhe Bjordi\" \/>\n<meta property=\"og:url\" content=\"https:\/\/www.visit-ulcinj.com\/blog\/2009\/04\/01\/bjordi-kur-ndihesh-keq-pse-e-bere\/\" \/>\n<meta property=\"og:site_name\" content=\"Lajme nga Ulqini\" \/>\n<meta property=\"article:published_time\" content=\"2009-04-01T17:53:29+00:00\" \/>\n<meta property=\"og:image\" content=\"http:\/\/www.visit-ulcinj.com\/blog\/wp-content\/uploads\/2009\/04\/bjordiadela-per-nominimin-copy.jpg\" \/>\n<meta name=\"twitter:label1\" content=\"Written by\" \/>\n\t<meta name=\"twitter:data1\" content=\"ulqini\" \/>\n\t<meta name=\"twitter:label2\" content=\"Est. reading time\" \/>\n\t<meta name=\"twitter:data2\" content=\"1 minute\" \/>\n<script type=\"application\/ld+json\" class=\"yoast-schema-graph\">{\"@context\":\"https:\/\/schema.org\",\"@graph\":[{\"@type\":\"WebSite\",\"@id\":\"https:\/\/www.visit-ulcinj.com\/blog\/#website\",\"url\":\"https:\/\/www.visit-ulcinj.com\/blog\/\",\"name\":\"Lajme nga Ulqini\",\"description\":\"Lajme,Vijesti,Ulqini,Ulqin,Crna Gora,Mali i Zi\",\"potentialAction\":[{\"@type\":\"SearchAction\",\"target\":{\"@type\":\"EntryPoint\",\"urlTemplate\":\"https:\/\/www.visit-ulcinj.com\/blog\/?s={search_term_string}\"},\"query-input\":\"required name=search_term_string\"}],\"inLanguage\":\"en-US\"},{\"@type\":\"ImageObject\",\"inLanguage\":\"en-US\",\"@id\":\"https:\/\/www.visit-ulcinj.com\/blog\/2009\/04\/01\/bjordi-kur-ndihesh-keq-pse-e-bere\/#primaryimage\",\"url\":\"http:\/\/www.visit-ulcinj.com\/blog\/wp-content\/uploads\/2009\/04\/bjordiadela-per-nominimin-copy.jpg\",\"contentUrl\":\"http:\/\/www.visit-ulcinj.com\/blog\/wp-content\/uploads\/2009\/04\/bjordiadela-per-nominimin-copy.jpg\"},{\"@type\":\"WebPage\",\"@id\":\"https:\/\/www.visit-ulcinj.com\/blog\/2009\/04\/01\/bjordi-kur-ndihesh-keq-pse-e-bere\/#webpage\",\"url\":\"https:\/\/www.visit-ulcinj.com\/blog\/2009\/04\/01\/bjordi-kur-ndihesh-keq-pse-e-bere\/\",\"name\":\"Bjordi : Kur ndihesh keq, pse e b\u00c3\u00abre | Big Brother Albania 2\",\"isPartOf\":{\"@id\":\"https:\/\/www.visit-ulcinj.com\/blog\/#website\"},\"primaryImageOfPage\":{\"@id\":\"https:\/\/www.visit-ulcinj.com\/blog\/2009\/04\/01\/bjordi-kur-ndihesh-keq-pse-e-bere\/#primaryimage\"},\"datePublished\":\"2009-04-01T17:53:29+00:00\",\"dateModified\":\"2009-04-01T17:53:29+00:00\",\"author\":{\"@id\":\"https:\/\/www.visit-ulcinj.com\/blog\/#\/schema\/person\/dcab619c614d3038751c63bc2aadc06d\"},\"description\":\"Big Brother Albania 2 - \u00e2\u20ac\u0153Bjordi duhet t\u00c3\u00ab t\u00c3\u00ab them di\u00c3\u00a7ka!\u00e2\u20ac\u009d- i ka th\u00c3\u00abn\u00c3\u00ab Adelajda Bjordit. Adelajda, gjat\u00c3\u00ab spektaklit, n\u00c3\u00ab momentin e nominimeve, dha dy emra: Aida dhe Bjordi\",\"breadcrumb\":{\"@id\":\"https:\/\/www.visit-ulcinj.com\/blog\/2009\/04\/01\/bjordi-kur-ndihesh-keq-pse-e-bere\/#breadcrumb\"},\"inLanguage\":\"en-US\",\"potentialAction\":[{\"@type\":\"ReadAction\",\"target\":[\"https:\/\/www.visit-ulcinj.com\/blog\/2009\/04\/01\/bjordi-kur-ndihesh-keq-pse-e-bere\/\"]}]},{\"@type\":\"BreadcrumbList\",\"@id\":\"https:\/\/www.visit-ulcinj.com\/blog\/2009\/04\/01\/bjordi-kur-ndihesh-keq-pse-e-bere\/#breadcrumb\",\"itemListElement\":[{\"@type\":\"ListItem\",\"position\":1,\"name\":\"Bjordi : Kur ndihesh keq, pse e b\u00ebre\"}]},{\"@type\":\"Person\",\"@id\":\"https:\/\/www.visit-ulcinj.com\/blog\/#\/schema\/person\/dcab619c614d3038751c63bc2aadc06d\",\"name\":\"ulqini\",\"sameAs\":[\"http:\/\/www.visit-ulcinj.com\"],\"url\":\"https:\/\/www.visit-ulcinj.com\/blog\/author\/admin\/\"}]}<\/script>\n<!-- \/ Yoast SEO plugin. -->","yoast_head_json":{"title":"Bjordi : Kur ndihesh keq, pse e b\u00c3\u00abre | Big Brother Albania 2","description":"Big Brother Albania 2 - \u00e2\u20ac\u0153Bjordi duhet t\u00c3\u00ab t\u00c3\u00ab them di\u00c3\u00a7ka!\u00e2\u20ac\u009d- i ka th\u00c3\u00abn\u00c3\u00ab Adelajda Bjordit. Adelajda, gjat\u00c3\u00ab spektaklit, n\u00c3\u00ab momentin e nominimeve, dha dy emra: Aida dhe Bjordi","robots":{"index":"index","follow":"follow","max-snippet":"max-snippet:-1","max-image-preview":"max-image-preview:large","max-video-preview":"max-video-preview:-1"},"canonical":"https:\/\/www.visit-ulcinj.com\/blog\/2009\/04\/01\/bjordi-kur-ndihesh-keq-pse-e-bere\/","og_locale":"en_US","og_type":"article","og_title":"Bjordi : Kur ndihesh keq, pse e b\u00c3\u00abre | Big Brother Albania 2","og_description":"Big Brother Albania 2 - \u00e2\u20ac\u0153Bjordi duhet t\u00c3\u00ab t\u00c3\u00ab them di\u00c3\u00a7ka!\u00e2\u20ac\u009d- i ka th\u00c3\u00abn\u00c3\u00ab Adelajda Bjordit. Adelajda, gjat\u00c3\u00ab spektaklit, n\u00c3\u00ab momentin e nominimeve, dha dy emra: Aida dhe Bjordi","og_url":"https:\/\/www.visit-ulcinj.com\/blog\/2009\/04\/01\/bjordi-kur-ndihesh-keq-pse-e-bere\/","og_site_name":"Lajme nga Ulqini","article_published_time":"2009-04-01T17:53:29+00:00","og_image":[{"url":"http:\/\/www.visit-ulcinj.com\/blog\/wp-content\/uploads\/2009\/04\/bjordiadela-per-nominimin-copy.jpg"}],"twitter_misc":{"Written by":"ulqini","Est. reading time":"1 minute"},"schema":{"@context":"https:\/\/schema.org","@graph":[{"@type":"WebSite","@id":"https:\/\/www.visit-ulcinj.com\/blog\/#website","url":"https:\/\/www.visit-ulcinj.com\/blog\/","name":"Lajme nga Ulqini","description":"Lajme,Vijesti,Ulqini,Ulqin,Crna Gora,Mali i Zi","potentialAction":[{"@type":"SearchAction","target":{"@type":"EntryPoint","urlTemplate":"https:\/\/www.visit-ulcinj.com\/blog\/?s={search_term_string}"},"query-input":"required name=search_term_string"}],"inLanguage":"en-US"},{"@type":"ImageObject","inLanguage":"en-US","@id":"https:\/\/www.visit-ulcinj.com\/blog\/2009\/04\/01\/bjordi-kur-ndihesh-keq-pse-e-bere\/#primaryimage","url":"http:\/\/www.visit-ulcinj.com\/blog\/wp-content\/uploads\/2009\/04\/bjordiadela-per-nominimin-copy.jpg","contentUrl":"http:\/\/www.visit-ulcinj.com\/blog\/wp-content\/uploads\/2009\/04\/bjordiadela-per-nominimin-copy.jpg"},{"@type":"WebPage","@id":"https:\/\/www.visit-ulcinj.com\/blog\/2009\/04\/01\/bjordi-kur-ndihesh-keq-pse-e-bere\/#webpage","url":"https:\/\/www.visit-ulcinj.com\/blog\/2009\/04\/01\/bjordi-kur-ndihesh-keq-pse-e-bere\/","name":"Bjordi : Kur ndihesh keq, pse e b\u00c3\u00abre | Big Brother Albania 2","isPartOf":{"@id":"https:\/\/www.visit-ulcinj.com\/blog\/#website"},"primaryImageOfPage":{"@id":"https:\/\/www.visit-ulcinj.com\/blog\/2009\/04\/01\/bjordi-kur-ndihesh-keq-pse-e-bere\/#primaryimage"},"datePublished":"2009-04-01T17:53:29+00:00","dateModified":"2009-04-01T17:53:29+00:00","author":{"@id":"https:\/\/www.visit-ulcinj.com\/blog\/#\/schema\/person\/dcab619c614d3038751c63bc2aadc06d"},"description":"Big Brother Albania 2 - \u00e2\u20ac\u0153Bjordi duhet t\u00c3\u00ab t\u00c3\u00ab them di\u00c3\u00a7ka!\u00e2\u20ac\u009d- i ka th\u00c3\u00abn\u00c3\u00ab Adelajda Bjordit. Adelajda, gjat\u00c3\u00ab spektaklit, n\u00c3\u00ab momentin e nominimeve, dha dy emra: Aida dhe Bjordi","breadcrumb":{"@id":"https:\/\/www.visit-ulcinj.com\/blog\/2009\/04\/01\/bjordi-kur-ndihesh-keq-pse-e-bere\/#breadcrumb"},"inLanguage":"en-US","potentialAction":[{"@type":"ReadAction","target":["https:\/\/www.visit-ulcinj.com\/blog\/2009\/04\/01\/bjordi-kur-ndihesh-keq-pse-e-bere\/"]}]},{"@type":"BreadcrumbList","@id":"https:\/\/www.visit-ulcinj.com\/blog\/2009\/04\/01\/bjordi-kur-ndihesh-keq-pse-e-bere\/#breadcrumb","itemListElement":[{"@type":"ListItem","position":1,"name":"Bjordi : Kur ndihesh keq, pse e b\u00ebre"}]},{"@type":"Person","@id":"https:\/\/www.visit-ulcinj.com\/blog\/#\/schema\/person\/dcab619c614d3038751c63bc2aadc06d","name":"ulqini","sameAs":["http:\/\/www.visit-ulcinj.com"],"url":"https:\/\/www.visit-ulcinj.com\/blog\/author\/admin\/"}]}},"jetpack_featured_media_url":"","jetpack_sharing_enabled":true,"jetpack_shortlink":"https:\/\/wp.me\/pe6lTn-4fV","_links":{"self":[{"href":"https:\/\/www.visit-ulcinj.com\/blog\/wp-json\/wp\/v2\/posts\/16363"}],"collection":[{"href":"https:\/\/www.visit-ulcinj.com\/blog\/wp-json\/wp\/v2\/posts"}],"about":[{"href":"https:\/\/www.visit-ulcinj.com\/blog\/wp-json\/wp\/v2\/types\/post"}],"author":[{"embeddable":true,"href":"https:\/\/www.visit-ulcinj.com\/blog\/wp-json\/wp\/v2\/users\/1"}],"replies":[{"embeddable":true,"href":"https:\/\/www.visit-ulcinj.com\/blog\/wp-json\/wp\/v2\/comments?post=16363"}],"version-history":[{"count":0,"href":"https:\/\/www.visit-ulcinj.com\/blog\/wp-json\/wp\/v2\/posts\/16363\/revisions"}],"wp:attachment":[{"href":"https:\/\/www.visit-ulcinj.com\/blog\/wp-json\/wp\/v2\/media?parent=16363"}],"wp:term":[{"taxonomy":"category","embeddable":true,"href":"https:\/\/www.visit-ulcinj.com\/blog\/wp-json\/wp\/v2\/categories?post=16363"},{"taxonomy":"post_tag","embeddable":true,"href":"https:\/\/www.visit-ulcinj.com\/blog\/wp-json\/wp\/v2\/tags?post=16363"}],"curies":[{"name":"wp","href":"https:\/\/api.w.org\/{rel}","templated":true}]}}