{"id":16366,"date":"2009-04-01T18:55:55","date_gmt":"2009-04-01T17:55:55","guid":{"rendered":"http:\/\/www.visit-ulcinj.com\/blog\/?p=16366"},"modified":"2009-04-01T18:55:56","modified_gmt":"2009-04-01T17:55:56","slug":"do-ta-shihni-biken","status":"publish","type":"post","link":"https:\/\/www.visit-ulcinj.com\/blog\/2009\/04\/01\/do-ta-shihni-biken\/","title":{"rendered":"Do ta shihni Bik\u00ebn"},"content":{"rendered":"<p><em><span class=\"newsdate\"><a href=\"http:\/\/www.visit-ulcinj.com\/blog\/wp-content\/uploads\/2009\/04\/bika-adela-per-nominimet.jpg\"><img loading=\"lazy\" class=\"alignleft size-full wp-image-16367\" title=\"bika-adela-per-nominimet-big-brother-albania-2\" src=\"http:\/\/www.visit-ulcinj.com\/blog\/wp-content\/uploads\/2009\/04\/bika-adela-per-nominimet.jpg\" alt=\"bika-adela-per-nominimet-big-brother-albania-2\" width=\"300\" height=\"205\" \/><\/a>29\/03\/09 01:19<\/span><\/em><\/p>\n<p>Nominimi prej banor\u00ebve t\u00eb tjer\u00eb e ka m\u00ebrzitur shum\u00eb Republik\u00ebn. Ajo ia ka shprehur k\u00ebt\u00eb edhe t\u00eb tjer\u00ebve. N\u00eb banjon e sht\u00ebpis\u00eb, Adelajda i k\u00ebrkoi asaj t\u2019i tregonte se n\u00eb grupin q\u00eb kishte qen\u00eb Republika, kush e kishte nominuar. Republika i tha t\u2019i tregonte ajo e para, kush e kishte nominuar at\u00eb n\u00eb grupin q\u00eb kishte qen\u00eb Adelajda, pastaj do t\u2019ia tregonte edhe ajo. Ajo shtoi se e kishte shum\u00eb t\u00eb nevojshme ta dinte, p\u00ebr t\u00eb kuptuar gabimet e veta. Adelajda i tha se e kishte nominuar Anjeza, me arsyen se me at\u00eb ishte lidhur m\u00eb pak. Republika ka ironizuar se me t\u00eb tjer\u00ebt Anjeza qenka lidhur shum\u00eb e m\u00eb pas ka shtuar se e kishte kuptuar sa e kishte par\u00eb dhe se, madje, kishte dyshuar se edhe Adela mund ta kishte nominuar. Republika i ka treguar Adelajdes se e kishte nominuar Qetsori, nuk e mbante mend arsyen, por p\u00ebr t\u00eb nj\u00ebjt\u00ebn q\u00eb nominonte edhe Aid\u00ebn. P\u00ebrpara se t\u00eb dilte Republika i ka th\u00ebn\u00eb Bjordit, q\u00eb sapo kishte hyr\u00eb aty se nuk do t\u00eb ishte m\u00eb Bika q\u00eb kishte qen\u00eb dhe se do t\u2019i b\u00ebnte \u201ct\u2019u ikte truri\u201d. N\u00eb fakt, Republika ishte nj\u00eb prej nominimeve t\u00eb Bjordit. Adelajda ka ngelur shum\u00eb e zhg\u00ebnjyer nga fakti q\u00eb Qetsori e kishte nominuar. Ajo i ka th\u00ebn\u00eb Bjordit se i vinte shum\u00eb inat q\u00eb ishte kaq e trash\u00eb, sa i vinte keq p\u00ebr t\u00eb tjer\u00ebt dhe q\u00eb kishte nominuar at\u00eb, q\u00eb ishte banori i fundit q\u00eb donte t\u00eb dilte nga sht\u00ebpia.<\/p>\n","protected":false},"excerpt":{"rendered":"<p>29\/03\/09 01:19 Nominimi prej banor\u00ebve t\u00eb tjer\u00eb e ka m\u00ebrzitur shum\u00eb Republik\u00ebn. Ajo ia ka shprehur k\u00ebt\u00eb edhe t\u00eb tjer\u00ebve. N\u00eb banjon e sht\u00ebpis\u00eb, Adelajda i k\u00ebrkoi asaj t\u2019i tregonte se n\u00eb grupin q\u00eb kishte qen\u00eb Republika, kush e kishte nominuar. Republika i tha t\u2019i tregonte ajo e para, kush e kishte nominuar at\u00eb n\u00eb [&hellip;]<\/p>\n","protected":false},"author":1,"featured_media":0,"comment_status":"open","ping_status":"closed","sticky":false,"template":"","format":"standard","meta":{"spay_email":"","jetpack_publicize_message":"","jetpack_is_tweetstorm":false,"jetpack_publicize_feature_enabled":true},"categories":[6502],"tags":[6529,5057,6506,6516,6712,7129,6757,262,6891,6693,6887],"jetpack_publicize_connections":[],"yoast_head":"<!-- This site is optimized with the Yoast SEO plugin v19.1 - https:\/\/yoast.com\/wordpress\/plugins\/seo\/ -->\n<title>Do ta shihni Bik\u00c3\u00abn |Big Brother Albania 2<\/title>\n<meta name=\"description\" content=\"Big Brother Albania 2 - Nominimi prej banor\u00c3\u00abve t\u00c3\u00ab tjer\u00c3\u00ab e ka m\u00c3\u00abrzitur shum\u00c3\u00ab Republik\u00c3\u00abn. Ajo ia ka shprehur k\u00c3\u00abt\u00c3\u00ab edhe t\u00c3\u00ab tjer\u00c3\u00abve. N\u00c3\u00ab banjon e sht\u00c3\u00abpis\u00c3\u00ab, Adelajda i k\u00c3\u00abrkoi asaj t\u00e2\u20ac\u2122i tregonte se n\u00c3\u00ab grupin q\u00c3\u00ab kishte qen\u00c3\u00ab Republika, kush e kishte nominuar.\" \/>\n<meta name=\"robots\" content=\"index, follow, max-snippet:-1, max-image-preview:large, max-video-preview:-1\" \/>\n<link rel=\"canonical\" href=\"https:\/\/www.visit-ulcinj.com\/blog\/2009\/04\/01\/do-ta-shihni-biken\/\" \/>\n<meta property=\"og:locale\" content=\"en_US\" \/>\n<meta property=\"og:type\" content=\"article\" \/>\n<meta property=\"og:title\" content=\"Do ta shihni Bik\u00c3\u00abn |Big Brother Albania 2\" \/>\n<meta property=\"og:description\" content=\"Big Brother Albania 2 - Nominimi prej banor\u00c3\u00abve t\u00c3\u00ab tjer\u00c3\u00ab e ka m\u00c3\u00abrzitur shum\u00c3\u00ab Republik\u00c3\u00abn. Ajo ia ka shprehur k\u00c3\u00abt\u00c3\u00ab edhe t\u00c3\u00ab tjer\u00c3\u00abve. N\u00c3\u00ab banjon e sht\u00c3\u00abpis\u00c3\u00ab, Adelajda i k\u00c3\u00abrkoi asaj t\u00e2\u20ac\u2122i tregonte se n\u00c3\u00ab grupin q\u00c3\u00ab kishte qen\u00c3\u00ab Republika, kush e kishte nominuar.\" \/>\n<meta property=\"og:url\" content=\"https:\/\/www.visit-ulcinj.com\/blog\/2009\/04\/01\/do-ta-shihni-biken\/\" \/>\n<meta property=\"og:site_name\" content=\"Lajme nga Ulqini\" \/>\n<meta property=\"article:published_time\" content=\"2009-04-01T17:55:55+00:00\" \/>\n<meta property=\"article:modified_time\" content=\"2009-04-01T17:55:56+00:00\" \/>\n<meta property=\"og:image\" content=\"http:\/\/www.visit-ulcinj.com\/blog\/wp-content\/uploads\/2009\/04\/bika-adela-per-nominimet.jpg\" \/>\n<meta name=\"twitter:label1\" content=\"Written by\" \/>\n\t<meta name=\"twitter:data1\" content=\"ulqini\" \/>\n\t<meta name=\"twitter:label2\" content=\"Est. reading time\" \/>\n\t<meta name=\"twitter:data2\" content=\"1 minute\" \/>\n<script type=\"application\/ld+json\" class=\"yoast-schema-graph\">{\"@context\":\"https:\/\/schema.org\",\"@graph\":[{\"@type\":\"WebSite\",\"@id\":\"https:\/\/www.visit-ulcinj.com\/blog\/#website\",\"url\":\"https:\/\/www.visit-ulcinj.com\/blog\/\",\"name\":\"Lajme nga Ulqini\",\"description\":\"Lajme,Vijesti,Ulqini,Ulqin,Crna Gora,Mali i Zi\",\"potentialAction\":[{\"@type\":\"SearchAction\",\"target\":{\"@type\":\"EntryPoint\",\"urlTemplate\":\"https:\/\/www.visit-ulcinj.com\/blog\/?s={search_term_string}\"},\"query-input\":\"required name=search_term_string\"}],\"inLanguage\":\"en-US\"},{\"@type\":\"ImageObject\",\"inLanguage\":\"en-US\",\"@id\":\"https:\/\/www.visit-ulcinj.com\/blog\/2009\/04\/01\/do-ta-shihni-biken\/#primaryimage\",\"url\":\"http:\/\/www.visit-ulcinj.com\/blog\/wp-content\/uploads\/2009\/04\/bika-adela-per-nominimet.jpg\",\"contentUrl\":\"http:\/\/www.visit-ulcinj.com\/blog\/wp-content\/uploads\/2009\/04\/bika-adela-per-nominimet.jpg\"},{\"@type\":\"WebPage\",\"@id\":\"https:\/\/www.visit-ulcinj.com\/blog\/2009\/04\/01\/do-ta-shihni-biken\/#webpage\",\"url\":\"https:\/\/www.visit-ulcinj.com\/blog\/2009\/04\/01\/do-ta-shihni-biken\/\",\"name\":\"Do ta shihni Bik\u00c3\u00abn |Big Brother Albania 2\",\"isPartOf\":{\"@id\":\"https:\/\/www.visit-ulcinj.com\/blog\/#website\"},\"primaryImageOfPage\":{\"@id\":\"https:\/\/www.visit-ulcinj.com\/blog\/2009\/04\/01\/do-ta-shihni-biken\/#primaryimage\"},\"datePublished\":\"2009-04-01T17:55:55+00:00\",\"dateModified\":\"2009-04-01T17:55:56+00:00\",\"author\":{\"@id\":\"https:\/\/www.visit-ulcinj.com\/blog\/#\/schema\/person\/dcab619c614d3038751c63bc2aadc06d\"},\"description\":\"Big Brother Albania 2 - Nominimi prej banor\u00c3\u00abve t\u00c3\u00ab tjer\u00c3\u00ab e ka m\u00c3\u00abrzitur shum\u00c3\u00ab Republik\u00c3\u00abn. Ajo ia ka shprehur k\u00c3\u00abt\u00c3\u00ab edhe t\u00c3\u00ab tjer\u00c3\u00abve. N\u00c3\u00ab banjon e sht\u00c3\u00abpis\u00c3\u00ab, Adelajda i k\u00c3\u00abrkoi asaj t\u00e2\u20ac\u2122i tregonte se n\u00c3\u00ab grupin q\u00c3\u00ab kishte qen\u00c3\u00ab Republika, kush e kishte nominuar.\",\"breadcrumb\":{\"@id\":\"https:\/\/www.visit-ulcinj.com\/blog\/2009\/04\/01\/do-ta-shihni-biken\/#breadcrumb\"},\"inLanguage\":\"en-US\",\"potentialAction\":[{\"@type\":\"ReadAction\",\"target\":[\"https:\/\/www.visit-ulcinj.com\/blog\/2009\/04\/01\/do-ta-shihni-biken\/\"]}]},{\"@type\":\"BreadcrumbList\",\"@id\":\"https:\/\/www.visit-ulcinj.com\/blog\/2009\/04\/01\/do-ta-shihni-biken\/#breadcrumb\",\"itemListElement\":[{\"@type\":\"ListItem\",\"position\":1,\"name\":\"Do ta shihni Bik\u00ebn\"}]},{\"@type\":\"Person\",\"@id\":\"https:\/\/www.visit-ulcinj.com\/blog\/#\/schema\/person\/dcab619c614d3038751c63bc2aadc06d\",\"name\":\"ulqini\",\"sameAs\":[\"http:\/\/www.visit-ulcinj.com\"],\"url\":\"https:\/\/www.visit-ulcinj.com\/blog\/author\/admin\/\"}]}<\/script>\n<!-- \/ Yoast SEO plugin. -->","yoast_head_json":{"title":"Do ta shihni Bik\u00c3\u00abn |Big Brother Albania 2","description":"Big Brother Albania 2 - Nominimi prej banor\u00c3\u00abve t\u00c3\u00ab tjer\u00c3\u00ab e ka m\u00c3\u00abrzitur shum\u00c3\u00ab Republik\u00c3\u00abn. Ajo ia ka shprehur k\u00c3\u00abt\u00c3\u00ab edhe t\u00c3\u00ab tjer\u00c3\u00abve. N\u00c3\u00ab banjon e sht\u00c3\u00abpis\u00c3\u00ab, Adelajda i k\u00c3\u00abrkoi asaj t\u00e2\u20ac\u2122i tregonte se n\u00c3\u00ab grupin q\u00c3\u00ab kishte qen\u00c3\u00ab Republika, kush e kishte nominuar.","robots":{"index":"index","follow":"follow","max-snippet":"max-snippet:-1","max-image-preview":"max-image-preview:large","max-video-preview":"max-video-preview:-1"},"canonical":"https:\/\/www.visit-ulcinj.com\/blog\/2009\/04\/01\/do-ta-shihni-biken\/","og_locale":"en_US","og_type":"article","og_title":"Do ta shihni Bik\u00c3\u00abn |Big Brother Albania 2","og_description":"Big Brother Albania 2 - Nominimi prej banor\u00c3\u00abve t\u00c3\u00ab tjer\u00c3\u00ab e ka m\u00c3\u00abrzitur shum\u00c3\u00ab Republik\u00c3\u00abn. Ajo ia ka shprehur k\u00c3\u00abt\u00c3\u00ab edhe t\u00c3\u00ab tjer\u00c3\u00abve. N\u00c3\u00ab banjon e sht\u00c3\u00abpis\u00c3\u00ab, Adelajda i k\u00c3\u00abrkoi asaj t\u00e2\u20ac\u2122i tregonte se n\u00c3\u00ab grupin q\u00c3\u00ab kishte qen\u00c3\u00ab Republika, kush e kishte nominuar.","og_url":"https:\/\/www.visit-ulcinj.com\/blog\/2009\/04\/01\/do-ta-shihni-biken\/","og_site_name":"Lajme nga Ulqini","article_published_time":"2009-04-01T17:55:55+00:00","article_modified_time":"2009-04-01T17:55:56+00:00","og_image":[{"url":"http:\/\/www.visit-ulcinj.com\/blog\/wp-content\/uploads\/2009\/04\/bika-adela-per-nominimet.jpg"}],"twitter_misc":{"Written by":"ulqini","Est. reading time":"1 minute"},"schema":{"@context":"https:\/\/schema.org","@graph":[{"@type":"WebSite","@id":"https:\/\/www.visit-ulcinj.com\/blog\/#website","url":"https:\/\/www.visit-ulcinj.com\/blog\/","name":"Lajme nga Ulqini","description":"Lajme,Vijesti,Ulqini,Ulqin,Crna Gora,Mali i Zi","potentialAction":[{"@type":"SearchAction","target":{"@type":"EntryPoint","urlTemplate":"https:\/\/www.visit-ulcinj.com\/blog\/?s={search_term_string}"},"query-input":"required name=search_term_string"}],"inLanguage":"en-US"},{"@type":"ImageObject","inLanguage":"en-US","@id":"https:\/\/www.visit-ulcinj.com\/blog\/2009\/04\/01\/do-ta-shihni-biken\/#primaryimage","url":"http:\/\/www.visit-ulcinj.com\/blog\/wp-content\/uploads\/2009\/04\/bika-adela-per-nominimet.jpg","contentUrl":"http:\/\/www.visit-ulcinj.com\/blog\/wp-content\/uploads\/2009\/04\/bika-adela-per-nominimet.jpg"},{"@type":"WebPage","@id":"https:\/\/www.visit-ulcinj.com\/blog\/2009\/04\/01\/do-ta-shihni-biken\/#webpage","url":"https:\/\/www.visit-ulcinj.com\/blog\/2009\/04\/01\/do-ta-shihni-biken\/","name":"Do ta shihni Bik\u00c3\u00abn |Big Brother Albania 2","isPartOf":{"@id":"https:\/\/www.visit-ulcinj.com\/blog\/#website"},"primaryImageOfPage":{"@id":"https:\/\/www.visit-ulcinj.com\/blog\/2009\/04\/01\/do-ta-shihni-biken\/#primaryimage"},"datePublished":"2009-04-01T17:55:55+00:00","dateModified":"2009-04-01T17:55:56+00:00","author":{"@id":"https:\/\/www.visit-ulcinj.com\/blog\/#\/schema\/person\/dcab619c614d3038751c63bc2aadc06d"},"description":"Big Brother Albania 2 - Nominimi prej banor\u00c3\u00abve t\u00c3\u00ab tjer\u00c3\u00ab e ka m\u00c3\u00abrzitur shum\u00c3\u00ab Republik\u00c3\u00abn. Ajo ia ka shprehur k\u00c3\u00abt\u00c3\u00ab edhe t\u00c3\u00ab tjer\u00c3\u00abve. N\u00c3\u00ab banjon e sht\u00c3\u00abpis\u00c3\u00ab, Adelajda i k\u00c3\u00abrkoi asaj t\u00e2\u20ac\u2122i tregonte se n\u00c3\u00ab grupin q\u00c3\u00ab kishte qen\u00c3\u00ab Republika, kush e kishte nominuar.","breadcrumb":{"@id":"https:\/\/www.visit-ulcinj.com\/blog\/2009\/04\/01\/do-ta-shihni-biken\/#breadcrumb"},"inLanguage":"en-US","potentialAction":[{"@type":"ReadAction","target":["https:\/\/www.visit-ulcinj.com\/blog\/2009\/04\/01\/do-ta-shihni-biken\/"]}]},{"@type":"BreadcrumbList","@id":"https:\/\/www.visit-ulcinj.com\/blog\/2009\/04\/01\/do-ta-shihni-biken\/#breadcrumb","itemListElement":[{"@type":"ListItem","position":1,"name":"Do ta shihni Bik\u00ebn"}]},{"@type":"Person","@id":"https:\/\/www.visit-ulcinj.com\/blog\/#\/schema\/person\/dcab619c614d3038751c63bc2aadc06d","name":"ulqini","sameAs":["http:\/\/www.visit-ulcinj.com"],"url":"https:\/\/www.visit-ulcinj.com\/blog\/author\/admin\/"}]}},"jetpack_featured_media_url":"","jetpack_sharing_enabled":true,"jetpack_shortlink":"https:\/\/wp.me\/pe6lTn-4fY","_links":{"self":[{"href":"https:\/\/www.visit-ulcinj.com\/blog\/wp-json\/wp\/v2\/posts\/16366"}],"collection":[{"href":"https:\/\/www.visit-ulcinj.com\/blog\/wp-json\/wp\/v2\/posts"}],"about":[{"href":"https:\/\/www.visit-ulcinj.com\/blog\/wp-json\/wp\/v2\/types\/post"}],"author":[{"embeddable":true,"href":"https:\/\/www.visit-ulcinj.com\/blog\/wp-json\/wp\/v2\/users\/1"}],"replies":[{"embeddable":true,"href":"https:\/\/www.visit-ulcinj.com\/blog\/wp-json\/wp\/v2\/comments?post=16366"}],"version-history":[{"count":0,"href":"https:\/\/www.visit-ulcinj.com\/blog\/wp-json\/wp\/v2\/posts\/16366\/revisions"}],"wp:attachment":[{"href":"https:\/\/www.visit-ulcinj.com\/blog\/wp-json\/wp\/v2\/media?parent=16366"}],"wp:term":[{"taxonomy":"category","embeddable":true,"href":"https:\/\/www.visit-ulcinj.com\/blog\/wp-json\/wp\/v2\/categories?post=16366"},{"taxonomy":"post_tag","embeddable":true,"href":"https:\/\/www.visit-ulcinj.com\/blog\/wp-json\/wp\/v2\/tags?post=16366"}],"curies":[{"name":"wp","href":"https:\/\/api.w.org\/{rel}","templated":true}]}}